{"id":981,"date":"2023-09-06T15:10:34","date_gmt":"2023-09-06T13:10:34","guid":{"rendered":"https:\/\/www.leprojecteurguinee.com\/?p=981"},"modified":"2023-09-06T15:10:37","modified_gmt":"2023-09-06T13:10:37","slug":"climat-que-dit-la-declaration-de-nairobi-adopte-lors-du-1er-sommet-africain-sur-le-climat","status":"publish","type":"post","link":"https:\/\/www.leprojecteurguinee.com\/index.php\/2023\/09\/06\/climat-que-dit-la-declaration-de-nairobi-adopte-lors-du-1er-sommet-africain-sur-le-climat\/","title":{"rendered":"Climat\u00a0: Que dit la \u00abD\u00e9claration de Nairobi\u00bb adopt\u00e9 lors du 1er sommet africain sur le climat\u00a0?"},"content":{"rendered":"\n<p>&nbsp;La Une taxe carbone mondiale et une r\u00e9forme des institutions financi\u00e8res internationales, pour financer l&rsquo;action climatique en Afrique. C&rsquo;est ce que pr\u00e9conise la \u00ab D\u00e9claration de Nairobi&nbsp;\u00bb adopt\u00e9e, ce mercredi 6 septembre, \u00e0 l&rsquo;issue du premier sommet africain sur le climat, l&rsquo;Africa Climate Summit 2023.<\/p>\n\n\n\n<p>Il faut dire que la \u00ab&nbsp;D\u00e9claration de Nairobi&nbsp;\u00bb \u00e9tait au d\u00e9part inspir\u00e9e par la pr\u00e9sidence du Kenya, un pays mod\u00e8le de transition verte sur le continent. Elle appelait \u00e0 intensifier les investissements dans&nbsp;les \u00e9nergies renouvelables, une opportunit\u00e9 pour l&rsquo;Afrique<\/p>\n\n\n\n<p>Dans cette d\u00e9claration, les \u00c9tats africains demandent l&rsquo;instauration d&rsquo;une taxe carbone mondiale, la cr\u00e9ation de nouveaux droits de tirage sp\u00e9ciaux du FMI pour le \u00ab&nbsp;climat&nbsp;\u00bb, \u00e0 la hauteur de ceux qui avaient \u00e9t\u00e9 allou\u00e9s aux pays pauvres face au Covid-19, et plus g\u00e9n\u00e9ralement que l&rsquo;Afrique, de nouveau \u00e9trangl\u00e9e par la dette, ait acc\u00e8s \u00e0 des financements \u00e0 un co\u00fbt abordable pour sa transition \u00e9nerg\u00e9tique et son adaptation au changement climatique.<\/p>\n\n\n\n<p>La d\u00e9claration mentionne d\u00e9sormais le fait que 600 millions d&rsquo;Africains n&rsquo;ont toujours pas acc\u00e8s \u00e0 l&rsquo;\u00e9lectricit\u00e9 et \u00e0 un mode de cuisson propre. On peut y voir la main des \u00c9tats africains producteurs de gaz qui d\u00e9fendent cette \u00e9nergie fossile, moins nocive, d\u00e9fendent-ils que le charbon de bois.<\/p>\n\n\n\n<p><\/p>\n\n\n\n<p>Puits de carbone et de biodiversit\u00e9<\/p>\n\n\n\n<p>Enfin, les for\u00eats du bassin du Congo, qui avaient \u00e9t\u00e9 oubli\u00e9es dans la premi\u00e8re version, ont obtenu un paragraphe sur leurs r\u00e9serves de puits de carbone et de biodiversit\u00e9, de m\u00eame que les oc\u00e9ans, o\u00f9 les \u00c9tats africains veulent leur part des ressources, notamment min\u00e9rales, des fonds marins.<\/p>\n","protected":false},"excerpt":{"rendered":"<p>&nbsp;La Une taxe carbone mondiale et une r\u00e9forme des institutions financi\u00e8res internationales, pour financer l&rsquo;action climatique en Afrique. C&rsquo;est ce que pr\u00e9conise la \u00ab D\u00e9claration de Nairobi&nbsp;\u00bb adopt\u00e9e, ce mercredi 6 septembre, \u00e0 l&rsquo;issue du premier sommet africain sur le climat, l&rsquo;Africa Climate Summit 2023. Il faut dire que la \u00ab&nbsp;D\u00e9claration de Nairobi&nbsp;\u00bb \u00e9tait au [&hellip;]<\/p>\n","protected":false},"author":1,"featured_media":942,"comment_status":"open","ping_status":"open","sticky":true,"template":"","format":"standard","meta":{"footnotes":""},"categories":[2],"tags":[266,248,247],"class_list":["post-981","post","type-post","status-publish","format-standard","has-post-thumbnail","hentry","category-environnement","tag-africa-climate-summit-2023","tag-climat","tag-kenya"],"yoast_head":"<!-- This site is optimized with the Yoast SEO plugin v26.8 - https:\/\/yoast.com\/product\/yoast-seo-wordpress\/ -->\n<title>Climat\u00a0: Que dit la \u00abD\u00e9claration de Nairobi\u00bb adopt\u00e9 lors du 1er sommet africain sur le climat\u00a0? - leprojecteurguinee<\/title>\n<meta name=\"robots\" content=\"index, follow, max-snippet:-1, max-image-preview:large, max-video-preview:-1\" \/>\n<link rel=\"canonical\" href=\"https:\/\/www.leprojecteurguinee.com\/index.php\/2023\/09\/06\/climat-que-dit-la-declaration-de-nairobi-adopte-lors-du-1er-sommet-africain-sur-le-climat\/\" \/>\n<meta property=\"og:locale\" content=\"fr_FR\" \/>\n<meta property=\"og:type\" content=\"article\" \/>\n<meta property=\"og:title\" content=\"Climat\u00a0: Que dit la \u00abD\u00e9claration de Nairobi\u00bb adopt\u00e9 lors du 1er sommet africain sur le climat\u00a0? - leprojecteurguinee\" \/>\n<meta property=\"og:description\" content=\"&nbsp;La Une taxe carbone mondiale et une r\u00e9forme des institutions financi\u00e8res internationales, pour financer l&rsquo;action climatique en Afrique. C&rsquo;est ce que pr\u00e9conise la \u00ab D\u00e9claration de Nairobi&nbsp;\u00bb adopt\u00e9e, ce mercredi 6 septembre, \u00e0 l&rsquo;issue du premier sommet africain sur le climat, l&rsquo;Africa Climate Summit 2023. Il faut dire que la \u00ab&nbsp;D\u00e9claration de Nairobi&nbsp;\u00bb \u00e9tait au [&hellip;]\" \/>\n<meta property=\"og:url\" content=\"https:\/\/www.leprojecteurguinee.com\/index.php\/2023\/09\/06\/climat-que-dit-la-declaration-de-nairobi-adopte-lors-du-1er-sommet-africain-sur-le-climat\/\" \/>\n<meta property=\"og:site_name\" content=\"leprojecteurguinee\" \/>\n<meta property=\"article:published_time\" content=\"2023-09-06T13:10:34+00:00\" \/>\n<meta property=\"article:modified_time\" content=\"2023-09-06T13:10:37+00:00\" \/>\n<meta property=\"og:image\" content=\"https:\/\/www.leprojecteurguinee.com\/wp-content\/uploads\/2023\/09\/000_33UA6X7.webp\" \/>\n\t<meta property=\"og:image:width\" content=\"980\" \/>\n\t<meta property=\"og:image:height\" content=\"551\" \/>\n\t<meta property=\"og:image:type\" content=\"image\/webp\" \/>\n<meta name=\"author\" content=\"Leprojecteurguinee\" \/>\n<meta name=\"twitter:card\" content=\"summary_large_image\" \/>\n<meta name=\"twitter:label1\" content=\"\u00c9crit par\" \/>\n\t<meta name=\"twitter:data1\" content=\"Leprojecteurguinee\" \/>\n\t<meta name=\"twitter:label2\" content=\"Dur\u00e9e de lecture estim\u00e9e\" \/>\n\t<meta name=\"twitter:data2\" content=\"2 minutes\" \/>\n<script type=\"application\/ld+json\" class=\"yoast-schema-graph\">{\"@context\":\"https:\/\/schema.org\",\"@graph\":[{\"@type\":\"Article\",\"@id\":\"https:\/\/www.leprojecteurguinee.com\/index.php\/2023\/09\/06\/climat-que-dit-la-declaration-de-nairobi-adopte-lors-du-1er-sommet-africain-sur-le-climat\/#article\",\"isPartOf\":{\"@id\":\"https:\/\/www.leprojecteurguinee.com\/index.php\/2023\/09\/06\/climat-que-dit-la-declaration-de-nairobi-adopte-lors-du-1er-sommet-africain-sur-le-climat\/\"},\"author\":{\"name\":\"Leprojecteurguinee\",\"@id\":\"https:\/\/www.leprojecteurguinee.com\/#\/schema\/person\/389671d1a3f0c66e6c91c4a765990c1b\"},\"headline\":\"Climat\u00a0: Que dit la \u00abD\u00e9claration de Nairobi\u00bb adopt\u00e9 lors du 1er sommet africain sur le climat\u00a0?\",\"datePublished\":\"2023-09-06T13:10:34+00:00\",\"dateModified\":\"2023-09-06T13:10:37+00:00\",\"mainEntityOfPage\":{\"@id\":\"https:\/\/www.leprojecteurguinee.com\/index.php\/2023\/09\/06\/climat-que-dit-la-declaration-de-nairobi-adopte-lors-du-1er-sommet-africain-sur-le-climat\/\"},\"wordCount\":313,\"commentCount\":0,\"image\":{\"@id\":\"https:\/\/www.leprojecteurguinee.com\/index.php\/2023\/09\/06\/climat-que-dit-la-declaration-de-nairobi-adopte-lors-du-1er-sommet-africain-sur-le-climat\/#primaryimage\"},\"thumbnailUrl\":\"https:\/\/www.leprojecteurguinee.com\/wp-content\/uploads\/2023\/09\/000_33UA6X7.webp\",\"keywords\":[\"Africa Climate Summit 2023\",\"Climat\",\"Kenya\"],\"articleSection\":[\"Environnement\"],\"inLanguage\":\"fr-FR\",\"potentialAction\":[{\"@type\":\"CommentAction\",\"name\":\"Comment\",\"target\":[\"https:\/\/www.leprojecteurguinee.com\/index.php\/2023\/09\/06\/climat-que-dit-la-declaration-de-nairobi-adopte-lors-du-1er-sommet-africain-sur-le-climat\/#respond\"]}]},{\"@type\":\"WebPage\",\"@id\":\"https:\/\/www.leprojecteurguinee.com\/index.php\/2023\/09\/06\/climat-que-dit-la-declaration-de-nairobi-adopte-lors-du-1er-sommet-africain-sur-le-climat\/\",\"url\":\"https:\/\/www.leprojecteurguinee.com\/index.php\/2023\/09\/06\/climat-que-dit-la-declaration-de-nairobi-adopte-lors-du-1er-sommet-africain-sur-le-climat\/\",\"name\":\"Climat\u00a0: Que dit la \u00abD\u00e9claration de Nairobi\u00bb adopt\u00e9 lors du 1er sommet africain sur le climat\u00a0? - leprojecteurguinee\",\"isPartOf\":{\"@id\":\"https:\/\/www.leprojecteurguinee.com\/#website\"},\"primaryImageOfPage\":{\"@id\":\"https:\/\/www.leprojecteurguinee.com\/index.php\/2023\/09\/06\/climat-que-dit-la-declaration-de-nairobi-adopte-lors-du-1er-sommet-africain-sur-le-climat\/#primaryimage\"},\"image\":{\"@id\":\"https:\/\/www.leprojecteurguinee.com\/index.php\/2023\/09\/06\/climat-que-dit-la-declaration-de-nairobi-adopte-lors-du-1er-sommet-africain-sur-le-climat\/#primaryimage\"},\"thumbnailUrl\":\"https:\/\/www.leprojecteurguinee.com\/wp-content\/uploads\/2023\/09\/000_33UA6X7.webp\",\"datePublished\":\"2023-09-06T13:10:34+00:00\",\"dateModified\":\"2023-09-06T13:10:37+00:00\",\"author\":{\"@id\":\"https:\/\/www.leprojecteurguinee.com\/#\/schema\/person\/389671d1a3f0c66e6c91c4a765990c1b\"},\"breadcrumb\":{\"@id\":\"https:\/\/www.leprojecteurguinee.com\/index.php\/2023\/09\/06\/climat-que-dit-la-declaration-de-nairobi-adopte-lors-du-1er-sommet-africain-sur-le-climat\/#breadcrumb\"},\"inLanguage\":\"fr-FR\",\"potentialAction\":[{\"@type\":\"ReadAction\",\"target\":[\"https:\/\/www.leprojecteurguinee.com\/index.php\/2023\/09\/06\/climat-que-dit-la-declaration-de-nairobi-adopte-lors-du-1er-sommet-africain-sur-le-climat\/\"]}]},{\"@type\":\"ImageObject\",\"inLanguage\":\"fr-FR\",\"@id\":\"https:\/\/www.leprojecteurguinee.com\/index.php\/2023\/09\/06\/climat-que-dit-la-declaration-de-nairobi-adopte-lors-du-1er-sommet-africain-sur-le-climat\/#primaryimage\",\"url\":\"https:\/\/www.leprojecteurguinee.com\/wp-content\/uploads\/2023\/09\/000_33UA6X7.webp\",\"contentUrl\":\"https:\/\/www.leprojecteurguinee.com\/wp-content\/uploads\/2023\/09\/000_33UA6X7.webp\",\"width\":980,\"height\":551},{\"@type\":\"BreadcrumbList\",\"@id\":\"https:\/\/www.leprojecteurguinee.com\/index.php\/2023\/09\/06\/climat-que-dit-la-declaration-de-nairobi-adopte-lors-du-1er-sommet-africain-sur-le-climat\/#breadcrumb\",\"itemListElement\":[{\"@type\":\"ListItem\",\"position\":1,\"name\":\"Accueil\",\"item\":\"https:\/\/www.leprojecteurguinee.com\/\"},{\"@type\":\"ListItem\",\"position\":2,\"name\":\"Climat\u00a0: Que dit la \u00abD\u00e9claration de Nairobi\u00bb adopt\u00e9 lors du 1er sommet africain sur le climat\u00a0?\"}]},{\"@type\":\"WebSite\",\"@id\":\"https:\/\/www.leprojecteurguinee.com\/#website\",\"url\":\"https:\/\/www.leprojecteurguinee.com\/\",\"name\":\"leprojecteurguinee\",\"description\":\"Nous luttons contre les pratiques obscures\",\"potentialAction\":[{\"@type\":\"SearchAction\",\"target\":{\"@type\":\"EntryPoint\",\"urlTemplate\":\"https:\/\/www.leprojecteurguinee.com\/?s={search_term_string}\"},\"query-input\":{\"@type\":\"PropertyValueSpecification\",\"valueRequired\":true,\"valueName\":\"search_term_string\"}}],\"inLanguage\":\"fr-FR\"},{\"@type\":\"Person\",\"@id\":\"https:\/\/www.leprojecteurguinee.com\/#\/schema\/person\/389671d1a3f0c66e6c91c4a765990c1b\",\"name\":\"Leprojecteurguinee\",\"image\":{\"@type\":\"ImageObject\",\"inLanguage\":\"fr-FR\",\"@id\":\"https:\/\/www.leprojecteurguinee.com\/#\/schema\/person\/image\/\",\"url\":\"https:\/\/secure.gravatar.com\/avatar\/c0faa0f472c43eff99fecb0bd2a1c6782e80a162c9fcb7ed2d48bb42ea619f30?s=96&d=mm&r=g\",\"contentUrl\":\"https:\/\/secure.gravatar.com\/avatar\/c0faa0f472c43eff99fecb0bd2a1c6782e80a162c9fcb7ed2d48bb42ea619f30?s=96&d=mm&r=g\",\"caption\":\"Leprojecteurguinee\"},\"sameAs\":[\"https:\/\/www.leprojecteurguinee.com\"],\"url\":\"https:\/\/www.leprojecteurguinee.com\/index.php\/author\/madame\/\"}]}<\/script>\n<!-- \/ Yoast SEO plugin. -->","yoast_head_json":{"title":"Climat\u00a0: Que dit la \u00abD\u00e9claration de Nairobi\u00bb adopt\u00e9 lors du 1er sommet africain sur le climat\u00a0? - leprojecteurguinee","robots":{"index":"index","follow":"follow","max-snippet":"max-snippet:-1","max-image-preview":"max-image-preview:large","max-video-preview":"max-video-preview:-1"},"canonical":"https:\/\/www.leprojecteurguinee.com\/index.php\/2023\/09\/06\/climat-que-dit-la-declaration-de-nairobi-adopte-lors-du-1er-sommet-africain-sur-le-climat\/","og_locale":"fr_FR","og_type":"article","og_title":"Climat\u00a0: Que dit la \u00abD\u00e9claration de Nairobi\u00bb adopt\u00e9 lors du 1er sommet africain sur le climat\u00a0? - leprojecteurguinee","og_description":"&nbsp;La Une taxe carbone mondiale et une r\u00e9forme des institutions financi\u00e8res internationales, pour financer l&rsquo;action climatique en Afrique. C&rsquo;est ce que pr\u00e9conise la \u00ab D\u00e9claration de Nairobi&nbsp;\u00bb adopt\u00e9e, ce mercredi 6 septembre, \u00e0 l&rsquo;issue du premier sommet africain sur le climat, l&rsquo;Africa Climate Summit 2023. Il faut dire que la \u00ab&nbsp;D\u00e9claration de Nairobi&nbsp;\u00bb \u00e9tait au [&hellip;]","og_url":"https:\/\/www.leprojecteurguinee.com\/index.php\/2023\/09\/06\/climat-que-dit-la-declaration-de-nairobi-adopte-lors-du-1er-sommet-africain-sur-le-climat\/","og_site_name":"leprojecteurguinee","article_published_time":"2023-09-06T13:10:34+00:00","article_modified_time":"2023-09-06T13:10:37+00:00","og_image":[{"width":980,"height":551,"url":"https:\/\/www.leprojecteurguinee.com\/wp-content\/uploads\/2023\/09\/000_33UA6X7.webp","type":"image\/webp"}],"author":"Leprojecteurguinee","twitter_card":"summary_large_image","twitter_misc":{"\u00c9crit par":"Leprojecteurguinee","Dur\u00e9e de lecture estim\u00e9e":"2 minutes"},"schema":{"@context":"https:\/\/schema.org","@graph":[{"@type":"Article","@id":"https:\/\/www.leprojecteurguinee.com\/index.php\/2023\/09\/06\/climat-que-dit-la-declaration-de-nairobi-adopte-lors-du-1er-sommet-africain-sur-le-climat\/#article","isPartOf":{"@id":"https:\/\/www.leprojecteurguinee.com\/index.php\/2023\/09\/06\/climat-que-dit-la-declaration-de-nairobi-adopte-lors-du-1er-sommet-africain-sur-le-climat\/"},"author":{"name":"Leprojecteurguinee","@id":"https:\/\/www.leprojecteurguinee.com\/#\/schema\/person\/389671d1a3f0c66e6c91c4a765990c1b"},"headline":"Climat\u00a0: Que dit la \u00abD\u00e9claration de Nairobi\u00bb adopt\u00e9 lors du 1er sommet africain sur le climat\u00a0?","datePublished":"2023-09-06T13:10:34+00:00","dateModified":"2023-09-06T13:10:37+00:00","mainEntityOfPage":{"@id":"https:\/\/www.leprojecteurguinee.com\/index.php\/2023\/09\/06\/climat-que-dit-la-declaration-de-nairobi-adopte-lors-du-1er-sommet-africain-sur-le-climat\/"},"wordCount":313,"commentCount":0,"image":{"@id":"https:\/\/www.leprojecteurguinee.com\/index.php\/2023\/09\/06\/climat-que-dit-la-declaration-de-nairobi-adopte-lors-du-1er-sommet-africain-sur-le-climat\/#primaryimage"},"thumbnailUrl":"https:\/\/www.leprojecteurguinee.com\/wp-content\/uploads\/2023\/09\/000_33UA6X7.webp","keywords":["Africa Climate Summit 2023","Climat","Kenya"],"articleSection":["Environnement"],"inLanguage":"fr-FR","potentialAction":[{"@type":"CommentAction","name":"Comment","target":["https:\/\/www.leprojecteurguinee.com\/index.php\/2023\/09\/06\/climat-que-dit-la-declaration-de-nairobi-adopte-lors-du-1er-sommet-africain-sur-le-climat\/#respond"]}]},{"@type":"WebPage","@id":"https:\/\/www.leprojecteurguinee.com\/index.php\/2023\/09\/06\/climat-que-dit-la-declaration-de-nairobi-adopte-lors-du-1er-sommet-africain-sur-le-climat\/","url":"https:\/\/www.leprojecteurguinee.com\/index.php\/2023\/09\/06\/climat-que-dit-la-declaration-de-nairobi-adopte-lors-du-1er-sommet-africain-sur-le-climat\/","name":"Climat\u00a0: Que dit la \u00abD\u00e9claration de Nairobi\u00bb adopt\u00e9 lors du 1er sommet africain sur le climat\u00a0? - leprojecteurguinee","isPartOf":{"@id":"https:\/\/www.leprojecteurguinee.com\/#website"},"primaryImageOfPage":{"@id":"https:\/\/www.leprojecteurguinee.com\/index.php\/2023\/09\/06\/climat-que-dit-la-declaration-de-nairobi-adopte-lors-du-1er-sommet-africain-sur-le-climat\/#primaryimage"},"image":{"@id":"https:\/\/www.leprojecteurguinee.com\/index.php\/2023\/09\/06\/climat-que-dit-la-declaration-de-nairobi-adopte-lors-du-1er-sommet-africain-sur-le-climat\/#primaryimage"},"thumbnailUrl":"https:\/\/www.leprojecteurguinee.com\/wp-content\/uploads\/2023\/09\/000_33UA6X7.webp","datePublished":"2023-09-06T13:10:34+00:00","dateModified":"2023-09-06T13:10:37+00:00","author":{"@id":"https:\/\/www.leprojecteurguinee.com\/#\/schema\/person\/389671d1a3f0c66e6c91c4a765990c1b"},"breadcrumb":{"@id":"https:\/\/www.leprojecteurguinee.com\/index.php\/2023\/09\/06\/climat-que-dit-la-declaration-de-nairobi-adopte-lors-du-1er-sommet-africain-sur-le-climat\/#breadcrumb"},"inLanguage":"fr-FR","potentialAction":[{"@type":"ReadAction","target":["https:\/\/www.leprojecteurguinee.com\/index.php\/2023\/09\/06\/climat-que-dit-la-declaration-de-nairobi-adopte-lors-du-1er-sommet-africain-sur-le-climat\/"]}]},{"@type":"ImageObject","inLanguage":"fr-FR","@id":"https:\/\/www.leprojecteurguinee.com\/index.php\/2023\/09\/06\/climat-que-dit-la-declaration-de-nairobi-adopte-lors-du-1er-sommet-africain-sur-le-climat\/#primaryimage","url":"https:\/\/www.leprojecteurguinee.com\/wp-content\/uploads\/2023\/09\/000_33UA6X7.webp","contentUrl":"https:\/\/www.leprojecteurguinee.com\/wp-content\/uploads\/2023\/09\/000_33UA6X7.webp","width":980,"height":551},{"@type":"BreadcrumbList","@id":"https:\/\/www.leprojecteurguinee.com\/index.php\/2023\/09\/06\/climat-que-dit-la-declaration-de-nairobi-adopte-lors-du-1er-sommet-africain-sur-le-climat\/#breadcrumb","itemListElement":[{"@type":"ListItem","position":1,"name":"Accueil","item":"https:\/\/www.leprojecteurguinee.com\/"},{"@type":"ListItem","position":2,"name":"Climat\u00a0: Que dit la \u00abD\u00e9claration de Nairobi\u00bb adopt\u00e9 lors du 1er sommet africain sur le climat\u00a0?"}]},{"@type":"WebSite","@id":"https:\/\/www.leprojecteurguinee.com\/#website","url":"https:\/\/www.leprojecteurguinee.com\/","name":"leprojecteurguinee","description":"Nous luttons contre les pratiques obscures","potentialAction":[{"@type":"SearchAction","target":{"@type":"EntryPoint","urlTemplate":"https:\/\/www.leprojecteurguinee.com\/?s={search_term_string}"},"query-input":{"@type":"PropertyValueSpecification","valueRequired":true,"valueName":"search_term_string"}}],"inLanguage":"fr-FR"},{"@type":"Person","@id":"https:\/\/www.leprojecteurguinee.com\/#\/schema\/person\/389671d1a3f0c66e6c91c4a765990c1b","name":"Leprojecteurguinee","image":{"@type":"ImageObject","inLanguage":"fr-FR","@id":"https:\/\/www.leprojecteurguinee.com\/#\/schema\/person\/image\/","url":"https:\/\/secure.gravatar.com\/avatar\/c0faa0f472c43eff99fecb0bd2a1c6782e80a162c9fcb7ed2d48bb42ea619f30?s=96&d=mm&r=g","contentUrl":"https:\/\/secure.gravatar.com\/avatar\/c0faa0f472c43eff99fecb0bd2a1c6782e80a162c9fcb7ed2d48bb42ea619f30?s=96&d=mm&r=g","caption":"Leprojecteurguinee"},"sameAs":["https:\/\/www.leprojecteurguinee.com"],"url":"https:\/\/www.leprojecteurguinee.com\/index.php\/author\/madame\/"}]}},"_links":{"self":[{"href":"https:\/\/www.leprojecteurguinee.com\/index.php\/wp-json\/wp\/v2\/posts\/981","targetHints":{"allow":["GET"]}}],"collection":[{"href":"https:\/\/www.leprojecteurguinee.com\/index.php\/wp-json\/wp\/v2\/posts"}],"about":[{"href":"https:\/\/www.leprojecteurguinee.com\/index.php\/wp-json\/wp\/v2\/types\/post"}],"author":[{"embeddable":true,"href":"https:\/\/www.leprojecteurguinee.com\/index.php\/wp-json\/wp\/v2\/users\/1"}],"replies":[{"embeddable":true,"href":"https:\/\/www.leprojecteurguinee.com\/index.php\/wp-json\/wp\/v2\/comments?post=981"}],"version-history":[{"count":0,"href":"https:\/\/www.leprojecteurguinee.com\/index.php\/wp-json\/wp\/v2\/posts\/981\/revisions"}],"wp:featuredmedia":[{"embeddable":true,"href":"https:\/\/www.leprojecteurguinee.com\/index.php\/wp-json\/wp\/v2\/media\/942"}],"wp:attachment":[{"href":"https:\/\/www.leprojecteurguinee.com\/index.php\/wp-json\/wp\/v2\/media?parent=981"}],"wp:term":[{"taxonomy":"category","embeddable":true,"href":"https:\/\/www.leprojecteurguinee.com\/index.php\/wp-json\/wp\/v2\/categories?post=981"},{"taxonomy":"post_tag","embeddable":true,"href":"https:\/\/www.leprojecteurguinee.com\/index.php\/wp-json\/wp\/v2\/tags?post=981"}],"curies":[{"name":"wp","href":"https:\/\/api.w.org\/{rel}","templated":true}]}}