{"id":952,"date":"2023-09-05T10:07:14","date_gmt":"2023-09-05T08:07:14","guid":{"rendered":"https:\/\/www.leprojecteurguinee.com\/?p=952"},"modified":"2023-09-05T10:07:17","modified_gmt":"2023-09-05T08:07:17","slug":"niamey-les-forces-francaises-au-niger-sont-dans-une-position-dillegalite","status":"publish","type":"post","link":"https:\/\/www.leprojecteurguinee.com\/index.php\/2023\/09\/05\/niamey-les-forces-francaises-au-niger-sont-dans-une-position-dillegalite\/","title":{"rendered":"Niamey : Les forces fran\u00e7aises au Niger \u00ab\u00a0sont dans une position d&rsquo;ill\u00e9galit\u00e9\u00a0\u00bb"},"content":{"rendered":"\n<p>Le nouveau Premier ministre nig\u00e9rien, Ali Mahaman Lamine Zeine, a d\u00e9clar\u00e9 lundi que \u00ab\u00a0des \u00e9changes\u00a0\u00bb \u00e9taient \u00ab\u00a0en cours\u00a0\u00bb pour que les forces fran\u00e7aises bas\u00e9es au Niger, qui \u00ab\u00a0sont dans une position d&rsquo;ill\u00e9galit\u00e9\u00a0\u00bb se retirent \u00ab\u00a0rapidement\u00a0\u00bb du pays. Ali Mahaman Lamine Zeine a tenu ces propos lors d&rsquo;une conf\u00e9rence de presse \u00e0 Niamey, relay\u00e9e par les m\u00e9dias internationaux.<\/p>\n\n\n\n<p>Le Premier ministre nomm\u00e9 par les militaires le 07 ao\u00fbt dernier a affirm\u00e9 que \u00ab\u00a0Ce qui nous int\u00e9resse c&rsquo;est, si possible, de maintenir une coop\u00e9ration avec un pays avec qui on a partag\u00e9 \u00e9norm\u00e9ment de choses\u00a0\u00bb.<\/p>\n\n\n\n<p>Pour rappel, le ministre fran\u00e7ais des Arm\u00e9es S\u00e9bastien Lecornu avait rejet\u00e9 l&rsquo;ultimatum du pouvoir militaire nig\u00e9rien, qui exige le d\u00e9part de l&rsquo;ambassadeur et des 1500 soldats fran\u00e7ais positionn\u00e9s sur le territoire du pays sah\u00e9lien avant ce lundi 4 septembre.<\/p>\n","protected":false},"excerpt":{"rendered":"<p>Le nouveau Premier ministre nig\u00e9rien, Ali Mahaman Lamine Zeine, a d\u00e9clar\u00e9 lundi que \u00ab\u00a0des \u00e9changes\u00a0\u00bb \u00e9taient \u00ab\u00a0en cours\u00a0\u00bb pour que les forces fran\u00e7aises bas\u00e9es au Niger, qui \u00ab\u00a0sont dans une position d&rsquo;ill\u00e9galit\u00e9\u00a0\u00bb se retirent \u00ab\u00a0rapidement\u00a0\u00bb du pays. Ali Mahaman Lamine Zeine a tenu ces propos lors d&rsquo;une conf\u00e9rence de presse \u00e0 Niamey, relay\u00e9e par les [&hellip;]<\/p>\n","protected":false},"author":1,"featured_media":953,"comment_status":"open","ping_status":"open","sticky":true,"template":"","format":"standard","meta":{"footnotes":""},"categories":[32],"tags":[253,144,72,153,143],"class_list":["post-952","post","type-post","status-publish","format-standard","has-post-thumbnail","hentry","category-monde","tag-ali-mahaman-lamine-zeine-a","tag-bazoum","tag-cedeao","tag-france","tag-niger"],"yoast_head":"<!-- This site is optimized with the Yoast SEO plugin v26.8 - https:\/\/yoast.com\/product\/yoast-seo-wordpress\/ -->\n<title>Niamey : Les forces fran\u00e7aises au Niger &quot;sont dans une position d&#039;ill\u00e9galit\u00e9&quot; - leprojecteurguinee<\/title>\n<meta name=\"robots\" content=\"index, follow, max-snippet:-1, max-image-preview:large, max-video-preview:-1\" \/>\n<link rel=\"canonical\" href=\"https:\/\/www.leprojecteurguinee.com\/index.php\/2023\/09\/05\/niamey-les-forces-francaises-au-niger-sont-dans-une-position-dillegalite\/\" \/>\n<meta property=\"og:locale\" content=\"fr_FR\" \/>\n<meta property=\"og:type\" content=\"article\" \/>\n<meta property=\"og:title\" content=\"Niamey : Les forces fran\u00e7aises au Niger &quot;sont dans une position d&#039;ill\u00e9galit\u00e9&quot; - leprojecteurguinee\" \/>\n<meta property=\"og:description\" content=\"Le nouveau Premier ministre nig\u00e9rien, Ali Mahaman Lamine Zeine, a d\u00e9clar\u00e9 lundi que \u00ab\u00a0des \u00e9changes\u00a0\u00bb \u00e9taient \u00ab\u00a0en cours\u00a0\u00bb pour que les forces fran\u00e7aises bas\u00e9es au Niger, qui \u00ab\u00a0sont dans une position d&rsquo;ill\u00e9galit\u00e9\u00a0\u00bb se retirent \u00ab\u00a0rapidement\u00a0\u00bb du pays. Ali Mahaman Lamine Zeine a tenu ces propos lors d&rsquo;une conf\u00e9rence de presse \u00e0 Niamey, relay\u00e9e par les [&hellip;]\" \/>\n<meta property=\"og:url\" content=\"https:\/\/www.leprojecteurguinee.com\/index.php\/2023\/09\/05\/niamey-les-forces-francaises-au-niger-sont-dans-une-position-dillegalite\/\" \/>\n<meta property=\"og:site_name\" content=\"leprojecteurguinee\" \/>\n<meta property=\"article:published_time\" content=\"2023-09-05T08:07:14+00:00\" \/>\n<meta property=\"article:modified_time\" content=\"2023-09-05T08:07:17+00:00\" \/>\n<meta property=\"og:image\" content=\"https:\/\/www.leprojecteurguinee.com\/wp-content\/uploads\/2023\/09\/zeine.jpg\" \/>\n\t<meta property=\"og:image:width\" content=\"664\" \/>\n\t<meta property=\"og:image:height\" content=\"443\" \/>\n\t<meta property=\"og:image:type\" content=\"image\/jpeg\" \/>\n<meta name=\"author\" content=\"Leprojecteurguinee\" \/>\n<meta name=\"twitter:card\" content=\"summary_large_image\" \/>\n<meta name=\"twitter:label1\" content=\"\u00c9crit par\" \/>\n\t<meta name=\"twitter:data1\" content=\"Leprojecteurguinee\" \/>\n\t<meta name=\"twitter:label2\" content=\"Dur\u00e9e de lecture estim\u00e9e\" \/>\n\t<meta name=\"twitter:data2\" content=\"1 minute\" \/>\n<script type=\"application\/ld+json\" class=\"yoast-schema-graph\">{\"@context\":\"https:\/\/schema.org\",\"@graph\":[{\"@type\":\"Article\",\"@id\":\"https:\/\/www.leprojecteurguinee.com\/index.php\/2023\/09\/05\/niamey-les-forces-francaises-au-niger-sont-dans-une-position-dillegalite\/#article\",\"isPartOf\":{\"@id\":\"https:\/\/www.leprojecteurguinee.com\/index.php\/2023\/09\/05\/niamey-les-forces-francaises-au-niger-sont-dans-une-position-dillegalite\/\"},\"author\":{\"name\":\"Leprojecteurguinee\",\"@id\":\"https:\/\/www.leprojecteurguinee.com\/#\/schema\/person\/389671d1a3f0c66e6c91c4a765990c1b\"},\"headline\":\"Niamey : Les forces fran\u00e7aises au Niger \u00ab\u00a0sont dans une position d&rsquo;ill\u00e9galit\u00e9\u00a0\u00bb\",\"datePublished\":\"2023-09-05T08:07:14+00:00\",\"dateModified\":\"2023-09-05T08:07:17+00:00\",\"mainEntityOfPage\":{\"@id\":\"https:\/\/www.leprojecteurguinee.com\/index.php\/2023\/09\/05\/niamey-les-forces-francaises-au-niger-sont-dans-une-position-dillegalite\/\"},\"wordCount\":167,\"commentCount\":0,\"image\":{\"@id\":\"https:\/\/www.leprojecteurguinee.com\/index.php\/2023\/09\/05\/niamey-les-forces-francaises-au-niger-sont-dans-une-position-dillegalite\/#primaryimage\"},\"thumbnailUrl\":\"https:\/\/www.leprojecteurguinee.com\/wp-content\/uploads\/2023\/09\/zeine.jpg\",\"keywords\":[\"Ali Mahaman Lamine Zeine a\",\"Bazoum\",\"C\u00e9d\u00e9ao\",\"France\",\"Niger\"],\"articleSection\":[\"Monde\"],\"inLanguage\":\"fr-FR\",\"potentialAction\":[{\"@type\":\"CommentAction\",\"name\":\"Comment\",\"target\":[\"https:\/\/www.leprojecteurguinee.com\/index.php\/2023\/09\/05\/niamey-les-forces-francaises-au-niger-sont-dans-une-position-dillegalite\/#respond\"]}]},{\"@type\":\"WebPage\",\"@id\":\"https:\/\/www.leprojecteurguinee.com\/index.php\/2023\/09\/05\/niamey-les-forces-francaises-au-niger-sont-dans-une-position-dillegalite\/\",\"url\":\"https:\/\/www.leprojecteurguinee.com\/index.php\/2023\/09\/05\/niamey-les-forces-francaises-au-niger-sont-dans-une-position-dillegalite\/\",\"name\":\"Niamey : Les forces fran\u00e7aises au Niger \\\"sont dans une position d'ill\u00e9galit\u00e9\\\" - leprojecteurguinee\",\"isPartOf\":{\"@id\":\"https:\/\/www.leprojecteurguinee.com\/#website\"},\"primaryImageOfPage\":{\"@id\":\"https:\/\/www.leprojecteurguinee.com\/index.php\/2023\/09\/05\/niamey-les-forces-francaises-au-niger-sont-dans-une-position-dillegalite\/#primaryimage\"},\"image\":{\"@id\":\"https:\/\/www.leprojecteurguinee.com\/index.php\/2023\/09\/05\/niamey-les-forces-francaises-au-niger-sont-dans-une-position-dillegalite\/#primaryimage\"},\"thumbnailUrl\":\"https:\/\/www.leprojecteurguinee.com\/wp-content\/uploads\/2023\/09\/zeine.jpg\",\"datePublished\":\"2023-09-05T08:07:14+00:00\",\"dateModified\":\"2023-09-05T08:07:17+00:00\",\"author\":{\"@id\":\"https:\/\/www.leprojecteurguinee.com\/#\/schema\/person\/389671d1a3f0c66e6c91c4a765990c1b\"},\"breadcrumb\":{\"@id\":\"https:\/\/www.leprojecteurguinee.com\/index.php\/2023\/09\/05\/niamey-les-forces-francaises-au-niger-sont-dans-une-position-dillegalite\/#breadcrumb\"},\"inLanguage\":\"fr-FR\",\"potentialAction\":[{\"@type\":\"ReadAction\",\"target\":[\"https:\/\/www.leprojecteurguinee.com\/index.php\/2023\/09\/05\/niamey-les-forces-francaises-au-niger-sont-dans-une-position-dillegalite\/\"]}]},{\"@type\":\"ImageObject\",\"inLanguage\":\"fr-FR\",\"@id\":\"https:\/\/www.leprojecteurguinee.com\/index.php\/2023\/09\/05\/niamey-les-forces-francaises-au-niger-sont-dans-une-position-dillegalite\/#primaryimage\",\"url\":\"https:\/\/www.leprojecteurguinee.com\/wp-content\/uploads\/2023\/09\/zeine.jpg\",\"contentUrl\":\"https:\/\/www.leprojecteurguinee.com\/wp-content\/uploads\/2023\/09\/zeine.jpg\",\"width\":664,\"height\":443,\"caption\":\"Niger's Prime Minister Ali Mahaman Lamine Zeine speaks during a press conference in Niamey on September 4, 2023. Niger's military-appointed prime minister on September 4, 2023 said he saw hopes of a deal with the West African bloc ECOWAS, which has threatened to use force to restore civilian rule after a coup in July. (Photo by AFP)\"},{\"@type\":\"BreadcrumbList\",\"@id\":\"https:\/\/www.leprojecteurguinee.com\/index.php\/2023\/09\/05\/niamey-les-forces-francaises-au-niger-sont-dans-une-position-dillegalite\/#breadcrumb\",\"itemListElement\":[{\"@type\":\"ListItem\",\"position\":1,\"name\":\"Accueil\",\"item\":\"https:\/\/www.leprojecteurguinee.com\/\"},{\"@type\":\"ListItem\",\"position\":2,\"name\":\"Niamey : Les forces fran\u00e7aises au Niger \u00ab\u00a0sont dans une position d&rsquo;ill\u00e9galit\u00e9\u00a0\u00bb\"}]},{\"@type\":\"WebSite\",\"@id\":\"https:\/\/www.leprojecteurguinee.com\/#website\",\"url\":\"https:\/\/www.leprojecteurguinee.com\/\",\"name\":\"leprojecteurguinee\",\"description\":\"Nous luttons contre les pratiques obscures\",\"potentialAction\":[{\"@type\":\"SearchAction\",\"target\":{\"@type\":\"EntryPoint\",\"urlTemplate\":\"https:\/\/www.leprojecteurguinee.com\/?s={search_term_string}\"},\"query-input\":{\"@type\":\"PropertyValueSpecification\",\"valueRequired\":true,\"valueName\":\"search_term_string\"}}],\"inLanguage\":\"fr-FR\"},{\"@type\":\"Person\",\"@id\":\"https:\/\/www.leprojecteurguinee.com\/#\/schema\/person\/389671d1a3f0c66e6c91c4a765990c1b\",\"name\":\"Leprojecteurguinee\",\"image\":{\"@type\":\"ImageObject\",\"inLanguage\":\"fr-FR\",\"@id\":\"https:\/\/www.leprojecteurguinee.com\/#\/schema\/person\/image\/\",\"url\":\"https:\/\/secure.gravatar.com\/avatar\/c0faa0f472c43eff99fecb0bd2a1c6782e80a162c9fcb7ed2d48bb42ea619f30?s=96&d=mm&r=g\",\"contentUrl\":\"https:\/\/secure.gravatar.com\/avatar\/c0faa0f472c43eff99fecb0bd2a1c6782e80a162c9fcb7ed2d48bb42ea619f30?s=96&d=mm&r=g\",\"caption\":\"Leprojecteurguinee\"},\"sameAs\":[\"https:\/\/www.leprojecteurguinee.com\"],\"url\":\"https:\/\/www.leprojecteurguinee.com\/index.php\/author\/madame\/\"}]}<\/script>\n<!-- \/ Yoast SEO plugin. -->","yoast_head_json":{"title":"Niamey : Les forces fran\u00e7aises au Niger \"sont dans une position d'ill\u00e9galit\u00e9\" - leprojecteurguinee","robots":{"index":"index","follow":"follow","max-snippet":"max-snippet:-1","max-image-preview":"max-image-preview:large","max-video-preview":"max-video-preview:-1"},"canonical":"https:\/\/www.leprojecteurguinee.com\/index.php\/2023\/09\/05\/niamey-les-forces-francaises-au-niger-sont-dans-une-position-dillegalite\/","og_locale":"fr_FR","og_type":"article","og_title":"Niamey : Les forces fran\u00e7aises au Niger \"sont dans une position d'ill\u00e9galit\u00e9\" - leprojecteurguinee","og_description":"Le nouveau Premier ministre nig\u00e9rien, Ali Mahaman Lamine Zeine, a d\u00e9clar\u00e9 lundi que \u00ab\u00a0des \u00e9changes\u00a0\u00bb \u00e9taient \u00ab\u00a0en cours\u00a0\u00bb pour que les forces fran\u00e7aises bas\u00e9es au Niger, qui \u00ab\u00a0sont dans une position d&rsquo;ill\u00e9galit\u00e9\u00a0\u00bb se retirent \u00ab\u00a0rapidement\u00a0\u00bb du pays. Ali Mahaman Lamine Zeine a tenu ces propos lors d&rsquo;une conf\u00e9rence de presse \u00e0 Niamey, relay\u00e9e par les [&hellip;]","og_url":"https:\/\/www.leprojecteurguinee.com\/index.php\/2023\/09\/05\/niamey-les-forces-francaises-au-niger-sont-dans-une-position-dillegalite\/","og_site_name":"leprojecteurguinee","article_published_time":"2023-09-05T08:07:14+00:00","article_modified_time":"2023-09-05T08:07:17+00:00","og_image":[{"width":664,"height":443,"url":"https:\/\/www.leprojecteurguinee.com\/wp-content\/uploads\/2023\/09\/zeine.jpg","type":"image\/jpeg"}],"author":"Leprojecteurguinee","twitter_card":"summary_large_image","twitter_misc":{"\u00c9crit par":"Leprojecteurguinee","Dur\u00e9e de lecture estim\u00e9e":"1 minute"},"schema":{"@context":"https:\/\/schema.org","@graph":[{"@type":"Article","@id":"https:\/\/www.leprojecteurguinee.com\/index.php\/2023\/09\/05\/niamey-les-forces-francaises-au-niger-sont-dans-une-position-dillegalite\/#article","isPartOf":{"@id":"https:\/\/www.leprojecteurguinee.com\/index.php\/2023\/09\/05\/niamey-les-forces-francaises-au-niger-sont-dans-une-position-dillegalite\/"},"author":{"name":"Leprojecteurguinee","@id":"https:\/\/www.leprojecteurguinee.com\/#\/schema\/person\/389671d1a3f0c66e6c91c4a765990c1b"},"headline":"Niamey : Les forces fran\u00e7aises au Niger \u00ab\u00a0sont dans une position d&rsquo;ill\u00e9galit\u00e9\u00a0\u00bb","datePublished":"2023-09-05T08:07:14+00:00","dateModified":"2023-09-05T08:07:17+00:00","mainEntityOfPage":{"@id":"https:\/\/www.leprojecteurguinee.com\/index.php\/2023\/09\/05\/niamey-les-forces-francaises-au-niger-sont-dans-une-position-dillegalite\/"},"wordCount":167,"commentCount":0,"image":{"@id":"https:\/\/www.leprojecteurguinee.com\/index.php\/2023\/09\/05\/niamey-les-forces-francaises-au-niger-sont-dans-une-position-dillegalite\/#primaryimage"},"thumbnailUrl":"https:\/\/www.leprojecteurguinee.com\/wp-content\/uploads\/2023\/09\/zeine.jpg","keywords":["Ali Mahaman Lamine Zeine a","Bazoum","C\u00e9d\u00e9ao","France","Niger"],"articleSection":["Monde"],"inLanguage":"fr-FR","potentialAction":[{"@type":"CommentAction","name":"Comment","target":["https:\/\/www.leprojecteurguinee.com\/index.php\/2023\/09\/05\/niamey-les-forces-francaises-au-niger-sont-dans-une-position-dillegalite\/#respond"]}]},{"@type":"WebPage","@id":"https:\/\/www.leprojecteurguinee.com\/index.php\/2023\/09\/05\/niamey-les-forces-francaises-au-niger-sont-dans-une-position-dillegalite\/","url":"https:\/\/www.leprojecteurguinee.com\/index.php\/2023\/09\/05\/niamey-les-forces-francaises-au-niger-sont-dans-une-position-dillegalite\/","name":"Niamey : Les forces fran\u00e7aises au Niger \"sont dans une position d'ill\u00e9galit\u00e9\" - leprojecteurguinee","isPartOf":{"@id":"https:\/\/www.leprojecteurguinee.com\/#website"},"primaryImageOfPage":{"@id":"https:\/\/www.leprojecteurguinee.com\/index.php\/2023\/09\/05\/niamey-les-forces-francaises-au-niger-sont-dans-une-position-dillegalite\/#primaryimage"},"image":{"@id":"https:\/\/www.leprojecteurguinee.com\/index.php\/2023\/09\/05\/niamey-les-forces-francaises-au-niger-sont-dans-une-position-dillegalite\/#primaryimage"},"thumbnailUrl":"https:\/\/www.leprojecteurguinee.com\/wp-content\/uploads\/2023\/09\/zeine.jpg","datePublished":"2023-09-05T08:07:14+00:00","dateModified":"2023-09-05T08:07:17+00:00","author":{"@id":"https:\/\/www.leprojecteurguinee.com\/#\/schema\/person\/389671d1a3f0c66e6c91c4a765990c1b"},"breadcrumb":{"@id":"https:\/\/www.leprojecteurguinee.com\/index.php\/2023\/09\/05\/niamey-les-forces-francaises-au-niger-sont-dans-une-position-dillegalite\/#breadcrumb"},"inLanguage":"fr-FR","potentialAction":[{"@type":"ReadAction","target":["https:\/\/www.leprojecteurguinee.com\/index.php\/2023\/09\/05\/niamey-les-forces-francaises-au-niger-sont-dans-une-position-dillegalite\/"]}]},{"@type":"ImageObject","inLanguage":"fr-FR","@id":"https:\/\/www.leprojecteurguinee.com\/index.php\/2023\/09\/05\/niamey-les-forces-francaises-au-niger-sont-dans-une-position-dillegalite\/#primaryimage","url":"https:\/\/www.leprojecteurguinee.com\/wp-content\/uploads\/2023\/09\/zeine.jpg","contentUrl":"https:\/\/www.leprojecteurguinee.com\/wp-content\/uploads\/2023\/09\/zeine.jpg","width":664,"height":443,"caption":"Niger's Prime Minister Ali Mahaman Lamine Zeine speaks during a press conference in Niamey on September 4, 2023. Niger's military-appointed prime minister on September 4, 2023 said he saw hopes of a deal with the West African bloc ECOWAS, which has threatened to use force to restore civilian rule after a coup in July. (Photo by AFP)"},{"@type":"BreadcrumbList","@id":"https:\/\/www.leprojecteurguinee.com\/index.php\/2023\/09\/05\/niamey-les-forces-francaises-au-niger-sont-dans-une-position-dillegalite\/#breadcrumb","itemListElement":[{"@type":"ListItem","position":1,"name":"Accueil","item":"https:\/\/www.leprojecteurguinee.com\/"},{"@type":"ListItem","position":2,"name":"Niamey : Les forces fran\u00e7aises au Niger \u00ab\u00a0sont dans une position d&rsquo;ill\u00e9galit\u00e9\u00a0\u00bb"}]},{"@type":"WebSite","@id":"https:\/\/www.leprojecteurguinee.com\/#website","url":"https:\/\/www.leprojecteurguinee.com\/","name":"leprojecteurguinee","description":"Nous luttons contre les pratiques obscures","potentialAction":[{"@type":"SearchAction","target":{"@type":"EntryPoint","urlTemplate":"https:\/\/www.leprojecteurguinee.com\/?s={search_term_string}"},"query-input":{"@type":"PropertyValueSpecification","valueRequired":true,"valueName":"search_term_string"}}],"inLanguage":"fr-FR"},{"@type":"Person","@id":"https:\/\/www.leprojecteurguinee.com\/#\/schema\/person\/389671d1a3f0c66e6c91c4a765990c1b","name":"Leprojecteurguinee","image":{"@type":"ImageObject","inLanguage":"fr-FR","@id":"https:\/\/www.leprojecteurguinee.com\/#\/schema\/person\/image\/","url":"https:\/\/secure.gravatar.com\/avatar\/c0faa0f472c43eff99fecb0bd2a1c6782e80a162c9fcb7ed2d48bb42ea619f30?s=96&d=mm&r=g","contentUrl":"https:\/\/secure.gravatar.com\/avatar\/c0faa0f472c43eff99fecb0bd2a1c6782e80a162c9fcb7ed2d48bb42ea619f30?s=96&d=mm&r=g","caption":"Leprojecteurguinee"},"sameAs":["https:\/\/www.leprojecteurguinee.com"],"url":"https:\/\/www.leprojecteurguinee.com\/index.php\/author\/madame\/"}]}},"_links":{"self":[{"href":"https:\/\/www.leprojecteurguinee.com\/index.php\/wp-json\/wp\/v2\/posts\/952","targetHints":{"allow":["GET"]}}],"collection":[{"href":"https:\/\/www.leprojecteurguinee.com\/index.php\/wp-json\/wp\/v2\/posts"}],"about":[{"href":"https:\/\/www.leprojecteurguinee.com\/index.php\/wp-json\/wp\/v2\/types\/post"}],"author":[{"embeddable":true,"href":"https:\/\/www.leprojecteurguinee.com\/index.php\/wp-json\/wp\/v2\/users\/1"}],"replies":[{"embeddable":true,"href":"https:\/\/www.leprojecteurguinee.com\/index.php\/wp-json\/wp\/v2\/comments?post=952"}],"version-history":[{"count":0,"href":"https:\/\/www.leprojecteurguinee.com\/index.php\/wp-json\/wp\/v2\/posts\/952\/revisions"}],"wp:featuredmedia":[{"embeddable":true,"href":"https:\/\/www.leprojecteurguinee.com\/index.php\/wp-json\/wp\/v2\/media\/953"}],"wp:attachment":[{"href":"https:\/\/www.leprojecteurguinee.com\/index.php\/wp-json\/wp\/v2\/media?parent=952"}],"wp:term":[{"taxonomy":"category","embeddable":true,"href":"https:\/\/www.leprojecteurguinee.com\/index.php\/wp-json\/wp\/v2\/categories?post=952"},{"taxonomy":"post_tag","embeddable":true,"href":"https:\/\/www.leprojecteurguinee.com\/index.php\/wp-json\/wp\/v2\/tags?post=952"}],"curies":[{"name":"wp","href":"https:\/\/api.w.org\/{rel}","templated":true}]}}