{"id":950,"date":"2023-09-04T20:51:20","date_gmt":"2023-09-04T18:51:20","guid":{"rendered":"https:\/\/www.leprojecteurguinee.com\/?p=950"},"modified":"2023-09-04T20:51:23","modified_gmt":"2023-09-04T18:51:23","slug":"un-millier-de-camion-bloque-a-la-frontiere-entre-le-benin-et-le-niger","status":"publish","type":"post","link":"https:\/\/www.leprojecteurguinee.com\/index.php\/2023\/09\/04\/un-millier-de-camion-bloque-a-la-frontiere-entre-le-benin-et-le-niger\/","title":{"rendered":"Un millier de camion bloqu\u00e9 \u00e0 la fronti\u00e8re entre le B\u00e9nin et le Niger"},"content":{"rendered":"\n<p>Suite aux sanctions d\u00e9cid\u00e9es par la Cedeao apr\u00e8s le coup d\u2019Etat \u00e0 Niamey, 6&nbsp;000&nbsp;tonnes de marchandises du Programme alimentaire mondial sont retenues \u00e0 l\u2019ext\u00e9rieur du pays.<\/p>\n\n\n\n<p>Depuis le coup d\u2019Etat contre le pr\u00e9sident Mohamed Bazoum, le 26&nbsp;juillet, l\u2019espace a\u00e9rien a \u00e9t\u00e9 ferm\u00e9 par la junte nig\u00e9rienne le 6&nbsp;ao\u00fbt, pour ne rouvrir aux vols commerciaux que le 4&nbsp;septembre. Le blocus d\u00e9cid\u00e9 par la Communaut\u00e9 \u00e9conomique des Etats de l\u2019Afrique de l\u2019Ouest (Cedeao) pour sanctionner les putschistes est en revanche toujours en vigueur. Cons\u00e9quence&nbsp;: plus d\u2019un millier de camions sont bloqu\u00e9s dans la zone. C\u00f4t\u00e9 b\u00e9ninois, la file de v\u00e9hicules \u00e0 l\u2019arr\u00eat<\/p>\n\n\n\n<p>D\u2019apr\u00e8s le Programme alimentaire mondial (PAM), quelque 6&nbsp;000&nbsp;tonnes de marchandises fournies par l\u2019agence des Nations unies sont retenues aux fronti\u00e8res du Niger. <em>\u00ab&nbsp;Nous pourrions nous retrouver avec 10&nbsp;millions de personnes incapables de se nourrir, <\/em>met en garde, le porte-parole de l\u2019organisation. <em>Les besoins humanitaires augmentent et le temps presse.&nbsp;\u00bb<\/em><\/p>\n\n\n\n<p>Les camions stationn\u00e9s \u00e0 la fronti\u00e8re entre le B\u00e9nin et le Niger transportent des c\u00e9r\u00e9ales, de l\u2019huile, de la nourriture sp\u00e9cifique pour les enfants souffrants de malnutrition et des m\u00e9dicaments. Ces livraisons sont destin\u00e9es \u00e0 att\u00e9nuer la crise alimentaire qui frappe le pays sah\u00e9lien, alors que 250&nbsp;000&nbsp;personnes ont \u00e9t\u00e9 pouss\u00e9es hors de leur foyer par l\u2019insurrection islamiste.<\/p>\n\n\n\n<h2 class=\"wp-block-heading\">Les prix des c\u00e9r\u00e9ales flambent<\/h2>\n\n\n\n<p>Prenant pr\u00e9texte de la <em>\u00ab&nbsp;situation s\u00e9curitaire du moment&nbsp;\u00bb<\/em>, alors que plusieurs attaques djihadistes ont \u00e9t\u00e9 enregistr\u00e9es depuis le putsch, la junte au pouvoir \u00e0 Niamey a annonc\u00e9 jeudi 31&nbsp;ao\u00fbt la suspension de toutes les activit\u00e9s des organisations internationales, ONG et agences onusiennes, dans les <em>\u00ab&nbsp;zones d\u2019op\u00e9rations&nbsp;\u00bb<\/em> militaires, mais sans pr\u00e9ciser les r\u00e9gions concern\u00e9es.<\/p>\n\n\n\n<p>Le manque de denr\u00e9es \u00e0 l\u2019int\u00e9rieur du pays fait flamber les prix au Niger. Depuis l\u2019annonce des sanctions de la Cedeao, le riz a augment\u00e9 de 21&nbsp;% et celui du sorgho de 14&nbsp;%, selon le PAM. Avant le putsch, pr\u00e8s de 3&nbsp;millions de personnes avaient d\u00e9j\u00e0 des difficult\u00e9s \u00e0 se procurer un repas par jour. Les sanctions ne se limitent pas \u00e0 l\u2019approvisionnement en nourriture. Le Nigeria voisin a coup\u00e9 sa fourniture en \u00e9lectricit\u00e9, ce qui complique notamment les soins dans les h\u00f4pitaux, a affirm\u00e9 le g\u00e9n\u00e9ral Abdourahamane Tiani, le chef du Conseil national pour la sauvegarde de la patrie (CNSP).<\/p>\n\n\n\n<p>Aux abords de la fronti\u00e8re, les conditions de vie des transporteurs routiers se d\u00e9gradent chaque jour un peu plus. \u00ab&nbsp;<em>Je suis bloqu\u00e9 \u00e0 Malanville depuis le 26&nbsp;juillet, <\/em>se plaint Adamou Sifou Amadou, un chauffeur nig\u00e9rien joint par t\u00e9l\u00e9phone. <em>Il pleut en permanence et il n\u2019y a plus rien \u00e0 manger car les vendeurs de rue qui nous ravitaillaient au d\u00e9but ont disparu. Beaucoup de conducteurs font des crises de paludisme et ils n\u2019ont pas de m\u00e9dicaments. Nous sommes \u00e9puis\u00e9s.&nbsp;\u00bb<\/em><\/p>\n\n\n\n<p>Le pr\u00e9sident des conducteurs du Borgou et de l\u2019Alibori, deux d\u00e9partements du septentrion b\u00e9ninois, devait livrer 47&nbsp;tonnes de riz \u00e0 Zinder, \u00e0 l\u2019est du Niger, mais cela fait maintenant plus de 40&nbsp;jours que son camion est immobilis\u00e9 \u00e0 900&nbsp;kilom\u00e8tres de son point de livraison. Sous la b\u00e2che de son v\u00e9hicule, les denr\u00e9es s\u2019ab\u00eement \u00e0 cause de l\u2019humidit\u00e9. <em>\u00ab&nbsp;Tous les sacs de riz ouverts ou endommag\u00e9s seront factur\u00e9s, <\/em>d\u00e9plore-t-il. <em>Financi\u00e8rement, c\u2019est une catastrophe.&nbsp;\u00bb<\/em><\/p>\n\n\n\n<h2 class=\"wp-block-heading\">Une perte \u00ab&nbsp;colossale&nbsp;\u00bb pour les transporteurs<\/h2>\n\n\n\n<p><em>\u00ab&nbsp;Qui va payer&nbsp;?, <\/em>interroge Abdulrazak Koffi Bandele, transporteur et syndicaliste, bas\u00e9 \u00e0 Kandi. <em>Le transporteur&nbsp;? Le chauffeur&nbsp;? Le propri\u00e9taire de la marchandise&nbsp;? Les assurances&nbsp;? On n\u2019en sait rien. Nous subissons d\u00e9j\u00e0 une perte colossale et nous souffrons beaucoup. Il faut que la fronti\u00e8re s\u2019ouvre et que le gouvernement b\u00e9ninois nous entende.&nbsp;\u00bb <\/em>Selon lui, le retour des camions vers le port de Cotonou distant de 730&nbsp;kilom\u00e8tres, o\u00f9 l\u2019activit\u00e9 tourne au ralenti depuis le d\u00e9but de la crise, serait impossible du fait du co\u00fbt du gasoil qui augmenterait encore les pertes. <em>\u00ab&nbsp;Et o\u00f9 pourrait-on garer tous ces v\u00e9hicules&nbsp;? Il n\u2019y a plus une seule place de libre sur les parkings&nbsp;\u00bb<\/em>, fulmine Abdulrazak Koffi Bandele.<\/p>\n\n\n\n<p>Bola Tinubu, pr\u00e9sident du Nigeria et de la Cedeao, a sugg\u00e9r\u00e9 jeudi la possibilit\u00e9, aussit\u00f4t rejet\u00e9e par l\u2019organisation r\u00e9gionale, d\u2019une transition de neuf mois pour la junte nig\u00e9rienne. <em>\u00ab&nbsp;Les actes des militaires sont inacceptables, <\/em>a jug\u00e9 le chef de l\u2019Etat nig\u00e9rian.<em> Le plus t\u00f4t ils font des ajustements positifs, le plus rapidement nous reviendrons sur les sanctions pour all\u00e9ger les souffrances que nous voyons.&nbsp;\u00bb <\/em>Les g\u00e9n\u00e9raux au pouvoir \u00e0 Niamey avaient \u00e9voqu\u00e9 le 19&nbsp;ao\u00fbt une transition de trois ans maximum.<\/p>\n\n\n\n<p>A plusieurs reprises, l\u2019organisation ouest-africaine s\u2019est dite pr\u00eate \u00e0 utiliser la force pour r\u00e9tablir l\u2019ordre constitutionnel. A la fronti\u00e8re entre le B\u00e9nin et le Niger, o\u00f9 s\u00e9vissent des bandes arm\u00e9es venues notamment du Nigeria, les cons\u00e9quences d\u2019une intervention arm\u00e9e pourraient \u00eatre lourdes pour les transporteurs routiers. <em>\u00ab&nbsp;Si la Cedeao d\u00e9clenche une guerre, nous savons d\u00e9j\u00e0 que tout sera d\u00e9truit car les populations vont s\u2019entretuer pour se pr\u00e9cipiter sur nos chargements et piller les marchandises, <\/em>s\u2019inqui\u00e8te Abdulazak Koffi Bandele. <em>Toute la r\u00e9gion pourrait alors basculer dans le chaos.&nbsp;\u00bb<\/em><\/p>\n","protected":false},"excerpt":{"rendered":"<p>Suite aux sanctions d\u00e9cid\u00e9es par la Cedeao apr\u00e8s le coup d\u2019Etat \u00e0 Niamey, 6&nbsp;000&nbsp;tonnes de marchandises du Programme alimentaire mondial sont retenues \u00e0 l\u2019ext\u00e9rieur du pays. Depuis le coup d\u2019Etat contre le pr\u00e9sident Mohamed Bazoum, le 26&nbsp;juillet, l\u2019espace a\u00e9rien a \u00e9t\u00e9 ferm\u00e9 par la junte nig\u00e9rienne le 6&nbsp;ao\u00fbt, pour ne rouvrir aux vols commerciaux que [&hellip;]<\/p>\n","protected":false},"author":1,"featured_media":893,"comment_status":"open","ping_status":"open","sticky":true,"template":"","format":"standard","meta":{"footnotes":""},"categories":[1],"tags":[144,76,72,143],"class_list":["post-950","post","type-post","status-publish","format-standard","has-post-thumbnail","hentry","category-blog","tag-bazoum","tag-benin","tag-cedeao","tag-niger"],"yoast_head":"<!-- This site is optimized with the Yoast SEO plugin v26.8 - https:\/\/yoast.com\/product\/yoast-seo-wordpress\/ -->\n<title>Un millier de camion bloqu\u00e9 \u00e0 la fronti\u00e8re entre le B\u00e9nin et le Niger - leprojecteurguinee<\/title>\n<meta name=\"robots\" content=\"index, follow, max-snippet:-1, max-image-preview:large, max-video-preview:-1\" \/>\n<link rel=\"canonical\" href=\"https:\/\/www.leprojecteurguinee.com\/index.php\/2023\/09\/04\/un-millier-de-camion-bloque-a-la-frontiere-entre-le-benin-et-le-niger\/\" \/>\n<meta property=\"og:locale\" content=\"fr_FR\" \/>\n<meta property=\"og:type\" content=\"article\" \/>\n<meta property=\"og:title\" content=\"Un millier de camion bloqu\u00e9 \u00e0 la fronti\u00e8re entre le B\u00e9nin et le Niger - leprojecteurguinee\" \/>\n<meta property=\"og:description\" content=\"Suite aux sanctions d\u00e9cid\u00e9es par la Cedeao apr\u00e8s le coup d\u2019Etat \u00e0 Niamey, 6&nbsp;000&nbsp;tonnes de marchandises du Programme alimentaire mondial sont retenues \u00e0 l\u2019ext\u00e9rieur du pays. Depuis le coup d\u2019Etat contre le pr\u00e9sident Mohamed Bazoum, le 26&nbsp;juillet, l\u2019espace a\u00e9rien a \u00e9t\u00e9 ferm\u00e9 par la junte nig\u00e9rienne le 6&nbsp;ao\u00fbt, pour ne rouvrir aux vols commerciaux que [&hellip;]\" \/>\n<meta property=\"og:url\" content=\"https:\/\/www.leprojecteurguinee.com\/index.php\/2023\/09\/04\/un-millier-de-camion-bloque-a-la-frontiere-entre-le-benin-et-le-niger\/\" \/>\n<meta property=\"og:site_name\" content=\"leprojecteurguinee\" \/>\n<meta property=\"article:published_time\" content=\"2023-09-04T18:51:20+00:00\" \/>\n<meta property=\"article:modified_time\" content=\"2023-09-04T18:51:23+00:00\" \/>\n<meta property=\"og:image\" content=\"https:\/\/www.leprojecteurguinee.com\/wp-content\/uploads\/2023\/08\/Konni_02.jpg\" \/>\n\t<meta property=\"og:image:width\" content=\"1200\" \/>\n\t<meta property=\"og:image:height\" content=\"900\" \/>\n\t<meta property=\"og:image:type\" content=\"image\/jpeg\" \/>\n<meta name=\"author\" content=\"Leprojecteurguinee\" \/>\n<meta name=\"twitter:card\" content=\"summary_large_image\" \/>\n<meta name=\"twitter:label1\" content=\"\u00c9crit par\" \/>\n\t<meta name=\"twitter:data1\" content=\"Leprojecteurguinee\" \/>\n\t<meta name=\"twitter:label2\" content=\"Dur\u00e9e de lecture estim\u00e9e\" \/>\n\t<meta name=\"twitter:data2\" content=\"5 minutes\" \/>\n<script type=\"application\/ld+json\" class=\"yoast-schema-graph\">{\"@context\":\"https:\/\/schema.org\",\"@graph\":[{\"@type\":\"Article\",\"@id\":\"https:\/\/www.leprojecteurguinee.com\/index.php\/2023\/09\/04\/un-millier-de-camion-bloque-a-la-frontiere-entre-le-benin-et-le-niger\/#article\",\"isPartOf\":{\"@id\":\"https:\/\/www.leprojecteurguinee.com\/index.php\/2023\/09\/04\/un-millier-de-camion-bloque-a-la-frontiere-entre-le-benin-et-le-niger\/\"},\"author\":{\"name\":\"Leprojecteurguinee\",\"@id\":\"https:\/\/www.leprojecteurguinee.com\/#\/schema\/person\/389671d1a3f0c66e6c91c4a765990c1b\"},\"headline\":\"Un millier de camion bloqu\u00e9 \u00e0 la fronti\u00e8re entre le B\u00e9nin et le Niger\",\"datePublished\":\"2023-09-04T18:51:20+00:00\",\"dateModified\":\"2023-09-04T18:51:23+00:00\",\"mainEntityOfPage\":{\"@id\":\"https:\/\/www.leprojecteurguinee.com\/index.php\/2023\/09\/04\/un-millier-de-camion-bloque-a-la-frontiere-entre-le-benin-et-le-niger\/\"},\"wordCount\":981,\"commentCount\":0,\"image\":{\"@id\":\"https:\/\/www.leprojecteurguinee.com\/index.php\/2023\/09\/04\/un-millier-de-camion-bloque-a-la-frontiere-entre-le-benin-et-le-niger\/#primaryimage\"},\"thumbnailUrl\":\"https:\/\/www.leprojecteurguinee.com\/wp-content\/uploads\/2023\/08\/Konni_02.jpg\",\"keywords\":[\"Bazoum\",\"Benin\",\"C\u00e9d\u00e9ao\",\"Niger\"],\"articleSection\":[\"Blog\"],\"inLanguage\":\"fr-FR\",\"potentialAction\":[{\"@type\":\"CommentAction\",\"name\":\"Comment\",\"target\":[\"https:\/\/www.leprojecteurguinee.com\/index.php\/2023\/09\/04\/un-millier-de-camion-bloque-a-la-frontiere-entre-le-benin-et-le-niger\/#respond\"]}]},{\"@type\":\"WebPage\",\"@id\":\"https:\/\/www.leprojecteurguinee.com\/index.php\/2023\/09\/04\/un-millier-de-camion-bloque-a-la-frontiere-entre-le-benin-et-le-niger\/\",\"url\":\"https:\/\/www.leprojecteurguinee.com\/index.php\/2023\/09\/04\/un-millier-de-camion-bloque-a-la-frontiere-entre-le-benin-et-le-niger\/\",\"name\":\"Un millier de camion bloqu\u00e9 \u00e0 la fronti\u00e8re entre le B\u00e9nin et le Niger - leprojecteurguinee\",\"isPartOf\":{\"@id\":\"https:\/\/www.leprojecteurguinee.com\/#website\"},\"primaryImageOfPage\":{\"@id\":\"https:\/\/www.leprojecteurguinee.com\/index.php\/2023\/09\/04\/un-millier-de-camion-bloque-a-la-frontiere-entre-le-benin-et-le-niger\/#primaryimage\"},\"image\":{\"@id\":\"https:\/\/www.leprojecteurguinee.com\/index.php\/2023\/09\/04\/un-millier-de-camion-bloque-a-la-frontiere-entre-le-benin-et-le-niger\/#primaryimage\"},\"thumbnailUrl\":\"https:\/\/www.leprojecteurguinee.com\/wp-content\/uploads\/2023\/08\/Konni_02.jpg\",\"datePublished\":\"2023-09-04T18:51:20+00:00\",\"dateModified\":\"2023-09-04T18:51:23+00:00\",\"author\":{\"@id\":\"https:\/\/www.leprojecteurguinee.com\/#\/schema\/person\/389671d1a3f0c66e6c91c4a765990c1b\"},\"breadcrumb\":{\"@id\":\"https:\/\/www.leprojecteurguinee.com\/index.php\/2023\/09\/04\/un-millier-de-camion-bloque-a-la-frontiere-entre-le-benin-et-le-niger\/#breadcrumb\"},\"inLanguage\":\"fr-FR\",\"potentialAction\":[{\"@type\":\"ReadAction\",\"target\":[\"https:\/\/www.leprojecteurguinee.com\/index.php\/2023\/09\/04\/un-millier-de-camion-bloque-a-la-frontiere-entre-le-benin-et-le-niger\/\"]}]},{\"@type\":\"ImageObject\",\"inLanguage\":\"fr-FR\",\"@id\":\"https:\/\/www.leprojecteurguinee.com\/index.php\/2023\/09\/04\/un-millier-de-camion-bloque-a-la-frontiere-entre-le-benin-et-le-niger\/#primaryimage\",\"url\":\"https:\/\/www.leprojecteurguinee.com\/wp-content\/uploads\/2023\/08\/Konni_02.jpg\",\"contentUrl\":\"https:\/\/www.leprojecteurguinee.com\/wp-content\/uploads\/2023\/08\/Konni_02.jpg\",\"width\":1200,\"height\":900},{\"@type\":\"BreadcrumbList\",\"@id\":\"https:\/\/www.leprojecteurguinee.com\/index.php\/2023\/09\/04\/un-millier-de-camion-bloque-a-la-frontiere-entre-le-benin-et-le-niger\/#breadcrumb\",\"itemListElement\":[{\"@type\":\"ListItem\",\"position\":1,\"name\":\"Accueil\",\"item\":\"https:\/\/www.leprojecteurguinee.com\/\"},{\"@type\":\"ListItem\",\"position\":2,\"name\":\"Un millier de camion bloqu\u00e9 \u00e0 la fronti\u00e8re entre le B\u00e9nin et le Niger\"}]},{\"@type\":\"WebSite\",\"@id\":\"https:\/\/www.leprojecteurguinee.com\/#website\",\"url\":\"https:\/\/www.leprojecteurguinee.com\/\",\"name\":\"leprojecteurguinee\",\"description\":\"Nous luttons contre les pratiques obscures\",\"potentialAction\":[{\"@type\":\"SearchAction\",\"target\":{\"@type\":\"EntryPoint\",\"urlTemplate\":\"https:\/\/www.leprojecteurguinee.com\/?s={search_term_string}\"},\"query-input\":{\"@type\":\"PropertyValueSpecification\",\"valueRequired\":true,\"valueName\":\"search_term_string\"}}],\"inLanguage\":\"fr-FR\"},{\"@type\":\"Person\",\"@id\":\"https:\/\/www.leprojecteurguinee.com\/#\/schema\/person\/389671d1a3f0c66e6c91c4a765990c1b\",\"name\":\"Leprojecteurguinee\",\"image\":{\"@type\":\"ImageObject\",\"inLanguage\":\"fr-FR\",\"@id\":\"https:\/\/www.leprojecteurguinee.com\/#\/schema\/person\/image\/\",\"url\":\"https:\/\/secure.gravatar.com\/avatar\/c0faa0f472c43eff99fecb0bd2a1c6782e80a162c9fcb7ed2d48bb42ea619f30?s=96&d=mm&r=g\",\"contentUrl\":\"https:\/\/secure.gravatar.com\/avatar\/c0faa0f472c43eff99fecb0bd2a1c6782e80a162c9fcb7ed2d48bb42ea619f30?s=96&d=mm&r=g\",\"caption\":\"Leprojecteurguinee\"},\"sameAs\":[\"https:\/\/www.leprojecteurguinee.com\"],\"url\":\"https:\/\/www.leprojecteurguinee.com\/index.php\/author\/madame\/\"}]}<\/script>\n<!-- \/ Yoast SEO plugin. -->","yoast_head_json":{"title":"Un millier de camion bloqu\u00e9 \u00e0 la fronti\u00e8re entre le B\u00e9nin et le Niger - leprojecteurguinee","robots":{"index":"index","follow":"follow","max-snippet":"max-snippet:-1","max-image-preview":"max-image-preview:large","max-video-preview":"max-video-preview:-1"},"canonical":"https:\/\/www.leprojecteurguinee.com\/index.php\/2023\/09\/04\/un-millier-de-camion-bloque-a-la-frontiere-entre-le-benin-et-le-niger\/","og_locale":"fr_FR","og_type":"article","og_title":"Un millier de camion bloqu\u00e9 \u00e0 la fronti\u00e8re entre le B\u00e9nin et le Niger - leprojecteurguinee","og_description":"Suite aux sanctions d\u00e9cid\u00e9es par la Cedeao apr\u00e8s le coup d\u2019Etat \u00e0 Niamey, 6&nbsp;000&nbsp;tonnes de marchandises du Programme alimentaire mondial sont retenues \u00e0 l\u2019ext\u00e9rieur du pays. Depuis le coup d\u2019Etat contre le pr\u00e9sident Mohamed Bazoum, le 26&nbsp;juillet, l\u2019espace a\u00e9rien a \u00e9t\u00e9 ferm\u00e9 par la junte nig\u00e9rienne le 6&nbsp;ao\u00fbt, pour ne rouvrir aux vols commerciaux que [&hellip;]","og_url":"https:\/\/www.leprojecteurguinee.com\/index.php\/2023\/09\/04\/un-millier-de-camion-bloque-a-la-frontiere-entre-le-benin-et-le-niger\/","og_site_name":"leprojecteurguinee","article_published_time":"2023-09-04T18:51:20+00:00","article_modified_time":"2023-09-04T18:51:23+00:00","og_image":[{"width":1200,"height":900,"url":"https:\/\/www.leprojecteurguinee.com\/wp-content\/uploads\/2023\/08\/Konni_02.jpg","type":"image\/jpeg"}],"author":"Leprojecteurguinee","twitter_card":"summary_large_image","twitter_misc":{"\u00c9crit par":"Leprojecteurguinee","Dur\u00e9e de lecture estim\u00e9e":"5 minutes"},"schema":{"@context":"https:\/\/schema.org","@graph":[{"@type":"Article","@id":"https:\/\/www.leprojecteurguinee.com\/index.php\/2023\/09\/04\/un-millier-de-camion-bloque-a-la-frontiere-entre-le-benin-et-le-niger\/#article","isPartOf":{"@id":"https:\/\/www.leprojecteurguinee.com\/index.php\/2023\/09\/04\/un-millier-de-camion-bloque-a-la-frontiere-entre-le-benin-et-le-niger\/"},"author":{"name":"Leprojecteurguinee","@id":"https:\/\/www.leprojecteurguinee.com\/#\/schema\/person\/389671d1a3f0c66e6c91c4a765990c1b"},"headline":"Un millier de camion bloqu\u00e9 \u00e0 la fronti\u00e8re entre le B\u00e9nin et le Niger","datePublished":"2023-09-04T18:51:20+00:00","dateModified":"2023-09-04T18:51:23+00:00","mainEntityOfPage":{"@id":"https:\/\/www.leprojecteurguinee.com\/index.php\/2023\/09\/04\/un-millier-de-camion-bloque-a-la-frontiere-entre-le-benin-et-le-niger\/"},"wordCount":981,"commentCount":0,"image":{"@id":"https:\/\/www.leprojecteurguinee.com\/index.php\/2023\/09\/04\/un-millier-de-camion-bloque-a-la-frontiere-entre-le-benin-et-le-niger\/#primaryimage"},"thumbnailUrl":"https:\/\/www.leprojecteurguinee.com\/wp-content\/uploads\/2023\/08\/Konni_02.jpg","keywords":["Bazoum","Benin","C\u00e9d\u00e9ao","Niger"],"articleSection":["Blog"],"inLanguage":"fr-FR","potentialAction":[{"@type":"CommentAction","name":"Comment","target":["https:\/\/www.leprojecteurguinee.com\/index.php\/2023\/09\/04\/un-millier-de-camion-bloque-a-la-frontiere-entre-le-benin-et-le-niger\/#respond"]}]},{"@type":"WebPage","@id":"https:\/\/www.leprojecteurguinee.com\/index.php\/2023\/09\/04\/un-millier-de-camion-bloque-a-la-frontiere-entre-le-benin-et-le-niger\/","url":"https:\/\/www.leprojecteurguinee.com\/index.php\/2023\/09\/04\/un-millier-de-camion-bloque-a-la-frontiere-entre-le-benin-et-le-niger\/","name":"Un millier de camion bloqu\u00e9 \u00e0 la fronti\u00e8re entre le B\u00e9nin et le Niger - leprojecteurguinee","isPartOf":{"@id":"https:\/\/www.leprojecteurguinee.com\/#website"},"primaryImageOfPage":{"@id":"https:\/\/www.leprojecteurguinee.com\/index.php\/2023\/09\/04\/un-millier-de-camion-bloque-a-la-frontiere-entre-le-benin-et-le-niger\/#primaryimage"},"image":{"@id":"https:\/\/www.leprojecteurguinee.com\/index.php\/2023\/09\/04\/un-millier-de-camion-bloque-a-la-frontiere-entre-le-benin-et-le-niger\/#primaryimage"},"thumbnailUrl":"https:\/\/www.leprojecteurguinee.com\/wp-content\/uploads\/2023\/08\/Konni_02.jpg","datePublished":"2023-09-04T18:51:20+00:00","dateModified":"2023-09-04T18:51:23+00:00","author":{"@id":"https:\/\/www.leprojecteurguinee.com\/#\/schema\/person\/389671d1a3f0c66e6c91c4a765990c1b"},"breadcrumb":{"@id":"https:\/\/www.leprojecteurguinee.com\/index.php\/2023\/09\/04\/un-millier-de-camion-bloque-a-la-frontiere-entre-le-benin-et-le-niger\/#breadcrumb"},"inLanguage":"fr-FR","potentialAction":[{"@type":"ReadAction","target":["https:\/\/www.leprojecteurguinee.com\/index.php\/2023\/09\/04\/un-millier-de-camion-bloque-a-la-frontiere-entre-le-benin-et-le-niger\/"]}]},{"@type":"ImageObject","inLanguage":"fr-FR","@id":"https:\/\/www.leprojecteurguinee.com\/index.php\/2023\/09\/04\/un-millier-de-camion-bloque-a-la-frontiere-entre-le-benin-et-le-niger\/#primaryimage","url":"https:\/\/www.leprojecteurguinee.com\/wp-content\/uploads\/2023\/08\/Konni_02.jpg","contentUrl":"https:\/\/www.leprojecteurguinee.com\/wp-content\/uploads\/2023\/08\/Konni_02.jpg","width":1200,"height":900},{"@type":"BreadcrumbList","@id":"https:\/\/www.leprojecteurguinee.com\/index.php\/2023\/09\/04\/un-millier-de-camion-bloque-a-la-frontiere-entre-le-benin-et-le-niger\/#breadcrumb","itemListElement":[{"@type":"ListItem","position":1,"name":"Accueil","item":"https:\/\/www.leprojecteurguinee.com\/"},{"@type":"ListItem","position":2,"name":"Un millier de camion bloqu\u00e9 \u00e0 la fronti\u00e8re entre le B\u00e9nin et le Niger"}]},{"@type":"WebSite","@id":"https:\/\/www.leprojecteurguinee.com\/#website","url":"https:\/\/www.leprojecteurguinee.com\/","name":"leprojecteurguinee","description":"Nous luttons contre les pratiques obscures","potentialAction":[{"@type":"SearchAction","target":{"@type":"EntryPoint","urlTemplate":"https:\/\/www.leprojecteurguinee.com\/?s={search_term_string}"},"query-input":{"@type":"PropertyValueSpecification","valueRequired":true,"valueName":"search_term_string"}}],"inLanguage":"fr-FR"},{"@type":"Person","@id":"https:\/\/www.leprojecteurguinee.com\/#\/schema\/person\/389671d1a3f0c66e6c91c4a765990c1b","name":"Leprojecteurguinee","image":{"@type":"ImageObject","inLanguage":"fr-FR","@id":"https:\/\/www.leprojecteurguinee.com\/#\/schema\/person\/image\/","url":"https:\/\/secure.gravatar.com\/avatar\/c0faa0f472c43eff99fecb0bd2a1c6782e80a162c9fcb7ed2d48bb42ea619f30?s=96&d=mm&r=g","contentUrl":"https:\/\/secure.gravatar.com\/avatar\/c0faa0f472c43eff99fecb0bd2a1c6782e80a162c9fcb7ed2d48bb42ea619f30?s=96&d=mm&r=g","caption":"Leprojecteurguinee"},"sameAs":["https:\/\/www.leprojecteurguinee.com"],"url":"https:\/\/www.leprojecteurguinee.com\/index.php\/author\/madame\/"}]}},"_links":{"self":[{"href":"https:\/\/www.leprojecteurguinee.com\/index.php\/wp-json\/wp\/v2\/posts\/950","targetHints":{"allow":["GET"]}}],"collection":[{"href":"https:\/\/www.leprojecteurguinee.com\/index.php\/wp-json\/wp\/v2\/posts"}],"about":[{"href":"https:\/\/www.leprojecteurguinee.com\/index.php\/wp-json\/wp\/v2\/types\/post"}],"author":[{"embeddable":true,"href":"https:\/\/www.leprojecteurguinee.com\/index.php\/wp-json\/wp\/v2\/users\/1"}],"replies":[{"embeddable":true,"href":"https:\/\/www.leprojecteurguinee.com\/index.php\/wp-json\/wp\/v2\/comments?post=950"}],"version-history":[{"count":0,"href":"https:\/\/www.leprojecteurguinee.com\/index.php\/wp-json\/wp\/v2\/posts\/950\/revisions"}],"wp:featuredmedia":[{"embeddable":true,"href":"https:\/\/www.leprojecteurguinee.com\/index.php\/wp-json\/wp\/v2\/media\/893"}],"wp:attachment":[{"href":"https:\/\/www.leprojecteurguinee.com\/index.php\/wp-json\/wp\/v2\/media?parent=950"}],"wp:term":[{"taxonomy":"category","embeddable":true,"href":"https:\/\/www.leprojecteurguinee.com\/index.php\/wp-json\/wp\/v2\/categories?post=950"},{"taxonomy":"post_tag","embeddable":true,"href":"https:\/\/www.leprojecteurguinee.com\/index.php\/wp-json\/wp\/v2\/tags?post=950"}],"curies":[{"name":"wp","href":"https:\/\/api.w.org\/{rel}","templated":true}]}}