{"id":938,"date":"2023-09-04T20:05:02","date_gmt":"2023-09-04T18:05:02","guid":{"rendered":"https:\/\/www.leprojecteurguinee.com\/?p=938"},"modified":"2023-09-04T20:05:05","modified_gmt":"2023-09-04T18:05:05","slug":"une-vingtaine-de-chefs-detat-africains-pour-un-sommet-sur-le-climat","status":"publish","type":"post","link":"https:\/\/www.leprojecteurguinee.com\/index.php\/2023\/09\/04\/une-vingtaine-de-chefs-detat-africains-pour-un-sommet-sur-le-climat\/","title":{"rendered":"Une vingtaine de chefs d\u2019Etat africains pour un sommet sur le climat"},"content":{"rendered":"\n<p>Ce 4 septembre 2023 s\u2019est ouvert \u00e0 Nairobi le premier sommet africain pour le climat. Pendant trois jours, des dirigeants d&rsquo;Afrique et d&rsquo;ailleurs sont r\u00e9unis pour \u00e9changer avec les acteurs de la soci\u00e9t\u00e9 civile ainsi que des entreprises publiques et priv\u00e9es, et des organisations internationales. En ouverture, le pr\u00e9sident k\u00e9nyan William Ruto a invit\u00e9 \u00e0 \u00ab&nbsp;<em>voir dans la croissance verte non seulement un imp\u00e9ratif climatique mais aussi une source de milliards de dollars d&rsquo;opportunit\u00e9s&nbsp;<\/em>\u00bb.<\/p>\n\n\n\n<p>Le premier sommet africain sur le climat s&rsquo;est ouvert et pour trois jours \u00e0 Nairobi, la capitale k\u00e9nyane, ce lundi 4 septembre 2023, sous l&rsquo;\u00e9gide de l&rsquo;Union africaine et du gouvernement du Kenya. Une vingtaine de chefs d&rsquo;\u00c9tat africains font le d\u00e9placement et ils s&rsquo;exprimeront pour la plupart ce mardi 5 septembre.<\/p>\n","protected":false},"excerpt":{"rendered":"<p>Ce 4 septembre 2023 s\u2019est ouvert \u00e0 Nairobi le premier sommet africain pour le climat. Pendant trois jours, des dirigeants d&rsquo;Afrique et d&rsquo;ailleurs sont r\u00e9unis pour \u00e9changer avec les acteurs de la soci\u00e9t\u00e9 civile ainsi que des entreprises publiques et priv\u00e9es, et des organisations internationales. En ouverture, le pr\u00e9sident k\u00e9nyan William Ruto a invit\u00e9 \u00e0 [&hellip;]<\/p>\n","protected":false},"author":1,"featured_media":939,"comment_status":"open","ping_status":"open","sticky":true,"template":"","format":"standard","meta":{"footnotes":""},"categories":[2],"tags":[248,247,249,250,246],"class_list":["post-938","post","type-post","status-publish","format-standard","has-post-thumbnail","hentry","category-environnement","tag-climat","tag-kenya","tag-nairobi","tag-onun","tag-william-ruto"],"yoast_head":"<!-- This site is optimized with the Yoast SEO plugin v26.8 - https:\/\/yoast.com\/product\/yoast-seo-wordpress\/ -->\n<title>Une vingtaine de chefs d\u2019Etat africains pour un sommet sur le climat - leprojecteurguinee<\/title>\n<meta name=\"robots\" content=\"index, follow, max-snippet:-1, max-image-preview:large, max-video-preview:-1\" \/>\n<link rel=\"canonical\" href=\"https:\/\/www.leprojecteurguinee.com\/index.php\/2023\/09\/04\/une-vingtaine-de-chefs-detat-africains-pour-un-sommet-sur-le-climat\/\" \/>\n<meta property=\"og:locale\" content=\"fr_FR\" \/>\n<meta property=\"og:type\" content=\"article\" \/>\n<meta property=\"og:title\" content=\"Une vingtaine de chefs d\u2019Etat africains pour un sommet sur le climat - leprojecteurguinee\" \/>\n<meta property=\"og:description\" content=\"Ce 4 septembre 2023 s\u2019est ouvert \u00e0 Nairobi le premier sommet africain pour le climat. Pendant trois jours, des dirigeants d&rsquo;Afrique et d&rsquo;ailleurs sont r\u00e9unis pour \u00e9changer avec les acteurs de la soci\u00e9t\u00e9 civile ainsi que des entreprises publiques et priv\u00e9es, et des organisations internationales. En ouverture, le pr\u00e9sident k\u00e9nyan William Ruto a invit\u00e9 \u00e0 [&hellip;]\" \/>\n<meta property=\"og:url\" content=\"https:\/\/www.leprojecteurguinee.com\/index.php\/2023\/09\/04\/une-vingtaine-de-chefs-detat-africains-pour-un-sommet-sur-le-climat\/\" \/>\n<meta property=\"og:site_name\" content=\"leprojecteurguinee\" \/>\n<meta property=\"article:published_time\" content=\"2023-09-04T18:05:02+00:00\" \/>\n<meta property=\"article:modified_time\" content=\"2023-09-04T18:05:05+00:00\" \/>\n<meta property=\"og:image\" content=\"https:\/\/www.leprojecteurguinee.com\/wp-content\/uploads\/2023\/09\/acs-2023-scaled-1256x628-1693807699.jpg\" \/>\n\t<meta property=\"og:image:width\" content=\"1256\" \/>\n\t<meta property=\"og:image:height\" content=\"628\" \/>\n\t<meta property=\"og:image:type\" content=\"image\/jpeg\" \/>\n<meta name=\"author\" content=\"Leprojecteurguinee\" \/>\n<meta name=\"twitter:card\" content=\"summary_large_image\" \/>\n<meta name=\"twitter:label1\" content=\"\u00c9crit par\" \/>\n\t<meta name=\"twitter:data1\" content=\"Leprojecteurguinee\" \/>\n\t<meta name=\"twitter:label2\" content=\"Dur\u00e9e de lecture estim\u00e9e\" \/>\n\t<meta name=\"twitter:data2\" content=\"1 minute\" \/>\n<script type=\"application\/ld+json\" class=\"yoast-schema-graph\">{\"@context\":\"https:\/\/schema.org\",\"@graph\":[{\"@type\":\"Article\",\"@id\":\"https:\/\/www.leprojecteurguinee.com\/index.php\/2023\/09\/04\/une-vingtaine-de-chefs-detat-africains-pour-un-sommet-sur-le-climat\/#article\",\"isPartOf\":{\"@id\":\"https:\/\/www.leprojecteurguinee.com\/index.php\/2023\/09\/04\/une-vingtaine-de-chefs-detat-africains-pour-un-sommet-sur-le-climat\/\"},\"author\":{\"name\":\"Leprojecteurguinee\",\"@id\":\"https:\/\/www.leprojecteurguinee.com\/#\/schema\/person\/389671d1a3f0c66e6c91c4a765990c1b\"},\"headline\":\"Une vingtaine de chefs d\u2019Etat africains pour un sommet sur le climat\",\"datePublished\":\"2023-09-04T18:05:02+00:00\",\"dateModified\":\"2023-09-04T18:05:05+00:00\",\"mainEntityOfPage\":{\"@id\":\"https:\/\/www.leprojecteurguinee.com\/index.php\/2023\/09\/04\/une-vingtaine-de-chefs-detat-africains-pour-un-sommet-sur-le-climat\/\"},\"wordCount\":151,\"commentCount\":0,\"image\":{\"@id\":\"https:\/\/www.leprojecteurguinee.com\/index.php\/2023\/09\/04\/une-vingtaine-de-chefs-detat-africains-pour-un-sommet-sur-le-climat\/#primaryimage\"},\"thumbnailUrl\":\"https:\/\/www.leprojecteurguinee.com\/wp-content\/uploads\/2023\/09\/acs-2023-scaled-1256x628-1693807699.jpg\",\"keywords\":[\"Climat\",\"Kenya\",\"Nairobi\",\"ONUn\",\"William Ruto\"],\"articleSection\":[\"Environnement\"],\"inLanguage\":\"fr-FR\",\"potentialAction\":[{\"@type\":\"CommentAction\",\"name\":\"Comment\",\"target\":[\"https:\/\/www.leprojecteurguinee.com\/index.php\/2023\/09\/04\/une-vingtaine-de-chefs-detat-africains-pour-un-sommet-sur-le-climat\/#respond\"]}]},{\"@type\":\"WebPage\",\"@id\":\"https:\/\/www.leprojecteurguinee.com\/index.php\/2023\/09\/04\/une-vingtaine-de-chefs-detat-africains-pour-un-sommet-sur-le-climat\/\",\"url\":\"https:\/\/www.leprojecteurguinee.com\/index.php\/2023\/09\/04\/une-vingtaine-de-chefs-detat-africains-pour-un-sommet-sur-le-climat\/\",\"name\":\"Une vingtaine de chefs d\u2019Etat africains pour un sommet sur le climat - leprojecteurguinee\",\"isPartOf\":{\"@id\":\"https:\/\/www.leprojecteurguinee.com\/#website\"},\"primaryImageOfPage\":{\"@id\":\"https:\/\/www.leprojecteurguinee.com\/index.php\/2023\/09\/04\/une-vingtaine-de-chefs-detat-africains-pour-un-sommet-sur-le-climat\/#primaryimage\"},\"image\":{\"@id\":\"https:\/\/www.leprojecteurguinee.com\/index.php\/2023\/09\/04\/une-vingtaine-de-chefs-detat-africains-pour-un-sommet-sur-le-climat\/#primaryimage\"},\"thumbnailUrl\":\"https:\/\/www.leprojecteurguinee.com\/wp-content\/uploads\/2023\/09\/acs-2023-scaled-1256x628-1693807699.jpg\",\"datePublished\":\"2023-09-04T18:05:02+00:00\",\"dateModified\":\"2023-09-04T18:05:05+00:00\",\"author\":{\"@id\":\"https:\/\/www.leprojecteurguinee.com\/#\/schema\/person\/389671d1a3f0c66e6c91c4a765990c1b\"},\"breadcrumb\":{\"@id\":\"https:\/\/www.leprojecteurguinee.com\/index.php\/2023\/09\/04\/une-vingtaine-de-chefs-detat-africains-pour-un-sommet-sur-le-climat\/#breadcrumb\"},\"inLanguage\":\"fr-FR\",\"potentialAction\":[{\"@type\":\"ReadAction\",\"target\":[\"https:\/\/www.leprojecteurguinee.com\/index.php\/2023\/09\/04\/une-vingtaine-de-chefs-detat-africains-pour-un-sommet-sur-le-climat\/\"]}]},{\"@type\":\"ImageObject\",\"inLanguage\":\"fr-FR\",\"@id\":\"https:\/\/www.leprojecteurguinee.com\/index.php\/2023\/09\/04\/une-vingtaine-de-chefs-detat-africains-pour-un-sommet-sur-le-climat\/#primaryimage\",\"url\":\"https:\/\/www.leprojecteurguinee.com\/wp-content\/uploads\/2023\/09\/acs-2023-scaled-1256x628-1693807699.jpg\",\"contentUrl\":\"https:\/\/www.leprojecteurguinee.com\/wp-content\/uploads\/2023\/09\/acs-2023-scaled-1256x628-1693807699.jpg\",\"width\":1256,\"height\":628},{\"@type\":\"BreadcrumbList\",\"@id\":\"https:\/\/www.leprojecteurguinee.com\/index.php\/2023\/09\/04\/une-vingtaine-de-chefs-detat-africains-pour-un-sommet-sur-le-climat\/#breadcrumb\",\"itemListElement\":[{\"@type\":\"ListItem\",\"position\":1,\"name\":\"Accueil\",\"item\":\"https:\/\/www.leprojecteurguinee.com\/\"},{\"@type\":\"ListItem\",\"position\":2,\"name\":\"Une vingtaine de chefs d\u2019Etat africains pour un sommet sur le climat\"}]},{\"@type\":\"WebSite\",\"@id\":\"https:\/\/www.leprojecteurguinee.com\/#website\",\"url\":\"https:\/\/www.leprojecteurguinee.com\/\",\"name\":\"leprojecteurguinee\",\"description\":\"Nous luttons contre les pratiques obscures\",\"potentialAction\":[{\"@type\":\"SearchAction\",\"target\":{\"@type\":\"EntryPoint\",\"urlTemplate\":\"https:\/\/www.leprojecteurguinee.com\/?s={search_term_string}\"},\"query-input\":{\"@type\":\"PropertyValueSpecification\",\"valueRequired\":true,\"valueName\":\"search_term_string\"}}],\"inLanguage\":\"fr-FR\"},{\"@type\":\"Person\",\"@id\":\"https:\/\/www.leprojecteurguinee.com\/#\/schema\/person\/389671d1a3f0c66e6c91c4a765990c1b\",\"name\":\"Leprojecteurguinee\",\"image\":{\"@type\":\"ImageObject\",\"inLanguage\":\"fr-FR\",\"@id\":\"https:\/\/www.leprojecteurguinee.com\/#\/schema\/person\/image\/\",\"url\":\"https:\/\/secure.gravatar.com\/avatar\/c0faa0f472c43eff99fecb0bd2a1c6782e80a162c9fcb7ed2d48bb42ea619f30?s=96&d=mm&r=g\",\"contentUrl\":\"https:\/\/secure.gravatar.com\/avatar\/c0faa0f472c43eff99fecb0bd2a1c6782e80a162c9fcb7ed2d48bb42ea619f30?s=96&d=mm&r=g\",\"caption\":\"Leprojecteurguinee\"},\"sameAs\":[\"https:\/\/www.leprojecteurguinee.com\"],\"url\":\"https:\/\/www.leprojecteurguinee.com\/index.php\/author\/madame\/\"}]}<\/script>\n<!-- \/ Yoast SEO plugin. -->","yoast_head_json":{"title":"Une vingtaine de chefs d\u2019Etat africains pour un sommet sur le climat - leprojecteurguinee","robots":{"index":"index","follow":"follow","max-snippet":"max-snippet:-1","max-image-preview":"max-image-preview:large","max-video-preview":"max-video-preview:-1"},"canonical":"https:\/\/www.leprojecteurguinee.com\/index.php\/2023\/09\/04\/une-vingtaine-de-chefs-detat-africains-pour-un-sommet-sur-le-climat\/","og_locale":"fr_FR","og_type":"article","og_title":"Une vingtaine de chefs d\u2019Etat africains pour un sommet sur le climat - leprojecteurguinee","og_description":"Ce 4 septembre 2023 s\u2019est ouvert \u00e0 Nairobi le premier sommet africain pour le climat. Pendant trois jours, des dirigeants d&rsquo;Afrique et d&rsquo;ailleurs sont r\u00e9unis pour \u00e9changer avec les acteurs de la soci\u00e9t\u00e9 civile ainsi que des entreprises publiques et priv\u00e9es, et des organisations internationales. En ouverture, le pr\u00e9sident k\u00e9nyan William Ruto a invit\u00e9 \u00e0 [&hellip;]","og_url":"https:\/\/www.leprojecteurguinee.com\/index.php\/2023\/09\/04\/une-vingtaine-de-chefs-detat-africains-pour-un-sommet-sur-le-climat\/","og_site_name":"leprojecteurguinee","article_published_time":"2023-09-04T18:05:02+00:00","article_modified_time":"2023-09-04T18:05:05+00:00","og_image":[{"width":1256,"height":628,"url":"https:\/\/www.leprojecteurguinee.com\/wp-content\/uploads\/2023\/09\/acs-2023-scaled-1256x628-1693807699.jpg","type":"image\/jpeg"}],"author":"Leprojecteurguinee","twitter_card":"summary_large_image","twitter_misc":{"\u00c9crit par":"Leprojecteurguinee","Dur\u00e9e de lecture estim\u00e9e":"1 minute"},"schema":{"@context":"https:\/\/schema.org","@graph":[{"@type":"Article","@id":"https:\/\/www.leprojecteurguinee.com\/index.php\/2023\/09\/04\/une-vingtaine-de-chefs-detat-africains-pour-un-sommet-sur-le-climat\/#article","isPartOf":{"@id":"https:\/\/www.leprojecteurguinee.com\/index.php\/2023\/09\/04\/une-vingtaine-de-chefs-detat-africains-pour-un-sommet-sur-le-climat\/"},"author":{"name":"Leprojecteurguinee","@id":"https:\/\/www.leprojecteurguinee.com\/#\/schema\/person\/389671d1a3f0c66e6c91c4a765990c1b"},"headline":"Une vingtaine de chefs d\u2019Etat africains pour un sommet sur le climat","datePublished":"2023-09-04T18:05:02+00:00","dateModified":"2023-09-04T18:05:05+00:00","mainEntityOfPage":{"@id":"https:\/\/www.leprojecteurguinee.com\/index.php\/2023\/09\/04\/une-vingtaine-de-chefs-detat-africains-pour-un-sommet-sur-le-climat\/"},"wordCount":151,"commentCount":0,"image":{"@id":"https:\/\/www.leprojecteurguinee.com\/index.php\/2023\/09\/04\/une-vingtaine-de-chefs-detat-africains-pour-un-sommet-sur-le-climat\/#primaryimage"},"thumbnailUrl":"https:\/\/www.leprojecteurguinee.com\/wp-content\/uploads\/2023\/09\/acs-2023-scaled-1256x628-1693807699.jpg","keywords":["Climat","Kenya","Nairobi","ONUn","William Ruto"],"articleSection":["Environnement"],"inLanguage":"fr-FR","potentialAction":[{"@type":"CommentAction","name":"Comment","target":["https:\/\/www.leprojecteurguinee.com\/index.php\/2023\/09\/04\/une-vingtaine-de-chefs-detat-africains-pour-un-sommet-sur-le-climat\/#respond"]}]},{"@type":"WebPage","@id":"https:\/\/www.leprojecteurguinee.com\/index.php\/2023\/09\/04\/une-vingtaine-de-chefs-detat-africains-pour-un-sommet-sur-le-climat\/","url":"https:\/\/www.leprojecteurguinee.com\/index.php\/2023\/09\/04\/une-vingtaine-de-chefs-detat-africains-pour-un-sommet-sur-le-climat\/","name":"Une vingtaine de chefs d\u2019Etat africains pour un sommet sur le climat - leprojecteurguinee","isPartOf":{"@id":"https:\/\/www.leprojecteurguinee.com\/#website"},"primaryImageOfPage":{"@id":"https:\/\/www.leprojecteurguinee.com\/index.php\/2023\/09\/04\/une-vingtaine-de-chefs-detat-africains-pour-un-sommet-sur-le-climat\/#primaryimage"},"image":{"@id":"https:\/\/www.leprojecteurguinee.com\/index.php\/2023\/09\/04\/une-vingtaine-de-chefs-detat-africains-pour-un-sommet-sur-le-climat\/#primaryimage"},"thumbnailUrl":"https:\/\/www.leprojecteurguinee.com\/wp-content\/uploads\/2023\/09\/acs-2023-scaled-1256x628-1693807699.jpg","datePublished":"2023-09-04T18:05:02+00:00","dateModified":"2023-09-04T18:05:05+00:00","author":{"@id":"https:\/\/www.leprojecteurguinee.com\/#\/schema\/person\/389671d1a3f0c66e6c91c4a765990c1b"},"breadcrumb":{"@id":"https:\/\/www.leprojecteurguinee.com\/index.php\/2023\/09\/04\/une-vingtaine-de-chefs-detat-africains-pour-un-sommet-sur-le-climat\/#breadcrumb"},"inLanguage":"fr-FR","potentialAction":[{"@type":"ReadAction","target":["https:\/\/www.leprojecteurguinee.com\/index.php\/2023\/09\/04\/une-vingtaine-de-chefs-detat-africains-pour-un-sommet-sur-le-climat\/"]}]},{"@type":"ImageObject","inLanguage":"fr-FR","@id":"https:\/\/www.leprojecteurguinee.com\/index.php\/2023\/09\/04\/une-vingtaine-de-chefs-detat-africains-pour-un-sommet-sur-le-climat\/#primaryimage","url":"https:\/\/www.leprojecteurguinee.com\/wp-content\/uploads\/2023\/09\/acs-2023-scaled-1256x628-1693807699.jpg","contentUrl":"https:\/\/www.leprojecteurguinee.com\/wp-content\/uploads\/2023\/09\/acs-2023-scaled-1256x628-1693807699.jpg","width":1256,"height":628},{"@type":"BreadcrumbList","@id":"https:\/\/www.leprojecteurguinee.com\/index.php\/2023\/09\/04\/une-vingtaine-de-chefs-detat-africains-pour-un-sommet-sur-le-climat\/#breadcrumb","itemListElement":[{"@type":"ListItem","position":1,"name":"Accueil","item":"https:\/\/www.leprojecteurguinee.com\/"},{"@type":"ListItem","position":2,"name":"Une vingtaine de chefs d\u2019Etat africains pour un sommet sur le climat"}]},{"@type":"WebSite","@id":"https:\/\/www.leprojecteurguinee.com\/#website","url":"https:\/\/www.leprojecteurguinee.com\/","name":"leprojecteurguinee","description":"Nous luttons contre les pratiques obscures","potentialAction":[{"@type":"SearchAction","target":{"@type":"EntryPoint","urlTemplate":"https:\/\/www.leprojecteurguinee.com\/?s={search_term_string}"},"query-input":{"@type":"PropertyValueSpecification","valueRequired":true,"valueName":"search_term_string"}}],"inLanguage":"fr-FR"},{"@type":"Person","@id":"https:\/\/www.leprojecteurguinee.com\/#\/schema\/person\/389671d1a3f0c66e6c91c4a765990c1b","name":"Leprojecteurguinee","image":{"@type":"ImageObject","inLanguage":"fr-FR","@id":"https:\/\/www.leprojecteurguinee.com\/#\/schema\/person\/image\/","url":"https:\/\/secure.gravatar.com\/avatar\/c0faa0f472c43eff99fecb0bd2a1c6782e80a162c9fcb7ed2d48bb42ea619f30?s=96&d=mm&r=g","contentUrl":"https:\/\/secure.gravatar.com\/avatar\/c0faa0f472c43eff99fecb0bd2a1c6782e80a162c9fcb7ed2d48bb42ea619f30?s=96&d=mm&r=g","caption":"Leprojecteurguinee"},"sameAs":["https:\/\/www.leprojecteurguinee.com"],"url":"https:\/\/www.leprojecteurguinee.com\/index.php\/author\/madame\/"}]}},"_links":{"self":[{"href":"https:\/\/www.leprojecteurguinee.com\/index.php\/wp-json\/wp\/v2\/posts\/938","targetHints":{"allow":["GET"]}}],"collection":[{"href":"https:\/\/www.leprojecteurguinee.com\/index.php\/wp-json\/wp\/v2\/posts"}],"about":[{"href":"https:\/\/www.leprojecteurguinee.com\/index.php\/wp-json\/wp\/v2\/types\/post"}],"author":[{"embeddable":true,"href":"https:\/\/www.leprojecteurguinee.com\/index.php\/wp-json\/wp\/v2\/users\/1"}],"replies":[{"embeddable":true,"href":"https:\/\/www.leprojecteurguinee.com\/index.php\/wp-json\/wp\/v2\/comments?post=938"}],"version-history":[{"count":0,"href":"https:\/\/www.leprojecteurguinee.com\/index.php\/wp-json\/wp\/v2\/posts\/938\/revisions"}],"wp:featuredmedia":[{"embeddable":true,"href":"https:\/\/www.leprojecteurguinee.com\/index.php\/wp-json\/wp\/v2\/media\/939"}],"wp:attachment":[{"href":"https:\/\/www.leprojecteurguinee.com\/index.php\/wp-json\/wp\/v2\/media?parent=938"}],"wp:term":[{"taxonomy":"category","embeddable":true,"href":"https:\/\/www.leprojecteurguinee.com\/index.php\/wp-json\/wp\/v2\/categories?post=938"},{"taxonomy":"post_tag","embeddable":true,"href":"https:\/\/www.leprojecteurguinee.com\/index.php\/wp-json\/wp\/v2\/tags?post=938"}],"curies":[{"name":"wp","href":"https:\/\/api.w.org\/{rel}","templated":true}]}}