{"id":92,"date":"2024-03-12T00:38:42","date_gmt":"2024-03-12T00:38:42","guid":{"rendered":"https:\/\/www.leprojecteurguinee.com\/?p=92"},"modified":"2024-03-12T00:38:42","modified_gmt":"2024-03-12T00:38:42","slug":"guinee-rsf-appelle-le-nouveau-gouvernement-a-retablir-lacces-aux-medias-censures-2","status":"publish","type":"post","link":"https:\/\/www.leprojecteurguinee.com\/index.php\/2024\/03\/12\/guinee-rsf-appelle-le-nouveau-gouvernement-a-retablir-lacces-aux-medias-censures-2\/","title":{"rendered":"Guin\u00e9e: RSF appelle le nouveau gouvernement \u00e0 r\u00e9tablir l\u2019acc\u00e8s aux m\u00e9dias censur\u00e9s"},"content":{"rendered":"\n<figure class=\"wp-block-image size-full\"><img decoding=\"async\" src=\"https:\/\/www.leprojecteurguinee.com\/wp-content\/uploads\/2024\/03\/CPGUINEE2-Medias-brouilles-1-1.webp\" alt=\"\" class=\"wp-image-93\"\/><\/figure>\n\n\n\n<p><strong>Alors que le nouveau premier ministre Amadou Oury Bah a entam\u00e9 un dialogue avec les professionnels des m\u00e9dias, Reporters sans fronti\u00e8res (RSF) appelle le nouveau gouvernement guin\u00e9en \u00e0 garantir la libert\u00e9 de la presse, en r\u00e9tablissant l\u2019acc\u00e8s aux m\u00e9dias brouill\u00e9s et inaccessibles dans le pays depuis plus de trois mois.<\/strong><\/p>\n\n\n\n<p>Un vent d\u2019espoir pourrait souffler sur les m\u00e9dias en Guin\u00e9e. Le 6 mars, le nouveau Premier ministre, Amadou Oury Bah, a&nbsp;<a href=\"https:\/\/ledjely.com\/2024\/03\/07\/musellement-de-la-presse-le-premier-ministre-rencontre-les-hommes-de-medias-pour-une-sortie-de-crise\/\" target=\"_blank\" rel=\"noreferrer noopener\">rencontr\u00e9<\/a>&nbsp;des repr\u00e9sentants des associations de presse et plusieurs patrons de m\u00e9dias \u2013 dont ceux victimes de restrictions et de&nbsp;<a href=\"https:\/\/rsf.org\/fr\/radios-ind%C3%A9pendantes-et-r%C3%A9seaux-sociaux-inaccessibles-la-libert%C3%A9-de-la-presse-mise-%C3%A0-mal-en-guin%C3%A9e\">brouillages<\/a>&nbsp;\u2013 afin de d\u00e9velopper des solutions pour&nbsp;<em>\u201csortir de la crise\u201d<\/em>&nbsp;qui dure depuis plus de trois mois.<\/p>\n\n\n\n<p>Amadou Oury Bah a \u00e9voqu\u00e9 la mise en place d\u2019une commission de travail et s\u2019est notamment engag\u00e9 \u00e0 rassembler&nbsp;<em>\u201cles acteurs impliqu\u00e9s en vue de trouver une solution idoine\u201d<\/em>. S\u2019il a aussi appel\u00e9 \u00e0 plus de \u201cresponsabilit\u00e9\u201d des m\u00e9dias dans leur traitement de l\u2019information, RSF rappelle que les autorit\u00e9s, avec la Haute autorit\u00e9 de r\u00e9gulation (HAC) ont jusque-l\u00e0 \u00e9t\u00e9 \u00e0 la man\u0153uvre de r\u00e9pressions arbitraires et injustifi\u00e9es, et exhorte le nouveau gouvernement \u00e0 des mesures fortes sans tarder.<\/p>\n\n\n\n<p><em>Cette rencontre avec la presse constitue un signal positif et doit \u00eatre suivie d\u2019effets. Le nouveau gouvernement doit \u00e0 pr\u00e9sent s\u2019engager \u00e0 garantir la libert\u00e9 de la presse, notamment en r\u00e9tablissant sans plus attendre les m\u00e9dias restreints sur le territoire depuis plus de trois mois. Alors que les quatre radios brouill\u00e9es et les trois cha\u00eenes de t\u00e9l\u00e9vision retir\u00e9es de plusieurs bouquets t\u00e9l\u00e9visuels subissent des dommages \u00e9conomiques sans pr\u00e9c\u00e9dent, ces m\u00e9dias doivent pouvoir reprendre leurs activit\u00e9s afin de garantir le droit d\u2019acc\u00e8s \u00e0 une information plurielle en Guin\u00e9e.<\/em><\/p>\n\n\n\n<p>Sadibou Marong<\/p>\n\n\n\n<p>Directeur du bureau Afrique subsaharienne de RSF<\/p>\n\n\n\n<p>Le jour de la rencontre, la direction g\u00e9n\u00e9rale du groupe Hadafo M\u00e9dias, qui comprend entre autres la radio&nbsp;<em>Espace FM<\/em>&nbsp;et la cha\u00eene de t\u00e9l\u00e9vision<em>&nbsp;Espace TV<\/em>&nbsp;\u2013 qui subissent des restrictions de diffusion depuis fin novembre et mi-d\u00e9cembre, respectivement \u2013 a publi\u00e9 un&nbsp;<a href=\"https:\/\/lerevelateur224.com\/2024\/03\/06\/guinee-le-groupe-hadafo-medias-envoie-plus-de-70-de-ses-employes-en-chomage-technique\/\" target=\"_blank\" rel=\"noreferrer noopener\">communiqu\u00e9<\/a>&nbsp;annon\u00e7ant la mise au ch\u00f4mage technique de 70&nbsp;% de son personnel pour une dur\u00e9e de trois mois. Il y souligne qu\u2019en 17 ans d\u2019existence, le groupe n\u2019avait jamais&nbsp;<em>\u201ceu \u00e0 prendre une d\u00e9cision d\u2019une telle ampleur\u201d<\/em>, qui est une<em>&nbsp;\u201ccons\u00e9quence directe des restrictions impos\u00e9es sur nos m\u00e9dias par les autorit\u00e9s de la transition depuis plusieurs mois\u201d<\/em>.<\/p>\n\n\n\n<p>Les signaux des radios priv\u00e9es&nbsp;<em>FIM FM<\/em>,&nbsp;<em>Espace FM<\/em>,&nbsp;<em>Djoma FM<\/em>&nbsp;et&nbsp;<em>\u00c9vasion<\/em>&nbsp;sont brouill\u00e9s sans explication depuis fin novembre, et les cha\u00eenes de t\u00e9l\u00e9vision&nbsp;<em>Espace TV<\/em>&nbsp;,&nbsp;<em>Djoma TV<\/em>&nbsp;et&nbsp;<em>\u00c9vasion TV<\/em>&nbsp;sont indisponibles depuis d\u00e9cembre sur les bouquets Canal+ et StarTimes sur demande de la HAC. Ces m\u00e9dias sont \u00e9conomiquement tr\u00e8s affaiblis et fonctionnent \u00e0 temps partiel via les r\u00e9seaux sociaux. Ils continuent leurs activit\u00e9s, mais ont fait le choix de ne plus diffuser certaines \u00e9missions, faute de moyens. La radio<em>&nbsp;FIM FM<\/em>&nbsp;a d\u00fb mettre tous ses journalistes en ch\u00f4mage technique. Le directeur adjoint des programmes du groupe Fr\u00e9quence Info M\u00e9dias (FIM) auquel appartient la radio, \u00e9galement chroniqueur de l\u2019\u00e9mission \u201cMirador\u201d,<strong>Ibrahima Lincoln Soumah<\/strong>, indique \u00e0 RSF :&nbsp;<em>\u201cM\u00eame lorsqu\u2019on souhaitait diffuser nos \u00e9missions sur les r\u00e9seaux sociaux, on nous \u00f4tait la connexion\u201d<\/em>.<\/p>\n\n\n\n<p><strong>RSF<\/strong><\/p>\n","protected":false},"excerpt":{"rendered":"<p>Alors que le nouveau premier ministre Amadou Oury Bah a entam\u00e9 un dialogue avec les professionnels des m\u00e9dias, Reporters sans fronti\u00e8res (RSF) appelle le nouveau gouvernement guin\u00e9en \u00e0 garantir la libert\u00e9 de la presse, en r\u00e9tablissant l\u2019acc\u00e8s aux m\u00e9dias brouill\u00e9s et inaccessibles dans le pays depuis plus de trois mois. Un vent d\u2019espoir pourrait souffler [&hellip;]<\/p>\n","protected":false},"author":1,"featured_media":0,"comment_status":"open","ping_status":"open","sticky":false,"template":"","format":"standard","meta":{"footnotes":""},"categories":[1],"tags":[],"class_list":["post-92","post","type-post","status-publish","format-standard","hentry","category-blog"],"yoast_head":"<!-- This site is optimized with the Yoast SEO plugin v26.8 - https:\/\/yoast.com\/product\/yoast-seo-wordpress\/ -->\n<title>Guin\u00e9e: RSF appelle le nouveau gouvernement \u00e0 r\u00e9tablir l\u2019acc\u00e8s aux m\u00e9dias censur\u00e9s - leprojecteurguinee<\/title>\n<meta name=\"robots\" content=\"index, follow, max-snippet:-1, max-image-preview:large, max-video-preview:-1\" \/>\n<link rel=\"canonical\" href=\"https:\/\/www.leprojecteurguinee.com\/index.php\/2024\/03\/12\/guinee-rsf-appelle-le-nouveau-gouvernement-a-retablir-lacces-aux-medias-censures-2\/\" \/>\n<meta property=\"og:locale\" content=\"fr_FR\" \/>\n<meta property=\"og:type\" content=\"article\" \/>\n<meta property=\"og:title\" content=\"Guin\u00e9e: RSF appelle le nouveau gouvernement \u00e0 r\u00e9tablir l\u2019acc\u00e8s aux m\u00e9dias censur\u00e9s - leprojecteurguinee\" \/>\n<meta property=\"og:description\" content=\"Alors que le nouveau premier ministre Amadou Oury Bah a entam\u00e9 un dialogue avec les professionnels des m\u00e9dias, Reporters sans fronti\u00e8res (RSF) appelle le nouveau gouvernement guin\u00e9en \u00e0 garantir la libert\u00e9 de la presse, en r\u00e9tablissant l\u2019acc\u00e8s aux m\u00e9dias brouill\u00e9s et inaccessibles dans le pays depuis plus de trois mois. Un vent d\u2019espoir pourrait souffler [&hellip;]\" \/>\n<meta property=\"og:url\" content=\"https:\/\/www.leprojecteurguinee.com\/index.php\/2024\/03\/12\/guinee-rsf-appelle-le-nouveau-gouvernement-a-retablir-lacces-aux-medias-censures-2\/\" \/>\n<meta property=\"og:site_name\" content=\"leprojecteurguinee\" \/>\n<meta property=\"article:published_time\" content=\"2024-03-12T00:38:42+00:00\" \/>\n<meta property=\"og:image\" content=\"https:\/\/www.leprojecteurguinee.com\/wp-content\/uploads\/2024\/03\/CPGUINEE2-Medias-brouilles.webp\" \/>\n<meta name=\"author\" content=\"Leprojecteurguinee\" \/>\n<meta name=\"twitter:card\" content=\"summary_large_image\" \/>\n<meta name=\"twitter:label1\" content=\"\u00c9crit par\" \/>\n\t<meta name=\"twitter:data1\" content=\"Leprojecteurguinee\" \/>\n\t<meta name=\"twitter:label2\" content=\"Dur\u00e9e de lecture estim\u00e9e\" \/>\n\t<meta name=\"twitter:data2\" content=\"3 minutes\" \/>\n<script type=\"application\/ld+json\" class=\"yoast-schema-graph\">{\"@context\":\"https:\/\/schema.org\",\"@graph\":[{\"@type\":\"Article\",\"@id\":\"https:\/\/www.leprojecteurguinee.com\/index.php\/2024\/03\/12\/guinee-rsf-appelle-le-nouveau-gouvernement-a-retablir-lacces-aux-medias-censures-2\/#article\",\"isPartOf\":{\"@id\":\"https:\/\/www.leprojecteurguinee.com\/index.php\/2024\/03\/12\/guinee-rsf-appelle-le-nouveau-gouvernement-a-retablir-lacces-aux-medias-censures-2\/\"},\"author\":{\"name\":\"Leprojecteurguinee\",\"@id\":\"https:\/\/www.leprojecteurguinee.com\/#\/schema\/person\/389671d1a3f0c66e6c91c4a765990c1b\"},\"headline\":\"Guin\u00e9e: RSF appelle le nouveau gouvernement \u00e0 r\u00e9tablir l\u2019acc\u00e8s aux m\u00e9dias censur\u00e9s\",\"datePublished\":\"2024-03-12T00:38:42+00:00\",\"mainEntityOfPage\":{\"@id\":\"https:\/\/www.leprojecteurguinee.com\/index.php\/2024\/03\/12\/guinee-rsf-appelle-le-nouveau-gouvernement-a-retablir-lacces-aux-medias-censures-2\/\"},\"wordCount\":630,\"commentCount\":0,\"image\":{\"@id\":\"https:\/\/www.leprojecteurguinee.com\/index.php\/2024\/03\/12\/guinee-rsf-appelle-le-nouveau-gouvernement-a-retablir-lacces-aux-medias-censures-2\/#primaryimage\"},\"thumbnailUrl\":\"https:\/\/www.leprojecteurguinee.com\/wp-content\/uploads\/2024\/03\/CPGUINEE2-Medias-brouilles-1-1.webp\",\"articleSection\":[\"Blog\"],\"inLanguage\":\"fr-FR\",\"potentialAction\":[{\"@type\":\"CommentAction\",\"name\":\"Comment\",\"target\":[\"https:\/\/www.leprojecteurguinee.com\/index.php\/2024\/03\/12\/guinee-rsf-appelle-le-nouveau-gouvernement-a-retablir-lacces-aux-medias-censures-2\/#respond\"]}]},{\"@type\":\"WebPage\",\"@id\":\"https:\/\/www.leprojecteurguinee.com\/index.php\/2024\/03\/12\/guinee-rsf-appelle-le-nouveau-gouvernement-a-retablir-lacces-aux-medias-censures-2\/\",\"url\":\"https:\/\/www.leprojecteurguinee.com\/index.php\/2024\/03\/12\/guinee-rsf-appelle-le-nouveau-gouvernement-a-retablir-lacces-aux-medias-censures-2\/\",\"name\":\"Guin\u00e9e: RSF appelle le nouveau gouvernement \u00e0 r\u00e9tablir l\u2019acc\u00e8s aux m\u00e9dias censur\u00e9s - leprojecteurguinee\",\"isPartOf\":{\"@id\":\"https:\/\/www.leprojecteurguinee.com\/#website\"},\"primaryImageOfPage\":{\"@id\":\"https:\/\/www.leprojecteurguinee.com\/index.php\/2024\/03\/12\/guinee-rsf-appelle-le-nouveau-gouvernement-a-retablir-lacces-aux-medias-censures-2\/#primaryimage\"},\"image\":{\"@id\":\"https:\/\/www.leprojecteurguinee.com\/index.php\/2024\/03\/12\/guinee-rsf-appelle-le-nouveau-gouvernement-a-retablir-lacces-aux-medias-censures-2\/#primaryimage\"},\"thumbnailUrl\":\"https:\/\/www.leprojecteurguinee.com\/wp-content\/uploads\/2024\/03\/CPGUINEE2-Medias-brouilles-1-1.webp\",\"datePublished\":\"2024-03-12T00:38:42+00:00\",\"author\":{\"@id\":\"https:\/\/www.leprojecteurguinee.com\/#\/schema\/person\/389671d1a3f0c66e6c91c4a765990c1b\"},\"breadcrumb\":{\"@id\":\"https:\/\/www.leprojecteurguinee.com\/index.php\/2024\/03\/12\/guinee-rsf-appelle-le-nouveau-gouvernement-a-retablir-lacces-aux-medias-censures-2\/#breadcrumb\"},\"inLanguage\":\"fr-FR\",\"potentialAction\":[{\"@type\":\"ReadAction\",\"target\":[\"https:\/\/www.leprojecteurguinee.com\/index.php\/2024\/03\/12\/guinee-rsf-appelle-le-nouveau-gouvernement-a-retablir-lacces-aux-medias-censures-2\/\"]}]},{\"@type\":\"ImageObject\",\"inLanguage\":\"fr-FR\",\"@id\":\"https:\/\/www.leprojecteurguinee.com\/index.php\/2024\/03\/12\/guinee-rsf-appelle-le-nouveau-gouvernement-a-retablir-lacces-aux-medias-censures-2\/#primaryimage\",\"url\":\"https:\/\/www.leprojecteurguinee.com\/wp-content\/uploads\/2024\/03\/CPGUINEE2-Medias-brouilles-1-1.webp\",\"contentUrl\":\"https:\/\/www.leprojecteurguinee.com\/wp-content\/uploads\/2024\/03\/CPGUINEE2-Medias-brouilles-1-1.webp\"},{\"@type\":\"BreadcrumbList\",\"@id\":\"https:\/\/www.leprojecteurguinee.com\/index.php\/2024\/03\/12\/guinee-rsf-appelle-le-nouveau-gouvernement-a-retablir-lacces-aux-medias-censures-2\/#breadcrumb\",\"itemListElement\":[{\"@type\":\"ListItem\",\"position\":1,\"name\":\"Accueil\",\"item\":\"https:\/\/www.leprojecteurguinee.com\/\"},{\"@type\":\"ListItem\",\"position\":2,\"name\":\"Guin\u00e9e: RSF appelle le nouveau gouvernement \u00e0 r\u00e9tablir l\u2019acc\u00e8s aux m\u00e9dias censur\u00e9s\"}]},{\"@type\":\"WebSite\",\"@id\":\"https:\/\/www.leprojecteurguinee.com\/#website\",\"url\":\"https:\/\/www.leprojecteurguinee.com\/\",\"name\":\"leprojecteurguinee\",\"description\":\"Nous luttons contre les pratiques obscures\",\"potentialAction\":[{\"@type\":\"SearchAction\",\"target\":{\"@type\":\"EntryPoint\",\"urlTemplate\":\"https:\/\/www.leprojecteurguinee.com\/?s={search_term_string}\"},\"query-input\":{\"@type\":\"PropertyValueSpecification\",\"valueRequired\":true,\"valueName\":\"search_term_string\"}}],\"inLanguage\":\"fr-FR\"},{\"@type\":\"Person\",\"@id\":\"https:\/\/www.leprojecteurguinee.com\/#\/schema\/person\/389671d1a3f0c66e6c91c4a765990c1b\",\"name\":\"Leprojecteurguinee\",\"image\":{\"@type\":\"ImageObject\",\"inLanguage\":\"fr-FR\",\"@id\":\"https:\/\/www.leprojecteurguinee.com\/#\/schema\/person\/image\/\",\"url\":\"https:\/\/secure.gravatar.com\/avatar\/c0faa0f472c43eff99fecb0bd2a1c6782e80a162c9fcb7ed2d48bb42ea619f30?s=96&d=mm&r=g\",\"contentUrl\":\"https:\/\/secure.gravatar.com\/avatar\/c0faa0f472c43eff99fecb0bd2a1c6782e80a162c9fcb7ed2d48bb42ea619f30?s=96&d=mm&r=g\",\"caption\":\"Leprojecteurguinee\"},\"sameAs\":[\"https:\/\/www.leprojecteurguinee.com\"],\"url\":\"https:\/\/www.leprojecteurguinee.com\/index.php\/author\/madame\/\"}]}<\/script>\n<!-- \/ Yoast SEO plugin. -->","yoast_head_json":{"title":"Guin\u00e9e: RSF appelle le nouveau gouvernement \u00e0 r\u00e9tablir l\u2019acc\u00e8s aux m\u00e9dias censur\u00e9s - leprojecteurguinee","robots":{"index":"index","follow":"follow","max-snippet":"max-snippet:-1","max-image-preview":"max-image-preview:large","max-video-preview":"max-video-preview:-1"},"canonical":"https:\/\/www.leprojecteurguinee.com\/index.php\/2024\/03\/12\/guinee-rsf-appelle-le-nouveau-gouvernement-a-retablir-lacces-aux-medias-censures-2\/","og_locale":"fr_FR","og_type":"article","og_title":"Guin\u00e9e: RSF appelle le nouveau gouvernement \u00e0 r\u00e9tablir l\u2019acc\u00e8s aux m\u00e9dias censur\u00e9s - leprojecteurguinee","og_description":"Alors que le nouveau premier ministre Amadou Oury Bah a entam\u00e9 un dialogue avec les professionnels des m\u00e9dias, Reporters sans fronti\u00e8res (RSF) appelle le nouveau gouvernement guin\u00e9en \u00e0 garantir la libert\u00e9 de la presse, en r\u00e9tablissant l\u2019acc\u00e8s aux m\u00e9dias brouill\u00e9s et inaccessibles dans le pays depuis plus de trois mois. Un vent d\u2019espoir pourrait souffler [&hellip;]","og_url":"https:\/\/www.leprojecteurguinee.com\/index.php\/2024\/03\/12\/guinee-rsf-appelle-le-nouveau-gouvernement-a-retablir-lacces-aux-medias-censures-2\/","og_site_name":"leprojecteurguinee","article_published_time":"2024-03-12T00:38:42+00:00","og_image":[{"url":"https:\/\/www.leprojecteurguinee.com\/wp-content\/uploads\/2024\/03\/CPGUINEE2-Medias-brouilles.webp","type":"","width":"","height":""}],"author":"Leprojecteurguinee","twitter_card":"summary_large_image","twitter_misc":{"\u00c9crit par":"Leprojecteurguinee","Dur\u00e9e de lecture estim\u00e9e":"3 minutes"},"schema":{"@context":"https:\/\/schema.org","@graph":[{"@type":"Article","@id":"https:\/\/www.leprojecteurguinee.com\/index.php\/2024\/03\/12\/guinee-rsf-appelle-le-nouveau-gouvernement-a-retablir-lacces-aux-medias-censures-2\/#article","isPartOf":{"@id":"https:\/\/www.leprojecteurguinee.com\/index.php\/2024\/03\/12\/guinee-rsf-appelle-le-nouveau-gouvernement-a-retablir-lacces-aux-medias-censures-2\/"},"author":{"name":"Leprojecteurguinee","@id":"https:\/\/www.leprojecteurguinee.com\/#\/schema\/person\/389671d1a3f0c66e6c91c4a765990c1b"},"headline":"Guin\u00e9e: RSF appelle le nouveau gouvernement \u00e0 r\u00e9tablir l\u2019acc\u00e8s aux m\u00e9dias censur\u00e9s","datePublished":"2024-03-12T00:38:42+00:00","mainEntityOfPage":{"@id":"https:\/\/www.leprojecteurguinee.com\/index.php\/2024\/03\/12\/guinee-rsf-appelle-le-nouveau-gouvernement-a-retablir-lacces-aux-medias-censures-2\/"},"wordCount":630,"commentCount":0,"image":{"@id":"https:\/\/www.leprojecteurguinee.com\/index.php\/2024\/03\/12\/guinee-rsf-appelle-le-nouveau-gouvernement-a-retablir-lacces-aux-medias-censures-2\/#primaryimage"},"thumbnailUrl":"https:\/\/www.leprojecteurguinee.com\/wp-content\/uploads\/2024\/03\/CPGUINEE2-Medias-brouilles-1-1.webp","articleSection":["Blog"],"inLanguage":"fr-FR","potentialAction":[{"@type":"CommentAction","name":"Comment","target":["https:\/\/www.leprojecteurguinee.com\/index.php\/2024\/03\/12\/guinee-rsf-appelle-le-nouveau-gouvernement-a-retablir-lacces-aux-medias-censures-2\/#respond"]}]},{"@type":"WebPage","@id":"https:\/\/www.leprojecteurguinee.com\/index.php\/2024\/03\/12\/guinee-rsf-appelle-le-nouveau-gouvernement-a-retablir-lacces-aux-medias-censures-2\/","url":"https:\/\/www.leprojecteurguinee.com\/index.php\/2024\/03\/12\/guinee-rsf-appelle-le-nouveau-gouvernement-a-retablir-lacces-aux-medias-censures-2\/","name":"Guin\u00e9e: RSF appelle le nouveau gouvernement \u00e0 r\u00e9tablir l\u2019acc\u00e8s aux m\u00e9dias censur\u00e9s - leprojecteurguinee","isPartOf":{"@id":"https:\/\/www.leprojecteurguinee.com\/#website"},"primaryImageOfPage":{"@id":"https:\/\/www.leprojecteurguinee.com\/index.php\/2024\/03\/12\/guinee-rsf-appelle-le-nouveau-gouvernement-a-retablir-lacces-aux-medias-censures-2\/#primaryimage"},"image":{"@id":"https:\/\/www.leprojecteurguinee.com\/index.php\/2024\/03\/12\/guinee-rsf-appelle-le-nouveau-gouvernement-a-retablir-lacces-aux-medias-censures-2\/#primaryimage"},"thumbnailUrl":"https:\/\/www.leprojecteurguinee.com\/wp-content\/uploads\/2024\/03\/CPGUINEE2-Medias-brouilles-1-1.webp","datePublished":"2024-03-12T00:38:42+00:00","author":{"@id":"https:\/\/www.leprojecteurguinee.com\/#\/schema\/person\/389671d1a3f0c66e6c91c4a765990c1b"},"breadcrumb":{"@id":"https:\/\/www.leprojecteurguinee.com\/index.php\/2024\/03\/12\/guinee-rsf-appelle-le-nouveau-gouvernement-a-retablir-lacces-aux-medias-censures-2\/#breadcrumb"},"inLanguage":"fr-FR","potentialAction":[{"@type":"ReadAction","target":["https:\/\/www.leprojecteurguinee.com\/index.php\/2024\/03\/12\/guinee-rsf-appelle-le-nouveau-gouvernement-a-retablir-lacces-aux-medias-censures-2\/"]}]},{"@type":"ImageObject","inLanguage":"fr-FR","@id":"https:\/\/www.leprojecteurguinee.com\/index.php\/2024\/03\/12\/guinee-rsf-appelle-le-nouveau-gouvernement-a-retablir-lacces-aux-medias-censures-2\/#primaryimage","url":"https:\/\/www.leprojecteurguinee.com\/wp-content\/uploads\/2024\/03\/CPGUINEE2-Medias-brouilles-1-1.webp","contentUrl":"https:\/\/www.leprojecteurguinee.com\/wp-content\/uploads\/2024\/03\/CPGUINEE2-Medias-brouilles-1-1.webp"},{"@type":"BreadcrumbList","@id":"https:\/\/www.leprojecteurguinee.com\/index.php\/2024\/03\/12\/guinee-rsf-appelle-le-nouveau-gouvernement-a-retablir-lacces-aux-medias-censures-2\/#breadcrumb","itemListElement":[{"@type":"ListItem","position":1,"name":"Accueil","item":"https:\/\/www.leprojecteurguinee.com\/"},{"@type":"ListItem","position":2,"name":"Guin\u00e9e: RSF appelle le nouveau gouvernement \u00e0 r\u00e9tablir l\u2019acc\u00e8s aux m\u00e9dias censur\u00e9s"}]},{"@type":"WebSite","@id":"https:\/\/www.leprojecteurguinee.com\/#website","url":"https:\/\/www.leprojecteurguinee.com\/","name":"leprojecteurguinee","description":"Nous luttons contre les pratiques obscures","potentialAction":[{"@type":"SearchAction","target":{"@type":"EntryPoint","urlTemplate":"https:\/\/www.leprojecteurguinee.com\/?s={search_term_string}"},"query-input":{"@type":"PropertyValueSpecification","valueRequired":true,"valueName":"search_term_string"}}],"inLanguage":"fr-FR"},{"@type":"Person","@id":"https:\/\/www.leprojecteurguinee.com\/#\/schema\/person\/389671d1a3f0c66e6c91c4a765990c1b","name":"Leprojecteurguinee","image":{"@type":"ImageObject","inLanguage":"fr-FR","@id":"https:\/\/www.leprojecteurguinee.com\/#\/schema\/person\/image\/","url":"https:\/\/secure.gravatar.com\/avatar\/c0faa0f472c43eff99fecb0bd2a1c6782e80a162c9fcb7ed2d48bb42ea619f30?s=96&d=mm&r=g","contentUrl":"https:\/\/secure.gravatar.com\/avatar\/c0faa0f472c43eff99fecb0bd2a1c6782e80a162c9fcb7ed2d48bb42ea619f30?s=96&d=mm&r=g","caption":"Leprojecteurguinee"},"sameAs":["https:\/\/www.leprojecteurguinee.com"],"url":"https:\/\/www.leprojecteurguinee.com\/index.php\/author\/madame\/"}]}},"_links":{"self":[{"href":"https:\/\/www.leprojecteurguinee.com\/index.php\/wp-json\/wp\/v2\/posts\/92","targetHints":{"allow":["GET"]}}],"collection":[{"href":"https:\/\/www.leprojecteurguinee.com\/index.php\/wp-json\/wp\/v2\/posts"}],"about":[{"href":"https:\/\/www.leprojecteurguinee.com\/index.php\/wp-json\/wp\/v2\/types\/post"}],"author":[{"embeddable":true,"href":"https:\/\/www.leprojecteurguinee.com\/index.php\/wp-json\/wp\/v2\/users\/1"}],"replies":[{"embeddable":true,"href":"https:\/\/www.leprojecteurguinee.com\/index.php\/wp-json\/wp\/v2\/comments?post=92"}],"version-history":[{"count":0,"href":"https:\/\/www.leprojecteurguinee.com\/index.php\/wp-json\/wp\/v2\/posts\/92\/revisions"}],"wp:attachment":[{"href":"https:\/\/www.leprojecteurguinee.com\/index.php\/wp-json\/wp\/v2\/media?parent=92"}],"wp:term":[{"taxonomy":"category","embeddable":true,"href":"https:\/\/www.leprojecteurguinee.com\/index.php\/wp-json\/wp\/v2\/categories?post=92"},{"taxonomy":"post_tag","embeddable":true,"href":"https:\/\/www.leprojecteurguinee.com\/index.php\/wp-json\/wp\/v2\/tags?post=92"}],"curies":[{"name":"wp","href":"https:\/\/api.w.org\/{rel}","templated":true}]}}