{"id":912,"date":"2023-08-23T15:37:25","date_gmt":"2023-08-23T13:37:25","guid":{"rendered":"https:\/\/www.leprojecteurguinee.com\/?p=912"},"modified":"2023-08-23T15:37:27","modified_gmt":"2023-08-23T13:37:27","slug":"au-soudan-les-enfants-meurent-de-faim","status":"publish","type":"post","link":"https:\/\/www.leprojecteurguinee.com\/index.php\/2023\/08\/23\/au-soudan-les-enfants-meurent-de-faim\/","title":{"rendered":"Au Soudan\u00a0: les enfants meurent de faim"},"content":{"rendered":"\n<p>Au moins 498 enfants \u00ab et probablement des centaines d\u2019autres encore \u00bb sont morts de faim \u00e0 cause de la guerre entre l&rsquo;arm\u00e9e soudanaise et les Forces de Soutien Rapide (FSR), a relev\u00e9 mardi Arif Noor, directeur de l\u2019ONG Save the Children au Soudan.<\/p>\n\n\n\n<p>\u00ab\u00a0Nous n&rsquo;aurions jamais imagin\u00e9 voir autant d&rsquo;enfants mourir de faim, mais c&rsquo;est la nouvelle r\u00e9alit\u00e9 du Soudan\u00a0\u00bb, a encore affirm\u00e9 Arif Noor dans un communiqu\u00e9. Et d&rsquo;ajouter : \u00ab\u00a0Des enfants meurent de faim alors que cela aurait tout \u00e0 fait pu \u00eatre \u00e9vit\u00e9\u00a0\u00bb.<\/p>\n\n\n\n<p>L&rsquo;arm\u00e9e soudanaise et les Forces de Soutien Rapide sont engag\u00e9es, depuis la mi-avril, dans des affrontements qu&rsquo;une s\u00e9rie de cessez-le-feu n&rsquo;a pas r\u00e9ussi \u00e0 interrompre, faisant plus de 3 000 morts, pour la plupart des civils, ainsi que plus de 4 millions de personnes d\u00e9plac\u00e9es et r\u00e9fugi\u00e9es \u00e0 l&rsquo;int\u00e9rieur et \u00e0 l&rsquo;ext\u00e9rieur du pays, d&rsquo;apr\u00e8s les Nations unies.<\/p>\n\n\n\n<p>Cette situation chaotique emp\u00eache les organisations humanitaires d&rsquo;op\u00e9rer au milieu des combats. Save the Children affirme avoir cess\u00e9 de traiter \u00ab\u00a031 000 enfants souffrant de malnutrition\u00a0\u00bb.<\/p>\n","protected":false},"excerpt":{"rendered":"<p>Au moins 498 enfants \u00ab et probablement des centaines d\u2019autres encore \u00bb sont morts de faim \u00e0 cause de la guerre entre l&rsquo;arm\u00e9e soudanaise et les Forces de Soutien Rapide (FSR), a relev\u00e9 mardi Arif Noor, directeur de l\u2019ONG Save the Children au Soudan. \u00ab\u00a0Nous n&rsquo;aurions jamais imagin\u00e9 voir autant d&rsquo;enfants mourir de faim, mais [&hellip;]<\/p>\n","protected":false},"author":1,"featured_media":913,"comment_status":"open","ping_status":"open","sticky":true,"template":"","format":"standard","meta":{"footnotes":""},"categories":[20],"tags":[237,10,24],"class_list":["post-912","post","type-post","status-publish","format-standard","has-post-thumbnail","hentry","category-societe","tag-save-the-children","tag-soudan","tag-unicef"],"yoast_head":"<!-- This site is optimized with the Yoast SEO plugin v26.8 - https:\/\/yoast.com\/product\/yoast-seo-wordpress\/ -->\n<title>Au Soudan\u00a0: les enfants meurent de faim - leprojecteurguinee<\/title>\n<meta name=\"robots\" content=\"index, follow, max-snippet:-1, max-image-preview:large, max-video-preview:-1\" \/>\n<link rel=\"canonical\" href=\"https:\/\/www.leprojecteurguinee.com\/index.php\/2023\/08\/23\/au-soudan-les-enfants-meurent-de-faim\/\" \/>\n<meta property=\"og:locale\" content=\"fr_FR\" \/>\n<meta property=\"og:type\" content=\"article\" \/>\n<meta property=\"og:title\" content=\"Au Soudan\u00a0: les enfants meurent de faim - leprojecteurguinee\" \/>\n<meta property=\"og:description\" content=\"Au moins 498 enfants \u00ab et probablement des centaines d\u2019autres encore \u00bb sont morts de faim \u00e0 cause de la guerre entre l&rsquo;arm\u00e9e soudanaise et les Forces de Soutien Rapide (FSR), a relev\u00e9 mardi Arif Noor, directeur de l\u2019ONG Save the Children au Soudan. \u00ab\u00a0Nous n&rsquo;aurions jamais imagin\u00e9 voir autant d&rsquo;enfants mourir de faim, mais [&hellip;]\" \/>\n<meta property=\"og:url\" content=\"https:\/\/www.leprojecteurguinee.com\/index.php\/2023\/08\/23\/au-soudan-les-enfants-meurent-de-faim\/\" \/>\n<meta property=\"og:site_name\" content=\"leprojecteurguinee\" \/>\n<meta property=\"article:published_time\" content=\"2023-08-23T13:37:25+00:00\" \/>\n<meta property=\"article:modified_time\" content=\"2023-08-23T13:37:27+00:00\" \/>\n<meta property=\"og:image\" content=\"https:\/\/www.leprojecteurguinee.com\/wp-content\/uploads\/2023\/08\/thumbs_b_c_d466ace1a43c1198d7809b289ed8bc56.jpg\" \/>\n\t<meta property=\"og:image:width\" content=\"864\" \/>\n\t<meta property=\"og:image:height\" content=\"487\" \/>\n\t<meta property=\"og:image:type\" content=\"image\/jpeg\" \/>\n<meta name=\"author\" content=\"Leprojecteurguinee\" \/>\n<meta name=\"twitter:card\" content=\"summary_large_image\" \/>\n<meta name=\"twitter:label1\" content=\"\u00c9crit par\" \/>\n\t<meta name=\"twitter:data1\" content=\"Leprojecteurguinee\" \/>\n\t<meta name=\"twitter:label2\" content=\"Dur\u00e9e de lecture estim\u00e9e\" \/>\n\t<meta name=\"twitter:data2\" content=\"1 minute\" \/>\n<script type=\"application\/ld+json\" class=\"yoast-schema-graph\">{\"@context\":\"https:\/\/schema.org\",\"@graph\":[{\"@type\":\"Article\",\"@id\":\"https:\/\/www.leprojecteurguinee.com\/index.php\/2023\/08\/23\/au-soudan-les-enfants-meurent-de-faim\/#article\",\"isPartOf\":{\"@id\":\"https:\/\/www.leprojecteurguinee.com\/index.php\/2023\/08\/23\/au-soudan-les-enfants-meurent-de-faim\/\"},\"author\":{\"name\":\"Leprojecteurguinee\",\"@id\":\"https:\/\/www.leprojecteurguinee.com\/#\/schema\/person\/389671d1a3f0c66e6c91c4a765990c1b\"},\"headline\":\"Au Soudan\u00a0: les enfants meurent de faim\",\"datePublished\":\"2023-08-23T13:37:25+00:00\",\"dateModified\":\"2023-08-23T13:37:27+00:00\",\"mainEntityOfPage\":{\"@id\":\"https:\/\/www.leprojecteurguinee.com\/index.php\/2023\/08\/23\/au-soudan-les-enfants-meurent-de-faim\/\"},\"wordCount\":193,\"commentCount\":0,\"image\":{\"@id\":\"https:\/\/www.leprojecteurguinee.com\/index.php\/2023\/08\/23\/au-soudan-les-enfants-meurent-de-faim\/#primaryimage\"},\"thumbnailUrl\":\"https:\/\/www.leprojecteurguinee.com\/wp-content\/uploads\/2023\/08\/thumbs_b_c_d466ace1a43c1198d7809b289ed8bc56.jpg\",\"keywords\":[\"Save the Children\",\"Soudan\",\"Unicef\"],\"articleSection\":[\"Soci\u00e9t\u00e9\"],\"inLanguage\":\"fr-FR\",\"potentialAction\":[{\"@type\":\"CommentAction\",\"name\":\"Comment\",\"target\":[\"https:\/\/www.leprojecteurguinee.com\/index.php\/2023\/08\/23\/au-soudan-les-enfants-meurent-de-faim\/#respond\"]}]},{\"@type\":\"WebPage\",\"@id\":\"https:\/\/www.leprojecteurguinee.com\/index.php\/2023\/08\/23\/au-soudan-les-enfants-meurent-de-faim\/\",\"url\":\"https:\/\/www.leprojecteurguinee.com\/index.php\/2023\/08\/23\/au-soudan-les-enfants-meurent-de-faim\/\",\"name\":\"Au Soudan\u00a0: les enfants meurent de faim - leprojecteurguinee\",\"isPartOf\":{\"@id\":\"https:\/\/www.leprojecteurguinee.com\/#website\"},\"primaryImageOfPage\":{\"@id\":\"https:\/\/www.leprojecteurguinee.com\/index.php\/2023\/08\/23\/au-soudan-les-enfants-meurent-de-faim\/#primaryimage\"},\"image\":{\"@id\":\"https:\/\/www.leprojecteurguinee.com\/index.php\/2023\/08\/23\/au-soudan-les-enfants-meurent-de-faim\/#primaryimage\"},\"thumbnailUrl\":\"https:\/\/www.leprojecteurguinee.com\/wp-content\/uploads\/2023\/08\/thumbs_b_c_d466ace1a43c1198d7809b289ed8bc56.jpg\",\"datePublished\":\"2023-08-23T13:37:25+00:00\",\"dateModified\":\"2023-08-23T13:37:27+00:00\",\"author\":{\"@id\":\"https:\/\/www.leprojecteurguinee.com\/#\/schema\/person\/389671d1a3f0c66e6c91c4a765990c1b\"},\"breadcrumb\":{\"@id\":\"https:\/\/www.leprojecteurguinee.com\/index.php\/2023\/08\/23\/au-soudan-les-enfants-meurent-de-faim\/#breadcrumb\"},\"inLanguage\":\"fr-FR\",\"potentialAction\":[{\"@type\":\"ReadAction\",\"target\":[\"https:\/\/www.leprojecteurguinee.com\/index.php\/2023\/08\/23\/au-soudan-les-enfants-meurent-de-faim\/\"]}]},{\"@type\":\"ImageObject\",\"inLanguage\":\"fr-FR\",\"@id\":\"https:\/\/www.leprojecteurguinee.com\/index.php\/2023\/08\/23\/au-soudan-les-enfants-meurent-de-faim\/#primaryimage\",\"url\":\"https:\/\/www.leprojecteurguinee.com\/wp-content\/uploads\/2023\/08\/thumbs_b_c_d466ace1a43c1198d7809b289ed8bc56.jpg\",\"contentUrl\":\"https:\/\/www.leprojecteurguinee.com\/wp-content\/uploads\/2023\/08\/thumbs_b_c_d466ace1a43c1198d7809b289ed8bc56.jpg\",\"width\":864,\"height\":487},{\"@type\":\"BreadcrumbList\",\"@id\":\"https:\/\/www.leprojecteurguinee.com\/index.php\/2023\/08\/23\/au-soudan-les-enfants-meurent-de-faim\/#breadcrumb\",\"itemListElement\":[{\"@type\":\"ListItem\",\"position\":1,\"name\":\"Accueil\",\"item\":\"https:\/\/www.leprojecteurguinee.com\/\"},{\"@type\":\"ListItem\",\"position\":2,\"name\":\"Au Soudan\u00a0: les enfants meurent de faim\"}]},{\"@type\":\"WebSite\",\"@id\":\"https:\/\/www.leprojecteurguinee.com\/#website\",\"url\":\"https:\/\/www.leprojecteurguinee.com\/\",\"name\":\"leprojecteurguinee\",\"description\":\"Nous luttons contre les pratiques obscures\",\"potentialAction\":[{\"@type\":\"SearchAction\",\"target\":{\"@type\":\"EntryPoint\",\"urlTemplate\":\"https:\/\/www.leprojecteurguinee.com\/?s={search_term_string}\"},\"query-input\":{\"@type\":\"PropertyValueSpecification\",\"valueRequired\":true,\"valueName\":\"search_term_string\"}}],\"inLanguage\":\"fr-FR\"},{\"@type\":\"Person\",\"@id\":\"https:\/\/www.leprojecteurguinee.com\/#\/schema\/person\/389671d1a3f0c66e6c91c4a765990c1b\",\"name\":\"Leprojecteurguinee\",\"image\":{\"@type\":\"ImageObject\",\"inLanguage\":\"fr-FR\",\"@id\":\"https:\/\/www.leprojecteurguinee.com\/#\/schema\/person\/image\/\",\"url\":\"https:\/\/secure.gravatar.com\/avatar\/c0faa0f472c43eff99fecb0bd2a1c6782e80a162c9fcb7ed2d48bb42ea619f30?s=96&d=mm&r=g\",\"contentUrl\":\"https:\/\/secure.gravatar.com\/avatar\/c0faa0f472c43eff99fecb0bd2a1c6782e80a162c9fcb7ed2d48bb42ea619f30?s=96&d=mm&r=g\",\"caption\":\"Leprojecteurguinee\"},\"sameAs\":[\"https:\/\/www.leprojecteurguinee.com\"],\"url\":\"https:\/\/www.leprojecteurguinee.com\/index.php\/author\/madame\/\"}]}<\/script>\n<!-- \/ Yoast SEO plugin. -->","yoast_head_json":{"title":"Au Soudan\u00a0: les enfants meurent de faim - leprojecteurguinee","robots":{"index":"index","follow":"follow","max-snippet":"max-snippet:-1","max-image-preview":"max-image-preview:large","max-video-preview":"max-video-preview:-1"},"canonical":"https:\/\/www.leprojecteurguinee.com\/index.php\/2023\/08\/23\/au-soudan-les-enfants-meurent-de-faim\/","og_locale":"fr_FR","og_type":"article","og_title":"Au Soudan\u00a0: les enfants meurent de faim - leprojecteurguinee","og_description":"Au moins 498 enfants \u00ab et probablement des centaines d\u2019autres encore \u00bb sont morts de faim \u00e0 cause de la guerre entre l&rsquo;arm\u00e9e soudanaise et les Forces de Soutien Rapide (FSR), a relev\u00e9 mardi Arif Noor, directeur de l\u2019ONG Save the Children au Soudan. \u00ab\u00a0Nous n&rsquo;aurions jamais imagin\u00e9 voir autant d&rsquo;enfants mourir de faim, mais [&hellip;]","og_url":"https:\/\/www.leprojecteurguinee.com\/index.php\/2023\/08\/23\/au-soudan-les-enfants-meurent-de-faim\/","og_site_name":"leprojecteurguinee","article_published_time":"2023-08-23T13:37:25+00:00","article_modified_time":"2023-08-23T13:37:27+00:00","og_image":[{"width":864,"height":487,"url":"https:\/\/www.leprojecteurguinee.com\/wp-content\/uploads\/2023\/08\/thumbs_b_c_d466ace1a43c1198d7809b289ed8bc56.jpg","type":"image\/jpeg"}],"author":"Leprojecteurguinee","twitter_card":"summary_large_image","twitter_misc":{"\u00c9crit par":"Leprojecteurguinee","Dur\u00e9e de lecture estim\u00e9e":"1 minute"},"schema":{"@context":"https:\/\/schema.org","@graph":[{"@type":"Article","@id":"https:\/\/www.leprojecteurguinee.com\/index.php\/2023\/08\/23\/au-soudan-les-enfants-meurent-de-faim\/#article","isPartOf":{"@id":"https:\/\/www.leprojecteurguinee.com\/index.php\/2023\/08\/23\/au-soudan-les-enfants-meurent-de-faim\/"},"author":{"name":"Leprojecteurguinee","@id":"https:\/\/www.leprojecteurguinee.com\/#\/schema\/person\/389671d1a3f0c66e6c91c4a765990c1b"},"headline":"Au Soudan\u00a0: les enfants meurent de faim","datePublished":"2023-08-23T13:37:25+00:00","dateModified":"2023-08-23T13:37:27+00:00","mainEntityOfPage":{"@id":"https:\/\/www.leprojecteurguinee.com\/index.php\/2023\/08\/23\/au-soudan-les-enfants-meurent-de-faim\/"},"wordCount":193,"commentCount":0,"image":{"@id":"https:\/\/www.leprojecteurguinee.com\/index.php\/2023\/08\/23\/au-soudan-les-enfants-meurent-de-faim\/#primaryimage"},"thumbnailUrl":"https:\/\/www.leprojecteurguinee.com\/wp-content\/uploads\/2023\/08\/thumbs_b_c_d466ace1a43c1198d7809b289ed8bc56.jpg","keywords":["Save the Children","Soudan","Unicef"],"articleSection":["Soci\u00e9t\u00e9"],"inLanguage":"fr-FR","potentialAction":[{"@type":"CommentAction","name":"Comment","target":["https:\/\/www.leprojecteurguinee.com\/index.php\/2023\/08\/23\/au-soudan-les-enfants-meurent-de-faim\/#respond"]}]},{"@type":"WebPage","@id":"https:\/\/www.leprojecteurguinee.com\/index.php\/2023\/08\/23\/au-soudan-les-enfants-meurent-de-faim\/","url":"https:\/\/www.leprojecteurguinee.com\/index.php\/2023\/08\/23\/au-soudan-les-enfants-meurent-de-faim\/","name":"Au Soudan\u00a0: les enfants meurent de faim - leprojecteurguinee","isPartOf":{"@id":"https:\/\/www.leprojecteurguinee.com\/#website"},"primaryImageOfPage":{"@id":"https:\/\/www.leprojecteurguinee.com\/index.php\/2023\/08\/23\/au-soudan-les-enfants-meurent-de-faim\/#primaryimage"},"image":{"@id":"https:\/\/www.leprojecteurguinee.com\/index.php\/2023\/08\/23\/au-soudan-les-enfants-meurent-de-faim\/#primaryimage"},"thumbnailUrl":"https:\/\/www.leprojecteurguinee.com\/wp-content\/uploads\/2023\/08\/thumbs_b_c_d466ace1a43c1198d7809b289ed8bc56.jpg","datePublished":"2023-08-23T13:37:25+00:00","dateModified":"2023-08-23T13:37:27+00:00","author":{"@id":"https:\/\/www.leprojecteurguinee.com\/#\/schema\/person\/389671d1a3f0c66e6c91c4a765990c1b"},"breadcrumb":{"@id":"https:\/\/www.leprojecteurguinee.com\/index.php\/2023\/08\/23\/au-soudan-les-enfants-meurent-de-faim\/#breadcrumb"},"inLanguage":"fr-FR","potentialAction":[{"@type":"ReadAction","target":["https:\/\/www.leprojecteurguinee.com\/index.php\/2023\/08\/23\/au-soudan-les-enfants-meurent-de-faim\/"]}]},{"@type":"ImageObject","inLanguage":"fr-FR","@id":"https:\/\/www.leprojecteurguinee.com\/index.php\/2023\/08\/23\/au-soudan-les-enfants-meurent-de-faim\/#primaryimage","url":"https:\/\/www.leprojecteurguinee.com\/wp-content\/uploads\/2023\/08\/thumbs_b_c_d466ace1a43c1198d7809b289ed8bc56.jpg","contentUrl":"https:\/\/www.leprojecteurguinee.com\/wp-content\/uploads\/2023\/08\/thumbs_b_c_d466ace1a43c1198d7809b289ed8bc56.jpg","width":864,"height":487},{"@type":"BreadcrumbList","@id":"https:\/\/www.leprojecteurguinee.com\/index.php\/2023\/08\/23\/au-soudan-les-enfants-meurent-de-faim\/#breadcrumb","itemListElement":[{"@type":"ListItem","position":1,"name":"Accueil","item":"https:\/\/www.leprojecteurguinee.com\/"},{"@type":"ListItem","position":2,"name":"Au Soudan\u00a0: les enfants meurent de faim"}]},{"@type":"WebSite","@id":"https:\/\/www.leprojecteurguinee.com\/#website","url":"https:\/\/www.leprojecteurguinee.com\/","name":"leprojecteurguinee","description":"Nous luttons contre les pratiques obscures","potentialAction":[{"@type":"SearchAction","target":{"@type":"EntryPoint","urlTemplate":"https:\/\/www.leprojecteurguinee.com\/?s={search_term_string}"},"query-input":{"@type":"PropertyValueSpecification","valueRequired":true,"valueName":"search_term_string"}}],"inLanguage":"fr-FR"},{"@type":"Person","@id":"https:\/\/www.leprojecteurguinee.com\/#\/schema\/person\/389671d1a3f0c66e6c91c4a765990c1b","name":"Leprojecteurguinee","image":{"@type":"ImageObject","inLanguage":"fr-FR","@id":"https:\/\/www.leprojecteurguinee.com\/#\/schema\/person\/image\/","url":"https:\/\/secure.gravatar.com\/avatar\/c0faa0f472c43eff99fecb0bd2a1c6782e80a162c9fcb7ed2d48bb42ea619f30?s=96&d=mm&r=g","contentUrl":"https:\/\/secure.gravatar.com\/avatar\/c0faa0f472c43eff99fecb0bd2a1c6782e80a162c9fcb7ed2d48bb42ea619f30?s=96&d=mm&r=g","caption":"Leprojecteurguinee"},"sameAs":["https:\/\/www.leprojecteurguinee.com"],"url":"https:\/\/www.leprojecteurguinee.com\/index.php\/author\/madame\/"}]}},"_links":{"self":[{"href":"https:\/\/www.leprojecteurguinee.com\/index.php\/wp-json\/wp\/v2\/posts\/912","targetHints":{"allow":["GET"]}}],"collection":[{"href":"https:\/\/www.leprojecteurguinee.com\/index.php\/wp-json\/wp\/v2\/posts"}],"about":[{"href":"https:\/\/www.leprojecteurguinee.com\/index.php\/wp-json\/wp\/v2\/types\/post"}],"author":[{"embeddable":true,"href":"https:\/\/www.leprojecteurguinee.com\/index.php\/wp-json\/wp\/v2\/users\/1"}],"replies":[{"embeddable":true,"href":"https:\/\/www.leprojecteurguinee.com\/index.php\/wp-json\/wp\/v2\/comments?post=912"}],"version-history":[{"count":0,"href":"https:\/\/www.leprojecteurguinee.com\/index.php\/wp-json\/wp\/v2\/posts\/912\/revisions"}],"wp:featuredmedia":[{"embeddable":true,"href":"https:\/\/www.leprojecteurguinee.com\/index.php\/wp-json\/wp\/v2\/media\/913"}],"wp:attachment":[{"href":"https:\/\/www.leprojecteurguinee.com\/index.php\/wp-json\/wp\/v2\/media?parent=912"}],"wp:term":[{"taxonomy":"category","embeddable":true,"href":"https:\/\/www.leprojecteurguinee.com\/index.php\/wp-json\/wp\/v2\/categories?post=912"},{"taxonomy":"post_tag","embeddable":true,"href":"https:\/\/www.leprojecteurguinee.com\/index.php\/wp-json\/wp\/v2\/tags?post=912"}],"curies":[{"name":"wp","href":"https:\/\/api.w.org\/{rel}","templated":true}]}}