{"id":89,"date":"2024-03-12T00:33:15","date_gmt":"2024-03-12T00:33:15","guid":{"rendered":"https:\/\/www.leprojecteurguinee.com\/?p=89"},"modified":"2024-03-12T00:33:15","modified_gmt":"2024-03-12T00:33:15","slug":"affaire-de-zebus-a-laine-lola-les-avocats-des-71-villageois-arretes-demandent-leur-liberation","status":"publish","type":"post","link":"https:\/\/www.leprojecteurguinee.com\/index.php\/2024\/03\/12\/affaire-de-zebus-a-laine-lola-les-avocats-des-71-villageois-arretes-demandent-leur-liberation\/","title":{"rendered":"Affaire de Z\u00e9bus \u00e0 Lain\u00e9 (Lola) : les avocats des 71 villageois arr\u00eat\u00e9s demandent leur lib\u00e9ration"},"content":{"rendered":"\n<figure class=\"wp-block-image size-full\"><img decoding=\"async\" src=\"https:\/\/www.leprojecteurguinee.com\/wp-content\/uploads\/2024\/03\/MDPG-1-1.webp\" alt=\"\" class=\"wp-image-90\"\/><\/figure>\n\n\n\n<p><strong>Des avocats constitu\u00e9s pour la d\u00e9fense des habitants de la r\u00e9gion foresti\u00e8re impact\u00e9s par la pr\u00e9sence des z\u00e9bus \u00e9taient devant la presse ce lundi 11 mars 2024.<\/strong><\/p>\n\n\n\n<p>Il \u00e9tait question pour ces avocats accompagn\u00e9s des ressortissants des localit\u00e9s concern\u00e9es, de d\u00e9noncer l\u2019arrestation et la d\u00e9tention prolong\u00e9e des habitants de la sous-pr\u00e9fecture de Lain\u00e9, suite aux violences des 10 et 11 janvier 2024.<\/p>\n\n\n\n<p>Pour Me Michel Sonomou et ses coll\u00e8gues, le plus urgent aujourd\u2019hui est de les aider \u00e0 lib\u00e9rer les villageois emprisonn\u00e9s. \u00c0 d\u00e9faut de lib\u00e9rer ces gens, le collectif plaide \u00e0 ce qu\u2019ils soient transf\u00e9r\u00e9s \u00e0 Lola ou \u00e0 N\u2019Z\u00e9r\u00e9kor\u00e9 pr\u00e8s de leurs familles.<\/p>\n\n\n\n<p><em>\u00ab Nous avons voulu attirer l\u2019attention de l\u2019\u00c9tat sur un fait qui est en train de s\u00e9vir aujourd\u2019hui dans toute la r\u00e9gion de la For\u00eat. C\u2019est un probl\u00e8me, parce que si ces z\u00e9bus sont chass\u00e9s de Lain\u00e9 o\u00f9 vont-ils aller puisque la Guin\u00e9e est devenue leur Eldorado. Nous attirons l\u2019attention des autorit\u00e9s locales pour nous permettre de contenir cette affaire. Nous sommes convaincus que les autorit\u00e9s \u00e0 travers le gouvernement qui sera mis en place fera de cette lutte leur bataille. Nous sommes convaincus que le chef de l\u2019\u00c9tat donnera des instructions fermes \u00e0 son gouvernement afin de palier d\u00e9finitivement le probl\u00e8me des z\u00e9bus en Guin\u00e9e qui ne font que rendre pauvre, faire pleurer les cultivateurs et les paysans. Nous voudrions maintenant que ceux qui sont emprisonn\u00e9s avant le mandat de d\u00e9p\u00f4t du juge d\u2019instruction soient lib\u00e9r\u00e9s parce qu\u2019il y a vice de forme. Ils ont \u00e9t\u00e9 envoy\u00e9s en prison avant que le juge d\u2019instruction ne soit saisi. Nous ne voudrions pas rentrer dans les secrets de l\u2019instruction mais comme la libert\u00e9 n\u2019a pas de prix nous souhaitons vivement que ces soixante onze (71) personnes qui croupissent dans les maisons centrales de Conakry et de Kindia soient lib\u00e9r\u00e9s aussit\u00f4t que possible \u00bb<\/em>, a expliqu\u00e9 cet avocat.<\/p>\n\n\n\n<p>Les avocats et ressortissants des localit\u00e9s envahies par des Z\u00e9bus ont d\u00e9nonc\u00e9 le \u00ab&nbsp;laxisme&nbsp;\u00bb des autorit\u00e9s \u00e0 tous les niveaux. Pour eux, \u00ab cet \u00e9tat de fait est entretenu par les autorit\u00e9s locales \u00e0 cause des int\u00e9r\u00eats d\u2019ordre financier et mat\u00e9riel qu\u2019elles en tirent \u00bb.<\/p>\n\n\n\n<p>Aujourd\u2019hui en r\u00e9gion foresti\u00e8re, pr\u00e9cis\u00e9ment \u00e0 Lola, les cultures sont envahies par ces z\u00e9bus contre lesquels les cultivateurs semblent impuissants.<\/p>\n\n\n\n<p>L\u2019autre crainte qu\u2019ils expriment est que les bouviers ne soient infiltr\u00e9s, \u00e0 la longue par des terroristes car, \u00ab ces bouviers ont des comportements bizarres et tr\u00e8s questionnables \u00bb.<\/p>\n\n\n\n<p><em>\u00ab Aujourd\u2019hui, les droits de l\u2019Homme sont bafou\u00e9s dans cette localit\u00e9 de la Guin\u00e9e, par le fait des autorit\u00e9s \u00e0 cause des \u00e9trangers (\u2026). Il y a des bouviers qui nous ont dit qu\u2019un jour arrivera, on dira qu\u2019ici (Lain\u00e9, ndlr) \u00e9tait autrefois habit\u00e9 par votre communaut\u00e9 (\u2026). Figurez-vous que le campement qu\u2019ils ont \u00e9rig\u00e9 est interdit aux habitants de Lain\u00e9 \u00e0 partir de 18 heures. On ne sait pas ce qu\u2019ils font l\u00e0-bas qu\u2019ils ne veulent pas qu\u2019on voit \u00bb<\/em>, a ajout\u00e9 un autre conf\u00e9rencier.<\/p>\n\n\n\n<p>Revenant, par ailleurs, sur le calvaire des habitants de Lain\u00e9, N\u00e8ma Soumaoro, un autre ressortissants de cette localit\u00e9 \u00e0 Conakry a regrett\u00e9 le fait qu\u2019aucun bouvier ne soit en prison alors les villageois sont incarc\u00e9r\u00e9s dans diff\u00e9rentes maisons d\u2019arr\u00eat du pays.<\/p>\n\n\n\n<p><em>\u00ab Chaque fois que les habitants de Lain\u00e9 se l\u00e8vent, ce sont eux qu\u2019on met en prison. En 2019, un autre conflit avait oppos\u00e9 les bouviers aux villageois. Ils sont encore venus ramass\u00e9s nos parents pour les envoyer en prison. Jusqu\u2019\u00e0 ce jour, il y en a qui n\u2019osent pas revenir au village. Nous avons un autre fr\u00e8re qui est condamn\u00e9 \u00e0 30 ans de prison \u00e0 Kankan pour les m\u00eames faits, alors qu\u2019aucun bouvier n\u2019est en prison. C\u2019est regrettable \u00bb<\/em>, a-t-il ajout\u00e9.<\/p>\n\n\n\n<p><strong>Mosaiqueguinee.com<\/strong><\/p>\n\n\n\n<p><a href=\"https:\" rel=\"noreferrer noopener\" target=\"_blank\"><\/a><\/p>\n","protected":false},"excerpt":{"rendered":"<p>Des avocats constitu\u00e9s pour la d\u00e9fense des habitants de la r\u00e9gion foresti\u00e8re impact\u00e9s par la pr\u00e9sence des z\u00e9bus \u00e9taient devant la presse ce lundi 11 mars 2024. Il \u00e9tait question pour ces avocats accompagn\u00e9s des ressortissants des localit\u00e9s concern\u00e9es, de d\u00e9noncer l\u2019arrestation et la d\u00e9tention prolong\u00e9e des habitants de la sous-pr\u00e9fecture de Lain\u00e9, suite aux [&hellip;]<\/p>\n","protected":false},"author":1,"featured_media":0,"comment_status":"open","ping_status":"open","sticky":false,"template":"","format":"standard","meta":{"footnotes":""},"categories":[1],"tags":[],"class_list":["post-89","post","type-post","status-publish","format-standard","hentry","category-blog"],"yoast_head":"<!-- This site is optimized with the Yoast SEO plugin v26.8 - https:\/\/yoast.com\/product\/yoast-seo-wordpress\/ -->\n<title>Affaire de Z\u00e9bus \u00e0 Lain\u00e9 (Lola) : les avocats des 71 villageois arr\u00eat\u00e9s demandent leur lib\u00e9ration - leprojecteurguinee<\/title>\n<meta name=\"robots\" content=\"index, follow, max-snippet:-1, max-image-preview:large, max-video-preview:-1\" \/>\n<link rel=\"canonical\" href=\"https:\/\/www.leprojecteurguinee.com\/index.php\/2024\/03\/12\/affaire-de-zebus-a-laine-lola-les-avocats-des-71-villageois-arretes-demandent-leur-liberation\/\" \/>\n<meta property=\"og:locale\" content=\"fr_FR\" \/>\n<meta property=\"og:type\" content=\"article\" \/>\n<meta property=\"og:title\" content=\"Affaire de Z\u00e9bus \u00e0 Lain\u00e9 (Lola) : les avocats des 71 villageois arr\u00eat\u00e9s demandent leur lib\u00e9ration - leprojecteurguinee\" \/>\n<meta property=\"og:description\" content=\"Des avocats constitu\u00e9s pour la d\u00e9fense des habitants de la r\u00e9gion foresti\u00e8re impact\u00e9s par la pr\u00e9sence des z\u00e9bus \u00e9taient devant la presse ce lundi 11 mars 2024. Il \u00e9tait question pour ces avocats accompagn\u00e9s des ressortissants des localit\u00e9s concern\u00e9es, de d\u00e9noncer l\u2019arrestation et la d\u00e9tention prolong\u00e9e des habitants de la sous-pr\u00e9fecture de Lain\u00e9, suite aux [&hellip;]\" \/>\n<meta property=\"og:url\" content=\"https:\/\/www.leprojecteurguinee.com\/index.php\/2024\/03\/12\/affaire-de-zebus-a-laine-lola-les-avocats-des-71-villageois-arretes-demandent-leur-liberation\/\" \/>\n<meta property=\"og:site_name\" content=\"leprojecteurguinee\" \/>\n<meta property=\"article:published_time\" content=\"2024-03-12T00:33:15+00:00\" \/>\n<meta property=\"og:image\" content=\"https:\/\/www.leprojecteurguinee.com\/wp-content\/uploads\/2024\/03\/MDPG.webp\" \/>\n<meta name=\"author\" content=\"Leprojecteurguinee\" \/>\n<meta name=\"twitter:card\" content=\"summary_large_image\" \/>\n<meta name=\"twitter:label1\" content=\"\u00c9crit par\" \/>\n\t<meta name=\"twitter:data1\" content=\"Leprojecteurguinee\" \/>\n\t<meta name=\"twitter:label2\" content=\"Dur\u00e9e de lecture estim\u00e9e\" \/>\n\t<meta name=\"twitter:data2\" content=\"3 minutes\" \/>\n<script type=\"application\/ld+json\" class=\"yoast-schema-graph\">{\"@context\":\"https:\/\/schema.org\",\"@graph\":[{\"@type\":\"Article\",\"@id\":\"https:\/\/www.leprojecteurguinee.com\/index.php\/2024\/03\/12\/affaire-de-zebus-a-laine-lola-les-avocats-des-71-villageois-arretes-demandent-leur-liberation\/#article\",\"isPartOf\":{\"@id\":\"https:\/\/www.leprojecteurguinee.com\/index.php\/2024\/03\/12\/affaire-de-zebus-a-laine-lola-les-avocats-des-71-villageois-arretes-demandent-leur-liberation\/\"},\"author\":{\"name\":\"Leprojecteurguinee\",\"@id\":\"https:\/\/www.leprojecteurguinee.com\/#\/schema\/person\/389671d1a3f0c66e6c91c4a765990c1b\"},\"headline\":\"Affaire de Z\u00e9bus \u00e0 Lain\u00e9 (Lola) : les avocats des 71 villageois arr\u00eat\u00e9s demandent leur lib\u00e9ration\",\"datePublished\":\"2024-03-12T00:33:15+00:00\",\"mainEntityOfPage\":{\"@id\":\"https:\/\/www.leprojecteurguinee.com\/index.php\/2024\/03\/12\/affaire-de-zebus-a-laine-lola-les-avocats-des-71-villageois-arretes-demandent-leur-liberation\/\"},\"wordCount\":709,\"commentCount\":0,\"image\":{\"@id\":\"https:\/\/www.leprojecteurguinee.com\/index.php\/2024\/03\/12\/affaire-de-zebus-a-laine-lola-les-avocats-des-71-villageois-arretes-demandent-leur-liberation\/#primaryimage\"},\"thumbnailUrl\":\"https:\/\/www.leprojecteurguinee.com\/wp-content\/uploads\/2024\/03\/MDPG-1-1.webp\",\"articleSection\":[\"Blog\"],\"inLanguage\":\"fr-FR\",\"potentialAction\":[{\"@type\":\"CommentAction\",\"name\":\"Comment\",\"target\":[\"https:\/\/www.leprojecteurguinee.com\/index.php\/2024\/03\/12\/affaire-de-zebus-a-laine-lola-les-avocats-des-71-villageois-arretes-demandent-leur-liberation\/#respond\"]}]},{\"@type\":\"WebPage\",\"@id\":\"https:\/\/www.leprojecteurguinee.com\/index.php\/2024\/03\/12\/affaire-de-zebus-a-laine-lola-les-avocats-des-71-villageois-arretes-demandent-leur-liberation\/\",\"url\":\"https:\/\/www.leprojecteurguinee.com\/index.php\/2024\/03\/12\/affaire-de-zebus-a-laine-lola-les-avocats-des-71-villageois-arretes-demandent-leur-liberation\/\",\"name\":\"Affaire de Z\u00e9bus \u00e0 Lain\u00e9 (Lola) : les avocats des 71 villageois arr\u00eat\u00e9s demandent leur lib\u00e9ration - leprojecteurguinee\",\"isPartOf\":{\"@id\":\"https:\/\/www.leprojecteurguinee.com\/#website\"},\"primaryImageOfPage\":{\"@id\":\"https:\/\/www.leprojecteurguinee.com\/index.php\/2024\/03\/12\/affaire-de-zebus-a-laine-lola-les-avocats-des-71-villageois-arretes-demandent-leur-liberation\/#primaryimage\"},\"image\":{\"@id\":\"https:\/\/www.leprojecteurguinee.com\/index.php\/2024\/03\/12\/affaire-de-zebus-a-laine-lola-les-avocats-des-71-villageois-arretes-demandent-leur-liberation\/#primaryimage\"},\"thumbnailUrl\":\"https:\/\/www.leprojecteurguinee.com\/wp-content\/uploads\/2024\/03\/MDPG-1-1.webp\",\"datePublished\":\"2024-03-12T00:33:15+00:00\",\"author\":{\"@id\":\"https:\/\/www.leprojecteurguinee.com\/#\/schema\/person\/389671d1a3f0c66e6c91c4a765990c1b\"},\"breadcrumb\":{\"@id\":\"https:\/\/www.leprojecteurguinee.com\/index.php\/2024\/03\/12\/affaire-de-zebus-a-laine-lola-les-avocats-des-71-villageois-arretes-demandent-leur-liberation\/#breadcrumb\"},\"inLanguage\":\"fr-FR\",\"potentialAction\":[{\"@type\":\"ReadAction\",\"target\":[\"https:\/\/www.leprojecteurguinee.com\/index.php\/2024\/03\/12\/affaire-de-zebus-a-laine-lola-les-avocats-des-71-villageois-arretes-demandent-leur-liberation\/\"]}]},{\"@type\":\"ImageObject\",\"inLanguage\":\"fr-FR\",\"@id\":\"https:\/\/www.leprojecteurguinee.com\/index.php\/2024\/03\/12\/affaire-de-zebus-a-laine-lola-les-avocats-des-71-villageois-arretes-demandent-leur-liberation\/#primaryimage\",\"url\":\"https:\/\/www.leprojecteurguinee.com\/wp-content\/uploads\/2024\/03\/MDPG-1-1.webp\",\"contentUrl\":\"https:\/\/www.leprojecteurguinee.com\/wp-content\/uploads\/2024\/03\/MDPG-1-1.webp\"},{\"@type\":\"BreadcrumbList\",\"@id\":\"https:\/\/www.leprojecteurguinee.com\/index.php\/2024\/03\/12\/affaire-de-zebus-a-laine-lola-les-avocats-des-71-villageois-arretes-demandent-leur-liberation\/#breadcrumb\",\"itemListElement\":[{\"@type\":\"ListItem\",\"position\":1,\"name\":\"Accueil\",\"item\":\"https:\/\/www.leprojecteurguinee.com\/\"},{\"@type\":\"ListItem\",\"position\":2,\"name\":\"Affaire de Z\u00e9bus \u00e0 Lain\u00e9 (Lola) : les avocats des 71 villageois arr\u00eat\u00e9s demandent leur lib\u00e9ration\"}]},{\"@type\":\"WebSite\",\"@id\":\"https:\/\/www.leprojecteurguinee.com\/#website\",\"url\":\"https:\/\/www.leprojecteurguinee.com\/\",\"name\":\"leprojecteurguinee\",\"description\":\"Nous luttons contre les pratiques obscures\",\"potentialAction\":[{\"@type\":\"SearchAction\",\"target\":{\"@type\":\"EntryPoint\",\"urlTemplate\":\"https:\/\/www.leprojecteurguinee.com\/?s={search_term_string}\"},\"query-input\":{\"@type\":\"PropertyValueSpecification\",\"valueRequired\":true,\"valueName\":\"search_term_string\"}}],\"inLanguage\":\"fr-FR\"},{\"@type\":\"Person\",\"@id\":\"https:\/\/www.leprojecteurguinee.com\/#\/schema\/person\/389671d1a3f0c66e6c91c4a765990c1b\",\"name\":\"Leprojecteurguinee\",\"image\":{\"@type\":\"ImageObject\",\"inLanguage\":\"fr-FR\",\"@id\":\"https:\/\/www.leprojecteurguinee.com\/#\/schema\/person\/image\/\",\"url\":\"https:\/\/secure.gravatar.com\/avatar\/c0faa0f472c43eff99fecb0bd2a1c6782e80a162c9fcb7ed2d48bb42ea619f30?s=96&d=mm&r=g\",\"contentUrl\":\"https:\/\/secure.gravatar.com\/avatar\/c0faa0f472c43eff99fecb0bd2a1c6782e80a162c9fcb7ed2d48bb42ea619f30?s=96&d=mm&r=g\",\"caption\":\"Leprojecteurguinee\"},\"sameAs\":[\"https:\/\/www.leprojecteurguinee.com\"],\"url\":\"https:\/\/www.leprojecteurguinee.com\/index.php\/author\/madame\/\"}]}<\/script>\n<!-- \/ Yoast SEO plugin. -->","yoast_head_json":{"title":"Affaire de Z\u00e9bus \u00e0 Lain\u00e9 (Lola) : les avocats des 71 villageois arr\u00eat\u00e9s demandent leur lib\u00e9ration - leprojecteurguinee","robots":{"index":"index","follow":"follow","max-snippet":"max-snippet:-1","max-image-preview":"max-image-preview:large","max-video-preview":"max-video-preview:-1"},"canonical":"https:\/\/www.leprojecteurguinee.com\/index.php\/2024\/03\/12\/affaire-de-zebus-a-laine-lola-les-avocats-des-71-villageois-arretes-demandent-leur-liberation\/","og_locale":"fr_FR","og_type":"article","og_title":"Affaire de Z\u00e9bus \u00e0 Lain\u00e9 (Lola) : les avocats des 71 villageois arr\u00eat\u00e9s demandent leur lib\u00e9ration - leprojecteurguinee","og_description":"Des avocats constitu\u00e9s pour la d\u00e9fense des habitants de la r\u00e9gion foresti\u00e8re impact\u00e9s par la pr\u00e9sence des z\u00e9bus \u00e9taient devant la presse ce lundi 11 mars 2024. Il \u00e9tait question pour ces avocats accompagn\u00e9s des ressortissants des localit\u00e9s concern\u00e9es, de d\u00e9noncer l\u2019arrestation et la d\u00e9tention prolong\u00e9e des habitants de la sous-pr\u00e9fecture de Lain\u00e9, suite aux [&hellip;]","og_url":"https:\/\/www.leprojecteurguinee.com\/index.php\/2024\/03\/12\/affaire-de-zebus-a-laine-lola-les-avocats-des-71-villageois-arretes-demandent-leur-liberation\/","og_site_name":"leprojecteurguinee","article_published_time":"2024-03-12T00:33:15+00:00","og_image":[{"url":"https:\/\/www.leprojecteurguinee.com\/wp-content\/uploads\/2024\/03\/MDPG.webp","type":"","width":"","height":""}],"author":"Leprojecteurguinee","twitter_card":"summary_large_image","twitter_misc":{"\u00c9crit par":"Leprojecteurguinee","Dur\u00e9e de lecture estim\u00e9e":"3 minutes"},"schema":{"@context":"https:\/\/schema.org","@graph":[{"@type":"Article","@id":"https:\/\/www.leprojecteurguinee.com\/index.php\/2024\/03\/12\/affaire-de-zebus-a-laine-lola-les-avocats-des-71-villageois-arretes-demandent-leur-liberation\/#article","isPartOf":{"@id":"https:\/\/www.leprojecteurguinee.com\/index.php\/2024\/03\/12\/affaire-de-zebus-a-laine-lola-les-avocats-des-71-villageois-arretes-demandent-leur-liberation\/"},"author":{"name":"Leprojecteurguinee","@id":"https:\/\/www.leprojecteurguinee.com\/#\/schema\/person\/389671d1a3f0c66e6c91c4a765990c1b"},"headline":"Affaire de Z\u00e9bus \u00e0 Lain\u00e9 (Lola) : les avocats des 71 villageois arr\u00eat\u00e9s demandent leur lib\u00e9ration","datePublished":"2024-03-12T00:33:15+00:00","mainEntityOfPage":{"@id":"https:\/\/www.leprojecteurguinee.com\/index.php\/2024\/03\/12\/affaire-de-zebus-a-laine-lola-les-avocats-des-71-villageois-arretes-demandent-leur-liberation\/"},"wordCount":709,"commentCount":0,"image":{"@id":"https:\/\/www.leprojecteurguinee.com\/index.php\/2024\/03\/12\/affaire-de-zebus-a-laine-lola-les-avocats-des-71-villageois-arretes-demandent-leur-liberation\/#primaryimage"},"thumbnailUrl":"https:\/\/www.leprojecteurguinee.com\/wp-content\/uploads\/2024\/03\/MDPG-1-1.webp","articleSection":["Blog"],"inLanguage":"fr-FR","potentialAction":[{"@type":"CommentAction","name":"Comment","target":["https:\/\/www.leprojecteurguinee.com\/index.php\/2024\/03\/12\/affaire-de-zebus-a-laine-lola-les-avocats-des-71-villageois-arretes-demandent-leur-liberation\/#respond"]}]},{"@type":"WebPage","@id":"https:\/\/www.leprojecteurguinee.com\/index.php\/2024\/03\/12\/affaire-de-zebus-a-laine-lola-les-avocats-des-71-villageois-arretes-demandent-leur-liberation\/","url":"https:\/\/www.leprojecteurguinee.com\/index.php\/2024\/03\/12\/affaire-de-zebus-a-laine-lola-les-avocats-des-71-villageois-arretes-demandent-leur-liberation\/","name":"Affaire de Z\u00e9bus \u00e0 Lain\u00e9 (Lola) : les avocats des 71 villageois arr\u00eat\u00e9s demandent leur lib\u00e9ration - leprojecteurguinee","isPartOf":{"@id":"https:\/\/www.leprojecteurguinee.com\/#website"},"primaryImageOfPage":{"@id":"https:\/\/www.leprojecteurguinee.com\/index.php\/2024\/03\/12\/affaire-de-zebus-a-laine-lola-les-avocats-des-71-villageois-arretes-demandent-leur-liberation\/#primaryimage"},"image":{"@id":"https:\/\/www.leprojecteurguinee.com\/index.php\/2024\/03\/12\/affaire-de-zebus-a-laine-lola-les-avocats-des-71-villageois-arretes-demandent-leur-liberation\/#primaryimage"},"thumbnailUrl":"https:\/\/www.leprojecteurguinee.com\/wp-content\/uploads\/2024\/03\/MDPG-1-1.webp","datePublished":"2024-03-12T00:33:15+00:00","author":{"@id":"https:\/\/www.leprojecteurguinee.com\/#\/schema\/person\/389671d1a3f0c66e6c91c4a765990c1b"},"breadcrumb":{"@id":"https:\/\/www.leprojecteurguinee.com\/index.php\/2024\/03\/12\/affaire-de-zebus-a-laine-lola-les-avocats-des-71-villageois-arretes-demandent-leur-liberation\/#breadcrumb"},"inLanguage":"fr-FR","potentialAction":[{"@type":"ReadAction","target":["https:\/\/www.leprojecteurguinee.com\/index.php\/2024\/03\/12\/affaire-de-zebus-a-laine-lola-les-avocats-des-71-villageois-arretes-demandent-leur-liberation\/"]}]},{"@type":"ImageObject","inLanguage":"fr-FR","@id":"https:\/\/www.leprojecteurguinee.com\/index.php\/2024\/03\/12\/affaire-de-zebus-a-laine-lola-les-avocats-des-71-villageois-arretes-demandent-leur-liberation\/#primaryimage","url":"https:\/\/www.leprojecteurguinee.com\/wp-content\/uploads\/2024\/03\/MDPG-1-1.webp","contentUrl":"https:\/\/www.leprojecteurguinee.com\/wp-content\/uploads\/2024\/03\/MDPG-1-1.webp"},{"@type":"BreadcrumbList","@id":"https:\/\/www.leprojecteurguinee.com\/index.php\/2024\/03\/12\/affaire-de-zebus-a-laine-lola-les-avocats-des-71-villageois-arretes-demandent-leur-liberation\/#breadcrumb","itemListElement":[{"@type":"ListItem","position":1,"name":"Accueil","item":"https:\/\/www.leprojecteurguinee.com\/"},{"@type":"ListItem","position":2,"name":"Affaire de Z\u00e9bus \u00e0 Lain\u00e9 (Lola) : les avocats des 71 villageois arr\u00eat\u00e9s demandent leur lib\u00e9ration"}]},{"@type":"WebSite","@id":"https:\/\/www.leprojecteurguinee.com\/#website","url":"https:\/\/www.leprojecteurguinee.com\/","name":"leprojecteurguinee","description":"Nous luttons contre les pratiques obscures","potentialAction":[{"@type":"SearchAction","target":{"@type":"EntryPoint","urlTemplate":"https:\/\/www.leprojecteurguinee.com\/?s={search_term_string}"},"query-input":{"@type":"PropertyValueSpecification","valueRequired":true,"valueName":"search_term_string"}}],"inLanguage":"fr-FR"},{"@type":"Person","@id":"https:\/\/www.leprojecteurguinee.com\/#\/schema\/person\/389671d1a3f0c66e6c91c4a765990c1b","name":"Leprojecteurguinee","image":{"@type":"ImageObject","inLanguage":"fr-FR","@id":"https:\/\/www.leprojecteurguinee.com\/#\/schema\/person\/image\/","url":"https:\/\/secure.gravatar.com\/avatar\/c0faa0f472c43eff99fecb0bd2a1c6782e80a162c9fcb7ed2d48bb42ea619f30?s=96&d=mm&r=g","contentUrl":"https:\/\/secure.gravatar.com\/avatar\/c0faa0f472c43eff99fecb0bd2a1c6782e80a162c9fcb7ed2d48bb42ea619f30?s=96&d=mm&r=g","caption":"Leprojecteurguinee"},"sameAs":["https:\/\/www.leprojecteurguinee.com"],"url":"https:\/\/www.leprojecteurguinee.com\/index.php\/author\/madame\/"}]}},"_links":{"self":[{"href":"https:\/\/www.leprojecteurguinee.com\/index.php\/wp-json\/wp\/v2\/posts\/89","targetHints":{"allow":["GET"]}}],"collection":[{"href":"https:\/\/www.leprojecteurguinee.com\/index.php\/wp-json\/wp\/v2\/posts"}],"about":[{"href":"https:\/\/www.leprojecteurguinee.com\/index.php\/wp-json\/wp\/v2\/types\/post"}],"author":[{"embeddable":true,"href":"https:\/\/www.leprojecteurguinee.com\/index.php\/wp-json\/wp\/v2\/users\/1"}],"replies":[{"embeddable":true,"href":"https:\/\/www.leprojecteurguinee.com\/index.php\/wp-json\/wp\/v2\/comments?post=89"}],"version-history":[{"count":0,"href":"https:\/\/www.leprojecteurguinee.com\/index.php\/wp-json\/wp\/v2\/posts\/89\/revisions"}],"wp:attachment":[{"href":"https:\/\/www.leprojecteurguinee.com\/index.php\/wp-json\/wp\/v2\/media?parent=89"}],"wp:term":[{"taxonomy":"category","embeddable":true,"href":"https:\/\/www.leprojecteurguinee.com\/index.php\/wp-json\/wp\/v2\/categories?post=89"},{"taxonomy":"post_tag","embeddable":true,"href":"https:\/\/www.leprojecteurguinee.com\/index.php\/wp-json\/wp\/v2\/tags?post=89"}],"curies":[{"name":"wp","href":"https:\/\/api.w.org\/{rel}","templated":true}]}}