{"id":834,"date":"2023-08-11T11:06:45","date_gmt":"2023-08-11T09:06:45","guid":{"rendered":"https:\/\/www.leprojecteurguinee.com\/?p=834"},"modified":"2023-08-11T11:07:16","modified_gmt":"2023-08-11T09:07:16","slug":"niger-lue-sinquiete-de-letat-de-sante-du-president-bazoum","status":"publish","type":"post","link":"https:\/\/www.leprojecteurguinee.com\/index.php\/2023\/08\/11\/niger-lue-sinquiete-de-letat-de-sante-du-president-bazoum\/","title":{"rendered":"Niger\u00a0: L\u2019UE s\u2019inqui\u00e8te de l\u2019\u00e9tat de sant\u00e9 du pr\u00e9sident Bazoum"},"content":{"rendered":"\n<p>L&rsquo;UE a exprim\u00e9 sa \u00ab\u00a0profonde inqui\u00e9tude\u00a0\u00bb face \u00e0 \u00ab\u00a0la d\u00e9t\u00e9rioration des conditions de d\u00e9tention\u00a0\u00bb du pr\u00e9sident nig\u00e9rien Mohamed Bazoum. Le secr\u00e9taire d&rsquo;\u00c9tat am\u00e9ricain Antony Blinken a quant \u00e0 lui plaid\u00e9 pour une \u00ab\u00a0r\u00e9solution pacifique de la crise\u00a0\u00bb au Niger, apr\u00e8s que les pays d&rsquo;Afrique de l&rsquo;Ouest ont ordonn\u00e9 le d\u00e9ploiement d&rsquo;une \u00ab\u00a0force en attente\u00a0\u00bb pour restaurer l&rsquo;ordre constitutionnel dans le pays.<\/p>\n\n\n\n<p>Le pr\u00e9sident Bazoum et sa famille \u00ab\u00a0seraient, selon les derni\u00e8res informations, priv\u00e9s de nourriture, d&rsquo;\u00e9lectricit\u00e9 et de soins depuis plusieurs jours. Il a consacr\u00e9 sa vie \u00e0 \u0153uvrer pour am\u00e9liorer le quotidien des Nig\u00e9riens, rien ne permet de justifier un tel traitement\u00a0\u00bb, a indiqu\u00e9 sur Twitter le chef de la diplomatie de l&rsquo;UE, Josep Borrell.<\/p>\n","protected":false},"excerpt":{"rendered":"<p>L&rsquo;UE a exprim\u00e9 sa \u00ab\u00a0profonde inqui\u00e9tude\u00a0\u00bb face \u00e0 \u00ab\u00a0la d\u00e9t\u00e9rioration des conditions de d\u00e9tention\u00a0\u00bb du pr\u00e9sident nig\u00e9rien Mohamed Bazoum. Le secr\u00e9taire d&rsquo;\u00c9tat am\u00e9ricain Antony Blinken a quant \u00e0 lui plaid\u00e9 pour une \u00ab\u00a0r\u00e9solution pacifique de la crise\u00a0\u00bb au Niger, apr\u00e8s que les pays d&rsquo;Afrique de l&rsquo;Ouest ont ordonn\u00e9 le d\u00e9ploiement d&rsquo;une \u00ab\u00a0force en attente\u00a0\u00bb pour [&hellip;]<\/p>\n","protected":false},"author":1,"featured_media":835,"comment_status":"open","ping_status":"open","sticky":true,"template":"","format":"standard","meta":{"footnotes":""},"categories":[32],"tags":[144,143,40],"class_list":["post-834","post","type-post","status-publish","format-standard","has-post-thumbnail","hentry","category-monde","tag-bazoum","tag-niger","tag-union-europeenne"],"yoast_head":"<!-- This site is optimized with the Yoast SEO plugin v26.8 - https:\/\/yoast.com\/product\/yoast-seo-wordpress\/ -->\n<title>Niger\u00a0: L\u2019UE s\u2019inqui\u00e8te de l\u2019\u00e9tat de sant\u00e9 du pr\u00e9sident Bazoum - leprojecteurguinee<\/title>\n<meta name=\"robots\" content=\"index, follow, max-snippet:-1, max-image-preview:large, max-video-preview:-1\" \/>\n<link rel=\"canonical\" href=\"https:\/\/www.leprojecteurguinee.com\/index.php\/2023\/08\/11\/niger-lue-sinquiete-de-letat-de-sante-du-president-bazoum\/\" \/>\n<meta property=\"og:locale\" content=\"fr_FR\" \/>\n<meta property=\"og:type\" content=\"article\" \/>\n<meta property=\"og:title\" content=\"Niger\u00a0: L\u2019UE s\u2019inqui\u00e8te de l\u2019\u00e9tat de sant\u00e9 du pr\u00e9sident Bazoum - leprojecteurguinee\" \/>\n<meta property=\"og:description\" content=\"L&rsquo;UE a exprim\u00e9 sa \u00ab\u00a0profonde inqui\u00e9tude\u00a0\u00bb face \u00e0 \u00ab\u00a0la d\u00e9t\u00e9rioration des conditions de d\u00e9tention\u00a0\u00bb du pr\u00e9sident nig\u00e9rien Mohamed Bazoum. Le secr\u00e9taire d&rsquo;\u00c9tat am\u00e9ricain Antony Blinken a quant \u00e0 lui plaid\u00e9 pour une \u00ab\u00a0r\u00e9solution pacifique de la crise\u00a0\u00bb au Niger, apr\u00e8s que les pays d&rsquo;Afrique de l&rsquo;Ouest ont ordonn\u00e9 le d\u00e9ploiement d&rsquo;une \u00ab\u00a0force en attente\u00a0\u00bb pour [&hellip;]\" \/>\n<meta property=\"og:url\" content=\"https:\/\/www.leprojecteurguinee.com\/index.php\/2023\/08\/11\/niger-lue-sinquiete-de-letat-de-sante-du-president-bazoum\/\" \/>\n<meta property=\"og:site_name\" content=\"leprojecteurguinee\" \/>\n<meta property=\"article:published_time\" content=\"2023-08-11T09:06:45+00:00\" \/>\n<meta property=\"article:modified_time\" content=\"2023-08-11T09:07:16+00:00\" \/>\n<meta name=\"author\" content=\"Leprojecteurguinee\" \/>\n<meta name=\"twitter:card\" content=\"summary_large_image\" \/>\n<meta name=\"twitter:label1\" content=\"\u00c9crit par\" \/>\n\t<meta name=\"twitter:data1\" content=\"Leprojecteurguinee\" \/>\n\t<meta name=\"twitter:label2\" content=\"Dur\u00e9e de lecture estim\u00e9e\" \/>\n\t<meta name=\"twitter:data2\" content=\"1 minute\" \/>\n<script type=\"application\/ld+json\" class=\"yoast-schema-graph\">{\"@context\":\"https:\/\/schema.org\",\"@graph\":[{\"@type\":\"Article\",\"@id\":\"https:\/\/www.leprojecteurguinee.com\/index.php\/2023\/08\/11\/niger-lue-sinquiete-de-letat-de-sante-du-president-bazoum\/#article\",\"isPartOf\":{\"@id\":\"https:\/\/www.leprojecteurguinee.com\/index.php\/2023\/08\/11\/niger-lue-sinquiete-de-letat-de-sante-du-president-bazoum\/\"},\"author\":{\"name\":\"Leprojecteurguinee\",\"@id\":\"https:\/\/www.leprojecteurguinee.com\/#\/schema\/person\/389671d1a3f0c66e6c91c4a765990c1b\"},\"headline\":\"Niger\u00a0: L\u2019UE s\u2019inqui\u00e8te de l\u2019\u00e9tat de sant\u00e9 du pr\u00e9sident Bazoum\",\"datePublished\":\"2023-08-11T09:06:45+00:00\",\"dateModified\":\"2023-08-11T09:07:16+00:00\",\"mainEntityOfPage\":{\"@id\":\"https:\/\/www.leprojecteurguinee.com\/index.php\/2023\/08\/11\/niger-lue-sinquiete-de-letat-de-sante-du-president-bazoum\/\"},\"wordCount\":152,\"commentCount\":0,\"image\":{\"@id\":\"https:\/\/www.leprojecteurguinee.com\/index.php\/2023\/08\/11\/niger-lue-sinquiete-de-letat-de-sante-du-president-bazoum\/#primaryimage\"},\"thumbnailUrl\":\"https:\/\/www.leprojecteurguinee.com\/wp-content\/uploads\/2023\/08\/11397898-800x450-1.jpg\",\"keywords\":[\"Bazoum\",\"Niger\",\"Union Europ\u00e9enne\"],\"articleSection\":[\"Monde\"],\"inLanguage\":\"fr-FR\",\"potentialAction\":[{\"@type\":\"CommentAction\",\"name\":\"Comment\",\"target\":[\"https:\/\/www.leprojecteurguinee.com\/index.php\/2023\/08\/11\/niger-lue-sinquiete-de-letat-de-sante-du-president-bazoum\/#respond\"]}]},{\"@type\":\"WebPage\",\"@id\":\"https:\/\/www.leprojecteurguinee.com\/index.php\/2023\/08\/11\/niger-lue-sinquiete-de-letat-de-sante-du-president-bazoum\/\",\"url\":\"https:\/\/www.leprojecteurguinee.com\/index.php\/2023\/08\/11\/niger-lue-sinquiete-de-letat-de-sante-du-president-bazoum\/\",\"name\":\"Niger\u00a0: L\u2019UE s\u2019inqui\u00e8te de l\u2019\u00e9tat de sant\u00e9 du pr\u00e9sident Bazoum - leprojecteurguinee\",\"isPartOf\":{\"@id\":\"https:\/\/www.leprojecteurguinee.com\/#website\"},\"primaryImageOfPage\":{\"@id\":\"https:\/\/www.leprojecteurguinee.com\/index.php\/2023\/08\/11\/niger-lue-sinquiete-de-letat-de-sante-du-president-bazoum\/#primaryimage\"},\"image\":{\"@id\":\"https:\/\/www.leprojecteurguinee.com\/index.php\/2023\/08\/11\/niger-lue-sinquiete-de-letat-de-sante-du-president-bazoum\/#primaryimage\"},\"thumbnailUrl\":\"https:\/\/www.leprojecteurguinee.com\/wp-content\/uploads\/2023\/08\/11397898-800x450-1.jpg\",\"datePublished\":\"2023-08-11T09:06:45+00:00\",\"dateModified\":\"2023-08-11T09:07:16+00:00\",\"author\":{\"@id\":\"https:\/\/www.leprojecteurguinee.com\/#\/schema\/person\/389671d1a3f0c66e6c91c4a765990c1b\"},\"breadcrumb\":{\"@id\":\"https:\/\/www.leprojecteurguinee.com\/index.php\/2023\/08\/11\/niger-lue-sinquiete-de-letat-de-sante-du-president-bazoum\/#breadcrumb\"},\"inLanguage\":\"fr-FR\",\"potentialAction\":[{\"@type\":\"ReadAction\",\"target\":[\"https:\/\/www.leprojecteurguinee.com\/index.php\/2023\/08\/11\/niger-lue-sinquiete-de-letat-de-sante-du-president-bazoum\/\"]}]},{\"@type\":\"ImageObject\",\"inLanguage\":\"fr-FR\",\"@id\":\"https:\/\/www.leprojecteurguinee.com\/index.php\/2023\/08\/11\/niger-lue-sinquiete-de-letat-de-sante-du-president-bazoum\/#primaryimage\",\"url\":\"https:\/\/www.leprojecteurguinee.com\/wp-content\/uploads\/2023\/08\/11397898-800x450-1.jpg\",\"contentUrl\":\"https:\/\/www.leprojecteurguinee.com\/wp-content\/uploads\/2023\/08\/11397898-800x450-1.jpg\",\"width\":800,\"height\":450},{\"@type\":\"BreadcrumbList\",\"@id\":\"https:\/\/www.leprojecteurguinee.com\/index.php\/2023\/08\/11\/niger-lue-sinquiete-de-letat-de-sante-du-president-bazoum\/#breadcrumb\",\"itemListElement\":[{\"@type\":\"ListItem\",\"position\":1,\"name\":\"Accueil\",\"item\":\"https:\/\/www.leprojecteurguinee.com\/\"},{\"@type\":\"ListItem\",\"position\":2,\"name\":\"Niger\u00a0: L\u2019UE s\u2019inqui\u00e8te de l\u2019\u00e9tat de sant\u00e9 du pr\u00e9sident Bazoum\"}]},{\"@type\":\"WebSite\",\"@id\":\"https:\/\/www.leprojecteurguinee.com\/#website\",\"url\":\"https:\/\/www.leprojecteurguinee.com\/\",\"name\":\"leprojecteurguinee\",\"description\":\"Nous luttons contre les pratiques obscures\",\"potentialAction\":[{\"@type\":\"SearchAction\",\"target\":{\"@type\":\"EntryPoint\",\"urlTemplate\":\"https:\/\/www.leprojecteurguinee.com\/?s={search_term_string}\"},\"query-input\":{\"@type\":\"PropertyValueSpecification\",\"valueRequired\":true,\"valueName\":\"search_term_string\"}}],\"inLanguage\":\"fr-FR\"},{\"@type\":\"Person\",\"@id\":\"https:\/\/www.leprojecteurguinee.com\/#\/schema\/person\/389671d1a3f0c66e6c91c4a765990c1b\",\"name\":\"Leprojecteurguinee\",\"image\":{\"@type\":\"ImageObject\",\"inLanguage\":\"fr-FR\",\"@id\":\"https:\/\/www.leprojecteurguinee.com\/#\/schema\/person\/image\/\",\"url\":\"https:\/\/secure.gravatar.com\/avatar\/c0faa0f472c43eff99fecb0bd2a1c6782e80a162c9fcb7ed2d48bb42ea619f30?s=96&d=mm&r=g\",\"contentUrl\":\"https:\/\/secure.gravatar.com\/avatar\/c0faa0f472c43eff99fecb0bd2a1c6782e80a162c9fcb7ed2d48bb42ea619f30?s=96&d=mm&r=g\",\"caption\":\"Leprojecteurguinee\"},\"sameAs\":[\"https:\/\/www.leprojecteurguinee.com\"],\"url\":\"https:\/\/www.leprojecteurguinee.com\/index.php\/author\/madame\/\"}]}<\/script>\n<!-- \/ Yoast SEO plugin. -->","yoast_head_json":{"title":"Niger\u00a0: L\u2019UE s\u2019inqui\u00e8te de l\u2019\u00e9tat de sant\u00e9 du pr\u00e9sident Bazoum - leprojecteurguinee","robots":{"index":"index","follow":"follow","max-snippet":"max-snippet:-1","max-image-preview":"max-image-preview:large","max-video-preview":"max-video-preview:-1"},"canonical":"https:\/\/www.leprojecteurguinee.com\/index.php\/2023\/08\/11\/niger-lue-sinquiete-de-letat-de-sante-du-president-bazoum\/","og_locale":"fr_FR","og_type":"article","og_title":"Niger\u00a0: L\u2019UE s\u2019inqui\u00e8te de l\u2019\u00e9tat de sant\u00e9 du pr\u00e9sident Bazoum - leprojecteurguinee","og_description":"L&rsquo;UE a exprim\u00e9 sa \u00ab\u00a0profonde inqui\u00e9tude\u00a0\u00bb face \u00e0 \u00ab\u00a0la d\u00e9t\u00e9rioration des conditions de d\u00e9tention\u00a0\u00bb du pr\u00e9sident nig\u00e9rien Mohamed Bazoum. Le secr\u00e9taire d&rsquo;\u00c9tat am\u00e9ricain Antony Blinken a quant \u00e0 lui plaid\u00e9 pour une \u00ab\u00a0r\u00e9solution pacifique de la crise\u00a0\u00bb au Niger, apr\u00e8s que les pays d&rsquo;Afrique de l&rsquo;Ouest ont ordonn\u00e9 le d\u00e9ploiement d&rsquo;une \u00ab\u00a0force en attente\u00a0\u00bb pour [&hellip;]","og_url":"https:\/\/www.leprojecteurguinee.com\/index.php\/2023\/08\/11\/niger-lue-sinquiete-de-letat-de-sante-du-president-bazoum\/","og_site_name":"leprojecteurguinee","article_published_time":"2023-08-11T09:06:45+00:00","article_modified_time":"2023-08-11T09:07:16+00:00","author":"Leprojecteurguinee","twitter_card":"summary_large_image","twitter_misc":{"\u00c9crit par":"Leprojecteurguinee","Dur\u00e9e de lecture estim\u00e9e":"1 minute"},"schema":{"@context":"https:\/\/schema.org","@graph":[{"@type":"Article","@id":"https:\/\/www.leprojecteurguinee.com\/index.php\/2023\/08\/11\/niger-lue-sinquiete-de-letat-de-sante-du-president-bazoum\/#article","isPartOf":{"@id":"https:\/\/www.leprojecteurguinee.com\/index.php\/2023\/08\/11\/niger-lue-sinquiete-de-letat-de-sante-du-president-bazoum\/"},"author":{"name":"Leprojecteurguinee","@id":"https:\/\/www.leprojecteurguinee.com\/#\/schema\/person\/389671d1a3f0c66e6c91c4a765990c1b"},"headline":"Niger\u00a0: L\u2019UE s\u2019inqui\u00e8te de l\u2019\u00e9tat de sant\u00e9 du pr\u00e9sident Bazoum","datePublished":"2023-08-11T09:06:45+00:00","dateModified":"2023-08-11T09:07:16+00:00","mainEntityOfPage":{"@id":"https:\/\/www.leprojecteurguinee.com\/index.php\/2023\/08\/11\/niger-lue-sinquiete-de-letat-de-sante-du-president-bazoum\/"},"wordCount":152,"commentCount":0,"image":{"@id":"https:\/\/www.leprojecteurguinee.com\/index.php\/2023\/08\/11\/niger-lue-sinquiete-de-letat-de-sante-du-president-bazoum\/#primaryimage"},"thumbnailUrl":"https:\/\/www.leprojecteurguinee.com\/wp-content\/uploads\/2023\/08\/11397898-800x450-1.jpg","keywords":["Bazoum","Niger","Union Europ\u00e9enne"],"articleSection":["Monde"],"inLanguage":"fr-FR","potentialAction":[{"@type":"CommentAction","name":"Comment","target":["https:\/\/www.leprojecteurguinee.com\/index.php\/2023\/08\/11\/niger-lue-sinquiete-de-letat-de-sante-du-president-bazoum\/#respond"]}]},{"@type":"WebPage","@id":"https:\/\/www.leprojecteurguinee.com\/index.php\/2023\/08\/11\/niger-lue-sinquiete-de-letat-de-sante-du-president-bazoum\/","url":"https:\/\/www.leprojecteurguinee.com\/index.php\/2023\/08\/11\/niger-lue-sinquiete-de-letat-de-sante-du-president-bazoum\/","name":"Niger\u00a0: L\u2019UE s\u2019inqui\u00e8te de l\u2019\u00e9tat de sant\u00e9 du pr\u00e9sident Bazoum - leprojecteurguinee","isPartOf":{"@id":"https:\/\/www.leprojecteurguinee.com\/#website"},"primaryImageOfPage":{"@id":"https:\/\/www.leprojecteurguinee.com\/index.php\/2023\/08\/11\/niger-lue-sinquiete-de-letat-de-sante-du-president-bazoum\/#primaryimage"},"image":{"@id":"https:\/\/www.leprojecteurguinee.com\/index.php\/2023\/08\/11\/niger-lue-sinquiete-de-letat-de-sante-du-president-bazoum\/#primaryimage"},"thumbnailUrl":"https:\/\/www.leprojecteurguinee.com\/wp-content\/uploads\/2023\/08\/11397898-800x450-1.jpg","datePublished":"2023-08-11T09:06:45+00:00","dateModified":"2023-08-11T09:07:16+00:00","author":{"@id":"https:\/\/www.leprojecteurguinee.com\/#\/schema\/person\/389671d1a3f0c66e6c91c4a765990c1b"},"breadcrumb":{"@id":"https:\/\/www.leprojecteurguinee.com\/index.php\/2023\/08\/11\/niger-lue-sinquiete-de-letat-de-sante-du-president-bazoum\/#breadcrumb"},"inLanguage":"fr-FR","potentialAction":[{"@type":"ReadAction","target":["https:\/\/www.leprojecteurguinee.com\/index.php\/2023\/08\/11\/niger-lue-sinquiete-de-letat-de-sante-du-president-bazoum\/"]}]},{"@type":"ImageObject","inLanguage":"fr-FR","@id":"https:\/\/www.leprojecteurguinee.com\/index.php\/2023\/08\/11\/niger-lue-sinquiete-de-letat-de-sante-du-president-bazoum\/#primaryimage","url":"https:\/\/www.leprojecteurguinee.com\/wp-content\/uploads\/2023\/08\/11397898-800x450-1.jpg","contentUrl":"https:\/\/www.leprojecteurguinee.com\/wp-content\/uploads\/2023\/08\/11397898-800x450-1.jpg","width":800,"height":450},{"@type":"BreadcrumbList","@id":"https:\/\/www.leprojecteurguinee.com\/index.php\/2023\/08\/11\/niger-lue-sinquiete-de-letat-de-sante-du-president-bazoum\/#breadcrumb","itemListElement":[{"@type":"ListItem","position":1,"name":"Accueil","item":"https:\/\/www.leprojecteurguinee.com\/"},{"@type":"ListItem","position":2,"name":"Niger\u00a0: L\u2019UE s\u2019inqui\u00e8te de l\u2019\u00e9tat de sant\u00e9 du pr\u00e9sident Bazoum"}]},{"@type":"WebSite","@id":"https:\/\/www.leprojecteurguinee.com\/#website","url":"https:\/\/www.leprojecteurguinee.com\/","name":"leprojecteurguinee","description":"Nous luttons contre les pratiques obscures","potentialAction":[{"@type":"SearchAction","target":{"@type":"EntryPoint","urlTemplate":"https:\/\/www.leprojecteurguinee.com\/?s={search_term_string}"},"query-input":{"@type":"PropertyValueSpecification","valueRequired":true,"valueName":"search_term_string"}}],"inLanguage":"fr-FR"},{"@type":"Person","@id":"https:\/\/www.leprojecteurguinee.com\/#\/schema\/person\/389671d1a3f0c66e6c91c4a765990c1b","name":"Leprojecteurguinee","image":{"@type":"ImageObject","inLanguage":"fr-FR","@id":"https:\/\/www.leprojecteurguinee.com\/#\/schema\/person\/image\/","url":"https:\/\/secure.gravatar.com\/avatar\/c0faa0f472c43eff99fecb0bd2a1c6782e80a162c9fcb7ed2d48bb42ea619f30?s=96&d=mm&r=g","contentUrl":"https:\/\/secure.gravatar.com\/avatar\/c0faa0f472c43eff99fecb0bd2a1c6782e80a162c9fcb7ed2d48bb42ea619f30?s=96&d=mm&r=g","caption":"Leprojecteurguinee"},"sameAs":["https:\/\/www.leprojecteurguinee.com"],"url":"https:\/\/www.leprojecteurguinee.com\/index.php\/author\/madame\/"}]}},"_links":{"self":[{"href":"https:\/\/www.leprojecteurguinee.com\/index.php\/wp-json\/wp\/v2\/posts\/834","targetHints":{"allow":["GET"]}}],"collection":[{"href":"https:\/\/www.leprojecteurguinee.com\/index.php\/wp-json\/wp\/v2\/posts"}],"about":[{"href":"https:\/\/www.leprojecteurguinee.com\/index.php\/wp-json\/wp\/v2\/types\/post"}],"author":[{"embeddable":true,"href":"https:\/\/www.leprojecteurguinee.com\/index.php\/wp-json\/wp\/v2\/users\/1"}],"replies":[{"embeddable":true,"href":"https:\/\/www.leprojecteurguinee.com\/index.php\/wp-json\/wp\/v2\/comments?post=834"}],"version-history":[{"count":0,"href":"https:\/\/www.leprojecteurguinee.com\/index.php\/wp-json\/wp\/v2\/posts\/834\/revisions"}],"wp:featuredmedia":[{"embeddable":true,"href":"https:\/\/www.leprojecteurguinee.com\/index.php\/wp-json\/wp\/v2\/media\/835"}],"wp:attachment":[{"href":"https:\/\/www.leprojecteurguinee.com\/index.php\/wp-json\/wp\/v2\/media?parent=834"}],"wp:term":[{"taxonomy":"category","embeddable":true,"href":"https:\/\/www.leprojecteurguinee.com\/index.php\/wp-json\/wp\/v2\/categories?post=834"},{"taxonomy":"post_tag","embeddable":true,"href":"https:\/\/www.leprojecteurguinee.com\/index.php\/wp-json\/wp\/v2\/tags?post=834"}],"curies":[{"name":"wp","href":"https:\/\/api.w.org\/{rel}","templated":true}]}}