{"id":780,"date":"2023-08-07T14:51:56","date_gmt":"2023-08-07T12:51:56","guid":{"rendered":"https:\/\/www.leprojecteurguinee.com\/?p=780"},"modified":"2023-08-07T14:51:58","modified_gmt":"2023-08-07T12:51:58","slug":"vers-la-creation-dune-structure-pour-une-transition-apaisee","status":"publish","type":"post","link":"https:\/\/www.leprojecteurguinee.com\/index.php\/2023\/08\/07\/vers-la-creation-dune-structure-pour-une-transition-apaisee\/","title":{"rendered":"Vers la cr\u00e9ation d&rsquo;une structure pour une transition apais\u00e9e"},"content":{"rendered":"\n<p><strong>Une importante r\u00e9union a regroup\u00e9 les cadres de plusieurs coalitions politiques le samedi 05 Ao\u00fbt 2023 dans un h\u00f4tel de Conakry.\u00a0Il \u00e9tait question de la cr\u00e9ation d\u2019une nouvelle coalition.\u00a0L\u2019annonce a \u00e9t\u00e9 faite \u00e0 l\u2019issue de cette r\u00e9union par le pr\u00e9sident du\u00a0PEDN,\u00a0Lansana\u00a0Kouyat\u00e9.\u00a0<\/strong><\/p>\n\n\n\n<p>A l&rsquo;occasion de cette r\u00e9union du samedi, les points qui ont \u00e9t\u00e9 discut\u00e9s concernent la cr\u00e9ation d\u2019une structure dont le nom sera d\u00e9voil\u00e9 prochainement.\u00a0\u00ab <em>C\u2019est un acte de bonne foi pour ceux qui se sont engag\u00e9s pour soutenir une transition apais\u00e9e pour que les \u00e9lections cr\u00e9dibles se fassent \u00e0 la satisfaction de tous.\u00a0Les acteurs de la soci\u00e9t\u00e9 civiles et syndicaux seront convi\u00e9s \u00e0\u00a0participer\u00a0\u00e0 la dynamique.\u00a0Il ne s\u2019agit pas seulement des coalitions politiques, il s\u2019agit aussi de la soci\u00e9t\u00e9 civile, des\u00a0fa\u00eeti\u00e8res, des soci\u00e9t\u00e9s syndicales.\u00a0\u00c7a sera un groupe fort, multiple et puissant<\/em> \u00bb a annonc\u00e9 le leader du\u00a0PEDN<\/p>\n\n\n\n<p>Il ne s\u2019agit pas seulement des coalitions politiques, il s\u2019agit aussi de la soci\u00e9t\u00e9 civile, des fa\u00eeti\u00e8res, des soci\u00e9t\u00e9s syndicales. Ensuite, il a annonc\u00e9 la mise en place d\u2019une commission de r\u00e9daction d\u2019un m\u00e9morandum qui sera adress\u00e9 au gouvernement au plus tard le vendredi 11 aout 2023. \u00a0\u00ab\u00a0<em>Ce\u00a0m\u00e9morandum va parler de tout ce qui a \u00e9t\u00e9 d\u00e9clin\u00e9 par le minist\u00e8re de l\u2019administration du territoire et de la d\u00e9centralisation concernant l\u2019application du chronogramme <\/em>\u00bb a dit\u00a0Lansana\u00a0Kouyat\u00e9.<\/p>\n\n\n\n<p>Cela permettra \u00e0 leur structure de s\u2019exprimer sur l\u2019ex\u00e9cution du chronogramme.<\/p>\n","protected":false},"excerpt":{"rendered":"<p>Une importante r\u00e9union a regroup\u00e9 les cadres de plusieurs coalitions politiques le samedi 05 Ao\u00fbt 2023 dans un h\u00f4tel de Conakry.\u00a0Il \u00e9tait question de la cr\u00e9ation d\u2019une nouvelle coalition.\u00a0L\u2019annonce a \u00e9t\u00e9 faite \u00e0 l\u2019issue de cette r\u00e9union par le pr\u00e9sident du\u00a0PEDN,\u00a0Lansana\u00a0Kouyat\u00e9.\u00a0 A l&rsquo;occasion de cette r\u00e9union du samedi, les points qui ont \u00e9t\u00e9 discut\u00e9s concernent [&hellip;]<\/p>\n","protected":false},"author":1,"featured_media":781,"comment_status":"open","ping_status":"open","sticky":true,"template":"","format":"standard","meta":{"footnotes":""},"categories":[80],"tags":[19,17,116],"class_list":["post-780","post","type-post","status-publish","format-standard","has-post-thumbnail","hentry","category-politique","tag-cnrd","tag-guinee","tag-pedn"],"yoast_head":"<!-- This site is optimized with the Yoast SEO plugin v26.8 - https:\/\/yoast.com\/product\/yoast-seo-wordpress\/ -->\n<title>Vers la cr\u00e9ation d&#039;une structure pour une transition apais\u00e9e - leprojecteurguinee<\/title>\n<meta name=\"robots\" content=\"index, follow, max-snippet:-1, max-image-preview:large, max-video-preview:-1\" \/>\n<link rel=\"canonical\" href=\"https:\/\/www.leprojecteurguinee.com\/index.php\/2023\/08\/07\/vers-la-creation-dune-structure-pour-une-transition-apaisee\/\" \/>\n<meta property=\"og:locale\" content=\"fr_FR\" \/>\n<meta property=\"og:type\" content=\"article\" \/>\n<meta property=\"og:title\" content=\"Vers la cr\u00e9ation d&#039;une structure pour une transition apais\u00e9e - leprojecteurguinee\" \/>\n<meta property=\"og:description\" content=\"Une importante r\u00e9union a regroup\u00e9 les cadres de plusieurs coalitions politiques le samedi 05 Ao\u00fbt 2023 dans un h\u00f4tel de Conakry.\u00a0Il \u00e9tait question de la cr\u00e9ation d\u2019une nouvelle coalition.\u00a0L\u2019annonce a \u00e9t\u00e9 faite \u00e0 l\u2019issue de cette r\u00e9union par le pr\u00e9sident du\u00a0PEDN,\u00a0Lansana\u00a0Kouyat\u00e9.\u00a0 A l&rsquo;occasion de cette r\u00e9union du samedi, les points qui ont \u00e9t\u00e9 discut\u00e9s concernent [&hellip;]\" \/>\n<meta property=\"og:url\" content=\"https:\/\/www.leprojecteurguinee.com\/index.php\/2023\/08\/07\/vers-la-creation-dune-structure-pour-une-transition-apaisee\/\" \/>\n<meta property=\"og:site_name\" content=\"leprojecteurguinee\" \/>\n<meta property=\"article:published_time\" content=\"2023-08-07T12:51:56+00:00\" \/>\n<meta property=\"article:modified_time\" content=\"2023-08-07T12:51:58+00:00\" \/>\n<meta property=\"og:image\" content=\"https:\/\/www.leprojecteurguinee.com\/wp-content\/uploads\/2023\/08\/WhatsApp-Image-2023-08-07-at-00.42.39-1.jpeg\" \/>\n\t<meta property=\"og:image:width\" content=\"719\" \/>\n\t<meta property=\"og:image:height\" content=\"412\" \/>\n\t<meta property=\"og:image:type\" content=\"image\/jpeg\" \/>\n<meta name=\"author\" content=\"Leprojecteurguinee\" \/>\n<meta name=\"twitter:card\" content=\"summary_large_image\" \/>\n<meta name=\"twitter:label1\" content=\"\u00c9crit par\" \/>\n\t<meta name=\"twitter:data1\" content=\"Leprojecteurguinee\" \/>\n\t<meta name=\"twitter:label2\" content=\"Dur\u00e9e de lecture estim\u00e9e\" \/>\n\t<meta name=\"twitter:data2\" content=\"2 minutes\" \/>\n<script type=\"application\/ld+json\" class=\"yoast-schema-graph\">{\"@context\":\"https:\/\/schema.org\",\"@graph\":[{\"@type\":\"Article\",\"@id\":\"https:\/\/www.leprojecteurguinee.com\/index.php\/2023\/08\/07\/vers-la-creation-dune-structure-pour-une-transition-apaisee\/#article\",\"isPartOf\":{\"@id\":\"https:\/\/www.leprojecteurguinee.com\/index.php\/2023\/08\/07\/vers-la-creation-dune-structure-pour-une-transition-apaisee\/\"},\"author\":{\"name\":\"Leprojecteurguinee\",\"@id\":\"https:\/\/www.leprojecteurguinee.com\/#\/schema\/person\/389671d1a3f0c66e6c91c4a765990c1b\"},\"headline\":\"Vers la cr\u00e9ation d&rsquo;une structure pour une transition apais\u00e9e\",\"datePublished\":\"2023-08-07T12:51:56+00:00\",\"dateModified\":\"2023-08-07T12:51:58+00:00\",\"mainEntityOfPage\":{\"@id\":\"https:\/\/www.leprojecteurguinee.com\/index.php\/2023\/08\/07\/vers-la-creation-dune-structure-pour-une-transition-apaisee\/\"},\"wordCount\":287,\"commentCount\":0,\"image\":{\"@id\":\"https:\/\/www.leprojecteurguinee.com\/index.php\/2023\/08\/07\/vers-la-creation-dune-structure-pour-une-transition-apaisee\/#primaryimage\"},\"thumbnailUrl\":\"https:\/\/www.leprojecteurguinee.com\/wp-content\/uploads\/2023\/08\/WhatsApp-Image-2023-08-07-at-00.42.39-1.jpeg\",\"keywords\":[\"CNRD\",\"Guin\u00e9e\",\"Pedn\"],\"articleSection\":[\"Politique\"],\"inLanguage\":\"fr-FR\",\"potentialAction\":[{\"@type\":\"CommentAction\",\"name\":\"Comment\",\"target\":[\"https:\/\/www.leprojecteurguinee.com\/index.php\/2023\/08\/07\/vers-la-creation-dune-structure-pour-une-transition-apaisee\/#respond\"]}]},{\"@type\":\"WebPage\",\"@id\":\"https:\/\/www.leprojecteurguinee.com\/index.php\/2023\/08\/07\/vers-la-creation-dune-structure-pour-une-transition-apaisee\/\",\"url\":\"https:\/\/www.leprojecteurguinee.com\/index.php\/2023\/08\/07\/vers-la-creation-dune-structure-pour-une-transition-apaisee\/\",\"name\":\"Vers la cr\u00e9ation d'une structure pour une transition apais\u00e9e - leprojecteurguinee\",\"isPartOf\":{\"@id\":\"https:\/\/www.leprojecteurguinee.com\/#website\"},\"primaryImageOfPage\":{\"@id\":\"https:\/\/www.leprojecteurguinee.com\/index.php\/2023\/08\/07\/vers-la-creation-dune-structure-pour-une-transition-apaisee\/#primaryimage\"},\"image\":{\"@id\":\"https:\/\/www.leprojecteurguinee.com\/index.php\/2023\/08\/07\/vers-la-creation-dune-structure-pour-une-transition-apaisee\/#primaryimage\"},\"thumbnailUrl\":\"https:\/\/www.leprojecteurguinee.com\/wp-content\/uploads\/2023\/08\/WhatsApp-Image-2023-08-07-at-00.42.39-1.jpeg\",\"datePublished\":\"2023-08-07T12:51:56+00:00\",\"dateModified\":\"2023-08-07T12:51:58+00:00\",\"author\":{\"@id\":\"https:\/\/www.leprojecteurguinee.com\/#\/schema\/person\/389671d1a3f0c66e6c91c4a765990c1b\"},\"breadcrumb\":{\"@id\":\"https:\/\/www.leprojecteurguinee.com\/index.php\/2023\/08\/07\/vers-la-creation-dune-structure-pour-une-transition-apaisee\/#breadcrumb\"},\"inLanguage\":\"fr-FR\",\"potentialAction\":[{\"@type\":\"ReadAction\",\"target\":[\"https:\/\/www.leprojecteurguinee.com\/index.php\/2023\/08\/07\/vers-la-creation-dune-structure-pour-une-transition-apaisee\/\"]}]},{\"@type\":\"ImageObject\",\"inLanguage\":\"fr-FR\",\"@id\":\"https:\/\/www.leprojecteurguinee.com\/index.php\/2023\/08\/07\/vers-la-creation-dune-structure-pour-une-transition-apaisee\/#primaryimage\",\"url\":\"https:\/\/www.leprojecteurguinee.com\/wp-content\/uploads\/2023\/08\/WhatsApp-Image-2023-08-07-at-00.42.39-1.jpeg\",\"contentUrl\":\"https:\/\/www.leprojecteurguinee.com\/wp-content\/uploads\/2023\/08\/WhatsApp-Image-2023-08-07-at-00.42.39-1.jpeg\",\"width\":719,\"height\":412},{\"@type\":\"BreadcrumbList\",\"@id\":\"https:\/\/www.leprojecteurguinee.com\/index.php\/2023\/08\/07\/vers-la-creation-dune-structure-pour-une-transition-apaisee\/#breadcrumb\",\"itemListElement\":[{\"@type\":\"ListItem\",\"position\":1,\"name\":\"Accueil\",\"item\":\"https:\/\/www.leprojecteurguinee.com\/\"},{\"@type\":\"ListItem\",\"position\":2,\"name\":\"Vers la cr\u00e9ation d&rsquo;une structure pour une transition apais\u00e9e\"}]},{\"@type\":\"WebSite\",\"@id\":\"https:\/\/www.leprojecteurguinee.com\/#website\",\"url\":\"https:\/\/www.leprojecteurguinee.com\/\",\"name\":\"leprojecteurguinee\",\"description\":\"Nous luttons contre les pratiques obscures\",\"potentialAction\":[{\"@type\":\"SearchAction\",\"target\":{\"@type\":\"EntryPoint\",\"urlTemplate\":\"https:\/\/www.leprojecteurguinee.com\/?s={search_term_string}\"},\"query-input\":{\"@type\":\"PropertyValueSpecification\",\"valueRequired\":true,\"valueName\":\"search_term_string\"}}],\"inLanguage\":\"fr-FR\"},{\"@type\":\"Person\",\"@id\":\"https:\/\/www.leprojecteurguinee.com\/#\/schema\/person\/389671d1a3f0c66e6c91c4a765990c1b\",\"name\":\"Leprojecteurguinee\",\"image\":{\"@type\":\"ImageObject\",\"inLanguage\":\"fr-FR\",\"@id\":\"https:\/\/www.leprojecteurguinee.com\/#\/schema\/person\/image\/\",\"url\":\"https:\/\/secure.gravatar.com\/avatar\/c0faa0f472c43eff99fecb0bd2a1c6782e80a162c9fcb7ed2d48bb42ea619f30?s=96&d=mm&r=g\",\"contentUrl\":\"https:\/\/secure.gravatar.com\/avatar\/c0faa0f472c43eff99fecb0bd2a1c6782e80a162c9fcb7ed2d48bb42ea619f30?s=96&d=mm&r=g\",\"caption\":\"Leprojecteurguinee\"},\"sameAs\":[\"https:\/\/www.leprojecteurguinee.com\"],\"url\":\"https:\/\/www.leprojecteurguinee.com\/index.php\/author\/madame\/\"}]}<\/script>\n<!-- \/ Yoast SEO plugin. -->","yoast_head_json":{"title":"Vers la cr\u00e9ation d'une structure pour une transition apais\u00e9e - leprojecteurguinee","robots":{"index":"index","follow":"follow","max-snippet":"max-snippet:-1","max-image-preview":"max-image-preview:large","max-video-preview":"max-video-preview:-1"},"canonical":"https:\/\/www.leprojecteurguinee.com\/index.php\/2023\/08\/07\/vers-la-creation-dune-structure-pour-une-transition-apaisee\/","og_locale":"fr_FR","og_type":"article","og_title":"Vers la cr\u00e9ation d'une structure pour une transition apais\u00e9e - leprojecteurguinee","og_description":"Une importante r\u00e9union a regroup\u00e9 les cadres de plusieurs coalitions politiques le samedi 05 Ao\u00fbt 2023 dans un h\u00f4tel de Conakry.\u00a0Il \u00e9tait question de la cr\u00e9ation d\u2019une nouvelle coalition.\u00a0L\u2019annonce a \u00e9t\u00e9 faite \u00e0 l\u2019issue de cette r\u00e9union par le pr\u00e9sident du\u00a0PEDN,\u00a0Lansana\u00a0Kouyat\u00e9.\u00a0 A l&rsquo;occasion de cette r\u00e9union du samedi, les points qui ont \u00e9t\u00e9 discut\u00e9s concernent [&hellip;]","og_url":"https:\/\/www.leprojecteurguinee.com\/index.php\/2023\/08\/07\/vers-la-creation-dune-structure-pour-une-transition-apaisee\/","og_site_name":"leprojecteurguinee","article_published_time":"2023-08-07T12:51:56+00:00","article_modified_time":"2023-08-07T12:51:58+00:00","og_image":[{"width":719,"height":412,"url":"https:\/\/www.leprojecteurguinee.com\/wp-content\/uploads\/2023\/08\/WhatsApp-Image-2023-08-07-at-00.42.39-1.jpeg","type":"image\/jpeg"}],"author":"Leprojecteurguinee","twitter_card":"summary_large_image","twitter_misc":{"\u00c9crit par":"Leprojecteurguinee","Dur\u00e9e de lecture estim\u00e9e":"2 minutes"},"schema":{"@context":"https:\/\/schema.org","@graph":[{"@type":"Article","@id":"https:\/\/www.leprojecteurguinee.com\/index.php\/2023\/08\/07\/vers-la-creation-dune-structure-pour-une-transition-apaisee\/#article","isPartOf":{"@id":"https:\/\/www.leprojecteurguinee.com\/index.php\/2023\/08\/07\/vers-la-creation-dune-structure-pour-une-transition-apaisee\/"},"author":{"name":"Leprojecteurguinee","@id":"https:\/\/www.leprojecteurguinee.com\/#\/schema\/person\/389671d1a3f0c66e6c91c4a765990c1b"},"headline":"Vers la cr\u00e9ation d&rsquo;une structure pour une transition apais\u00e9e","datePublished":"2023-08-07T12:51:56+00:00","dateModified":"2023-08-07T12:51:58+00:00","mainEntityOfPage":{"@id":"https:\/\/www.leprojecteurguinee.com\/index.php\/2023\/08\/07\/vers-la-creation-dune-structure-pour-une-transition-apaisee\/"},"wordCount":287,"commentCount":0,"image":{"@id":"https:\/\/www.leprojecteurguinee.com\/index.php\/2023\/08\/07\/vers-la-creation-dune-structure-pour-une-transition-apaisee\/#primaryimage"},"thumbnailUrl":"https:\/\/www.leprojecteurguinee.com\/wp-content\/uploads\/2023\/08\/WhatsApp-Image-2023-08-07-at-00.42.39-1.jpeg","keywords":["CNRD","Guin\u00e9e","Pedn"],"articleSection":["Politique"],"inLanguage":"fr-FR","potentialAction":[{"@type":"CommentAction","name":"Comment","target":["https:\/\/www.leprojecteurguinee.com\/index.php\/2023\/08\/07\/vers-la-creation-dune-structure-pour-une-transition-apaisee\/#respond"]}]},{"@type":"WebPage","@id":"https:\/\/www.leprojecteurguinee.com\/index.php\/2023\/08\/07\/vers-la-creation-dune-structure-pour-une-transition-apaisee\/","url":"https:\/\/www.leprojecteurguinee.com\/index.php\/2023\/08\/07\/vers-la-creation-dune-structure-pour-une-transition-apaisee\/","name":"Vers la cr\u00e9ation d'une structure pour une transition apais\u00e9e - leprojecteurguinee","isPartOf":{"@id":"https:\/\/www.leprojecteurguinee.com\/#website"},"primaryImageOfPage":{"@id":"https:\/\/www.leprojecteurguinee.com\/index.php\/2023\/08\/07\/vers-la-creation-dune-structure-pour-une-transition-apaisee\/#primaryimage"},"image":{"@id":"https:\/\/www.leprojecteurguinee.com\/index.php\/2023\/08\/07\/vers-la-creation-dune-structure-pour-une-transition-apaisee\/#primaryimage"},"thumbnailUrl":"https:\/\/www.leprojecteurguinee.com\/wp-content\/uploads\/2023\/08\/WhatsApp-Image-2023-08-07-at-00.42.39-1.jpeg","datePublished":"2023-08-07T12:51:56+00:00","dateModified":"2023-08-07T12:51:58+00:00","author":{"@id":"https:\/\/www.leprojecteurguinee.com\/#\/schema\/person\/389671d1a3f0c66e6c91c4a765990c1b"},"breadcrumb":{"@id":"https:\/\/www.leprojecteurguinee.com\/index.php\/2023\/08\/07\/vers-la-creation-dune-structure-pour-une-transition-apaisee\/#breadcrumb"},"inLanguage":"fr-FR","potentialAction":[{"@type":"ReadAction","target":["https:\/\/www.leprojecteurguinee.com\/index.php\/2023\/08\/07\/vers-la-creation-dune-structure-pour-une-transition-apaisee\/"]}]},{"@type":"ImageObject","inLanguage":"fr-FR","@id":"https:\/\/www.leprojecteurguinee.com\/index.php\/2023\/08\/07\/vers-la-creation-dune-structure-pour-une-transition-apaisee\/#primaryimage","url":"https:\/\/www.leprojecteurguinee.com\/wp-content\/uploads\/2023\/08\/WhatsApp-Image-2023-08-07-at-00.42.39-1.jpeg","contentUrl":"https:\/\/www.leprojecteurguinee.com\/wp-content\/uploads\/2023\/08\/WhatsApp-Image-2023-08-07-at-00.42.39-1.jpeg","width":719,"height":412},{"@type":"BreadcrumbList","@id":"https:\/\/www.leprojecteurguinee.com\/index.php\/2023\/08\/07\/vers-la-creation-dune-structure-pour-une-transition-apaisee\/#breadcrumb","itemListElement":[{"@type":"ListItem","position":1,"name":"Accueil","item":"https:\/\/www.leprojecteurguinee.com\/"},{"@type":"ListItem","position":2,"name":"Vers la cr\u00e9ation d&rsquo;une structure pour une transition apais\u00e9e"}]},{"@type":"WebSite","@id":"https:\/\/www.leprojecteurguinee.com\/#website","url":"https:\/\/www.leprojecteurguinee.com\/","name":"leprojecteurguinee","description":"Nous luttons contre les pratiques obscures","potentialAction":[{"@type":"SearchAction","target":{"@type":"EntryPoint","urlTemplate":"https:\/\/www.leprojecteurguinee.com\/?s={search_term_string}"},"query-input":{"@type":"PropertyValueSpecification","valueRequired":true,"valueName":"search_term_string"}}],"inLanguage":"fr-FR"},{"@type":"Person","@id":"https:\/\/www.leprojecteurguinee.com\/#\/schema\/person\/389671d1a3f0c66e6c91c4a765990c1b","name":"Leprojecteurguinee","image":{"@type":"ImageObject","inLanguage":"fr-FR","@id":"https:\/\/www.leprojecteurguinee.com\/#\/schema\/person\/image\/","url":"https:\/\/secure.gravatar.com\/avatar\/c0faa0f472c43eff99fecb0bd2a1c6782e80a162c9fcb7ed2d48bb42ea619f30?s=96&d=mm&r=g","contentUrl":"https:\/\/secure.gravatar.com\/avatar\/c0faa0f472c43eff99fecb0bd2a1c6782e80a162c9fcb7ed2d48bb42ea619f30?s=96&d=mm&r=g","caption":"Leprojecteurguinee"},"sameAs":["https:\/\/www.leprojecteurguinee.com"],"url":"https:\/\/www.leprojecteurguinee.com\/index.php\/author\/madame\/"}]}},"_links":{"self":[{"href":"https:\/\/www.leprojecteurguinee.com\/index.php\/wp-json\/wp\/v2\/posts\/780","targetHints":{"allow":["GET"]}}],"collection":[{"href":"https:\/\/www.leprojecteurguinee.com\/index.php\/wp-json\/wp\/v2\/posts"}],"about":[{"href":"https:\/\/www.leprojecteurguinee.com\/index.php\/wp-json\/wp\/v2\/types\/post"}],"author":[{"embeddable":true,"href":"https:\/\/www.leprojecteurguinee.com\/index.php\/wp-json\/wp\/v2\/users\/1"}],"replies":[{"embeddable":true,"href":"https:\/\/www.leprojecteurguinee.com\/index.php\/wp-json\/wp\/v2\/comments?post=780"}],"version-history":[{"count":0,"href":"https:\/\/www.leprojecteurguinee.com\/index.php\/wp-json\/wp\/v2\/posts\/780\/revisions"}],"wp:featuredmedia":[{"embeddable":true,"href":"https:\/\/www.leprojecteurguinee.com\/index.php\/wp-json\/wp\/v2\/media\/781"}],"wp:attachment":[{"href":"https:\/\/www.leprojecteurguinee.com\/index.php\/wp-json\/wp\/v2\/media?parent=780"}],"wp:term":[{"taxonomy":"category","embeddable":true,"href":"https:\/\/www.leprojecteurguinee.com\/index.php\/wp-json\/wp\/v2\/categories?post=780"},{"taxonomy":"post_tag","embeddable":true,"href":"https:\/\/www.leprojecteurguinee.com\/index.php\/wp-json\/wp\/v2\/tags?post=780"}],"curies":[{"name":"wp","href":"https:\/\/api.w.org\/{rel}","templated":true}]}}