{"id":695,"date":"2023-07-31T17:18:46","date_gmt":"2023-07-31T15:18:46","guid":{"rendered":"https:\/\/www.leprojecteurguinee.com\/?p=695"},"modified":"2023-07-31T17:28:25","modified_gmt":"2023-07-31T15:28:25","slug":"ousmane-sonko-a-ete-place-sous-mandat-de-depot","status":"publish","type":"post","link":"https:\/\/www.leprojecteurguinee.com\/index.php\/2023\/07\/31\/ousmane-sonko-a-ete-place-sous-mandat-de-depot\/","title":{"rendered":"Ousmane Sonko a \u00e9t\u00e9 plac\u00e9 sous mandat de d\u00e9p\u00f4t"},"content":{"rendered":"\n<p>Au S\u00e9n\u00e9gal, le doyen des juges d\u2019instruction a suivi le r\u00e9quisitoire du procureur de la R\u00e9publique qui r\u00e9clamait un mandat de d\u00e9p\u00f4t au vu des charges retenues dont l\u2019appel \u00e0 l\u2019insurrection, complot contre la s\u00e9curit\u00e9 de l\u2019Etat, association de malfaiteurs en lien avec une entreprise terroriste. Ainsi, Ousmane Sonko a \u00e9t\u00e9 plac\u00e9 sous mandat de d\u00e9p\u00f4t. <br><br>Le maire de Ziguinchor a \u00e9t\u00e9 arr\u00eat\u00e9 vendredi pour avoir confisqu\u00e9 le t\u00e9l\u00e9phone portable d\u2019une femme gendarme qu\u2019il soup\u00e7onnait de l\u2019avoir film\u00e9 \u00e0 son insu avant de faire un post Facebook qualifi\u00e9 d\u2019appel \u00e0 l\u2019insurrection. En garde \u00e0 vue \u00e0 la Brigade des affaires g\u00e9n\u00e9rales, il avait opt\u00e9 pour le silence. M\u00eame strat\u00e9gie op\u00e9r\u00e9e devant le doyen des juges, en pr\u00e9sence de ses avocats.<br><br>Auparavant, des manifestations ont eu lieu dans la capitale ainsi qu\u2019\u00e0 Ziguinchor. La circulation a \u00e9t\u00e9 perturb\u00e9e pendant un moment aussi bien sur l\u2019autoroute \u00e0 p\u00e9age que sur le TER.<\/p>\n","protected":false},"excerpt":{"rendered":"<p>Au S\u00e9n\u00e9gal, le doyen des juges d\u2019instruction a suivi le r\u00e9quisitoire du procureur de la R\u00e9publique qui r\u00e9clamait un mandat de d\u00e9p\u00f4t au vu des charges retenues dont l\u2019appel \u00e0 l\u2019insurrection, complot contre la s\u00e9curit\u00e9 de l\u2019Etat, association de malfaiteurs en lien avec une entreprise terroriste. Ainsi, Ousmane Sonko a \u00e9t\u00e9 plac\u00e9 sous mandat de [&hellip;]<\/p>\n","protected":false},"author":1,"featured_media":697,"comment_status":"open","ping_status":"open","sticky":false,"template":"","format":"standard","meta":{"footnotes":""},"categories":[32],"tags":[28,27,26],"class_list":["post-695","post","type-post","status-publish","format-standard","has-post-thumbnail","hentry","category-monde","tag-macky-sall","tag-ousmane-sonko","tag-senegal"],"yoast_head":"<!-- This site is optimized with the Yoast SEO plugin v26.8 - https:\/\/yoast.com\/product\/yoast-seo-wordpress\/ -->\n<title>Ousmane Sonko a \u00e9t\u00e9 plac\u00e9 sous mandat de d\u00e9p\u00f4t - leprojecteurguinee<\/title>\n<meta name=\"robots\" content=\"index, follow, max-snippet:-1, max-image-preview:large, max-video-preview:-1\" \/>\n<link rel=\"canonical\" href=\"https:\/\/www.leprojecteurguinee.com\/index.php\/2023\/07\/31\/ousmane-sonko-a-ete-place-sous-mandat-de-depot\/\" \/>\n<meta property=\"og:locale\" content=\"fr_FR\" \/>\n<meta property=\"og:type\" content=\"article\" \/>\n<meta property=\"og:title\" content=\"Ousmane Sonko a \u00e9t\u00e9 plac\u00e9 sous mandat de d\u00e9p\u00f4t - leprojecteurguinee\" \/>\n<meta property=\"og:description\" content=\"Au S\u00e9n\u00e9gal, le doyen des juges d\u2019instruction a suivi le r\u00e9quisitoire du procureur de la R\u00e9publique qui r\u00e9clamait un mandat de d\u00e9p\u00f4t au vu des charges retenues dont l\u2019appel \u00e0 l\u2019insurrection, complot contre la s\u00e9curit\u00e9 de l\u2019Etat, association de malfaiteurs en lien avec une entreprise terroriste. Ainsi, Ousmane Sonko a \u00e9t\u00e9 plac\u00e9 sous mandat de [&hellip;]\" \/>\n<meta property=\"og:url\" content=\"https:\/\/www.leprojecteurguinee.com\/index.php\/2023\/07\/31\/ousmane-sonko-a-ete-place-sous-mandat-de-depot\/\" \/>\n<meta property=\"og:site_name\" content=\"leprojecteurguinee\" \/>\n<meta property=\"article:published_time\" content=\"2023-07-31T15:18:46+00:00\" \/>\n<meta property=\"article:modified_time\" content=\"2023-07-31T15:28:25+00:00\" \/>\n<meta property=\"og:image\" content=\"https:\/\/www.leprojecteurguinee.com\/wp-content\/uploads\/2023\/07\/20230728_170422-1.jpg\" \/>\n\t<meta property=\"og:image:width\" content=\"980\" \/>\n\t<meta property=\"og:image:height\" content=\"551\" \/>\n\t<meta property=\"og:image:type\" content=\"image\/jpeg\" \/>\n<meta name=\"author\" content=\"Leprojecteurguinee\" \/>\n<meta name=\"twitter:card\" content=\"summary_large_image\" \/>\n<meta name=\"twitter:label1\" content=\"\u00c9crit par\" \/>\n\t<meta name=\"twitter:data1\" content=\"Leprojecteurguinee\" \/>\n\t<meta name=\"twitter:label2\" content=\"Dur\u00e9e de lecture estim\u00e9e\" \/>\n\t<meta name=\"twitter:data2\" content=\"1 minute\" \/>\n<script type=\"application\/ld+json\" class=\"yoast-schema-graph\">{\"@context\":\"https:\/\/schema.org\",\"@graph\":[{\"@type\":\"Article\",\"@id\":\"https:\/\/www.leprojecteurguinee.com\/index.php\/2023\/07\/31\/ousmane-sonko-a-ete-place-sous-mandat-de-depot\/#article\",\"isPartOf\":{\"@id\":\"https:\/\/www.leprojecteurguinee.com\/index.php\/2023\/07\/31\/ousmane-sonko-a-ete-place-sous-mandat-de-depot\/\"},\"author\":{\"name\":\"Leprojecteurguinee\",\"@id\":\"https:\/\/www.leprojecteurguinee.com\/#\/schema\/person\/389671d1a3f0c66e6c91c4a765990c1b\"},\"headline\":\"Ousmane Sonko a \u00e9t\u00e9 plac\u00e9 sous mandat de d\u00e9p\u00f4t\",\"datePublished\":\"2023-07-31T15:18:46+00:00\",\"dateModified\":\"2023-07-31T15:28:25+00:00\",\"mainEntityOfPage\":{\"@id\":\"https:\/\/www.leprojecteurguinee.com\/index.php\/2023\/07\/31\/ousmane-sonko-a-ete-place-sous-mandat-de-depot\/\"},\"wordCount\":188,\"commentCount\":0,\"image\":{\"@id\":\"https:\/\/www.leprojecteurguinee.com\/index.php\/2023\/07\/31\/ousmane-sonko-a-ete-place-sous-mandat-de-depot\/#primaryimage\"},\"thumbnailUrl\":\"https:\/\/www.leprojecteurguinee.com\/wp-content\/uploads\/2023\/07\/20230728_170422-1.jpg\",\"keywords\":[\"Macky Sall\",\"Ousmane Sonko\",\"S\u00e9n\u00e9gal\"],\"articleSection\":[\"Monde\"],\"inLanguage\":\"fr-FR\",\"potentialAction\":[{\"@type\":\"CommentAction\",\"name\":\"Comment\",\"target\":[\"https:\/\/www.leprojecteurguinee.com\/index.php\/2023\/07\/31\/ousmane-sonko-a-ete-place-sous-mandat-de-depot\/#respond\"]}]},{\"@type\":\"WebPage\",\"@id\":\"https:\/\/www.leprojecteurguinee.com\/index.php\/2023\/07\/31\/ousmane-sonko-a-ete-place-sous-mandat-de-depot\/\",\"url\":\"https:\/\/www.leprojecteurguinee.com\/index.php\/2023\/07\/31\/ousmane-sonko-a-ete-place-sous-mandat-de-depot\/\",\"name\":\"Ousmane Sonko a \u00e9t\u00e9 plac\u00e9 sous mandat de d\u00e9p\u00f4t - leprojecteurguinee\",\"isPartOf\":{\"@id\":\"https:\/\/www.leprojecteurguinee.com\/#website\"},\"primaryImageOfPage\":{\"@id\":\"https:\/\/www.leprojecteurguinee.com\/index.php\/2023\/07\/31\/ousmane-sonko-a-ete-place-sous-mandat-de-depot\/#primaryimage\"},\"image\":{\"@id\":\"https:\/\/www.leprojecteurguinee.com\/index.php\/2023\/07\/31\/ousmane-sonko-a-ete-place-sous-mandat-de-depot\/#primaryimage\"},\"thumbnailUrl\":\"https:\/\/www.leprojecteurguinee.com\/wp-content\/uploads\/2023\/07\/20230728_170422-1.jpg\",\"datePublished\":\"2023-07-31T15:18:46+00:00\",\"dateModified\":\"2023-07-31T15:28:25+00:00\",\"author\":{\"@id\":\"https:\/\/www.leprojecteurguinee.com\/#\/schema\/person\/389671d1a3f0c66e6c91c4a765990c1b\"},\"breadcrumb\":{\"@id\":\"https:\/\/www.leprojecteurguinee.com\/index.php\/2023\/07\/31\/ousmane-sonko-a-ete-place-sous-mandat-de-depot\/#breadcrumb\"},\"inLanguage\":\"fr-FR\",\"potentialAction\":[{\"@type\":\"ReadAction\",\"target\":[\"https:\/\/www.leprojecteurguinee.com\/index.php\/2023\/07\/31\/ousmane-sonko-a-ete-place-sous-mandat-de-depot\/\"]}]},{\"@type\":\"ImageObject\",\"inLanguage\":\"fr-FR\",\"@id\":\"https:\/\/www.leprojecteurguinee.com\/index.php\/2023\/07\/31\/ousmane-sonko-a-ete-place-sous-mandat-de-depot\/#primaryimage\",\"url\":\"https:\/\/www.leprojecteurguinee.com\/wp-content\/uploads\/2023\/07\/20230728_170422-1.jpg\",\"contentUrl\":\"https:\/\/www.leprojecteurguinee.com\/wp-content\/uploads\/2023\/07\/20230728_170422-1.jpg\",\"width\":980,\"height\":551},{\"@type\":\"BreadcrumbList\",\"@id\":\"https:\/\/www.leprojecteurguinee.com\/index.php\/2023\/07\/31\/ousmane-sonko-a-ete-place-sous-mandat-de-depot\/#breadcrumb\",\"itemListElement\":[{\"@type\":\"ListItem\",\"position\":1,\"name\":\"Accueil\",\"item\":\"https:\/\/www.leprojecteurguinee.com\/\"},{\"@type\":\"ListItem\",\"position\":2,\"name\":\"Ousmane Sonko a \u00e9t\u00e9 plac\u00e9 sous mandat de d\u00e9p\u00f4t\"}]},{\"@type\":\"WebSite\",\"@id\":\"https:\/\/www.leprojecteurguinee.com\/#website\",\"url\":\"https:\/\/www.leprojecteurguinee.com\/\",\"name\":\"leprojecteurguinee\",\"description\":\"Nous luttons contre les pratiques obscures\",\"potentialAction\":[{\"@type\":\"SearchAction\",\"target\":{\"@type\":\"EntryPoint\",\"urlTemplate\":\"https:\/\/www.leprojecteurguinee.com\/?s={search_term_string}\"},\"query-input\":{\"@type\":\"PropertyValueSpecification\",\"valueRequired\":true,\"valueName\":\"search_term_string\"}}],\"inLanguage\":\"fr-FR\"},{\"@type\":\"Person\",\"@id\":\"https:\/\/www.leprojecteurguinee.com\/#\/schema\/person\/389671d1a3f0c66e6c91c4a765990c1b\",\"name\":\"Leprojecteurguinee\",\"image\":{\"@type\":\"ImageObject\",\"inLanguage\":\"fr-FR\",\"@id\":\"https:\/\/www.leprojecteurguinee.com\/#\/schema\/person\/image\/\",\"url\":\"https:\/\/secure.gravatar.com\/avatar\/c0faa0f472c43eff99fecb0bd2a1c6782e80a162c9fcb7ed2d48bb42ea619f30?s=96&d=mm&r=g\",\"contentUrl\":\"https:\/\/secure.gravatar.com\/avatar\/c0faa0f472c43eff99fecb0bd2a1c6782e80a162c9fcb7ed2d48bb42ea619f30?s=96&d=mm&r=g\",\"caption\":\"Leprojecteurguinee\"},\"sameAs\":[\"https:\/\/www.leprojecteurguinee.com\"],\"url\":\"https:\/\/www.leprojecteurguinee.com\/index.php\/author\/madame\/\"}]}<\/script>\n<!-- \/ Yoast SEO plugin. -->","yoast_head_json":{"title":"Ousmane Sonko a \u00e9t\u00e9 plac\u00e9 sous mandat de d\u00e9p\u00f4t - leprojecteurguinee","robots":{"index":"index","follow":"follow","max-snippet":"max-snippet:-1","max-image-preview":"max-image-preview:large","max-video-preview":"max-video-preview:-1"},"canonical":"https:\/\/www.leprojecteurguinee.com\/index.php\/2023\/07\/31\/ousmane-sonko-a-ete-place-sous-mandat-de-depot\/","og_locale":"fr_FR","og_type":"article","og_title":"Ousmane Sonko a \u00e9t\u00e9 plac\u00e9 sous mandat de d\u00e9p\u00f4t - leprojecteurguinee","og_description":"Au S\u00e9n\u00e9gal, le doyen des juges d\u2019instruction a suivi le r\u00e9quisitoire du procureur de la R\u00e9publique qui r\u00e9clamait un mandat de d\u00e9p\u00f4t au vu des charges retenues dont l\u2019appel \u00e0 l\u2019insurrection, complot contre la s\u00e9curit\u00e9 de l\u2019Etat, association de malfaiteurs en lien avec une entreprise terroriste. Ainsi, Ousmane Sonko a \u00e9t\u00e9 plac\u00e9 sous mandat de [&hellip;]","og_url":"https:\/\/www.leprojecteurguinee.com\/index.php\/2023\/07\/31\/ousmane-sonko-a-ete-place-sous-mandat-de-depot\/","og_site_name":"leprojecteurguinee","article_published_time":"2023-07-31T15:18:46+00:00","article_modified_time":"2023-07-31T15:28:25+00:00","og_image":[{"width":980,"height":551,"url":"https:\/\/www.leprojecteurguinee.com\/wp-content\/uploads\/2023\/07\/20230728_170422-1.jpg","type":"image\/jpeg"}],"author":"Leprojecteurguinee","twitter_card":"summary_large_image","twitter_misc":{"\u00c9crit par":"Leprojecteurguinee","Dur\u00e9e de lecture estim\u00e9e":"1 minute"},"schema":{"@context":"https:\/\/schema.org","@graph":[{"@type":"Article","@id":"https:\/\/www.leprojecteurguinee.com\/index.php\/2023\/07\/31\/ousmane-sonko-a-ete-place-sous-mandat-de-depot\/#article","isPartOf":{"@id":"https:\/\/www.leprojecteurguinee.com\/index.php\/2023\/07\/31\/ousmane-sonko-a-ete-place-sous-mandat-de-depot\/"},"author":{"name":"Leprojecteurguinee","@id":"https:\/\/www.leprojecteurguinee.com\/#\/schema\/person\/389671d1a3f0c66e6c91c4a765990c1b"},"headline":"Ousmane Sonko a \u00e9t\u00e9 plac\u00e9 sous mandat de d\u00e9p\u00f4t","datePublished":"2023-07-31T15:18:46+00:00","dateModified":"2023-07-31T15:28:25+00:00","mainEntityOfPage":{"@id":"https:\/\/www.leprojecteurguinee.com\/index.php\/2023\/07\/31\/ousmane-sonko-a-ete-place-sous-mandat-de-depot\/"},"wordCount":188,"commentCount":0,"image":{"@id":"https:\/\/www.leprojecteurguinee.com\/index.php\/2023\/07\/31\/ousmane-sonko-a-ete-place-sous-mandat-de-depot\/#primaryimage"},"thumbnailUrl":"https:\/\/www.leprojecteurguinee.com\/wp-content\/uploads\/2023\/07\/20230728_170422-1.jpg","keywords":["Macky Sall","Ousmane Sonko","S\u00e9n\u00e9gal"],"articleSection":["Monde"],"inLanguage":"fr-FR","potentialAction":[{"@type":"CommentAction","name":"Comment","target":["https:\/\/www.leprojecteurguinee.com\/index.php\/2023\/07\/31\/ousmane-sonko-a-ete-place-sous-mandat-de-depot\/#respond"]}]},{"@type":"WebPage","@id":"https:\/\/www.leprojecteurguinee.com\/index.php\/2023\/07\/31\/ousmane-sonko-a-ete-place-sous-mandat-de-depot\/","url":"https:\/\/www.leprojecteurguinee.com\/index.php\/2023\/07\/31\/ousmane-sonko-a-ete-place-sous-mandat-de-depot\/","name":"Ousmane Sonko a \u00e9t\u00e9 plac\u00e9 sous mandat de d\u00e9p\u00f4t - leprojecteurguinee","isPartOf":{"@id":"https:\/\/www.leprojecteurguinee.com\/#website"},"primaryImageOfPage":{"@id":"https:\/\/www.leprojecteurguinee.com\/index.php\/2023\/07\/31\/ousmane-sonko-a-ete-place-sous-mandat-de-depot\/#primaryimage"},"image":{"@id":"https:\/\/www.leprojecteurguinee.com\/index.php\/2023\/07\/31\/ousmane-sonko-a-ete-place-sous-mandat-de-depot\/#primaryimage"},"thumbnailUrl":"https:\/\/www.leprojecteurguinee.com\/wp-content\/uploads\/2023\/07\/20230728_170422-1.jpg","datePublished":"2023-07-31T15:18:46+00:00","dateModified":"2023-07-31T15:28:25+00:00","author":{"@id":"https:\/\/www.leprojecteurguinee.com\/#\/schema\/person\/389671d1a3f0c66e6c91c4a765990c1b"},"breadcrumb":{"@id":"https:\/\/www.leprojecteurguinee.com\/index.php\/2023\/07\/31\/ousmane-sonko-a-ete-place-sous-mandat-de-depot\/#breadcrumb"},"inLanguage":"fr-FR","potentialAction":[{"@type":"ReadAction","target":["https:\/\/www.leprojecteurguinee.com\/index.php\/2023\/07\/31\/ousmane-sonko-a-ete-place-sous-mandat-de-depot\/"]}]},{"@type":"ImageObject","inLanguage":"fr-FR","@id":"https:\/\/www.leprojecteurguinee.com\/index.php\/2023\/07\/31\/ousmane-sonko-a-ete-place-sous-mandat-de-depot\/#primaryimage","url":"https:\/\/www.leprojecteurguinee.com\/wp-content\/uploads\/2023\/07\/20230728_170422-1.jpg","contentUrl":"https:\/\/www.leprojecteurguinee.com\/wp-content\/uploads\/2023\/07\/20230728_170422-1.jpg","width":980,"height":551},{"@type":"BreadcrumbList","@id":"https:\/\/www.leprojecteurguinee.com\/index.php\/2023\/07\/31\/ousmane-sonko-a-ete-place-sous-mandat-de-depot\/#breadcrumb","itemListElement":[{"@type":"ListItem","position":1,"name":"Accueil","item":"https:\/\/www.leprojecteurguinee.com\/"},{"@type":"ListItem","position":2,"name":"Ousmane Sonko a \u00e9t\u00e9 plac\u00e9 sous mandat de d\u00e9p\u00f4t"}]},{"@type":"WebSite","@id":"https:\/\/www.leprojecteurguinee.com\/#website","url":"https:\/\/www.leprojecteurguinee.com\/","name":"leprojecteurguinee","description":"Nous luttons contre les pratiques obscures","potentialAction":[{"@type":"SearchAction","target":{"@type":"EntryPoint","urlTemplate":"https:\/\/www.leprojecteurguinee.com\/?s={search_term_string}"},"query-input":{"@type":"PropertyValueSpecification","valueRequired":true,"valueName":"search_term_string"}}],"inLanguage":"fr-FR"},{"@type":"Person","@id":"https:\/\/www.leprojecteurguinee.com\/#\/schema\/person\/389671d1a3f0c66e6c91c4a765990c1b","name":"Leprojecteurguinee","image":{"@type":"ImageObject","inLanguage":"fr-FR","@id":"https:\/\/www.leprojecteurguinee.com\/#\/schema\/person\/image\/","url":"https:\/\/secure.gravatar.com\/avatar\/c0faa0f472c43eff99fecb0bd2a1c6782e80a162c9fcb7ed2d48bb42ea619f30?s=96&d=mm&r=g","contentUrl":"https:\/\/secure.gravatar.com\/avatar\/c0faa0f472c43eff99fecb0bd2a1c6782e80a162c9fcb7ed2d48bb42ea619f30?s=96&d=mm&r=g","caption":"Leprojecteurguinee"},"sameAs":["https:\/\/www.leprojecteurguinee.com"],"url":"https:\/\/www.leprojecteurguinee.com\/index.php\/author\/madame\/"}]}},"_links":{"self":[{"href":"https:\/\/www.leprojecteurguinee.com\/index.php\/wp-json\/wp\/v2\/posts\/695","targetHints":{"allow":["GET"]}}],"collection":[{"href":"https:\/\/www.leprojecteurguinee.com\/index.php\/wp-json\/wp\/v2\/posts"}],"about":[{"href":"https:\/\/www.leprojecteurguinee.com\/index.php\/wp-json\/wp\/v2\/types\/post"}],"author":[{"embeddable":true,"href":"https:\/\/www.leprojecteurguinee.com\/index.php\/wp-json\/wp\/v2\/users\/1"}],"replies":[{"embeddable":true,"href":"https:\/\/www.leprojecteurguinee.com\/index.php\/wp-json\/wp\/v2\/comments?post=695"}],"version-history":[{"count":0,"href":"https:\/\/www.leprojecteurguinee.com\/index.php\/wp-json\/wp\/v2\/posts\/695\/revisions"}],"wp:featuredmedia":[{"embeddable":true,"href":"https:\/\/www.leprojecteurguinee.com\/index.php\/wp-json\/wp\/v2\/media\/697"}],"wp:attachment":[{"href":"https:\/\/www.leprojecteurguinee.com\/index.php\/wp-json\/wp\/v2\/media?parent=695"}],"wp:term":[{"taxonomy":"category","embeddable":true,"href":"https:\/\/www.leprojecteurguinee.com\/index.php\/wp-json\/wp\/v2\/categories?post=695"},{"taxonomy":"post_tag","embeddable":true,"href":"https:\/\/www.leprojecteurguinee.com\/index.php\/wp-json\/wp\/v2\/tags?post=695"}],"curies":[{"name":"wp","href":"https:\/\/api.w.org\/{rel}","templated":true}]}}