{"id":671,"date":"2023-07-29T19:51:25","date_gmt":"2023-07-29T17:51:25","guid":{"rendered":"https:\/\/www.leprojecteurguinee.com\/?p=671"},"modified":"2023-07-29T19:53:36","modified_gmt":"2023-07-29T17:53:36","slug":"les-bleues-rendent-hommage-a-wendie-renard-cest-notre-soldat-cest-limage-de-la-france","status":"publish","type":"post","link":"https:\/\/www.leprojecteurguinee.com\/index.php\/2023\/07\/29\/les-bleues-rendent-hommage-a-wendie-renard-cest-notre-soldat-cest-limage-de-la-france\/","title":{"rendered":"Les Bleues rendent hommage \u00e0 Wendie Renard\u00a0: \u00ab\u00a0C&rsquo;est notre soldat, c&rsquo;est l&rsquo;image de la France\u00a0\u00bb"},"content":{"rendered":"\n<p>Incertaine en raison d&rsquo;une blessure au mollet gauche, Wendie Renard a pu tenir sa place et disputer plus de 90 minutes contre le Br\u00e9sil, samedi (2-1). Elle a marqu\u00e9 le but de la victoire et \u00e9pat\u00e9 ses co\u00e9quipi\u00e8res ainsi que son s\u00e9lectionneur.<\/p>\n\n\n\n<p><br>Gr\u00e2ce \u00e0 sa victoire sur le Br\u00e9sil (2-1) ce samedi, l&rsquo;\u00e9quipe de France s&rsquo;est empar\u00e9e de la premi\u00e8re place du groupe\u00a0F. Elle a d\u00e9sormais de bonnes chances de voir les huiti\u00e8mes de finale<\/p>\n","protected":false},"excerpt":{"rendered":"<p>Incertaine en raison d&rsquo;une blessure au mollet gauche, Wendie Renard a pu tenir sa place et disputer plus de 90 minutes contre le Br\u00e9sil, samedi (2-1). Elle a marqu\u00e9 le but de la victoire et \u00e9pat\u00e9 ses co\u00e9quipi\u00e8res ainsi que son s\u00e9lectionneur. Gr\u00e2ce \u00e0 sa victoire sur le Br\u00e9sil (2-1) ce samedi, l&rsquo;\u00e9quipe de France [&hellip;]<\/p>\n","protected":false},"author":1,"featured_media":670,"comment_status":"open","ping_status":"open","sticky":false,"template":"","format":"standard","meta":{"footnotes":""},"categories":[6],"tags":[103,157],"class_list":["post-671","post","type-post","status-publish","format-standard","has-post-thumbnail","hentry","category-sport","tag-football","tag-wendie-renard"],"yoast_head":"<!-- This site is optimized with the Yoast SEO plugin v26.8 - https:\/\/yoast.com\/product\/yoast-seo-wordpress\/ -->\n<title>Les Bleues rendent hommage \u00e0 Wendie Renard\u00a0: \u00ab\u00a0C&#039;est notre soldat, c&#039;est l&#039;image de la France\u00a0\u00bb - leprojecteurguinee<\/title>\n<meta name=\"robots\" content=\"index, follow, max-snippet:-1, max-image-preview:large, max-video-preview:-1\" \/>\n<link rel=\"canonical\" href=\"https:\/\/www.leprojecteurguinee.com\/index.php\/2023\/07\/29\/les-bleues-rendent-hommage-a-wendie-renard-cest-notre-soldat-cest-limage-de-la-france\/\" \/>\n<meta property=\"og:locale\" content=\"fr_FR\" \/>\n<meta property=\"og:type\" content=\"article\" \/>\n<meta property=\"og:title\" content=\"Les Bleues rendent hommage \u00e0 Wendie Renard\u00a0: \u00ab\u00a0C&#039;est notre soldat, c&#039;est l&#039;image de la France\u00a0\u00bb - leprojecteurguinee\" \/>\n<meta property=\"og:description\" content=\"Incertaine en raison d&rsquo;une blessure au mollet gauche, Wendie Renard a pu tenir sa place et disputer plus de 90 minutes contre le Br\u00e9sil, samedi (2-1). Elle a marqu\u00e9 le but de la victoire et \u00e9pat\u00e9 ses co\u00e9quipi\u00e8res ainsi que son s\u00e9lectionneur. Gr\u00e2ce \u00e0 sa victoire sur le Br\u00e9sil (2-1) ce samedi, l&rsquo;\u00e9quipe de France [&hellip;]\" \/>\n<meta property=\"og:url\" content=\"https:\/\/www.leprojecteurguinee.com\/index.php\/2023\/07\/29\/les-bleues-rendent-hommage-a-wendie-renard-cest-notre-soldat-cest-limage-de-la-france\/\" \/>\n<meta property=\"og:site_name\" content=\"leprojecteurguinee\" \/>\n<meta property=\"article:published_time\" content=\"2023-07-29T17:51:25+00:00\" \/>\n<meta property=\"article:modified_time\" content=\"2023-07-29T17:53:36+00:00\" \/>\n<meta property=\"og:image\" content=\"https:\/\/www.leprojecteurguinee.com\/wp-content\/uploads\/2023\/07\/Screenshot_20230729_175240_Twitter.jpg\" \/>\n\t<meta property=\"og:image:width\" content=\"719\" \/>\n\t<meta property=\"og:image:height\" content=\"477\" \/>\n\t<meta property=\"og:image:type\" content=\"image\/jpeg\" \/>\n<meta name=\"author\" content=\"Leprojecteurguinee\" \/>\n<meta name=\"twitter:card\" content=\"summary_large_image\" \/>\n<meta name=\"twitter:label1\" content=\"\u00c9crit par\" \/>\n\t<meta name=\"twitter:data1\" content=\"Leprojecteurguinee\" \/>\n<script type=\"application\/ld+json\" class=\"yoast-schema-graph\">{\"@context\":\"https:\/\/schema.org\",\"@graph\":[{\"@type\":\"Article\",\"@id\":\"https:\/\/www.leprojecteurguinee.com\/index.php\/2023\/07\/29\/les-bleues-rendent-hommage-a-wendie-renard-cest-notre-soldat-cest-limage-de-la-france\/#article\",\"isPartOf\":{\"@id\":\"https:\/\/www.leprojecteurguinee.com\/index.php\/2023\/07\/29\/les-bleues-rendent-hommage-a-wendie-renard-cest-notre-soldat-cest-limage-de-la-france\/\"},\"author\":{\"name\":\"Leprojecteurguinee\",\"@id\":\"https:\/\/www.leprojecteurguinee.com\/#\/schema\/person\/389671d1a3f0c66e6c91c4a765990c1b\"},\"headline\":\"Les Bleues rendent hommage \u00e0 Wendie Renard\u00a0: \u00ab\u00a0C&rsquo;est notre soldat, c&rsquo;est l&rsquo;image de la France\u00a0\u00bb\",\"datePublished\":\"2023-07-29T17:51:25+00:00\",\"dateModified\":\"2023-07-29T17:53:36+00:00\",\"mainEntityOfPage\":{\"@id\":\"https:\/\/www.leprojecteurguinee.com\/index.php\/2023\/07\/29\/les-bleues-rendent-hommage-a-wendie-renard-cest-notre-soldat-cest-limage-de-la-france\/\"},\"wordCount\":104,\"commentCount\":0,\"image\":{\"@id\":\"https:\/\/www.leprojecteurguinee.com\/index.php\/2023\/07\/29\/les-bleues-rendent-hommage-a-wendie-renard-cest-notre-soldat-cest-limage-de-la-france\/#primaryimage\"},\"thumbnailUrl\":\"https:\/\/www.leprojecteurguinee.com\/wp-content\/uploads\/2023\/07\/Screenshot_20230729_175240_Twitter.jpg\",\"keywords\":[\"Football\",\"Wendie Renard\"],\"articleSection\":[\"Sport\"],\"inLanguage\":\"fr-FR\",\"potentialAction\":[{\"@type\":\"CommentAction\",\"name\":\"Comment\",\"target\":[\"https:\/\/www.leprojecteurguinee.com\/index.php\/2023\/07\/29\/les-bleues-rendent-hommage-a-wendie-renard-cest-notre-soldat-cest-limage-de-la-france\/#respond\"]}]},{\"@type\":\"WebPage\",\"@id\":\"https:\/\/www.leprojecteurguinee.com\/index.php\/2023\/07\/29\/les-bleues-rendent-hommage-a-wendie-renard-cest-notre-soldat-cest-limage-de-la-france\/\",\"url\":\"https:\/\/www.leprojecteurguinee.com\/index.php\/2023\/07\/29\/les-bleues-rendent-hommage-a-wendie-renard-cest-notre-soldat-cest-limage-de-la-france\/\",\"name\":\"Les Bleues rendent hommage \u00e0 Wendie Renard\u00a0: \u00ab\u00a0C'est notre soldat, c'est l'image de la France\u00a0\u00bb - leprojecteurguinee\",\"isPartOf\":{\"@id\":\"https:\/\/www.leprojecteurguinee.com\/#website\"},\"primaryImageOfPage\":{\"@id\":\"https:\/\/www.leprojecteurguinee.com\/index.php\/2023\/07\/29\/les-bleues-rendent-hommage-a-wendie-renard-cest-notre-soldat-cest-limage-de-la-france\/#primaryimage\"},\"image\":{\"@id\":\"https:\/\/www.leprojecteurguinee.com\/index.php\/2023\/07\/29\/les-bleues-rendent-hommage-a-wendie-renard-cest-notre-soldat-cest-limage-de-la-france\/#primaryimage\"},\"thumbnailUrl\":\"https:\/\/www.leprojecteurguinee.com\/wp-content\/uploads\/2023\/07\/Screenshot_20230729_175240_Twitter.jpg\",\"datePublished\":\"2023-07-29T17:51:25+00:00\",\"dateModified\":\"2023-07-29T17:53:36+00:00\",\"author\":{\"@id\":\"https:\/\/www.leprojecteurguinee.com\/#\/schema\/person\/389671d1a3f0c66e6c91c4a765990c1b\"},\"breadcrumb\":{\"@id\":\"https:\/\/www.leprojecteurguinee.com\/index.php\/2023\/07\/29\/les-bleues-rendent-hommage-a-wendie-renard-cest-notre-soldat-cest-limage-de-la-france\/#breadcrumb\"},\"inLanguage\":\"fr-FR\",\"potentialAction\":[{\"@type\":\"ReadAction\",\"target\":[\"https:\/\/www.leprojecteurguinee.com\/index.php\/2023\/07\/29\/les-bleues-rendent-hommage-a-wendie-renard-cest-notre-soldat-cest-limage-de-la-france\/\"]}]},{\"@type\":\"ImageObject\",\"inLanguage\":\"fr-FR\",\"@id\":\"https:\/\/www.leprojecteurguinee.com\/index.php\/2023\/07\/29\/les-bleues-rendent-hommage-a-wendie-renard-cest-notre-soldat-cest-limage-de-la-france\/#primaryimage\",\"url\":\"https:\/\/www.leprojecteurguinee.com\/wp-content\/uploads\/2023\/07\/Screenshot_20230729_175240_Twitter.jpg\",\"contentUrl\":\"https:\/\/www.leprojecteurguinee.com\/wp-content\/uploads\/2023\/07\/Screenshot_20230729_175240_Twitter.jpg\",\"width\":719,\"height\":477},{\"@type\":\"BreadcrumbList\",\"@id\":\"https:\/\/www.leprojecteurguinee.com\/index.php\/2023\/07\/29\/les-bleues-rendent-hommage-a-wendie-renard-cest-notre-soldat-cest-limage-de-la-france\/#breadcrumb\",\"itemListElement\":[{\"@type\":\"ListItem\",\"position\":1,\"name\":\"Accueil\",\"item\":\"https:\/\/www.leprojecteurguinee.com\/\"},{\"@type\":\"ListItem\",\"position\":2,\"name\":\"Les Bleues rendent hommage \u00e0 Wendie Renard\u00a0: \u00ab\u00a0C&rsquo;est notre soldat, c&rsquo;est l&rsquo;image de la France\u00a0\u00bb\"}]},{\"@type\":\"WebSite\",\"@id\":\"https:\/\/www.leprojecteurguinee.com\/#website\",\"url\":\"https:\/\/www.leprojecteurguinee.com\/\",\"name\":\"leprojecteurguinee\",\"description\":\"Nous luttons contre les pratiques obscures\",\"potentialAction\":[{\"@type\":\"SearchAction\",\"target\":{\"@type\":\"EntryPoint\",\"urlTemplate\":\"https:\/\/www.leprojecteurguinee.com\/?s={search_term_string}\"},\"query-input\":{\"@type\":\"PropertyValueSpecification\",\"valueRequired\":true,\"valueName\":\"search_term_string\"}}],\"inLanguage\":\"fr-FR\"},{\"@type\":\"Person\",\"@id\":\"https:\/\/www.leprojecteurguinee.com\/#\/schema\/person\/389671d1a3f0c66e6c91c4a765990c1b\",\"name\":\"Leprojecteurguinee\",\"image\":{\"@type\":\"ImageObject\",\"inLanguage\":\"fr-FR\",\"@id\":\"https:\/\/www.leprojecteurguinee.com\/#\/schema\/person\/image\/\",\"url\":\"https:\/\/secure.gravatar.com\/avatar\/c0faa0f472c43eff99fecb0bd2a1c6782e80a162c9fcb7ed2d48bb42ea619f30?s=96&d=mm&r=g\",\"contentUrl\":\"https:\/\/secure.gravatar.com\/avatar\/c0faa0f472c43eff99fecb0bd2a1c6782e80a162c9fcb7ed2d48bb42ea619f30?s=96&d=mm&r=g\",\"caption\":\"Leprojecteurguinee\"},\"sameAs\":[\"https:\/\/www.leprojecteurguinee.com\"],\"url\":\"https:\/\/www.leprojecteurguinee.com\/index.php\/author\/madame\/\"}]}<\/script>\n<!-- \/ Yoast SEO plugin. -->","yoast_head_json":{"title":"Les Bleues rendent hommage \u00e0 Wendie Renard\u00a0: \u00ab\u00a0C'est notre soldat, c'est l'image de la France\u00a0\u00bb - leprojecteurguinee","robots":{"index":"index","follow":"follow","max-snippet":"max-snippet:-1","max-image-preview":"max-image-preview:large","max-video-preview":"max-video-preview:-1"},"canonical":"https:\/\/www.leprojecteurguinee.com\/index.php\/2023\/07\/29\/les-bleues-rendent-hommage-a-wendie-renard-cest-notre-soldat-cest-limage-de-la-france\/","og_locale":"fr_FR","og_type":"article","og_title":"Les Bleues rendent hommage \u00e0 Wendie Renard\u00a0: \u00ab\u00a0C'est notre soldat, c'est l'image de la France\u00a0\u00bb - leprojecteurguinee","og_description":"Incertaine en raison d&rsquo;une blessure au mollet gauche, Wendie Renard a pu tenir sa place et disputer plus de 90 minutes contre le Br\u00e9sil, samedi (2-1). Elle a marqu\u00e9 le but de la victoire et \u00e9pat\u00e9 ses co\u00e9quipi\u00e8res ainsi que son s\u00e9lectionneur. Gr\u00e2ce \u00e0 sa victoire sur le Br\u00e9sil (2-1) ce samedi, l&rsquo;\u00e9quipe de France [&hellip;]","og_url":"https:\/\/www.leprojecteurguinee.com\/index.php\/2023\/07\/29\/les-bleues-rendent-hommage-a-wendie-renard-cest-notre-soldat-cest-limage-de-la-france\/","og_site_name":"leprojecteurguinee","article_published_time":"2023-07-29T17:51:25+00:00","article_modified_time":"2023-07-29T17:53:36+00:00","og_image":[{"width":719,"height":477,"url":"https:\/\/www.leprojecteurguinee.com\/wp-content\/uploads\/2023\/07\/Screenshot_20230729_175240_Twitter.jpg","type":"image\/jpeg"}],"author":"Leprojecteurguinee","twitter_card":"summary_large_image","twitter_misc":{"\u00c9crit par":"Leprojecteurguinee"},"schema":{"@context":"https:\/\/schema.org","@graph":[{"@type":"Article","@id":"https:\/\/www.leprojecteurguinee.com\/index.php\/2023\/07\/29\/les-bleues-rendent-hommage-a-wendie-renard-cest-notre-soldat-cest-limage-de-la-france\/#article","isPartOf":{"@id":"https:\/\/www.leprojecteurguinee.com\/index.php\/2023\/07\/29\/les-bleues-rendent-hommage-a-wendie-renard-cest-notre-soldat-cest-limage-de-la-france\/"},"author":{"name":"Leprojecteurguinee","@id":"https:\/\/www.leprojecteurguinee.com\/#\/schema\/person\/389671d1a3f0c66e6c91c4a765990c1b"},"headline":"Les Bleues rendent hommage \u00e0 Wendie Renard\u00a0: \u00ab\u00a0C&rsquo;est notre soldat, c&rsquo;est l&rsquo;image de la France\u00a0\u00bb","datePublished":"2023-07-29T17:51:25+00:00","dateModified":"2023-07-29T17:53:36+00:00","mainEntityOfPage":{"@id":"https:\/\/www.leprojecteurguinee.com\/index.php\/2023\/07\/29\/les-bleues-rendent-hommage-a-wendie-renard-cest-notre-soldat-cest-limage-de-la-france\/"},"wordCount":104,"commentCount":0,"image":{"@id":"https:\/\/www.leprojecteurguinee.com\/index.php\/2023\/07\/29\/les-bleues-rendent-hommage-a-wendie-renard-cest-notre-soldat-cest-limage-de-la-france\/#primaryimage"},"thumbnailUrl":"https:\/\/www.leprojecteurguinee.com\/wp-content\/uploads\/2023\/07\/Screenshot_20230729_175240_Twitter.jpg","keywords":["Football","Wendie Renard"],"articleSection":["Sport"],"inLanguage":"fr-FR","potentialAction":[{"@type":"CommentAction","name":"Comment","target":["https:\/\/www.leprojecteurguinee.com\/index.php\/2023\/07\/29\/les-bleues-rendent-hommage-a-wendie-renard-cest-notre-soldat-cest-limage-de-la-france\/#respond"]}]},{"@type":"WebPage","@id":"https:\/\/www.leprojecteurguinee.com\/index.php\/2023\/07\/29\/les-bleues-rendent-hommage-a-wendie-renard-cest-notre-soldat-cest-limage-de-la-france\/","url":"https:\/\/www.leprojecteurguinee.com\/index.php\/2023\/07\/29\/les-bleues-rendent-hommage-a-wendie-renard-cest-notre-soldat-cest-limage-de-la-france\/","name":"Les Bleues rendent hommage \u00e0 Wendie Renard\u00a0: \u00ab\u00a0C'est notre soldat, c'est l'image de la France\u00a0\u00bb - leprojecteurguinee","isPartOf":{"@id":"https:\/\/www.leprojecteurguinee.com\/#website"},"primaryImageOfPage":{"@id":"https:\/\/www.leprojecteurguinee.com\/index.php\/2023\/07\/29\/les-bleues-rendent-hommage-a-wendie-renard-cest-notre-soldat-cest-limage-de-la-france\/#primaryimage"},"image":{"@id":"https:\/\/www.leprojecteurguinee.com\/index.php\/2023\/07\/29\/les-bleues-rendent-hommage-a-wendie-renard-cest-notre-soldat-cest-limage-de-la-france\/#primaryimage"},"thumbnailUrl":"https:\/\/www.leprojecteurguinee.com\/wp-content\/uploads\/2023\/07\/Screenshot_20230729_175240_Twitter.jpg","datePublished":"2023-07-29T17:51:25+00:00","dateModified":"2023-07-29T17:53:36+00:00","author":{"@id":"https:\/\/www.leprojecteurguinee.com\/#\/schema\/person\/389671d1a3f0c66e6c91c4a765990c1b"},"breadcrumb":{"@id":"https:\/\/www.leprojecteurguinee.com\/index.php\/2023\/07\/29\/les-bleues-rendent-hommage-a-wendie-renard-cest-notre-soldat-cest-limage-de-la-france\/#breadcrumb"},"inLanguage":"fr-FR","potentialAction":[{"@type":"ReadAction","target":["https:\/\/www.leprojecteurguinee.com\/index.php\/2023\/07\/29\/les-bleues-rendent-hommage-a-wendie-renard-cest-notre-soldat-cest-limage-de-la-france\/"]}]},{"@type":"ImageObject","inLanguage":"fr-FR","@id":"https:\/\/www.leprojecteurguinee.com\/index.php\/2023\/07\/29\/les-bleues-rendent-hommage-a-wendie-renard-cest-notre-soldat-cest-limage-de-la-france\/#primaryimage","url":"https:\/\/www.leprojecteurguinee.com\/wp-content\/uploads\/2023\/07\/Screenshot_20230729_175240_Twitter.jpg","contentUrl":"https:\/\/www.leprojecteurguinee.com\/wp-content\/uploads\/2023\/07\/Screenshot_20230729_175240_Twitter.jpg","width":719,"height":477},{"@type":"BreadcrumbList","@id":"https:\/\/www.leprojecteurguinee.com\/index.php\/2023\/07\/29\/les-bleues-rendent-hommage-a-wendie-renard-cest-notre-soldat-cest-limage-de-la-france\/#breadcrumb","itemListElement":[{"@type":"ListItem","position":1,"name":"Accueil","item":"https:\/\/www.leprojecteurguinee.com\/"},{"@type":"ListItem","position":2,"name":"Les Bleues rendent hommage \u00e0 Wendie Renard\u00a0: \u00ab\u00a0C&rsquo;est notre soldat, c&rsquo;est l&rsquo;image de la France\u00a0\u00bb"}]},{"@type":"WebSite","@id":"https:\/\/www.leprojecteurguinee.com\/#website","url":"https:\/\/www.leprojecteurguinee.com\/","name":"leprojecteurguinee","description":"Nous luttons contre les pratiques obscures","potentialAction":[{"@type":"SearchAction","target":{"@type":"EntryPoint","urlTemplate":"https:\/\/www.leprojecteurguinee.com\/?s={search_term_string}"},"query-input":{"@type":"PropertyValueSpecification","valueRequired":true,"valueName":"search_term_string"}}],"inLanguage":"fr-FR"},{"@type":"Person","@id":"https:\/\/www.leprojecteurguinee.com\/#\/schema\/person\/389671d1a3f0c66e6c91c4a765990c1b","name":"Leprojecteurguinee","image":{"@type":"ImageObject","inLanguage":"fr-FR","@id":"https:\/\/www.leprojecteurguinee.com\/#\/schema\/person\/image\/","url":"https:\/\/secure.gravatar.com\/avatar\/c0faa0f472c43eff99fecb0bd2a1c6782e80a162c9fcb7ed2d48bb42ea619f30?s=96&d=mm&r=g","contentUrl":"https:\/\/secure.gravatar.com\/avatar\/c0faa0f472c43eff99fecb0bd2a1c6782e80a162c9fcb7ed2d48bb42ea619f30?s=96&d=mm&r=g","caption":"Leprojecteurguinee"},"sameAs":["https:\/\/www.leprojecteurguinee.com"],"url":"https:\/\/www.leprojecteurguinee.com\/index.php\/author\/madame\/"}]}},"_links":{"self":[{"href":"https:\/\/www.leprojecteurguinee.com\/index.php\/wp-json\/wp\/v2\/posts\/671","targetHints":{"allow":["GET"]}}],"collection":[{"href":"https:\/\/www.leprojecteurguinee.com\/index.php\/wp-json\/wp\/v2\/posts"}],"about":[{"href":"https:\/\/www.leprojecteurguinee.com\/index.php\/wp-json\/wp\/v2\/types\/post"}],"author":[{"embeddable":true,"href":"https:\/\/www.leprojecteurguinee.com\/index.php\/wp-json\/wp\/v2\/users\/1"}],"replies":[{"embeddable":true,"href":"https:\/\/www.leprojecteurguinee.com\/index.php\/wp-json\/wp\/v2\/comments?post=671"}],"version-history":[{"count":0,"href":"https:\/\/www.leprojecteurguinee.com\/index.php\/wp-json\/wp\/v2\/posts\/671\/revisions"}],"wp:featuredmedia":[{"embeddable":true,"href":"https:\/\/www.leprojecteurguinee.com\/index.php\/wp-json\/wp\/v2\/media\/670"}],"wp:attachment":[{"href":"https:\/\/www.leprojecteurguinee.com\/index.php\/wp-json\/wp\/v2\/media?parent=671"}],"wp:term":[{"taxonomy":"category","embeddable":true,"href":"https:\/\/www.leprojecteurguinee.com\/index.php\/wp-json\/wp\/v2\/categories?post=671"},{"taxonomy":"post_tag","embeddable":true,"href":"https:\/\/www.leprojecteurguinee.com\/index.php\/wp-json\/wp\/v2\/tags?post=671"}],"curies":[{"name":"wp","href":"https:\/\/api.w.org\/{rel}","templated":true}]}}