{"id":660,"date":"2023-07-28T19:10:38","date_gmt":"2023-07-28T17:10:38","guid":{"rendered":"https:\/\/www.leprojecteurguinee.com\/?p=660"},"modified":"2023-07-28T19:11:28","modified_gmt":"2023-07-28T17:11:28","slug":"ousmane-sonko-est-arrete-par-la-gendarmerie","status":"publish","type":"post","link":"https:\/\/www.leprojecteurguinee.com\/index.php\/2023\/07\/28\/ousmane-sonko-est-arrete-par-la-gendarmerie\/","title":{"rendered":"Ousmane Sonko est arr\u00eat\u00e9 par la gendarmerie"},"content":{"rendered":"\n<p>Ce vendredi, Ousmane Sonko a \u00e9t\u00e9 arr\u00eat\u00e9 et embarqu\u00e9 \u00e0 la Section des Recherches par des \u00e9l\u00e9ments de la BIP et du GIGN. Il n\u2019y a pour l\u2019heure aucun communiqu\u00e9 officiel sur les raison de son arrestation, mais quelques minutes avant d\u2019\u00eatre embarqu\u00e9, Ousmane Sonko a fait une publication sur Facebook. Sur celle-ci, Sonko r\u00e9v\u00e8le avoir un un accrochage avec deux \u00e9l\u00e9ments des Renseignements g\u00e9n\u00e9raux.<br>\u00ab\u00a0\u00c0 mon retour de la pri\u00e8re du vendredi, ce 28 juillet 2023, des agents des renseignements g\u00e9n\u00e9raux post\u00e9s devant mon domicile 24 heures sur 24 se sont mis \u00e0 me filmer. J\u2019ai arrach\u00e9 le t\u00e9l\u00e9phone et demand\u00e9 \u00e0 la personne de le d\u00e9verrouiller et d\u2019effacer les images qu\u2019elle a prises, ce qu\u2019elle refusa. Pr\u00e9sentement, une forte \u00e9quipe de la gendarmerie fait le guet devant mon domicile, comme vous pouvez le voir, et semble pr\u00eate \u00e0 en d\u00e9foncer la porte.<br><br>Je rappelle aussi que ces m\u00eames FDS m\u2019ont vol\u00e9 des biens constitu\u00e9s de 4 t\u00e9l\u00e9phones portables, d\u2019un ordinateur MacBook Pro, de mon arme avec l\u2019autorisation aff\u00e9rente, d\u2019une valise contenant des habits et d\u2019une somme de deux millions de francs cfa, lors de mon kidnapping \u00e0 Koungheul. Je demande au peuple de se tenir pr\u00eat pour faire face \u00e0 ces abus sans fin\u00ab\u00a0, a <\/p>\n","protected":false},"excerpt":{"rendered":"<p>Ce vendredi, Ousmane Sonko a \u00e9t\u00e9 arr\u00eat\u00e9 et embarqu\u00e9 \u00e0 la Section des Recherches par des \u00e9l\u00e9ments de la BIP et du GIGN. Il n\u2019y a pour l\u2019heure aucun communiqu\u00e9 officiel sur les raison de son arrestation, mais quelques minutes avant d\u2019\u00eatre embarqu\u00e9, Ousmane Sonko a fait une publication sur Facebook. Sur celle-ci, Sonko r\u00e9v\u00e8le [&hellip;]<\/p>\n","protected":false},"author":1,"featured_media":659,"comment_status":"open","ping_status":"open","sticky":false,"template":"","format":"standard","meta":{"footnotes":""},"categories":[80],"tags":[28,27,26],"class_list":["post-660","post","type-post","status-publish","format-standard","has-post-thumbnail","hentry","category-politique","tag-macky-sall","tag-ousmane-sonko","tag-senegal"],"yoast_head":"<!-- This site is optimized with the Yoast SEO plugin v26.8 - https:\/\/yoast.com\/product\/yoast-seo-wordpress\/ -->\n<title>Ousmane Sonko est arr\u00eat\u00e9 par la gendarmerie - leprojecteurguinee<\/title>\n<meta name=\"robots\" content=\"index, follow, max-snippet:-1, max-image-preview:large, max-video-preview:-1\" \/>\n<link rel=\"canonical\" href=\"https:\/\/www.leprojecteurguinee.com\/index.php\/2023\/07\/28\/ousmane-sonko-est-arrete-par-la-gendarmerie\/\" \/>\n<meta property=\"og:locale\" content=\"fr_FR\" \/>\n<meta property=\"og:type\" content=\"article\" \/>\n<meta property=\"og:title\" content=\"Ousmane Sonko est arr\u00eat\u00e9 par la gendarmerie - leprojecteurguinee\" \/>\n<meta property=\"og:description\" content=\"Ce vendredi, Ousmane Sonko a \u00e9t\u00e9 arr\u00eat\u00e9 et embarqu\u00e9 \u00e0 la Section des Recherches par des \u00e9l\u00e9ments de la BIP et du GIGN. Il n\u2019y a pour l\u2019heure aucun communiqu\u00e9 officiel sur les raison de son arrestation, mais quelques minutes avant d\u2019\u00eatre embarqu\u00e9, Ousmane Sonko a fait une publication sur Facebook. Sur celle-ci, Sonko r\u00e9v\u00e8le [&hellip;]\" \/>\n<meta property=\"og:url\" content=\"https:\/\/www.leprojecteurguinee.com\/index.php\/2023\/07\/28\/ousmane-sonko-est-arrete-par-la-gendarmerie\/\" \/>\n<meta property=\"og:site_name\" content=\"leprojecteurguinee\" \/>\n<meta property=\"article:published_time\" content=\"2023-07-28T17:10:38+00:00\" \/>\n<meta property=\"article:modified_time\" content=\"2023-07-28T17:11:28+00:00\" \/>\n<meta property=\"og:image\" content=\"https:\/\/www.leprojecteurguinee.com\/wp-content\/uploads\/2023\/07\/20230728_170422.jpg\" \/>\n\t<meta property=\"og:image:width\" content=\"980\" \/>\n\t<meta property=\"og:image:height\" content=\"551\" \/>\n\t<meta property=\"og:image:type\" content=\"image\/jpeg\" \/>\n<meta name=\"author\" content=\"Leprojecteurguinee\" \/>\n<meta name=\"twitter:card\" content=\"summary_large_image\" \/>\n<meta name=\"twitter:label1\" content=\"\u00c9crit par\" \/>\n\t<meta name=\"twitter:data1\" content=\"Leprojecteurguinee\" \/>\n\t<meta name=\"twitter:label2\" content=\"Dur\u00e9e de lecture estim\u00e9e\" \/>\n\t<meta name=\"twitter:data2\" content=\"1 minute\" \/>\n<script type=\"application\/ld+json\" class=\"yoast-schema-graph\">{\"@context\":\"https:\/\/schema.org\",\"@graph\":[{\"@type\":\"Article\",\"@id\":\"https:\/\/www.leprojecteurguinee.com\/index.php\/2023\/07\/28\/ousmane-sonko-est-arrete-par-la-gendarmerie\/#article\",\"isPartOf\":{\"@id\":\"https:\/\/www.leprojecteurguinee.com\/index.php\/2023\/07\/28\/ousmane-sonko-est-arrete-par-la-gendarmerie\/\"},\"author\":{\"name\":\"Leprojecteurguinee\",\"@id\":\"https:\/\/www.leprojecteurguinee.com\/#\/schema\/person\/389671d1a3f0c66e6c91c4a765990c1b\"},\"headline\":\"Ousmane Sonko est arr\u00eat\u00e9 par la gendarmerie\",\"datePublished\":\"2023-07-28T17:10:38+00:00\",\"dateModified\":\"2023-07-28T17:11:28+00:00\",\"mainEntityOfPage\":{\"@id\":\"https:\/\/www.leprojecteurguinee.com\/index.php\/2023\/07\/28\/ousmane-sonko-est-arrete-par-la-gendarmerie\/\"},\"wordCount\":238,\"commentCount\":0,\"image\":{\"@id\":\"https:\/\/www.leprojecteurguinee.com\/index.php\/2023\/07\/28\/ousmane-sonko-est-arrete-par-la-gendarmerie\/#primaryimage\"},\"thumbnailUrl\":\"https:\/\/www.leprojecteurguinee.com\/wp-content\/uploads\/2023\/07\/20230728_170422.jpg\",\"keywords\":[\"Macky Sall\",\"Ousmane Sonko\",\"S\u00e9n\u00e9gal\"],\"articleSection\":[\"Politique\"],\"inLanguage\":\"fr-FR\",\"potentialAction\":[{\"@type\":\"CommentAction\",\"name\":\"Comment\",\"target\":[\"https:\/\/www.leprojecteurguinee.com\/index.php\/2023\/07\/28\/ousmane-sonko-est-arrete-par-la-gendarmerie\/#respond\"]}]},{\"@type\":\"WebPage\",\"@id\":\"https:\/\/www.leprojecteurguinee.com\/index.php\/2023\/07\/28\/ousmane-sonko-est-arrete-par-la-gendarmerie\/\",\"url\":\"https:\/\/www.leprojecteurguinee.com\/index.php\/2023\/07\/28\/ousmane-sonko-est-arrete-par-la-gendarmerie\/\",\"name\":\"Ousmane Sonko est arr\u00eat\u00e9 par la gendarmerie - leprojecteurguinee\",\"isPartOf\":{\"@id\":\"https:\/\/www.leprojecteurguinee.com\/#website\"},\"primaryImageOfPage\":{\"@id\":\"https:\/\/www.leprojecteurguinee.com\/index.php\/2023\/07\/28\/ousmane-sonko-est-arrete-par-la-gendarmerie\/#primaryimage\"},\"image\":{\"@id\":\"https:\/\/www.leprojecteurguinee.com\/index.php\/2023\/07\/28\/ousmane-sonko-est-arrete-par-la-gendarmerie\/#primaryimage\"},\"thumbnailUrl\":\"https:\/\/www.leprojecteurguinee.com\/wp-content\/uploads\/2023\/07\/20230728_170422.jpg\",\"datePublished\":\"2023-07-28T17:10:38+00:00\",\"dateModified\":\"2023-07-28T17:11:28+00:00\",\"author\":{\"@id\":\"https:\/\/www.leprojecteurguinee.com\/#\/schema\/person\/389671d1a3f0c66e6c91c4a765990c1b\"},\"breadcrumb\":{\"@id\":\"https:\/\/www.leprojecteurguinee.com\/index.php\/2023\/07\/28\/ousmane-sonko-est-arrete-par-la-gendarmerie\/#breadcrumb\"},\"inLanguage\":\"fr-FR\",\"potentialAction\":[{\"@type\":\"ReadAction\",\"target\":[\"https:\/\/www.leprojecteurguinee.com\/index.php\/2023\/07\/28\/ousmane-sonko-est-arrete-par-la-gendarmerie\/\"]}]},{\"@type\":\"ImageObject\",\"inLanguage\":\"fr-FR\",\"@id\":\"https:\/\/www.leprojecteurguinee.com\/index.php\/2023\/07\/28\/ousmane-sonko-est-arrete-par-la-gendarmerie\/#primaryimage\",\"url\":\"https:\/\/www.leprojecteurguinee.com\/wp-content\/uploads\/2023\/07\/20230728_170422.jpg\",\"contentUrl\":\"https:\/\/www.leprojecteurguinee.com\/wp-content\/uploads\/2023\/07\/20230728_170422.jpg\",\"width\":980,\"height\":551},{\"@type\":\"BreadcrumbList\",\"@id\":\"https:\/\/www.leprojecteurguinee.com\/index.php\/2023\/07\/28\/ousmane-sonko-est-arrete-par-la-gendarmerie\/#breadcrumb\",\"itemListElement\":[{\"@type\":\"ListItem\",\"position\":1,\"name\":\"Accueil\",\"item\":\"https:\/\/www.leprojecteurguinee.com\/\"},{\"@type\":\"ListItem\",\"position\":2,\"name\":\"Ousmane Sonko est arr\u00eat\u00e9 par la gendarmerie\"}]},{\"@type\":\"WebSite\",\"@id\":\"https:\/\/www.leprojecteurguinee.com\/#website\",\"url\":\"https:\/\/www.leprojecteurguinee.com\/\",\"name\":\"leprojecteurguinee\",\"description\":\"Nous luttons contre les pratiques obscures\",\"potentialAction\":[{\"@type\":\"SearchAction\",\"target\":{\"@type\":\"EntryPoint\",\"urlTemplate\":\"https:\/\/www.leprojecteurguinee.com\/?s={search_term_string}\"},\"query-input\":{\"@type\":\"PropertyValueSpecification\",\"valueRequired\":true,\"valueName\":\"search_term_string\"}}],\"inLanguage\":\"fr-FR\"},{\"@type\":\"Person\",\"@id\":\"https:\/\/www.leprojecteurguinee.com\/#\/schema\/person\/389671d1a3f0c66e6c91c4a765990c1b\",\"name\":\"Leprojecteurguinee\",\"image\":{\"@type\":\"ImageObject\",\"inLanguage\":\"fr-FR\",\"@id\":\"https:\/\/www.leprojecteurguinee.com\/#\/schema\/person\/image\/\",\"url\":\"https:\/\/secure.gravatar.com\/avatar\/c0faa0f472c43eff99fecb0bd2a1c6782e80a162c9fcb7ed2d48bb42ea619f30?s=96&d=mm&r=g\",\"contentUrl\":\"https:\/\/secure.gravatar.com\/avatar\/c0faa0f472c43eff99fecb0bd2a1c6782e80a162c9fcb7ed2d48bb42ea619f30?s=96&d=mm&r=g\",\"caption\":\"Leprojecteurguinee\"},\"sameAs\":[\"https:\/\/www.leprojecteurguinee.com\"],\"url\":\"https:\/\/www.leprojecteurguinee.com\/index.php\/author\/madame\/\"}]}<\/script>\n<!-- \/ Yoast SEO plugin. -->","yoast_head_json":{"title":"Ousmane Sonko est arr\u00eat\u00e9 par la gendarmerie - leprojecteurguinee","robots":{"index":"index","follow":"follow","max-snippet":"max-snippet:-1","max-image-preview":"max-image-preview:large","max-video-preview":"max-video-preview:-1"},"canonical":"https:\/\/www.leprojecteurguinee.com\/index.php\/2023\/07\/28\/ousmane-sonko-est-arrete-par-la-gendarmerie\/","og_locale":"fr_FR","og_type":"article","og_title":"Ousmane Sonko est arr\u00eat\u00e9 par la gendarmerie - leprojecteurguinee","og_description":"Ce vendredi, Ousmane Sonko a \u00e9t\u00e9 arr\u00eat\u00e9 et embarqu\u00e9 \u00e0 la Section des Recherches par des \u00e9l\u00e9ments de la BIP et du GIGN. Il n\u2019y a pour l\u2019heure aucun communiqu\u00e9 officiel sur les raison de son arrestation, mais quelques minutes avant d\u2019\u00eatre embarqu\u00e9, Ousmane Sonko a fait une publication sur Facebook. Sur celle-ci, Sonko r\u00e9v\u00e8le [&hellip;]","og_url":"https:\/\/www.leprojecteurguinee.com\/index.php\/2023\/07\/28\/ousmane-sonko-est-arrete-par-la-gendarmerie\/","og_site_name":"leprojecteurguinee","article_published_time":"2023-07-28T17:10:38+00:00","article_modified_time":"2023-07-28T17:11:28+00:00","og_image":[{"width":980,"height":551,"url":"https:\/\/www.leprojecteurguinee.com\/wp-content\/uploads\/2023\/07\/20230728_170422.jpg","type":"image\/jpeg"}],"author":"Leprojecteurguinee","twitter_card":"summary_large_image","twitter_misc":{"\u00c9crit par":"Leprojecteurguinee","Dur\u00e9e de lecture estim\u00e9e":"1 minute"},"schema":{"@context":"https:\/\/schema.org","@graph":[{"@type":"Article","@id":"https:\/\/www.leprojecteurguinee.com\/index.php\/2023\/07\/28\/ousmane-sonko-est-arrete-par-la-gendarmerie\/#article","isPartOf":{"@id":"https:\/\/www.leprojecteurguinee.com\/index.php\/2023\/07\/28\/ousmane-sonko-est-arrete-par-la-gendarmerie\/"},"author":{"name":"Leprojecteurguinee","@id":"https:\/\/www.leprojecteurguinee.com\/#\/schema\/person\/389671d1a3f0c66e6c91c4a765990c1b"},"headline":"Ousmane Sonko est arr\u00eat\u00e9 par la gendarmerie","datePublished":"2023-07-28T17:10:38+00:00","dateModified":"2023-07-28T17:11:28+00:00","mainEntityOfPage":{"@id":"https:\/\/www.leprojecteurguinee.com\/index.php\/2023\/07\/28\/ousmane-sonko-est-arrete-par-la-gendarmerie\/"},"wordCount":238,"commentCount":0,"image":{"@id":"https:\/\/www.leprojecteurguinee.com\/index.php\/2023\/07\/28\/ousmane-sonko-est-arrete-par-la-gendarmerie\/#primaryimage"},"thumbnailUrl":"https:\/\/www.leprojecteurguinee.com\/wp-content\/uploads\/2023\/07\/20230728_170422.jpg","keywords":["Macky Sall","Ousmane Sonko","S\u00e9n\u00e9gal"],"articleSection":["Politique"],"inLanguage":"fr-FR","potentialAction":[{"@type":"CommentAction","name":"Comment","target":["https:\/\/www.leprojecteurguinee.com\/index.php\/2023\/07\/28\/ousmane-sonko-est-arrete-par-la-gendarmerie\/#respond"]}]},{"@type":"WebPage","@id":"https:\/\/www.leprojecteurguinee.com\/index.php\/2023\/07\/28\/ousmane-sonko-est-arrete-par-la-gendarmerie\/","url":"https:\/\/www.leprojecteurguinee.com\/index.php\/2023\/07\/28\/ousmane-sonko-est-arrete-par-la-gendarmerie\/","name":"Ousmane Sonko est arr\u00eat\u00e9 par la gendarmerie - leprojecteurguinee","isPartOf":{"@id":"https:\/\/www.leprojecteurguinee.com\/#website"},"primaryImageOfPage":{"@id":"https:\/\/www.leprojecteurguinee.com\/index.php\/2023\/07\/28\/ousmane-sonko-est-arrete-par-la-gendarmerie\/#primaryimage"},"image":{"@id":"https:\/\/www.leprojecteurguinee.com\/index.php\/2023\/07\/28\/ousmane-sonko-est-arrete-par-la-gendarmerie\/#primaryimage"},"thumbnailUrl":"https:\/\/www.leprojecteurguinee.com\/wp-content\/uploads\/2023\/07\/20230728_170422.jpg","datePublished":"2023-07-28T17:10:38+00:00","dateModified":"2023-07-28T17:11:28+00:00","author":{"@id":"https:\/\/www.leprojecteurguinee.com\/#\/schema\/person\/389671d1a3f0c66e6c91c4a765990c1b"},"breadcrumb":{"@id":"https:\/\/www.leprojecteurguinee.com\/index.php\/2023\/07\/28\/ousmane-sonko-est-arrete-par-la-gendarmerie\/#breadcrumb"},"inLanguage":"fr-FR","potentialAction":[{"@type":"ReadAction","target":["https:\/\/www.leprojecteurguinee.com\/index.php\/2023\/07\/28\/ousmane-sonko-est-arrete-par-la-gendarmerie\/"]}]},{"@type":"ImageObject","inLanguage":"fr-FR","@id":"https:\/\/www.leprojecteurguinee.com\/index.php\/2023\/07\/28\/ousmane-sonko-est-arrete-par-la-gendarmerie\/#primaryimage","url":"https:\/\/www.leprojecteurguinee.com\/wp-content\/uploads\/2023\/07\/20230728_170422.jpg","contentUrl":"https:\/\/www.leprojecteurguinee.com\/wp-content\/uploads\/2023\/07\/20230728_170422.jpg","width":980,"height":551},{"@type":"BreadcrumbList","@id":"https:\/\/www.leprojecteurguinee.com\/index.php\/2023\/07\/28\/ousmane-sonko-est-arrete-par-la-gendarmerie\/#breadcrumb","itemListElement":[{"@type":"ListItem","position":1,"name":"Accueil","item":"https:\/\/www.leprojecteurguinee.com\/"},{"@type":"ListItem","position":2,"name":"Ousmane Sonko est arr\u00eat\u00e9 par la gendarmerie"}]},{"@type":"WebSite","@id":"https:\/\/www.leprojecteurguinee.com\/#website","url":"https:\/\/www.leprojecteurguinee.com\/","name":"leprojecteurguinee","description":"Nous luttons contre les pratiques obscures","potentialAction":[{"@type":"SearchAction","target":{"@type":"EntryPoint","urlTemplate":"https:\/\/www.leprojecteurguinee.com\/?s={search_term_string}"},"query-input":{"@type":"PropertyValueSpecification","valueRequired":true,"valueName":"search_term_string"}}],"inLanguage":"fr-FR"},{"@type":"Person","@id":"https:\/\/www.leprojecteurguinee.com\/#\/schema\/person\/389671d1a3f0c66e6c91c4a765990c1b","name":"Leprojecteurguinee","image":{"@type":"ImageObject","inLanguage":"fr-FR","@id":"https:\/\/www.leprojecteurguinee.com\/#\/schema\/person\/image\/","url":"https:\/\/secure.gravatar.com\/avatar\/c0faa0f472c43eff99fecb0bd2a1c6782e80a162c9fcb7ed2d48bb42ea619f30?s=96&d=mm&r=g","contentUrl":"https:\/\/secure.gravatar.com\/avatar\/c0faa0f472c43eff99fecb0bd2a1c6782e80a162c9fcb7ed2d48bb42ea619f30?s=96&d=mm&r=g","caption":"Leprojecteurguinee"},"sameAs":["https:\/\/www.leprojecteurguinee.com"],"url":"https:\/\/www.leprojecteurguinee.com\/index.php\/author\/madame\/"}]}},"_links":{"self":[{"href":"https:\/\/www.leprojecteurguinee.com\/index.php\/wp-json\/wp\/v2\/posts\/660","targetHints":{"allow":["GET"]}}],"collection":[{"href":"https:\/\/www.leprojecteurguinee.com\/index.php\/wp-json\/wp\/v2\/posts"}],"about":[{"href":"https:\/\/www.leprojecteurguinee.com\/index.php\/wp-json\/wp\/v2\/types\/post"}],"author":[{"embeddable":true,"href":"https:\/\/www.leprojecteurguinee.com\/index.php\/wp-json\/wp\/v2\/users\/1"}],"replies":[{"embeddable":true,"href":"https:\/\/www.leprojecteurguinee.com\/index.php\/wp-json\/wp\/v2\/comments?post=660"}],"version-history":[{"count":0,"href":"https:\/\/www.leprojecteurguinee.com\/index.php\/wp-json\/wp\/v2\/posts\/660\/revisions"}],"wp:featuredmedia":[{"embeddable":true,"href":"https:\/\/www.leprojecteurguinee.com\/index.php\/wp-json\/wp\/v2\/media\/659"}],"wp:attachment":[{"href":"https:\/\/www.leprojecteurguinee.com\/index.php\/wp-json\/wp\/v2\/media?parent=660"}],"wp:term":[{"taxonomy":"category","embeddable":true,"href":"https:\/\/www.leprojecteurguinee.com\/index.php\/wp-json\/wp\/v2\/categories?post=660"},{"taxonomy":"post_tag","embeddable":true,"href":"https:\/\/www.leprojecteurguinee.com\/index.php\/wp-json\/wp\/v2\/tags?post=660"}],"curies":[{"name":"wp","href":"https:\/\/api.w.org\/{rel}","templated":true}]}}