{"id":657,"date":"2023-07-28T13:21:49","date_gmt":"2023-07-28T11:21:49","guid":{"rendered":"https:\/\/www.leprojecteurguinee.com\/?p=657"},"modified":"2023-07-28T13:22:31","modified_gmt":"2023-07-28T11:22:31","slug":"general-omar-tchiani-prend-la-tete-des-putschistes","status":"publish","type":"post","link":"https:\/\/www.leprojecteurguinee.com\/index.php\/2023\/07\/28\/general-omar-tchiani-prend-la-tete-des-putschistes\/","title":{"rendered":"G\u00e9n\u00e9ral Omar Tchiani prend la t\u00eate des putschistes"},"content":{"rendered":"\n<p>Au Niger, les militaires putschistes ont affich\u00e9 la premi\u00e8re photo famille ce vendredi. Ils annoncent la nomination du g\u00e9n\u00e9ral Omar Tchiani \u00e0 la t\u00eate du Conseil de transition. C&rsquo;est le patron de la garde pr\u00e9sidentielle et Homme de confiance de l\u2019ancien pr\u00e9sident Mahamadou Issoufou. <\/p>\n\n\n\n<p>Il a pris la parole \u00e0 la t\u00e9l\u00e9vision nationale.  Il a justifi\u00e9 son coup d&rsquo;\u00c9tat par \u00ab\u00a0la d\u00e9gradation de la situation s\u00e9curitaire\u00a0\u00bb dans le pays<\/p>\n","protected":false},"excerpt":{"rendered":"<p>Au Niger, les militaires putschistes ont affich\u00e9 la premi\u00e8re photo famille ce vendredi. Ils annoncent la nomination du g\u00e9n\u00e9ral Omar Tchiani \u00e0 la t\u00eate du Conseil de transition. C&rsquo;est le patron de la garde pr\u00e9sidentielle et Homme de confiance de l\u2019ancien pr\u00e9sident Mahamadou Issoufou. Il a pris la parole \u00e0 la t\u00e9l\u00e9vision nationale. Il a [&hellip;]<\/p>\n","protected":false},"author":1,"featured_media":656,"comment_status":"open","ping_status":"open","sticky":false,"template":"","format":"standard","meta":{"footnotes":""},"categories":[32],"tags":[144,72,143,154],"class_list":["post-657","post","type-post","status-publish","format-standard","has-post-thumbnail","hentry","category-monde","tag-bazoum","tag-cedeao","tag-niger","tag-tchiani"],"yoast_head":"<!-- This site is optimized with the Yoast SEO plugin v26.8 - https:\/\/yoast.com\/product\/yoast-seo-wordpress\/ -->\n<title>G\u00e9n\u00e9ral Omar Tchiani prend la t\u00eate des putschistes - leprojecteurguinee<\/title>\n<meta name=\"robots\" content=\"index, follow, max-snippet:-1, max-image-preview:large, max-video-preview:-1\" \/>\n<link rel=\"canonical\" href=\"https:\/\/www.leprojecteurguinee.com\/index.php\/2023\/07\/28\/general-omar-tchiani-prend-la-tete-des-putschistes\/\" \/>\n<meta property=\"og:locale\" content=\"fr_FR\" \/>\n<meta property=\"og:type\" content=\"article\" \/>\n<meta property=\"og:title\" content=\"G\u00e9n\u00e9ral Omar Tchiani prend la t\u00eate des putschistes - leprojecteurguinee\" \/>\n<meta property=\"og:description\" content=\"Au Niger, les militaires putschistes ont affich\u00e9 la premi\u00e8re photo famille ce vendredi. Ils annoncent la nomination du g\u00e9n\u00e9ral Omar Tchiani \u00e0 la t\u00eate du Conseil de transition. C&rsquo;est le patron de la garde pr\u00e9sidentielle et Homme de confiance de l\u2019ancien pr\u00e9sident Mahamadou Issoufou. Il a pris la parole \u00e0 la t\u00e9l\u00e9vision nationale. Il a [&hellip;]\" \/>\n<meta property=\"og:url\" content=\"https:\/\/www.leprojecteurguinee.com\/index.php\/2023\/07\/28\/general-omar-tchiani-prend-la-tete-des-putschistes\/\" \/>\n<meta property=\"og:site_name\" content=\"leprojecteurguinee\" \/>\n<meta property=\"article:published_time\" content=\"2023-07-28T11:21:49+00:00\" \/>\n<meta property=\"article:modified_time\" content=\"2023-07-28T11:22:31+00:00\" \/>\n<meta property=\"og:image\" content=\"https:\/\/www.leprojecteurguinee.com\/wp-content\/uploads\/2023\/07\/FB_IMG_1690542783542.jpg\" \/>\n\t<meta property=\"og:image:width\" content=\"719\" \/>\n\t<meta property=\"og:image:height\" content=\"403\" \/>\n\t<meta property=\"og:image:type\" content=\"image\/jpeg\" \/>\n<meta name=\"author\" content=\"Leprojecteurguinee\" \/>\n<meta name=\"twitter:card\" content=\"summary_large_image\" \/>\n<meta name=\"twitter:label1\" content=\"\u00c9crit par\" \/>\n\t<meta name=\"twitter:data1\" content=\"Leprojecteurguinee\" \/>\n<script type=\"application\/ld+json\" class=\"yoast-schema-graph\">{\"@context\":\"https:\/\/schema.org\",\"@graph\":[{\"@type\":\"Article\",\"@id\":\"https:\/\/www.leprojecteurguinee.com\/index.php\/2023\/07\/28\/general-omar-tchiani-prend-la-tete-des-putschistes\/#article\",\"isPartOf\":{\"@id\":\"https:\/\/www.leprojecteurguinee.com\/index.php\/2023\/07\/28\/general-omar-tchiani-prend-la-tete-des-putschistes\/\"},\"author\":{\"name\":\"Leprojecteurguinee\",\"@id\":\"https:\/\/www.leprojecteurguinee.com\/#\/schema\/person\/389671d1a3f0c66e6c91c4a765990c1b\"},\"headline\":\"G\u00e9n\u00e9ral Omar Tchiani prend la t\u00eate des putschistes\",\"datePublished\":\"2023-07-28T11:21:49+00:00\",\"dateModified\":\"2023-07-28T11:22:31+00:00\",\"mainEntityOfPage\":{\"@id\":\"https:\/\/www.leprojecteurguinee.com\/index.php\/2023\/07\/28\/general-omar-tchiani-prend-la-tete-des-putschistes\/\"},\"wordCount\":91,\"commentCount\":0,\"image\":{\"@id\":\"https:\/\/www.leprojecteurguinee.com\/index.php\/2023\/07\/28\/general-omar-tchiani-prend-la-tete-des-putschistes\/#primaryimage\"},\"thumbnailUrl\":\"https:\/\/www.leprojecteurguinee.com\/wp-content\/uploads\/2023\/07\/FB_IMG_1690542783542.jpg\",\"keywords\":[\"Bazoum\",\"C\u00e9d\u00e9ao\",\"Niger\",\"Tchiani\"],\"articleSection\":[\"Monde\"],\"inLanguage\":\"fr-FR\",\"potentialAction\":[{\"@type\":\"CommentAction\",\"name\":\"Comment\",\"target\":[\"https:\/\/www.leprojecteurguinee.com\/index.php\/2023\/07\/28\/general-omar-tchiani-prend-la-tete-des-putschistes\/#respond\"]}]},{\"@type\":\"WebPage\",\"@id\":\"https:\/\/www.leprojecteurguinee.com\/index.php\/2023\/07\/28\/general-omar-tchiani-prend-la-tete-des-putschistes\/\",\"url\":\"https:\/\/www.leprojecteurguinee.com\/index.php\/2023\/07\/28\/general-omar-tchiani-prend-la-tete-des-putschistes\/\",\"name\":\"G\u00e9n\u00e9ral Omar Tchiani prend la t\u00eate des putschistes - leprojecteurguinee\",\"isPartOf\":{\"@id\":\"https:\/\/www.leprojecteurguinee.com\/#website\"},\"primaryImageOfPage\":{\"@id\":\"https:\/\/www.leprojecteurguinee.com\/index.php\/2023\/07\/28\/general-omar-tchiani-prend-la-tete-des-putschistes\/#primaryimage\"},\"image\":{\"@id\":\"https:\/\/www.leprojecteurguinee.com\/index.php\/2023\/07\/28\/general-omar-tchiani-prend-la-tete-des-putschistes\/#primaryimage\"},\"thumbnailUrl\":\"https:\/\/www.leprojecteurguinee.com\/wp-content\/uploads\/2023\/07\/FB_IMG_1690542783542.jpg\",\"datePublished\":\"2023-07-28T11:21:49+00:00\",\"dateModified\":\"2023-07-28T11:22:31+00:00\",\"author\":{\"@id\":\"https:\/\/www.leprojecteurguinee.com\/#\/schema\/person\/389671d1a3f0c66e6c91c4a765990c1b\"},\"breadcrumb\":{\"@id\":\"https:\/\/www.leprojecteurguinee.com\/index.php\/2023\/07\/28\/general-omar-tchiani-prend-la-tete-des-putschistes\/#breadcrumb\"},\"inLanguage\":\"fr-FR\",\"potentialAction\":[{\"@type\":\"ReadAction\",\"target\":[\"https:\/\/www.leprojecteurguinee.com\/index.php\/2023\/07\/28\/general-omar-tchiani-prend-la-tete-des-putschistes\/\"]}]},{\"@type\":\"ImageObject\",\"inLanguage\":\"fr-FR\",\"@id\":\"https:\/\/www.leprojecteurguinee.com\/index.php\/2023\/07\/28\/general-omar-tchiani-prend-la-tete-des-putschistes\/#primaryimage\",\"url\":\"https:\/\/www.leprojecteurguinee.com\/wp-content\/uploads\/2023\/07\/FB_IMG_1690542783542.jpg\",\"contentUrl\":\"https:\/\/www.leprojecteurguinee.com\/wp-content\/uploads\/2023\/07\/FB_IMG_1690542783542.jpg\",\"width\":719,\"height\":403},{\"@type\":\"BreadcrumbList\",\"@id\":\"https:\/\/www.leprojecteurguinee.com\/index.php\/2023\/07\/28\/general-omar-tchiani-prend-la-tete-des-putschistes\/#breadcrumb\",\"itemListElement\":[{\"@type\":\"ListItem\",\"position\":1,\"name\":\"Accueil\",\"item\":\"https:\/\/www.leprojecteurguinee.com\/\"},{\"@type\":\"ListItem\",\"position\":2,\"name\":\"G\u00e9n\u00e9ral Omar Tchiani prend la t\u00eate des putschistes\"}]},{\"@type\":\"WebSite\",\"@id\":\"https:\/\/www.leprojecteurguinee.com\/#website\",\"url\":\"https:\/\/www.leprojecteurguinee.com\/\",\"name\":\"leprojecteurguinee\",\"description\":\"Nous luttons contre les pratiques obscures\",\"potentialAction\":[{\"@type\":\"SearchAction\",\"target\":{\"@type\":\"EntryPoint\",\"urlTemplate\":\"https:\/\/www.leprojecteurguinee.com\/?s={search_term_string}\"},\"query-input\":{\"@type\":\"PropertyValueSpecification\",\"valueRequired\":true,\"valueName\":\"search_term_string\"}}],\"inLanguage\":\"fr-FR\"},{\"@type\":\"Person\",\"@id\":\"https:\/\/www.leprojecteurguinee.com\/#\/schema\/person\/389671d1a3f0c66e6c91c4a765990c1b\",\"name\":\"Leprojecteurguinee\",\"image\":{\"@type\":\"ImageObject\",\"inLanguage\":\"fr-FR\",\"@id\":\"https:\/\/www.leprojecteurguinee.com\/#\/schema\/person\/image\/\",\"url\":\"https:\/\/secure.gravatar.com\/avatar\/c0faa0f472c43eff99fecb0bd2a1c6782e80a162c9fcb7ed2d48bb42ea619f30?s=96&d=mm&r=g\",\"contentUrl\":\"https:\/\/secure.gravatar.com\/avatar\/c0faa0f472c43eff99fecb0bd2a1c6782e80a162c9fcb7ed2d48bb42ea619f30?s=96&d=mm&r=g\",\"caption\":\"Leprojecteurguinee\"},\"sameAs\":[\"https:\/\/www.leprojecteurguinee.com\"],\"url\":\"https:\/\/www.leprojecteurguinee.com\/index.php\/author\/madame\/\"}]}<\/script>\n<!-- \/ Yoast SEO plugin. -->","yoast_head_json":{"title":"G\u00e9n\u00e9ral Omar Tchiani prend la t\u00eate des putschistes - leprojecteurguinee","robots":{"index":"index","follow":"follow","max-snippet":"max-snippet:-1","max-image-preview":"max-image-preview:large","max-video-preview":"max-video-preview:-1"},"canonical":"https:\/\/www.leprojecteurguinee.com\/index.php\/2023\/07\/28\/general-omar-tchiani-prend-la-tete-des-putschistes\/","og_locale":"fr_FR","og_type":"article","og_title":"G\u00e9n\u00e9ral Omar Tchiani prend la t\u00eate des putschistes - leprojecteurguinee","og_description":"Au Niger, les militaires putschistes ont affich\u00e9 la premi\u00e8re photo famille ce vendredi. Ils annoncent la nomination du g\u00e9n\u00e9ral Omar Tchiani \u00e0 la t\u00eate du Conseil de transition. C&rsquo;est le patron de la garde pr\u00e9sidentielle et Homme de confiance de l\u2019ancien pr\u00e9sident Mahamadou Issoufou. Il a pris la parole \u00e0 la t\u00e9l\u00e9vision nationale. Il a [&hellip;]","og_url":"https:\/\/www.leprojecteurguinee.com\/index.php\/2023\/07\/28\/general-omar-tchiani-prend-la-tete-des-putschistes\/","og_site_name":"leprojecteurguinee","article_published_time":"2023-07-28T11:21:49+00:00","article_modified_time":"2023-07-28T11:22:31+00:00","og_image":[{"width":719,"height":403,"url":"https:\/\/www.leprojecteurguinee.com\/wp-content\/uploads\/2023\/07\/FB_IMG_1690542783542.jpg","type":"image\/jpeg"}],"author":"Leprojecteurguinee","twitter_card":"summary_large_image","twitter_misc":{"\u00c9crit par":"Leprojecteurguinee"},"schema":{"@context":"https:\/\/schema.org","@graph":[{"@type":"Article","@id":"https:\/\/www.leprojecteurguinee.com\/index.php\/2023\/07\/28\/general-omar-tchiani-prend-la-tete-des-putschistes\/#article","isPartOf":{"@id":"https:\/\/www.leprojecteurguinee.com\/index.php\/2023\/07\/28\/general-omar-tchiani-prend-la-tete-des-putschistes\/"},"author":{"name":"Leprojecteurguinee","@id":"https:\/\/www.leprojecteurguinee.com\/#\/schema\/person\/389671d1a3f0c66e6c91c4a765990c1b"},"headline":"G\u00e9n\u00e9ral Omar Tchiani prend la t\u00eate des putschistes","datePublished":"2023-07-28T11:21:49+00:00","dateModified":"2023-07-28T11:22:31+00:00","mainEntityOfPage":{"@id":"https:\/\/www.leprojecteurguinee.com\/index.php\/2023\/07\/28\/general-omar-tchiani-prend-la-tete-des-putschistes\/"},"wordCount":91,"commentCount":0,"image":{"@id":"https:\/\/www.leprojecteurguinee.com\/index.php\/2023\/07\/28\/general-omar-tchiani-prend-la-tete-des-putschistes\/#primaryimage"},"thumbnailUrl":"https:\/\/www.leprojecteurguinee.com\/wp-content\/uploads\/2023\/07\/FB_IMG_1690542783542.jpg","keywords":["Bazoum","C\u00e9d\u00e9ao","Niger","Tchiani"],"articleSection":["Monde"],"inLanguage":"fr-FR","potentialAction":[{"@type":"CommentAction","name":"Comment","target":["https:\/\/www.leprojecteurguinee.com\/index.php\/2023\/07\/28\/general-omar-tchiani-prend-la-tete-des-putschistes\/#respond"]}]},{"@type":"WebPage","@id":"https:\/\/www.leprojecteurguinee.com\/index.php\/2023\/07\/28\/general-omar-tchiani-prend-la-tete-des-putschistes\/","url":"https:\/\/www.leprojecteurguinee.com\/index.php\/2023\/07\/28\/general-omar-tchiani-prend-la-tete-des-putschistes\/","name":"G\u00e9n\u00e9ral Omar Tchiani prend la t\u00eate des putschistes - leprojecteurguinee","isPartOf":{"@id":"https:\/\/www.leprojecteurguinee.com\/#website"},"primaryImageOfPage":{"@id":"https:\/\/www.leprojecteurguinee.com\/index.php\/2023\/07\/28\/general-omar-tchiani-prend-la-tete-des-putschistes\/#primaryimage"},"image":{"@id":"https:\/\/www.leprojecteurguinee.com\/index.php\/2023\/07\/28\/general-omar-tchiani-prend-la-tete-des-putschistes\/#primaryimage"},"thumbnailUrl":"https:\/\/www.leprojecteurguinee.com\/wp-content\/uploads\/2023\/07\/FB_IMG_1690542783542.jpg","datePublished":"2023-07-28T11:21:49+00:00","dateModified":"2023-07-28T11:22:31+00:00","author":{"@id":"https:\/\/www.leprojecteurguinee.com\/#\/schema\/person\/389671d1a3f0c66e6c91c4a765990c1b"},"breadcrumb":{"@id":"https:\/\/www.leprojecteurguinee.com\/index.php\/2023\/07\/28\/general-omar-tchiani-prend-la-tete-des-putschistes\/#breadcrumb"},"inLanguage":"fr-FR","potentialAction":[{"@type":"ReadAction","target":["https:\/\/www.leprojecteurguinee.com\/index.php\/2023\/07\/28\/general-omar-tchiani-prend-la-tete-des-putschistes\/"]}]},{"@type":"ImageObject","inLanguage":"fr-FR","@id":"https:\/\/www.leprojecteurguinee.com\/index.php\/2023\/07\/28\/general-omar-tchiani-prend-la-tete-des-putschistes\/#primaryimage","url":"https:\/\/www.leprojecteurguinee.com\/wp-content\/uploads\/2023\/07\/FB_IMG_1690542783542.jpg","contentUrl":"https:\/\/www.leprojecteurguinee.com\/wp-content\/uploads\/2023\/07\/FB_IMG_1690542783542.jpg","width":719,"height":403},{"@type":"BreadcrumbList","@id":"https:\/\/www.leprojecteurguinee.com\/index.php\/2023\/07\/28\/general-omar-tchiani-prend-la-tete-des-putschistes\/#breadcrumb","itemListElement":[{"@type":"ListItem","position":1,"name":"Accueil","item":"https:\/\/www.leprojecteurguinee.com\/"},{"@type":"ListItem","position":2,"name":"G\u00e9n\u00e9ral Omar Tchiani prend la t\u00eate des putschistes"}]},{"@type":"WebSite","@id":"https:\/\/www.leprojecteurguinee.com\/#website","url":"https:\/\/www.leprojecteurguinee.com\/","name":"leprojecteurguinee","description":"Nous luttons contre les pratiques obscures","potentialAction":[{"@type":"SearchAction","target":{"@type":"EntryPoint","urlTemplate":"https:\/\/www.leprojecteurguinee.com\/?s={search_term_string}"},"query-input":{"@type":"PropertyValueSpecification","valueRequired":true,"valueName":"search_term_string"}}],"inLanguage":"fr-FR"},{"@type":"Person","@id":"https:\/\/www.leprojecteurguinee.com\/#\/schema\/person\/389671d1a3f0c66e6c91c4a765990c1b","name":"Leprojecteurguinee","image":{"@type":"ImageObject","inLanguage":"fr-FR","@id":"https:\/\/www.leprojecteurguinee.com\/#\/schema\/person\/image\/","url":"https:\/\/secure.gravatar.com\/avatar\/c0faa0f472c43eff99fecb0bd2a1c6782e80a162c9fcb7ed2d48bb42ea619f30?s=96&d=mm&r=g","contentUrl":"https:\/\/secure.gravatar.com\/avatar\/c0faa0f472c43eff99fecb0bd2a1c6782e80a162c9fcb7ed2d48bb42ea619f30?s=96&d=mm&r=g","caption":"Leprojecteurguinee"},"sameAs":["https:\/\/www.leprojecteurguinee.com"],"url":"https:\/\/www.leprojecteurguinee.com\/index.php\/author\/madame\/"}]}},"_links":{"self":[{"href":"https:\/\/www.leprojecteurguinee.com\/index.php\/wp-json\/wp\/v2\/posts\/657","targetHints":{"allow":["GET"]}}],"collection":[{"href":"https:\/\/www.leprojecteurguinee.com\/index.php\/wp-json\/wp\/v2\/posts"}],"about":[{"href":"https:\/\/www.leprojecteurguinee.com\/index.php\/wp-json\/wp\/v2\/types\/post"}],"author":[{"embeddable":true,"href":"https:\/\/www.leprojecteurguinee.com\/index.php\/wp-json\/wp\/v2\/users\/1"}],"replies":[{"embeddable":true,"href":"https:\/\/www.leprojecteurguinee.com\/index.php\/wp-json\/wp\/v2\/comments?post=657"}],"version-history":[{"count":0,"href":"https:\/\/www.leprojecteurguinee.com\/index.php\/wp-json\/wp\/v2\/posts\/657\/revisions"}],"wp:featuredmedia":[{"embeddable":true,"href":"https:\/\/www.leprojecteurguinee.com\/index.php\/wp-json\/wp\/v2\/media\/656"}],"wp:attachment":[{"href":"https:\/\/www.leprojecteurguinee.com\/index.php\/wp-json\/wp\/v2\/media?parent=657"}],"wp:term":[{"taxonomy":"category","embeddable":true,"href":"https:\/\/www.leprojecteurguinee.com\/index.php\/wp-json\/wp\/v2\/categories?post=657"},{"taxonomy":"post_tag","embeddable":true,"href":"https:\/\/www.leprojecteurguinee.com\/index.php\/wp-json\/wp\/v2\/tags?post=657"}],"curies":[{"name":"wp","href":"https:\/\/api.w.org\/{rel}","templated":true}]}}