{"id":582,"date":"2023-07-25T14:49:50","date_gmt":"2023-07-25T12:49:50","guid":{"rendered":"https:\/\/www.leprojecteurguinee.com\/?p=582"},"modified":"2023-07-25T14:49:59","modified_gmt":"2023-07-25T12:49:59","slug":"le-chef-de-gouvernement-evalue-ses-ministres","status":"publish","type":"post","link":"https:\/\/www.leprojecteurguinee.com\/index.php\/2023\/07\/25\/le-chef-de-gouvernement-evalue-ses-ministres\/","title":{"rendered":"Le chef de Gouvernement \u00e9value ses ministres"},"content":{"rendered":"\n<figure class=\"wp-block-image size-large\"><img loading=\"lazy\" decoding=\"async\" width=\"1024\" height=\"747\" src=\"https:\/\/www.leprojecteurguinee.com\/wp-content\/uploads\/2023\/07\/IMG-20230724-WA0127.jpg\" alt=\"\" class=\"wp-image-581\" srcset=\"https:\/\/www.leprojecteurguinee.com\/wp-content\/uploads\/2023\/07\/IMG-20230724-WA0127.jpg 1024w, https:\/\/www.leprojecteurguinee.com\/wp-content\/uploads\/2023\/07\/IMG-20230724-WA0127-300x219.jpg 300w, https:\/\/www.leprojecteurguinee.com\/wp-content\/uploads\/2023\/07\/IMG-20230724-WA0127-768x560.jpg 768w, https:\/\/www.leprojecteurguinee.com\/wp-content\/uploads\/2023\/07\/IMG-20230724-WA0127-86x64.jpg 86w\" sizes=\"auto, (max-width: 1024px) 100vw, 1024px\" \/><\/figure>\n\n\n\n<p>Dans le cadre de l\u2019\u00e9valuation \u00e0 mi-parcours de la performance des minist\u00e8res sectoriels, la Primature proc\u00e8de, \u00e0 compter de ce lundi 24 juillet 2023, aux s\u00e9ances d\u2019entretien avec les d\u00e9partements autour de leurs rapports d\u2019activit\u00e9 sur les six (6) premiers mois de l\u2019ann\u00e9e. <br><br>Pour le Premier ministre, chef du Gouvernement, il s\u2019agit de s\u2019assurer de la bonne ex\u00e9cution des lettres de mission et des plans d\u2019actions op\u00e9rationnels conform\u00e9ment aux dispositions du contrat annuel de performance de chacun des D\u00e9partements minist\u00e9riels.<br><br>Le comit\u00e9 d\u2019\u00e9valuation est pr\u00e9sid\u00e9 par le Premier ministre. Il est compos\u00e9 des repr\u00e9sentants de la Pr\u00e9sidence de la R\u00e9publique, de la Primature, du minist\u00e8re suppl\u00e9ant et d\u2019\u00e9valuateurs externes.  Quatre (4) d\u00e9partements sont re\u00e7us par jour. Les s\u00e9ances d\u2019\u00e9valuations prendront fin le lundi 31 juillet 2023.<br><br>Pour rappel, le mardi, 03 janvier 2023, le Premier ministre, Dr Bernard Goumou a sign\u00e9 un contrat annuel de performance avec chaque ministre. La c\u00e9r\u00e9monie s\u2019est d\u00e9roul\u00e9e au palais Mohamed V, en pr\u00e9sence du Pr\u00e9sident de la R\u00e9publique, Chef de l\u2019\u00c9tat, Colonel Mamadi Doumbouya.  <br><br>Cette signature introduit dans l\u2019administration publique le syst\u00e8me de gestion ax\u00e9e sur les r\u00e9sultats (GAR). Selon le Premier ministre, le contrat annuel de performance \u00ab est un outil de suivi et d\u2019\u00e9valuation de la performance gouvernementale. Il inclut des grilles d\u2019\u00e9valuation utilisant des crit\u00e8res objectifs, transparents et d\u00e9finis de commun accord \u00bb.<br><br>Trois (3) objectifs g\u00e9n\u00e9raux sont d\u00e9finis dans le contrat de performance de chaque Minist\u00e8re : (1) planifier et agir dans le cadre de l\u2019atteinte des objectifs ; (2) surveiller la mise en \u0153uvre des actions pour l\u2019atteinte des objectifs ; et (3)fonder les prises de d\u00e9cisions gouvernementales sur des bases factuelles.<br><br>Les r\u00e9sultats attendus de l\u2019application dudit contrat portent sur : (1) une efficacit\u00e9 accrue de l\u2019action gouvernementale ; (2) une productivit\u00e9 globale plus \u00e9lev\u00e9e du Minist\u00e8re ; (3) des collaborateurs plus motiv\u00e9s et plus engag\u00e9s sur les r\u00e9sultats qui maximisent leur rendement au travail.<br><br>L\u2019\u00e9valuation de la performance a lieu en quatre (4) \u00e9tapes : l\u2019Auto-\u00e9valuation par chaque Minist\u00e8re en mai 2023 ; l\u2019Evaluation \u00e0 mi-parcours du Minist\u00e8re en juillet 2023 ; le Suivi des recommandations de l\u2019\u00e9valuation \u00e0 mi-parcours en octobre 2023 et l\u2019\u00c9valuation finale en d\u00e9cembre 2023.<br><br>Au nom des principes de transparence et de redevabilit\u00e9 pour encadrer l\u2019action publique, les r\u00e9sultats de l\u2019\u00e9valuation finale seront transmis au Chef de l\u2019\u00c9tat.<br><br>La notation globale de la performance porte sur 100 points. La grille d\u2019\u00e9valuation s\u2019articule autour de dix (10) crit\u00e8res, allant des lettres de mission du Minist\u00e8re au taux de d\u00e9caissement du budget des projets et programmes, la mobilisation des revenus fiscaux et non fiscaux, la mise en place d\u2019outils de bonne gouvernance, la digitalisation, la d\u00e9clinaison du contrat de performance au sein du Minist\u00e8re et autres.<\/p>\n","protected":false},"excerpt":{"rendered":"<p>Dans le cadre de l\u2019\u00e9valuation \u00e0 mi-parcours de la performance des minist\u00e8res sectoriels, la Primature proc\u00e8de, \u00e0 compter de ce lundi 24 juillet 2023, aux s\u00e9ances d\u2019entretien avec les d\u00e9partements autour de leurs rapports d\u2019activit\u00e9 sur les six (6) premiers mois de l\u2019ann\u00e9e. Pour le Premier ministre, chef du Gouvernement, il s\u2019agit de s\u2019assurer de [&hellip;]<\/p>\n","protected":false},"author":1,"featured_media":580,"comment_status":"open","ping_status":"open","sticky":false,"template":"","format":"standard","meta":{"footnotes":""},"categories":[80],"tags":[129,17,130],"class_list":["post-582","post","type-post","status-publish","format-standard","has-post-thumbnail","hentry","category-politique","tag-bernard-goumou","tag-guinee","tag-primature"],"yoast_head":"<!-- This site is optimized with the Yoast SEO plugin v26.8 - https:\/\/yoast.com\/product\/yoast-seo-wordpress\/ -->\n<title>Le chef de Gouvernement \u00e9value ses ministres - leprojecteurguinee<\/title>\n<meta name=\"robots\" content=\"index, follow, max-snippet:-1, max-image-preview:large, max-video-preview:-1\" \/>\n<link rel=\"canonical\" href=\"https:\/\/www.leprojecteurguinee.com\/index.php\/2023\/07\/25\/le-chef-de-gouvernement-evalue-ses-ministres\/\" \/>\n<meta property=\"og:locale\" content=\"fr_FR\" \/>\n<meta property=\"og:type\" content=\"article\" \/>\n<meta property=\"og:title\" content=\"Le chef de Gouvernement \u00e9value ses ministres - leprojecteurguinee\" \/>\n<meta property=\"og:description\" content=\"Dans le cadre de l\u2019\u00e9valuation \u00e0 mi-parcours de la performance des minist\u00e8res sectoriels, la Primature proc\u00e8de, \u00e0 compter de ce lundi 24 juillet 2023, aux s\u00e9ances d\u2019entretien avec les d\u00e9partements autour de leurs rapports d\u2019activit\u00e9 sur les six (6) premiers mois de l\u2019ann\u00e9e. Pour le Premier ministre, chef du Gouvernement, il s\u2019agit de s\u2019assurer de [&hellip;]\" \/>\n<meta property=\"og:url\" content=\"https:\/\/www.leprojecteurguinee.com\/index.php\/2023\/07\/25\/le-chef-de-gouvernement-evalue-ses-ministres\/\" \/>\n<meta property=\"og:site_name\" content=\"leprojecteurguinee\" \/>\n<meta property=\"article:published_time\" content=\"2023-07-25T12:49:50+00:00\" \/>\n<meta property=\"article:modified_time\" content=\"2023-07-25T12:49:59+00:00\" \/>\n<meta property=\"og:image\" content=\"https:\/\/www.leprojecteurguinee.com\/wp-content\/uploads\/2023\/07\/IMG-20230724-WA0125.jpg\" \/>\n\t<meta property=\"og:image:width\" content=\"1024\" \/>\n\t<meta property=\"og:image:height\" content=\"682\" \/>\n\t<meta property=\"og:image:type\" content=\"image\/jpeg\" \/>\n<meta name=\"author\" content=\"Leprojecteurguinee\" \/>\n<meta name=\"twitter:card\" content=\"summary_large_image\" \/>\n<meta name=\"twitter:label1\" content=\"\u00c9crit par\" \/>\n\t<meta name=\"twitter:data1\" content=\"Leprojecteurguinee\" \/>\n\t<meta name=\"twitter:label2\" content=\"Dur\u00e9e de lecture estim\u00e9e\" \/>\n\t<meta name=\"twitter:data2\" content=\"2 minutes\" \/>\n<script type=\"application\/ld+json\" class=\"yoast-schema-graph\">{\"@context\":\"https:\/\/schema.org\",\"@graph\":[{\"@type\":\"Article\",\"@id\":\"https:\/\/www.leprojecteurguinee.com\/index.php\/2023\/07\/25\/le-chef-de-gouvernement-evalue-ses-ministres\/#article\",\"isPartOf\":{\"@id\":\"https:\/\/www.leprojecteurguinee.com\/index.php\/2023\/07\/25\/le-chef-de-gouvernement-evalue-ses-ministres\/\"},\"author\":{\"name\":\"Leprojecteurguinee\",\"@id\":\"https:\/\/www.leprojecteurguinee.com\/#\/schema\/person\/389671d1a3f0c66e6c91c4a765990c1b\"},\"headline\":\"Le chef de Gouvernement \u00e9value ses ministres\",\"datePublished\":\"2023-07-25T12:49:50+00:00\",\"dateModified\":\"2023-07-25T12:49:59+00:00\",\"mainEntityOfPage\":{\"@id\":\"https:\/\/www.leprojecteurguinee.com\/index.php\/2023\/07\/25\/le-chef-de-gouvernement-evalue-ses-ministres\/\"},\"wordCount\":505,\"commentCount\":0,\"image\":{\"@id\":\"https:\/\/www.leprojecteurguinee.com\/index.php\/2023\/07\/25\/le-chef-de-gouvernement-evalue-ses-ministres\/#primaryimage\"},\"thumbnailUrl\":\"https:\/\/www.leprojecteurguinee.com\/wp-content\/uploads\/2023\/07\/IMG-20230724-WA0125.jpg\",\"keywords\":[\"Bernard Goumou\",\"Guin\u00e9e\",\"Primature\"],\"articleSection\":[\"Politique\"],\"inLanguage\":\"fr-FR\",\"potentialAction\":[{\"@type\":\"CommentAction\",\"name\":\"Comment\",\"target\":[\"https:\/\/www.leprojecteurguinee.com\/index.php\/2023\/07\/25\/le-chef-de-gouvernement-evalue-ses-ministres\/#respond\"]}]},{\"@type\":\"WebPage\",\"@id\":\"https:\/\/www.leprojecteurguinee.com\/index.php\/2023\/07\/25\/le-chef-de-gouvernement-evalue-ses-ministres\/\",\"url\":\"https:\/\/www.leprojecteurguinee.com\/index.php\/2023\/07\/25\/le-chef-de-gouvernement-evalue-ses-ministres\/\",\"name\":\"Le chef de Gouvernement \u00e9value ses ministres - leprojecteurguinee\",\"isPartOf\":{\"@id\":\"https:\/\/www.leprojecteurguinee.com\/#website\"},\"primaryImageOfPage\":{\"@id\":\"https:\/\/www.leprojecteurguinee.com\/index.php\/2023\/07\/25\/le-chef-de-gouvernement-evalue-ses-ministres\/#primaryimage\"},\"image\":{\"@id\":\"https:\/\/www.leprojecteurguinee.com\/index.php\/2023\/07\/25\/le-chef-de-gouvernement-evalue-ses-ministres\/#primaryimage\"},\"thumbnailUrl\":\"https:\/\/www.leprojecteurguinee.com\/wp-content\/uploads\/2023\/07\/IMG-20230724-WA0125.jpg\",\"datePublished\":\"2023-07-25T12:49:50+00:00\",\"dateModified\":\"2023-07-25T12:49:59+00:00\",\"author\":{\"@id\":\"https:\/\/www.leprojecteurguinee.com\/#\/schema\/person\/389671d1a3f0c66e6c91c4a765990c1b\"},\"breadcrumb\":{\"@id\":\"https:\/\/www.leprojecteurguinee.com\/index.php\/2023\/07\/25\/le-chef-de-gouvernement-evalue-ses-ministres\/#breadcrumb\"},\"inLanguage\":\"fr-FR\",\"potentialAction\":[{\"@type\":\"ReadAction\",\"target\":[\"https:\/\/www.leprojecteurguinee.com\/index.php\/2023\/07\/25\/le-chef-de-gouvernement-evalue-ses-ministres\/\"]}]},{\"@type\":\"ImageObject\",\"inLanguage\":\"fr-FR\",\"@id\":\"https:\/\/www.leprojecteurguinee.com\/index.php\/2023\/07\/25\/le-chef-de-gouvernement-evalue-ses-ministres\/#primaryimage\",\"url\":\"https:\/\/www.leprojecteurguinee.com\/wp-content\/uploads\/2023\/07\/IMG-20230724-WA0125.jpg\",\"contentUrl\":\"https:\/\/www.leprojecteurguinee.com\/wp-content\/uploads\/2023\/07\/IMG-20230724-WA0125.jpg\",\"width\":1024,\"height\":682},{\"@type\":\"BreadcrumbList\",\"@id\":\"https:\/\/www.leprojecteurguinee.com\/index.php\/2023\/07\/25\/le-chef-de-gouvernement-evalue-ses-ministres\/#breadcrumb\",\"itemListElement\":[{\"@type\":\"ListItem\",\"position\":1,\"name\":\"Accueil\",\"item\":\"https:\/\/www.leprojecteurguinee.com\/\"},{\"@type\":\"ListItem\",\"position\":2,\"name\":\"Le chef de Gouvernement \u00e9value ses ministres\"}]},{\"@type\":\"WebSite\",\"@id\":\"https:\/\/www.leprojecteurguinee.com\/#website\",\"url\":\"https:\/\/www.leprojecteurguinee.com\/\",\"name\":\"leprojecteurguinee\",\"description\":\"Nous luttons contre les pratiques obscures\",\"potentialAction\":[{\"@type\":\"SearchAction\",\"target\":{\"@type\":\"EntryPoint\",\"urlTemplate\":\"https:\/\/www.leprojecteurguinee.com\/?s={search_term_string}\"},\"query-input\":{\"@type\":\"PropertyValueSpecification\",\"valueRequired\":true,\"valueName\":\"search_term_string\"}}],\"inLanguage\":\"fr-FR\"},{\"@type\":\"Person\",\"@id\":\"https:\/\/www.leprojecteurguinee.com\/#\/schema\/person\/389671d1a3f0c66e6c91c4a765990c1b\",\"name\":\"Leprojecteurguinee\",\"image\":{\"@type\":\"ImageObject\",\"inLanguage\":\"fr-FR\",\"@id\":\"https:\/\/www.leprojecteurguinee.com\/#\/schema\/person\/image\/\",\"url\":\"https:\/\/secure.gravatar.com\/avatar\/c0faa0f472c43eff99fecb0bd2a1c6782e80a162c9fcb7ed2d48bb42ea619f30?s=96&d=mm&r=g\",\"contentUrl\":\"https:\/\/secure.gravatar.com\/avatar\/c0faa0f472c43eff99fecb0bd2a1c6782e80a162c9fcb7ed2d48bb42ea619f30?s=96&d=mm&r=g\",\"caption\":\"Leprojecteurguinee\"},\"sameAs\":[\"https:\/\/www.leprojecteurguinee.com\"],\"url\":\"https:\/\/www.leprojecteurguinee.com\/index.php\/author\/madame\/\"}]}<\/script>\n<!-- \/ Yoast SEO plugin. -->","yoast_head_json":{"title":"Le chef de Gouvernement \u00e9value ses ministres - leprojecteurguinee","robots":{"index":"index","follow":"follow","max-snippet":"max-snippet:-1","max-image-preview":"max-image-preview:large","max-video-preview":"max-video-preview:-1"},"canonical":"https:\/\/www.leprojecteurguinee.com\/index.php\/2023\/07\/25\/le-chef-de-gouvernement-evalue-ses-ministres\/","og_locale":"fr_FR","og_type":"article","og_title":"Le chef de Gouvernement \u00e9value ses ministres - leprojecteurguinee","og_description":"Dans le cadre de l\u2019\u00e9valuation \u00e0 mi-parcours de la performance des minist\u00e8res sectoriels, la Primature proc\u00e8de, \u00e0 compter de ce lundi 24 juillet 2023, aux s\u00e9ances d\u2019entretien avec les d\u00e9partements autour de leurs rapports d\u2019activit\u00e9 sur les six (6) premiers mois de l\u2019ann\u00e9e. Pour le Premier ministre, chef du Gouvernement, il s\u2019agit de s\u2019assurer de [&hellip;]","og_url":"https:\/\/www.leprojecteurguinee.com\/index.php\/2023\/07\/25\/le-chef-de-gouvernement-evalue-ses-ministres\/","og_site_name":"leprojecteurguinee","article_published_time":"2023-07-25T12:49:50+00:00","article_modified_time":"2023-07-25T12:49:59+00:00","og_image":[{"width":1024,"height":682,"url":"https:\/\/www.leprojecteurguinee.com\/wp-content\/uploads\/2023\/07\/IMG-20230724-WA0125.jpg","type":"image\/jpeg"}],"author":"Leprojecteurguinee","twitter_card":"summary_large_image","twitter_misc":{"\u00c9crit par":"Leprojecteurguinee","Dur\u00e9e de lecture estim\u00e9e":"2 minutes"},"schema":{"@context":"https:\/\/schema.org","@graph":[{"@type":"Article","@id":"https:\/\/www.leprojecteurguinee.com\/index.php\/2023\/07\/25\/le-chef-de-gouvernement-evalue-ses-ministres\/#article","isPartOf":{"@id":"https:\/\/www.leprojecteurguinee.com\/index.php\/2023\/07\/25\/le-chef-de-gouvernement-evalue-ses-ministres\/"},"author":{"name":"Leprojecteurguinee","@id":"https:\/\/www.leprojecteurguinee.com\/#\/schema\/person\/389671d1a3f0c66e6c91c4a765990c1b"},"headline":"Le chef de Gouvernement \u00e9value ses ministres","datePublished":"2023-07-25T12:49:50+00:00","dateModified":"2023-07-25T12:49:59+00:00","mainEntityOfPage":{"@id":"https:\/\/www.leprojecteurguinee.com\/index.php\/2023\/07\/25\/le-chef-de-gouvernement-evalue-ses-ministres\/"},"wordCount":505,"commentCount":0,"image":{"@id":"https:\/\/www.leprojecteurguinee.com\/index.php\/2023\/07\/25\/le-chef-de-gouvernement-evalue-ses-ministres\/#primaryimage"},"thumbnailUrl":"https:\/\/www.leprojecteurguinee.com\/wp-content\/uploads\/2023\/07\/IMG-20230724-WA0125.jpg","keywords":["Bernard Goumou","Guin\u00e9e","Primature"],"articleSection":["Politique"],"inLanguage":"fr-FR","potentialAction":[{"@type":"CommentAction","name":"Comment","target":["https:\/\/www.leprojecteurguinee.com\/index.php\/2023\/07\/25\/le-chef-de-gouvernement-evalue-ses-ministres\/#respond"]}]},{"@type":"WebPage","@id":"https:\/\/www.leprojecteurguinee.com\/index.php\/2023\/07\/25\/le-chef-de-gouvernement-evalue-ses-ministres\/","url":"https:\/\/www.leprojecteurguinee.com\/index.php\/2023\/07\/25\/le-chef-de-gouvernement-evalue-ses-ministres\/","name":"Le chef de Gouvernement \u00e9value ses ministres - leprojecteurguinee","isPartOf":{"@id":"https:\/\/www.leprojecteurguinee.com\/#website"},"primaryImageOfPage":{"@id":"https:\/\/www.leprojecteurguinee.com\/index.php\/2023\/07\/25\/le-chef-de-gouvernement-evalue-ses-ministres\/#primaryimage"},"image":{"@id":"https:\/\/www.leprojecteurguinee.com\/index.php\/2023\/07\/25\/le-chef-de-gouvernement-evalue-ses-ministres\/#primaryimage"},"thumbnailUrl":"https:\/\/www.leprojecteurguinee.com\/wp-content\/uploads\/2023\/07\/IMG-20230724-WA0125.jpg","datePublished":"2023-07-25T12:49:50+00:00","dateModified":"2023-07-25T12:49:59+00:00","author":{"@id":"https:\/\/www.leprojecteurguinee.com\/#\/schema\/person\/389671d1a3f0c66e6c91c4a765990c1b"},"breadcrumb":{"@id":"https:\/\/www.leprojecteurguinee.com\/index.php\/2023\/07\/25\/le-chef-de-gouvernement-evalue-ses-ministres\/#breadcrumb"},"inLanguage":"fr-FR","potentialAction":[{"@type":"ReadAction","target":["https:\/\/www.leprojecteurguinee.com\/index.php\/2023\/07\/25\/le-chef-de-gouvernement-evalue-ses-ministres\/"]}]},{"@type":"ImageObject","inLanguage":"fr-FR","@id":"https:\/\/www.leprojecteurguinee.com\/index.php\/2023\/07\/25\/le-chef-de-gouvernement-evalue-ses-ministres\/#primaryimage","url":"https:\/\/www.leprojecteurguinee.com\/wp-content\/uploads\/2023\/07\/IMG-20230724-WA0125.jpg","contentUrl":"https:\/\/www.leprojecteurguinee.com\/wp-content\/uploads\/2023\/07\/IMG-20230724-WA0125.jpg","width":1024,"height":682},{"@type":"BreadcrumbList","@id":"https:\/\/www.leprojecteurguinee.com\/index.php\/2023\/07\/25\/le-chef-de-gouvernement-evalue-ses-ministres\/#breadcrumb","itemListElement":[{"@type":"ListItem","position":1,"name":"Accueil","item":"https:\/\/www.leprojecteurguinee.com\/"},{"@type":"ListItem","position":2,"name":"Le chef de Gouvernement \u00e9value ses ministres"}]},{"@type":"WebSite","@id":"https:\/\/www.leprojecteurguinee.com\/#website","url":"https:\/\/www.leprojecteurguinee.com\/","name":"leprojecteurguinee","description":"Nous luttons contre les pratiques obscures","potentialAction":[{"@type":"SearchAction","target":{"@type":"EntryPoint","urlTemplate":"https:\/\/www.leprojecteurguinee.com\/?s={search_term_string}"},"query-input":{"@type":"PropertyValueSpecification","valueRequired":true,"valueName":"search_term_string"}}],"inLanguage":"fr-FR"},{"@type":"Person","@id":"https:\/\/www.leprojecteurguinee.com\/#\/schema\/person\/389671d1a3f0c66e6c91c4a765990c1b","name":"Leprojecteurguinee","image":{"@type":"ImageObject","inLanguage":"fr-FR","@id":"https:\/\/www.leprojecteurguinee.com\/#\/schema\/person\/image\/","url":"https:\/\/secure.gravatar.com\/avatar\/c0faa0f472c43eff99fecb0bd2a1c6782e80a162c9fcb7ed2d48bb42ea619f30?s=96&d=mm&r=g","contentUrl":"https:\/\/secure.gravatar.com\/avatar\/c0faa0f472c43eff99fecb0bd2a1c6782e80a162c9fcb7ed2d48bb42ea619f30?s=96&d=mm&r=g","caption":"Leprojecteurguinee"},"sameAs":["https:\/\/www.leprojecteurguinee.com"],"url":"https:\/\/www.leprojecteurguinee.com\/index.php\/author\/madame\/"}]}},"_links":{"self":[{"href":"https:\/\/www.leprojecteurguinee.com\/index.php\/wp-json\/wp\/v2\/posts\/582","targetHints":{"allow":["GET"]}}],"collection":[{"href":"https:\/\/www.leprojecteurguinee.com\/index.php\/wp-json\/wp\/v2\/posts"}],"about":[{"href":"https:\/\/www.leprojecteurguinee.com\/index.php\/wp-json\/wp\/v2\/types\/post"}],"author":[{"embeddable":true,"href":"https:\/\/www.leprojecteurguinee.com\/index.php\/wp-json\/wp\/v2\/users\/1"}],"replies":[{"embeddable":true,"href":"https:\/\/www.leprojecteurguinee.com\/index.php\/wp-json\/wp\/v2\/comments?post=582"}],"version-history":[{"count":0,"href":"https:\/\/www.leprojecteurguinee.com\/index.php\/wp-json\/wp\/v2\/posts\/582\/revisions"}],"wp:featuredmedia":[{"embeddable":true,"href":"https:\/\/www.leprojecteurguinee.com\/index.php\/wp-json\/wp\/v2\/media\/580"}],"wp:attachment":[{"href":"https:\/\/www.leprojecteurguinee.com\/index.php\/wp-json\/wp\/v2\/media?parent=582"}],"wp:term":[{"taxonomy":"category","embeddable":true,"href":"https:\/\/www.leprojecteurguinee.com\/index.php\/wp-json\/wp\/v2\/categories?post=582"},{"taxonomy":"post_tag","embeddable":true,"href":"https:\/\/www.leprojecteurguinee.com\/index.php\/wp-json\/wp\/v2\/tags?post=582"}],"curies":[{"name":"wp","href":"https:\/\/api.w.org\/{rel}","templated":true}]}}