{"id":5327,"date":"2025-03-30T22:06:25","date_gmt":"2025-03-30T22:06:25","guid":{"rendered":"https:\/\/www.leprojecteurguinee.com\/?p=5327"},"modified":"2025-03-30T22:06:36","modified_gmt":"2025-03-30T22:06:36","slug":"palais-mohamed-v-le-president-doumbouya-a-effectue-la-priere-entoure-de-plusieurs-membres-du-gouvernement","status":"publish","type":"post","link":"https:\/\/www.leprojecteurguinee.com\/index.php\/2025\/03\/30\/palais-mohamed-v-le-president-doumbouya-a-effectue-la-priere-entoure-de-plusieurs-membres-du-gouvernement\/","title":{"rendered":"Palais Mohamed V : le pr\u00e9sident Doumbouya a effectu\u00e9 la pri\u00e8re, entour\u00e9 de plusieurs membres du gouvernement"},"content":{"rendered":"<p>La Guin\u00e9e a c\u00e9l\u00e9br\u00e9 l\u2019A\u00efd el-Fitr ce dimanche 30 mars 2025. Le pr\u00e9sident Mamadi Doumbouya a particip\u00e9 \u00e0 la pri\u00e8re de l\u2019A\u00efd au Palais Mohammed V, entour\u00e9 de responsables gouvernementaux et de nombreux fid\u00e8les.<\/p>\n<p>La pri\u00e8re, dirig\u00e9e par l\u2019imam Ratib Elhadj Mamadou Saliou Camara, a mis l\u2019accent sur les valeurs de pardon, de solidarit\u00e9 et de partage, notamment \u00e0 travers la Zakat al-Fitr. L\u2019imam a \u00e9galement salu\u00e9 les efforts du pr\u00e9sident pour l\u2019unit\u00e9 nationale et le d\u00e9veloppement du pays.<\/p>\n<p>Apr\u00e8s la pri\u00e8re, le pr\u00e9sident Doumbouya a re\u00e7u les v\u0153ux de la foule et des personnalit\u00e9s pr\u00e9sentes. Le ministre Amara Camara a rappel\u00e9 l\u2019importance de l\u2019unit\u00e9 et de la stabilit\u00e9 pour l\u2019avenir de la Guin\u00e9e.<\/p>\n<p>Cette c\u00e9l\u00e9bration a renforc\u00e9 le sentiment d\u2019unit\u00e9 nationale et l\u2019engagement du pays envers la paix et la prosp\u00e9rit\u00e9.<\/p>\n<p><strong>Avec la DCI-PRG<\/strong><\/p>\n","protected":false},"excerpt":{"rendered":"<p>La Guin\u00e9e a c\u00e9l\u00e9br\u00e9 l\u2019A\u00efd el-Fitr ce dimanche 30 mars 2025. Le pr\u00e9sident Mamadi Doumbouya a particip\u00e9 \u00e0 la pri\u00e8re de l\u2019A\u00efd au Palais Mohammed V, entour\u00e9 de responsables gouvernementaux et de nombreux fid\u00e8les. La pri\u00e8re, dirig\u00e9e par l\u2019imam Ratib Elhadj Mamadou Saliou Camara, a mis l\u2019accent sur les valeurs de pardon, de solidarit\u00e9 et [&hellip;]<\/p>\n","protected":false},"author":2,"featured_media":5328,"comment_status":"open","ping_status":"open","sticky":false,"template":"","format":"standard","meta":{"footnotes":""},"categories":[16],"tags":[],"class_list":["post-5327","post","type-post","status-publish","format-standard","has-post-thumbnail","hentry","category-actualites"],"yoast_head":"<!-- This site is optimized with the Yoast SEO plugin v26.8 - https:\/\/yoast.com\/product\/yoast-seo-wordpress\/ -->\n<title>Palais Mohamed V : le pr\u00e9sident Doumbouya a effectu\u00e9 la pri\u00e8re, entour\u00e9 de plusieurs membres du gouvernement - leprojecteurguinee<\/title>\n<meta name=\"robots\" content=\"index, follow, max-snippet:-1, max-image-preview:large, max-video-preview:-1\" \/>\n<link rel=\"canonical\" href=\"https:\/\/www.leprojecteurguinee.com\/index.php\/2025\/03\/30\/palais-mohamed-v-le-president-doumbouya-a-effectue-la-priere-entoure-de-plusieurs-membres-du-gouvernement\/\" \/>\n<meta property=\"og:locale\" content=\"fr_FR\" \/>\n<meta property=\"og:type\" content=\"article\" \/>\n<meta property=\"og:title\" content=\"Palais Mohamed V : le pr\u00e9sident Doumbouya a effectu\u00e9 la pri\u00e8re, entour\u00e9 de plusieurs membres du gouvernement - leprojecteurguinee\" \/>\n<meta property=\"og:description\" content=\"La Guin\u00e9e a c\u00e9l\u00e9br\u00e9 l\u2019A\u00efd el-Fitr ce dimanche 30 mars 2025. Le pr\u00e9sident Mamadi Doumbouya a particip\u00e9 \u00e0 la pri\u00e8re de l\u2019A\u00efd au Palais Mohammed V, entour\u00e9 de responsables gouvernementaux et de nombreux fid\u00e8les. La pri\u00e8re, dirig\u00e9e par l\u2019imam Ratib Elhadj Mamadou Saliou Camara, a mis l\u2019accent sur les valeurs de pardon, de solidarit\u00e9 et [&hellip;]\" \/>\n<meta property=\"og:url\" content=\"https:\/\/www.leprojecteurguinee.com\/index.php\/2025\/03\/30\/palais-mohamed-v-le-president-doumbouya-a-effectue-la-priere-entoure-de-plusieurs-membres-du-gouvernement\/\" \/>\n<meta property=\"og:site_name\" content=\"leprojecteurguinee\" \/>\n<meta property=\"article:published_time\" content=\"2025-03-30T22:06:25+00:00\" \/>\n<meta property=\"article:modified_time\" content=\"2025-03-30T22:06:36+00:00\" \/>\n<meta property=\"og:image\" content=\"https:\/\/www.leprojecteurguinee.com\/wp-content\/uploads\/2025\/03\/presidence.webp\" \/>\n\t<meta property=\"og:image:width\" content=\"750\" \/>\n\t<meta property=\"og:image:height\" content=\"375\" \/>\n\t<meta property=\"og:image:type\" content=\"image\/webp\" \/>\n<meta name=\"author\" content=\"www.leprojecteurguinee.com\" \/>\n<meta name=\"twitter:card\" content=\"summary_large_image\" \/>\n<meta name=\"twitter:label1\" content=\"\u00c9crit par\" \/>\n\t<meta name=\"twitter:data1\" content=\"www.leprojecteurguinee.com\" \/>\n\t<meta name=\"twitter:label2\" content=\"Dur\u00e9e de lecture estim\u00e9e\" \/>\n\t<meta name=\"twitter:data2\" content=\"1 minute\" \/>\n<script type=\"application\/ld+json\" class=\"yoast-schema-graph\">{\"@context\":\"https:\/\/schema.org\",\"@graph\":[{\"@type\":\"Article\",\"@id\":\"https:\/\/www.leprojecteurguinee.com\/index.php\/2025\/03\/30\/palais-mohamed-v-le-president-doumbouya-a-effectue-la-priere-entoure-de-plusieurs-membres-du-gouvernement\/#article\",\"isPartOf\":{\"@id\":\"https:\/\/www.leprojecteurguinee.com\/index.php\/2025\/03\/30\/palais-mohamed-v-le-president-doumbouya-a-effectue-la-priere-entoure-de-plusieurs-membres-du-gouvernement\/\"},\"author\":{\"name\":\"www.leprojecteurguinee.com\",\"@id\":\"https:\/\/www.leprojecteurguinee.com\/#\/schema\/person\/c9d1602e593b11af0b295bdf5e12a59a\"},\"headline\":\"Palais Mohamed V : le pr\u00e9sident Doumbouya a effectu\u00e9 la pri\u00e8re, entour\u00e9 de plusieurs membres du gouvernement\",\"datePublished\":\"2025-03-30T22:06:25+00:00\",\"dateModified\":\"2025-03-30T22:06:36+00:00\",\"mainEntityOfPage\":{\"@id\":\"https:\/\/www.leprojecteurguinee.com\/index.php\/2025\/03\/30\/palais-mohamed-v-le-president-doumbouya-a-effectue-la-priere-entoure-de-plusieurs-membres-du-gouvernement\/\"},\"wordCount\":183,\"commentCount\":0,\"image\":{\"@id\":\"https:\/\/www.leprojecteurguinee.com\/index.php\/2025\/03\/30\/palais-mohamed-v-le-president-doumbouya-a-effectue-la-priere-entoure-de-plusieurs-membres-du-gouvernement\/#primaryimage\"},\"thumbnailUrl\":\"https:\/\/www.leprojecteurguinee.com\/wp-content\/uploads\/2025\/03\/presidence.webp\",\"articleSection\":[\"Actualit\u00e9s\"],\"inLanguage\":\"fr-FR\",\"potentialAction\":[{\"@type\":\"CommentAction\",\"name\":\"Comment\",\"target\":[\"https:\/\/www.leprojecteurguinee.com\/index.php\/2025\/03\/30\/palais-mohamed-v-le-president-doumbouya-a-effectue-la-priere-entoure-de-plusieurs-membres-du-gouvernement\/#respond\"]}]},{\"@type\":\"WebPage\",\"@id\":\"https:\/\/www.leprojecteurguinee.com\/index.php\/2025\/03\/30\/palais-mohamed-v-le-president-doumbouya-a-effectue-la-priere-entoure-de-plusieurs-membres-du-gouvernement\/\",\"url\":\"https:\/\/www.leprojecteurguinee.com\/index.php\/2025\/03\/30\/palais-mohamed-v-le-president-doumbouya-a-effectue-la-priere-entoure-de-plusieurs-membres-du-gouvernement\/\",\"name\":\"Palais Mohamed V : le pr\u00e9sident Doumbouya a effectu\u00e9 la pri\u00e8re, entour\u00e9 de plusieurs membres du gouvernement - leprojecteurguinee\",\"isPartOf\":{\"@id\":\"https:\/\/www.leprojecteurguinee.com\/#website\"},\"primaryImageOfPage\":{\"@id\":\"https:\/\/www.leprojecteurguinee.com\/index.php\/2025\/03\/30\/palais-mohamed-v-le-president-doumbouya-a-effectue-la-priere-entoure-de-plusieurs-membres-du-gouvernement\/#primaryimage\"},\"image\":{\"@id\":\"https:\/\/www.leprojecteurguinee.com\/index.php\/2025\/03\/30\/palais-mohamed-v-le-president-doumbouya-a-effectue-la-priere-entoure-de-plusieurs-membres-du-gouvernement\/#primaryimage\"},\"thumbnailUrl\":\"https:\/\/www.leprojecteurguinee.com\/wp-content\/uploads\/2025\/03\/presidence.webp\",\"datePublished\":\"2025-03-30T22:06:25+00:00\",\"dateModified\":\"2025-03-30T22:06:36+00:00\",\"author\":{\"@id\":\"https:\/\/www.leprojecteurguinee.com\/#\/schema\/person\/c9d1602e593b11af0b295bdf5e12a59a\"},\"breadcrumb\":{\"@id\":\"https:\/\/www.leprojecteurguinee.com\/index.php\/2025\/03\/30\/palais-mohamed-v-le-president-doumbouya-a-effectue-la-priere-entoure-de-plusieurs-membres-du-gouvernement\/#breadcrumb\"},\"inLanguage\":\"fr-FR\",\"potentialAction\":[{\"@type\":\"ReadAction\",\"target\":[\"https:\/\/www.leprojecteurguinee.com\/index.php\/2025\/03\/30\/palais-mohamed-v-le-president-doumbouya-a-effectue-la-priere-entoure-de-plusieurs-membres-du-gouvernement\/\"]}]},{\"@type\":\"ImageObject\",\"inLanguage\":\"fr-FR\",\"@id\":\"https:\/\/www.leprojecteurguinee.com\/index.php\/2025\/03\/30\/palais-mohamed-v-le-president-doumbouya-a-effectue-la-priere-entoure-de-plusieurs-membres-du-gouvernement\/#primaryimage\",\"url\":\"https:\/\/www.leprojecteurguinee.com\/wp-content\/uploads\/2025\/03\/presidence.webp\",\"contentUrl\":\"https:\/\/www.leprojecteurguinee.com\/wp-content\/uploads\/2025\/03\/presidence.webp\",\"width\":750,\"height\":375},{\"@type\":\"BreadcrumbList\",\"@id\":\"https:\/\/www.leprojecteurguinee.com\/index.php\/2025\/03\/30\/palais-mohamed-v-le-president-doumbouya-a-effectue-la-priere-entoure-de-plusieurs-membres-du-gouvernement\/#breadcrumb\",\"itemListElement\":[{\"@type\":\"ListItem\",\"position\":1,\"name\":\"Accueil\",\"item\":\"https:\/\/www.leprojecteurguinee.com\/\"},{\"@type\":\"ListItem\",\"position\":2,\"name\":\"Palais Mohamed V : le pr\u00e9sident Doumbouya a effectu\u00e9 la pri\u00e8re, entour\u00e9 de plusieurs membres du gouvernement\"}]},{\"@type\":\"WebSite\",\"@id\":\"https:\/\/www.leprojecteurguinee.com\/#website\",\"url\":\"https:\/\/www.leprojecteurguinee.com\/\",\"name\":\"leprojecteurguinee\",\"description\":\"Nous luttons contre les pratiques obscures\",\"potentialAction\":[{\"@type\":\"SearchAction\",\"target\":{\"@type\":\"EntryPoint\",\"urlTemplate\":\"https:\/\/www.leprojecteurguinee.com\/?s={search_term_string}\"},\"query-input\":{\"@type\":\"PropertyValueSpecification\",\"valueRequired\":true,\"valueName\":\"search_term_string\"}}],\"inLanguage\":\"fr-FR\"},{\"@type\":\"Person\",\"@id\":\"https:\/\/www.leprojecteurguinee.com\/#\/schema\/person\/c9d1602e593b11af0b295bdf5e12a59a\",\"name\":\"www.leprojecteurguinee.com\",\"image\":{\"@type\":\"ImageObject\",\"inLanguage\":\"fr-FR\",\"@id\":\"https:\/\/www.leprojecteurguinee.com\/#\/schema\/person\/image\/\",\"url\":\"https:\/\/secure.gravatar.com\/avatar\/d73703fcd03dcba36d2bb23326e491935423a46800f1ebf8f61b70e62b70e55a?s=96&d=mm&r=g\",\"contentUrl\":\"https:\/\/secure.gravatar.com\/avatar\/d73703fcd03dcba36d2bb23326e491935423a46800f1ebf8f61b70e62b70e55a?s=96&d=mm&r=g\",\"caption\":\"www.leprojecteurguinee.com\"},\"description\":\"Administrateur G\u00e9n\u00e9ral\",\"sameAs\":[\"http:\/\/www.leprojeceteurguinee.com\"],\"url\":\"https:\/\/www.leprojecteurguinee.com\/index.php\/author\/fadigagn\/\"}]}<\/script>\n<!-- \/ Yoast SEO plugin. -->","yoast_head_json":{"title":"Palais Mohamed V : le pr\u00e9sident Doumbouya a effectu\u00e9 la pri\u00e8re, entour\u00e9 de plusieurs membres du gouvernement - leprojecteurguinee","robots":{"index":"index","follow":"follow","max-snippet":"max-snippet:-1","max-image-preview":"max-image-preview:large","max-video-preview":"max-video-preview:-1"},"canonical":"https:\/\/www.leprojecteurguinee.com\/index.php\/2025\/03\/30\/palais-mohamed-v-le-president-doumbouya-a-effectue-la-priere-entoure-de-plusieurs-membres-du-gouvernement\/","og_locale":"fr_FR","og_type":"article","og_title":"Palais Mohamed V : le pr\u00e9sident Doumbouya a effectu\u00e9 la pri\u00e8re, entour\u00e9 de plusieurs membres du gouvernement - leprojecteurguinee","og_description":"La Guin\u00e9e a c\u00e9l\u00e9br\u00e9 l\u2019A\u00efd el-Fitr ce dimanche 30 mars 2025. Le pr\u00e9sident Mamadi Doumbouya a particip\u00e9 \u00e0 la pri\u00e8re de l\u2019A\u00efd au Palais Mohammed V, entour\u00e9 de responsables gouvernementaux et de nombreux fid\u00e8les. La pri\u00e8re, dirig\u00e9e par l\u2019imam Ratib Elhadj Mamadou Saliou Camara, a mis l\u2019accent sur les valeurs de pardon, de solidarit\u00e9 et [&hellip;]","og_url":"https:\/\/www.leprojecteurguinee.com\/index.php\/2025\/03\/30\/palais-mohamed-v-le-president-doumbouya-a-effectue-la-priere-entoure-de-plusieurs-membres-du-gouvernement\/","og_site_name":"leprojecteurguinee","article_published_time":"2025-03-30T22:06:25+00:00","article_modified_time":"2025-03-30T22:06:36+00:00","og_image":[{"width":750,"height":375,"url":"https:\/\/www.leprojecteurguinee.com\/wp-content\/uploads\/2025\/03\/presidence.webp","type":"image\/webp"}],"author":"www.leprojecteurguinee.com","twitter_card":"summary_large_image","twitter_misc":{"\u00c9crit par":"www.leprojecteurguinee.com","Dur\u00e9e de lecture estim\u00e9e":"1 minute"},"schema":{"@context":"https:\/\/schema.org","@graph":[{"@type":"Article","@id":"https:\/\/www.leprojecteurguinee.com\/index.php\/2025\/03\/30\/palais-mohamed-v-le-president-doumbouya-a-effectue-la-priere-entoure-de-plusieurs-membres-du-gouvernement\/#article","isPartOf":{"@id":"https:\/\/www.leprojecteurguinee.com\/index.php\/2025\/03\/30\/palais-mohamed-v-le-president-doumbouya-a-effectue-la-priere-entoure-de-plusieurs-membres-du-gouvernement\/"},"author":{"name":"www.leprojecteurguinee.com","@id":"https:\/\/www.leprojecteurguinee.com\/#\/schema\/person\/c9d1602e593b11af0b295bdf5e12a59a"},"headline":"Palais Mohamed V : le pr\u00e9sident Doumbouya a effectu\u00e9 la pri\u00e8re, entour\u00e9 de plusieurs membres du gouvernement","datePublished":"2025-03-30T22:06:25+00:00","dateModified":"2025-03-30T22:06:36+00:00","mainEntityOfPage":{"@id":"https:\/\/www.leprojecteurguinee.com\/index.php\/2025\/03\/30\/palais-mohamed-v-le-president-doumbouya-a-effectue-la-priere-entoure-de-plusieurs-membres-du-gouvernement\/"},"wordCount":183,"commentCount":0,"image":{"@id":"https:\/\/www.leprojecteurguinee.com\/index.php\/2025\/03\/30\/palais-mohamed-v-le-president-doumbouya-a-effectue-la-priere-entoure-de-plusieurs-membres-du-gouvernement\/#primaryimage"},"thumbnailUrl":"https:\/\/www.leprojecteurguinee.com\/wp-content\/uploads\/2025\/03\/presidence.webp","articleSection":["Actualit\u00e9s"],"inLanguage":"fr-FR","potentialAction":[{"@type":"CommentAction","name":"Comment","target":["https:\/\/www.leprojecteurguinee.com\/index.php\/2025\/03\/30\/palais-mohamed-v-le-president-doumbouya-a-effectue-la-priere-entoure-de-plusieurs-membres-du-gouvernement\/#respond"]}]},{"@type":"WebPage","@id":"https:\/\/www.leprojecteurguinee.com\/index.php\/2025\/03\/30\/palais-mohamed-v-le-president-doumbouya-a-effectue-la-priere-entoure-de-plusieurs-membres-du-gouvernement\/","url":"https:\/\/www.leprojecteurguinee.com\/index.php\/2025\/03\/30\/palais-mohamed-v-le-president-doumbouya-a-effectue-la-priere-entoure-de-plusieurs-membres-du-gouvernement\/","name":"Palais Mohamed V : le pr\u00e9sident Doumbouya a effectu\u00e9 la pri\u00e8re, entour\u00e9 de plusieurs membres du gouvernement - leprojecteurguinee","isPartOf":{"@id":"https:\/\/www.leprojecteurguinee.com\/#website"},"primaryImageOfPage":{"@id":"https:\/\/www.leprojecteurguinee.com\/index.php\/2025\/03\/30\/palais-mohamed-v-le-president-doumbouya-a-effectue-la-priere-entoure-de-plusieurs-membres-du-gouvernement\/#primaryimage"},"image":{"@id":"https:\/\/www.leprojecteurguinee.com\/index.php\/2025\/03\/30\/palais-mohamed-v-le-president-doumbouya-a-effectue-la-priere-entoure-de-plusieurs-membres-du-gouvernement\/#primaryimage"},"thumbnailUrl":"https:\/\/www.leprojecteurguinee.com\/wp-content\/uploads\/2025\/03\/presidence.webp","datePublished":"2025-03-30T22:06:25+00:00","dateModified":"2025-03-30T22:06:36+00:00","author":{"@id":"https:\/\/www.leprojecteurguinee.com\/#\/schema\/person\/c9d1602e593b11af0b295bdf5e12a59a"},"breadcrumb":{"@id":"https:\/\/www.leprojecteurguinee.com\/index.php\/2025\/03\/30\/palais-mohamed-v-le-president-doumbouya-a-effectue-la-priere-entoure-de-plusieurs-membres-du-gouvernement\/#breadcrumb"},"inLanguage":"fr-FR","potentialAction":[{"@type":"ReadAction","target":["https:\/\/www.leprojecteurguinee.com\/index.php\/2025\/03\/30\/palais-mohamed-v-le-president-doumbouya-a-effectue-la-priere-entoure-de-plusieurs-membres-du-gouvernement\/"]}]},{"@type":"ImageObject","inLanguage":"fr-FR","@id":"https:\/\/www.leprojecteurguinee.com\/index.php\/2025\/03\/30\/palais-mohamed-v-le-president-doumbouya-a-effectue-la-priere-entoure-de-plusieurs-membres-du-gouvernement\/#primaryimage","url":"https:\/\/www.leprojecteurguinee.com\/wp-content\/uploads\/2025\/03\/presidence.webp","contentUrl":"https:\/\/www.leprojecteurguinee.com\/wp-content\/uploads\/2025\/03\/presidence.webp","width":750,"height":375},{"@type":"BreadcrumbList","@id":"https:\/\/www.leprojecteurguinee.com\/index.php\/2025\/03\/30\/palais-mohamed-v-le-president-doumbouya-a-effectue-la-priere-entoure-de-plusieurs-membres-du-gouvernement\/#breadcrumb","itemListElement":[{"@type":"ListItem","position":1,"name":"Accueil","item":"https:\/\/www.leprojecteurguinee.com\/"},{"@type":"ListItem","position":2,"name":"Palais Mohamed V : le pr\u00e9sident Doumbouya a effectu\u00e9 la pri\u00e8re, entour\u00e9 de plusieurs membres du gouvernement"}]},{"@type":"WebSite","@id":"https:\/\/www.leprojecteurguinee.com\/#website","url":"https:\/\/www.leprojecteurguinee.com\/","name":"leprojecteurguinee","description":"Nous luttons contre les pratiques obscures","potentialAction":[{"@type":"SearchAction","target":{"@type":"EntryPoint","urlTemplate":"https:\/\/www.leprojecteurguinee.com\/?s={search_term_string}"},"query-input":{"@type":"PropertyValueSpecification","valueRequired":true,"valueName":"search_term_string"}}],"inLanguage":"fr-FR"},{"@type":"Person","@id":"https:\/\/www.leprojecteurguinee.com\/#\/schema\/person\/c9d1602e593b11af0b295bdf5e12a59a","name":"www.leprojecteurguinee.com","image":{"@type":"ImageObject","inLanguage":"fr-FR","@id":"https:\/\/www.leprojecteurguinee.com\/#\/schema\/person\/image\/","url":"https:\/\/secure.gravatar.com\/avatar\/d73703fcd03dcba36d2bb23326e491935423a46800f1ebf8f61b70e62b70e55a?s=96&d=mm&r=g","contentUrl":"https:\/\/secure.gravatar.com\/avatar\/d73703fcd03dcba36d2bb23326e491935423a46800f1ebf8f61b70e62b70e55a?s=96&d=mm&r=g","caption":"www.leprojecteurguinee.com"},"description":"Administrateur G\u00e9n\u00e9ral","sameAs":["http:\/\/www.leprojeceteurguinee.com"],"url":"https:\/\/www.leprojecteurguinee.com\/index.php\/author\/fadigagn\/"}]}},"_links":{"self":[{"href":"https:\/\/www.leprojecteurguinee.com\/index.php\/wp-json\/wp\/v2\/posts\/5327","targetHints":{"allow":["GET"]}}],"collection":[{"href":"https:\/\/www.leprojecteurguinee.com\/index.php\/wp-json\/wp\/v2\/posts"}],"about":[{"href":"https:\/\/www.leprojecteurguinee.com\/index.php\/wp-json\/wp\/v2\/types\/post"}],"author":[{"embeddable":true,"href":"https:\/\/www.leprojecteurguinee.com\/index.php\/wp-json\/wp\/v2\/users\/2"}],"replies":[{"embeddable":true,"href":"https:\/\/www.leprojecteurguinee.com\/index.php\/wp-json\/wp\/v2\/comments?post=5327"}],"version-history":[{"count":0,"href":"https:\/\/www.leprojecteurguinee.com\/index.php\/wp-json\/wp\/v2\/posts\/5327\/revisions"}],"wp:featuredmedia":[{"embeddable":true,"href":"https:\/\/www.leprojecteurguinee.com\/index.php\/wp-json\/wp\/v2\/media\/5328"}],"wp:attachment":[{"href":"https:\/\/www.leprojecteurguinee.com\/index.php\/wp-json\/wp\/v2\/media?parent=5327"}],"wp:term":[{"taxonomy":"category","embeddable":true,"href":"https:\/\/www.leprojecteurguinee.com\/index.php\/wp-json\/wp\/v2\/categories?post=5327"},{"taxonomy":"post_tag","embeddable":true,"href":"https:\/\/www.leprojecteurguinee.com\/index.php\/wp-json\/wp\/v2\/tags?post=5327"}],"curies":[{"name":"wp","href":"https:\/\/api.w.org\/{rel}","templated":true}]}}