{"id":5313,"date":"2025-03-27T11:20:15","date_gmt":"2025-03-27T11:20:15","guid":{"rendered":"https:\/\/www.leprojecteurguinee.com\/?p=5313"},"modified":"2025-03-27T11:20:36","modified_gmt":"2025-03-27T11:20:36","slug":"ramadan-la-guinee-celebre-laid-el-fitr-le-dimanche-30-mars-sgar","status":"publish","type":"post","link":"https:\/\/www.leprojecteurguinee.com\/index.php\/2025\/03\/27\/ramadan-la-guinee-celebre-laid-el-fitr-le-dimanche-30-mars-sgar\/","title":{"rendered":"Ramadan : la Guin\u00e9e c\u00e9l\u00e8bre l\u2019Aid El Fitr le dimanche, 30 mars (SGAR)"},"content":{"rendered":"<p>Le Secr\u00e9tariat g\u00e9n\u00e9ral des Affaires religieuses (SGAR) a annonc\u00e9 mardi que l\u2019Aid El Fitr qui marque la fin du mois saint de ramadan sera c\u00e9l\u00e9br\u00e9e en Guin\u00e9e le dimanche 30 mars prochain.<\/p>\n<div class=\"google-auto-placed ap_container\">\n<p>&nbsp;<\/p>\n<div id=\"aswift_6_host\"><iframe loading=\"lazy\" id=\"aswift_6\" tabindex=\"0\" title=\"Advertisement\" src=\"https:\/\/googleads.g.doubleclick.net\/pagead\/ads?gdpr=0&amp;client=ca-pub-1870189416508001&amp;output=html&amp;h=280&amp;adk=3843660064&amp;adf=2564454801&amp;daaos=1743038461307&amp;w=689&amp;abgtt=9&amp;fwrn=4&amp;fwrnh=100&amp;lmt=1743039440&amp;num_ads=1&amp;rafmt=1&amp;armr=3&amp;sem=mc&amp;pwprc=7937394104&amp;ad_type=text_image&amp;format=689x280&amp;url=https%3A%2F%2Fmediaguinee.com%2F2025%2F03%2Framadan-la-guinee-celebre-laid-el-fitr-le-dimanche-30-mars-sgar%2F&amp;fwr=0&amp;pra=3&amp;rh=173&amp;rw=689&amp;rpe=1&amp;resp_fmts=3&amp;wgl=1&amp;fa=27&amp;dt=1743073918616&amp;bpp=6&amp;bdt=6829&amp;idt=-M&amp;shv=r20250324&amp;mjsv=m202503240101&amp;ptt=9&amp;saldr=aa&amp;abxe=1&amp;cookie=ID%3D1981e7020248c0b9%3AT%3D1743073914%3ART%3D1743073914%3AS%3DALNI_MZwjq_-3D4t9-8x5Pd3YXlflX-zIQ&amp;gpic=UID%3D00001001f01b9663%3AT%3D1743073914%3ART%3D1743073914%3AS%3DALNI_MahNe5L2q8M_VIxepBdfY4hZrvppg&amp;eo_id_str=ID%3D8577b86f12603f35%3AT%3D1743073914%3ART%3D1743073914%3AS%3DAA-AfjaysLiJNirk7tNXS4D19Urb&amp;prev_fmts=689x280%2C689x280%2C0x0&amp;nras=2&amp;correlator=6670403911731&amp;frm=20&amp;pv=1&amp;u_tz=-240&amp;u_his=11&amp;u_h=1024&amp;u_w=768&amp;u_ah=768&amp;u_aw=1024&amp;u_cd=32&amp;u_sd=2&amp;adx=19&amp;ady=1376&amp;biw=1024&amp;bih=653&amp;scr_x=0&amp;scr_y=199&amp;eid=42531705%2C95354564%2C95356500%2C95356504%2C95355300&amp;oid=2&amp;pvsid=2846198570722939&amp;tmod=1115111749&amp;nvt=1&amp;ref=https%3A%2F%2Fmediaguinee.com%2F&amp;fc=384&amp;brdim=0%2C0%2C0%2C0%2C1024%2C0%2C1024%2C768%2C1024%2C653&amp;vis=1&amp;rsz=%7C%7Cs%7C&amp;abl=NS&amp;fu=128&amp;bc=31&amp;bz=1&amp;psd=W251bGwsbnVsbCxudWxsLDNd&amp;pgls=CAEaBTYuNy4y~CAEQBBoHMS4xNDguMA..~CAEQBg..&amp;ifi=7&amp;uci=a!7&amp;btvi=3&amp;fsb=1&amp;dtd=203\" name=\"aswift_6\" width=\"689\" height=\"0\" frameborder=\"0\" marginwidth=\"0\" marginheight=\"0\" scrolling=\"no\" sandbox=\"allow-forms allow-popups allow-popups-to-escape-sandbox allow-same-origin allow-scripts allow-top-navigation-by-user-activation\" data-google-container-id=\"a!7\" aria-label=\"Advertisement\" data-load-complete=\"true\" data-google-query-id=\"CITRma6QqowDFXQNaAgdz5czYg\" data-mce-fragment=\"1\"><\/iframe><\/div>\n<p>&nbsp;<\/p>\n<\/div>\n<p>\u00ab Le Secr\u00e9tariat G\u00e9n\u00e9ral des Affaires Religieuses (SGAR) rend gr\u00e2ce \u00e0 Dieu, le tout mis\u00e9ricordieux et a l\u2019honneur de porter \u00e0 la connaissance du peuple croyant de Guin\u00e9e que la f\u00eate de l\u2019A\u00efd El Fit marquant la fin du mois saint de Ramadan est pr\u00e9vue pour ce dimanche 30 mars 2025 sur toute l\u2019\u00e9tendue du territoire national \u00bb, informe Jean \u00c9douard Sagno, chef de cabinet du SGAR dans le dispatching des officiels dans les aires de pri\u00e8re.<\/p>\n<p><img loading=\"lazy\" decoding=\"async\" class=\"alignnone size-medium wp-image-5315\" src=\"https:\/\/www.leprojecteurguinee.com\/wp-content\/uploads\/2025\/03\/5C24B2DD-B00E-4619-8267-10CA5F2D350F-198x300.jpeg\" alt=\"\" width=\"198\" height=\"300\" srcset=\"https:\/\/www.leprojecteurguinee.com\/wp-content\/uploads\/2025\/03\/5C24B2DD-B00E-4619-8267-10CA5F2D350F-198x300.jpeg 198w, https:\/\/www.leprojecteurguinee.com\/wp-content\/uploads\/2025\/03\/5C24B2DD-B00E-4619-8267-10CA5F2D350F-676x1024.jpeg 676w, https:\/\/www.leprojecteurguinee.com\/wp-content\/uploads\/2025\/03\/5C24B2DD-B00E-4619-8267-10CA5F2D350F-768x1164.jpeg 768w, https:\/\/www.leprojecteurguinee.com\/wp-content\/uploads\/2025\/03\/5C24B2DD-B00E-4619-8267-10CA5F2D350F-1014x1536.jpeg 1014w, https:\/\/www.leprojecteurguinee.com\/wp-content\/uploads\/2025\/03\/5C24B2DD-B00E-4619-8267-10CA5F2D350F.jpeg 1242w\" sizes=\"auto, (max-width: 198px) 100vw, 198px\" \/><br \/>\n<img loading=\"lazy\" decoding=\"async\" class=\"alignnone size-medium wp-image-5316\" src=\"https:\/\/www.leprojecteurguinee.com\/wp-content\/uploads\/2025\/03\/F15A7872-2CEF-4462-9590-D18A0A99B1C0-199x300.jpeg\" alt=\"\" width=\"199\" height=\"300\" srcset=\"https:\/\/www.leprojecteurguinee.com\/wp-content\/uploads\/2025\/03\/F15A7872-2CEF-4462-9590-D18A0A99B1C0-199x300.jpeg 199w, https:\/\/www.leprojecteurguinee.com\/wp-content\/uploads\/2025\/03\/F15A7872-2CEF-4462-9590-D18A0A99B1C0-680x1024.jpeg 680w, https:\/\/www.leprojecteurguinee.com\/wp-content\/uploads\/2025\/03\/F15A7872-2CEF-4462-9590-D18A0A99B1C0-768x1156.jpeg 768w, https:\/\/www.leprojecteurguinee.com\/wp-content\/uploads\/2025\/03\/F15A7872-2CEF-4462-9590-D18A0A99B1C0-1021x1536.jpeg 1021w, https:\/\/www.leprojecteurguinee.com\/wp-content\/uploads\/2025\/03\/F15A7872-2CEF-4462-9590-D18A0A99B1C0.jpeg 1242w\" sizes=\"auto, (max-width: 199px) 100vw, 199px\" \/><img loading=\"lazy\" decoding=\"async\" class=\"alignnone size-medium wp-image-5317\" src=\"https:\/\/www.leprojecteurguinee.com\/wp-content\/uploads\/2025\/03\/45FCAD37-1E8C-4F52-BCE6-B9FD389B60C3-202x300.jpeg\" alt=\"\" width=\"202\" height=\"300\" srcset=\"https:\/\/www.leprojecteurguinee.com\/wp-content\/uploads\/2025\/03\/45FCAD37-1E8C-4F52-BCE6-B9FD389B60C3-202x300.jpeg 202w, https:\/\/www.leprojecteurguinee.com\/wp-content\/uploads\/2025\/03\/45FCAD37-1E8C-4F52-BCE6-B9FD389B60C3-691x1024.jpeg 691w, https:\/\/www.leprojecteurguinee.com\/wp-content\/uploads\/2025\/03\/45FCAD37-1E8C-4F52-BCE6-B9FD389B60C3-768x1138.jpeg 768w, https:\/\/www.leprojecteurguinee.com\/wp-content\/uploads\/2025\/03\/45FCAD37-1E8C-4F52-BCE6-B9FD389B60C3-1036x1536.jpeg 1036w, https:\/\/www.leprojecteurguinee.com\/wp-content\/uploads\/2025\/03\/45FCAD37-1E8C-4F52-BCE6-B9FD389B60C3.jpeg 1242w\" sizes=\"auto, (max-width: 202px) 100vw, 202px\" \/><\/p>\n","protected":false},"excerpt":{"rendered":"<p>Le Secr\u00e9tariat g\u00e9n\u00e9ral des Affaires religieuses (SGAR) a annonc\u00e9 mardi que l\u2019Aid El Fitr qui marque la fin du mois saint de ramadan sera c\u00e9l\u00e9br\u00e9e en Guin\u00e9e le dimanche 30 mars prochain. &nbsp; &nbsp; \u00ab Le Secr\u00e9tariat G\u00e9n\u00e9ral des Affaires Religieuses (SGAR) rend gr\u00e2ce \u00e0 Dieu, le tout mis\u00e9ricordieux et a l\u2019honneur de porter \u00e0 [&hellip;]<\/p>\n","protected":false},"author":2,"featured_media":5318,"comment_status":"open","ping_status":"open","sticky":false,"template":"","format":"standard","meta":{"footnotes":""},"categories":[20],"tags":[],"class_list":["post-5313","post","type-post","status-publish","format-standard","has-post-thumbnail","hentry","category-societe"],"yoast_head":"<!-- This site is optimized with the Yoast SEO plugin v26.8 - https:\/\/yoast.com\/product\/yoast-seo-wordpress\/ -->\n<title>Ramadan : la Guin\u00e9e c\u00e9l\u00e8bre l\u2019Aid El Fitr le dimanche, 30 mars (SGAR) - leprojecteurguinee<\/title>\n<meta name=\"robots\" content=\"index, follow, max-snippet:-1, max-image-preview:large, max-video-preview:-1\" \/>\n<link rel=\"canonical\" href=\"https:\/\/www.leprojecteurguinee.com\/index.php\/2025\/03\/27\/ramadan-la-guinee-celebre-laid-el-fitr-le-dimanche-30-mars-sgar\/\" \/>\n<meta property=\"og:locale\" content=\"fr_FR\" \/>\n<meta property=\"og:type\" content=\"article\" \/>\n<meta property=\"og:title\" content=\"Ramadan : la Guin\u00e9e c\u00e9l\u00e8bre l\u2019Aid El Fitr le dimanche, 30 mars (SGAR) - leprojecteurguinee\" \/>\n<meta property=\"og:description\" content=\"Le Secr\u00e9tariat g\u00e9n\u00e9ral des Affaires religieuses (SGAR) a annonc\u00e9 mardi que l\u2019Aid El Fitr qui marque la fin du mois saint de ramadan sera c\u00e9l\u00e9br\u00e9e en Guin\u00e9e le dimanche 30 mars prochain. &nbsp; &nbsp; \u00ab Le Secr\u00e9tariat G\u00e9n\u00e9ral des Affaires Religieuses (SGAR) rend gr\u00e2ce \u00e0 Dieu, le tout mis\u00e9ricordieux et a l\u2019honneur de porter \u00e0 [&hellip;]\" \/>\n<meta property=\"og:url\" content=\"https:\/\/www.leprojecteurguinee.com\/index.php\/2025\/03\/27\/ramadan-la-guinee-celebre-laid-el-fitr-le-dimanche-30-mars-sgar\/\" \/>\n<meta property=\"og:site_name\" content=\"leprojecteurguinee\" \/>\n<meta property=\"article:published_time\" content=\"2025-03-27T11:20:15+00:00\" \/>\n<meta property=\"article:modified_time\" content=\"2025-03-27T11:20:36+00:00\" \/>\n<meta property=\"og:image\" content=\"https:\/\/www.leprojecteurguinee.com\/wp-content\/uploads\/2025\/03\/9511239C-65EE-45EA-A11B-88418983461D.jpeg\" \/>\n\t<meta property=\"og:image:width\" content=\"1300\" \/>\n\t<meta property=\"og:image:height\" content=\"730\" \/>\n\t<meta property=\"og:image:type\" content=\"image\/jpeg\" \/>\n<meta name=\"author\" content=\"www.leprojecteurguinee.com\" \/>\n<meta name=\"twitter:card\" content=\"summary_large_image\" \/>\n<meta name=\"twitter:label1\" content=\"\u00c9crit par\" \/>\n\t<meta name=\"twitter:data1\" content=\"www.leprojecteurguinee.com\" \/>\n\t<meta name=\"twitter:label2\" content=\"Dur\u00e9e de lecture estim\u00e9e\" \/>\n\t<meta name=\"twitter:data2\" content=\"2 minutes\" \/>\n<script type=\"application\/ld+json\" class=\"yoast-schema-graph\">{\"@context\":\"https:\/\/schema.org\",\"@graph\":[{\"@type\":\"Article\",\"@id\":\"https:\/\/www.leprojecteurguinee.com\/index.php\/2025\/03\/27\/ramadan-la-guinee-celebre-laid-el-fitr-le-dimanche-30-mars-sgar\/#article\",\"isPartOf\":{\"@id\":\"https:\/\/www.leprojecteurguinee.com\/index.php\/2025\/03\/27\/ramadan-la-guinee-celebre-laid-el-fitr-le-dimanche-30-mars-sgar\/\"},\"author\":{\"name\":\"www.leprojecteurguinee.com\",\"@id\":\"https:\/\/www.leprojecteurguinee.com\/#\/schema\/person\/c9d1602e593b11af0b295bdf5e12a59a\"},\"headline\":\"Ramadan : la Guin\u00e9e c\u00e9l\u00e8bre l\u2019Aid El Fitr le dimanche, 30 mars (SGAR)\",\"datePublished\":\"2025-03-27T11:20:15+00:00\",\"dateModified\":\"2025-03-27T11:20:36+00:00\",\"mainEntityOfPage\":{\"@id\":\"https:\/\/www.leprojecteurguinee.com\/index.php\/2025\/03\/27\/ramadan-la-guinee-celebre-laid-el-fitr-le-dimanche-30-mars-sgar\/\"},\"wordCount\":140,\"commentCount\":0,\"image\":{\"@id\":\"https:\/\/www.leprojecteurguinee.com\/index.php\/2025\/03\/27\/ramadan-la-guinee-celebre-laid-el-fitr-le-dimanche-30-mars-sgar\/#primaryimage\"},\"thumbnailUrl\":\"https:\/\/www.leprojecteurguinee.com\/wp-content\/uploads\/2025\/03\/9511239C-65EE-45EA-A11B-88418983461D.jpeg\",\"articleSection\":[\"Soci\u00e9t\u00e9\"],\"inLanguage\":\"fr-FR\",\"potentialAction\":[{\"@type\":\"CommentAction\",\"name\":\"Comment\",\"target\":[\"https:\/\/www.leprojecteurguinee.com\/index.php\/2025\/03\/27\/ramadan-la-guinee-celebre-laid-el-fitr-le-dimanche-30-mars-sgar\/#respond\"]}]},{\"@type\":\"WebPage\",\"@id\":\"https:\/\/www.leprojecteurguinee.com\/index.php\/2025\/03\/27\/ramadan-la-guinee-celebre-laid-el-fitr-le-dimanche-30-mars-sgar\/\",\"url\":\"https:\/\/www.leprojecteurguinee.com\/index.php\/2025\/03\/27\/ramadan-la-guinee-celebre-laid-el-fitr-le-dimanche-30-mars-sgar\/\",\"name\":\"Ramadan : la Guin\u00e9e c\u00e9l\u00e8bre l\u2019Aid El Fitr le dimanche, 30 mars (SGAR) - leprojecteurguinee\",\"isPartOf\":{\"@id\":\"https:\/\/www.leprojecteurguinee.com\/#website\"},\"primaryImageOfPage\":{\"@id\":\"https:\/\/www.leprojecteurguinee.com\/index.php\/2025\/03\/27\/ramadan-la-guinee-celebre-laid-el-fitr-le-dimanche-30-mars-sgar\/#primaryimage\"},\"image\":{\"@id\":\"https:\/\/www.leprojecteurguinee.com\/index.php\/2025\/03\/27\/ramadan-la-guinee-celebre-laid-el-fitr-le-dimanche-30-mars-sgar\/#primaryimage\"},\"thumbnailUrl\":\"https:\/\/www.leprojecteurguinee.com\/wp-content\/uploads\/2025\/03\/9511239C-65EE-45EA-A11B-88418983461D.jpeg\",\"datePublished\":\"2025-03-27T11:20:15+00:00\",\"dateModified\":\"2025-03-27T11:20:36+00:00\",\"author\":{\"@id\":\"https:\/\/www.leprojecteurguinee.com\/#\/schema\/person\/c9d1602e593b11af0b295bdf5e12a59a\"},\"breadcrumb\":{\"@id\":\"https:\/\/www.leprojecteurguinee.com\/index.php\/2025\/03\/27\/ramadan-la-guinee-celebre-laid-el-fitr-le-dimanche-30-mars-sgar\/#breadcrumb\"},\"inLanguage\":\"fr-FR\",\"potentialAction\":[{\"@type\":\"ReadAction\",\"target\":[\"https:\/\/www.leprojecteurguinee.com\/index.php\/2025\/03\/27\/ramadan-la-guinee-celebre-laid-el-fitr-le-dimanche-30-mars-sgar\/\"]}]},{\"@type\":\"ImageObject\",\"inLanguage\":\"fr-FR\",\"@id\":\"https:\/\/www.leprojecteurguinee.com\/index.php\/2025\/03\/27\/ramadan-la-guinee-celebre-laid-el-fitr-le-dimanche-30-mars-sgar\/#primaryimage\",\"url\":\"https:\/\/www.leprojecteurguinee.com\/wp-content\/uploads\/2025\/03\/9511239C-65EE-45EA-A11B-88418983461D.jpeg\",\"contentUrl\":\"https:\/\/www.leprojecteurguinee.com\/wp-content\/uploads\/2025\/03\/9511239C-65EE-45EA-A11B-88418983461D.jpeg\",\"width\":1300,\"height\":730},{\"@type\":\"BreadcrumbList\",\"@id\":\"https:\/\/www.leprojecteurguinee.com\/index.php\/2025\/03\/27\/ramadan-la-guinee-celebre-laid-el-fitr-le-dimanche-30-mars-sgar\/#breadcrumb\",\"itemListElement\":[{\"@type\":\"ListItem\",\"position\":1,\"name\":\"Accueil\",\"item\":\"https:\/\/www.leprojecteurguinee.com\/\"},{\"@type\":\"ListItem\",\"position\":2,\"name\":\"Ramadan : la Guin\u00e9e c\u00e9l\u00e8bre l\u2019Aid El Fitr le dimanche, 30 mars (SGAR)\"}]},{\"@type\":\"WebSite\",\"@id\":\"https:\/\/www.leprojecteurguinee.com\/#website\",\"url\":\"https:\/\/www.leprojecteurguinee.com\/\",\"name\":\"leprojecteurguinee\",\"description\":\"Nous luttons contre les pratiques obscures\",\"potentialAction\":[{\"@type\":\"SearchAction\",\"target\":{\"@type\":\"EntryPoint\",\"urlTemplate\":\"https:\/\/www.leprojecteurguinee.com\/?s={search_term_string}\"},\"query-input\":{\"@type\":\"PropertyValueSpecification\",\"valueRequired\":true,\"valueName\":\"search_term_string\"}}],\"inLanguage\":\"fr-FR\"},{\"@type\":\"Person\",\"@id\":\"https:\/\/www.leprojecteurguinee.com\/#\/schema\/person\/c9d1602e593b11af0b295bdf5e12a59a\",\"name\":\"www.leprojecteurguinee.com\",\"image\":{\"@type\":\"ImageObject\",\"inLanguage\":\"fr-FR\",\"@id\":\"https:\/\/www.leprojecteurguinee.com\/#\/schema\/person\/image\/\",\"url\":\"https:\/\/secure.gravatar.com\/avatar\/d73703fcd03dcba36d2bb23326e491935423a46800f1ebf8f61b70e62b70e55a?s=96&d=mm&r=g\",\"contentUrl\":\"https:\/\/secure.gravatar.com\/avatar\/d73703fcd03dcba36d2bb23326e491935423a46800f1ebf8f61b70e62b70e55a?s=96&d=mm&r=g\",\"caption\":\"www.leprojecteurguinee.com\"},\"description\":\"Administrateur G\u00e9n\u00e9ral\",\"sameAs\":[\"http:\/\/www.leprojeceteurguinee.com\"],\"url\":\"https:\/\/www.leprojecteurguinee.com\/index.php\/author\/fadigagn\/\"}]}<\/script>\n<!-- \/ Yoast SEO plugin. -->","yoast_head_json":{"title":"Ramadan : la Guin\u00e9e c\u00e9l\u00e8bre l\u2019Aid El Fitr le dimanche, 30 mars (SGAR) - leprojecteurguinee","robots":{"index":"index","follow":"follow","max-snippet":"max-snippet:-1","max-image-preview":"max-image-preview:large","max-video-preview":"max-video-preview:-1"},"canonical":"https:\/\/www.leprojecteurguinee.com\/index.php\/2025\/03\/27\/ramadan-la-guinee-celebre-laid-el-fitr-le-dimanche-30-mars-sgar\/","og_locale":"fr_FR","og_type":"article","og_title":"Ramadan : la Guin\u00e9e c\u00e9l\u00e8bre l\u2019Aid El Fitr le dimanche, 30 mars (SGAR) - leprojecteurguinee","og_description":"Le Secr\u00e9tariat g\u00e9n\u00e9ral des Affaires religieuses (SGAR) a annonc\u00e9 mardi que l\u2019Aid El Fitr qui marque la fin du mois saint de ramadan sera c\u00e9l\u00e9br\u00e9e en Guin\u00e9e le dimanche 30 mars prochain. &nbsp; &nbsp; \u00ab Le Secr\u00e9tariat G\u00e9n\u00e9ral des Affaires Religieuses (SGAR) rend gr\u00e2ce \u00e0 Dieu, le tout mis\u00e9ricordieux et a l\u2019honneur de porter \u00e0 [&hellip;]","og_url":"https:\/\/www.leprojecteurguinee.com\/index.php\/2025\/03\/27\/ramadan-la-guinee-celebre-laid-el-fitr-le-dimanche-30-mars-sgar\/","og_site_name":"leprojecteurguinee","article_published_time":"2025-03-27T11:20:15+00:00","article_modified_time":"2025-03-27T11:20:36+00:00","og_image":[{"width":1300,"height":730,"url":"https:\/\/www.leprojecteurguinee.com\/wp-content\/uploads\/2025\/03\/9511239C-65EE-45EA-A11B-88418983461D.jpeg","type":"image\/jpeg"}],"author":"www.leprojecteurguinee.com","twitter_card":"summary_large_image","twitter_misc":{"\u00c9crit par":"www.leprojecteurguinee.com","Dur\u00e9e de lecture estim\u00e9e":"2 minutes"},"schema":{"@context":"https:\/\/schema.org","@graph":[{"@type":"Article","@id":"https:\/\/www.leprojecteurguinee.com\/index.php\/2025\/03\/27\/ramadan-la-guinee-celebre-laid-el-fitr-le-dimanche-30-mars-sgar\/#article","isPartOf":{"@id":"https:\/\/www.leprojecteurguinee.com\/index.php\/2025\/03\/27\/ramadan-la-guinee-celebre-laid-el-fitr-le-dimanche-30-mars-sgar\/"},"author":{"name":"www.leprojecteurguinee.com","@id":"https:\/\/www.leprojecteurguinee.com\/#\/schema\/person\/c9d1602e593b11af0b295bdf5e12a59a"},"headline":"Ramadan : la Guin\u00e9e c\u00e9l\u00e8bre l\u2019Aid El Fitr le dimanche, 30 mars (SGAR)","datePublished":"2025-03-27T11:20:15+00:00","dateModified":"2025-03-27T11:20:36+00:00","mainEntityOfPage":{"@id":"https:\/\/www.leprojecteurguinee.com\/index.php\/2025\/03\/27\/ramadan-la-guinee-celebre-laid-el-fitr-le-dimanche-30-mars-sgar\/"},"wordCount":140,"commentCount":0,"image":{"@id":"https:\/\/www.leprojecteurguinee.com\/index.php\/2025\/03\/27\/ramadan-la-guinee-celebre-laid-el-fitr-le-dimanche-30-mars-sgar\/#primaryimage"},"thumbnailUrl":"https:\/\/www.leprojecteurguinee.com\/wp-content\/uploads\/2025\/03\/9511239C-65EE-45EA-A11B-88418983461D.jpeg","articleSection":["Soci\u00e9t\u00e9"],"inLanguage":"fr-FR","potentialAction":[{"@type":"CommentAction","name":"Comment","target":["https:\/\/www.leprojecteurguinee.com\/index.php\/2025\/03\/27\/ramadan-la-guinee-celebre-laid-el-fitr-le-dimanche-30-mars-sgar\/#respond"]}]},{"@type":"WebPage","@id":"https:\/\/www.leprojecteurguinee.com\/index.php\/2025\/03\/27\/ramadan-la-guinee-celebre-laid-el-fitr-le-dimanche-30-mars-sgar\/","url":"https:\/\/www.leprojecteurguinee.com\/index.php\/2025\/03\/27\/ramadan-la-guinee-celebre-laid-el-fitr-le-dimanche-30-mars-sgar\/","name":"Ramadan : la Guin\u00e9e c\u00e9l\u00e8bre l\u2019Aid El Fitr le dimanche, 30 mars (SGAR) - leprojecteurguinee","isPartOf":{"@id":"https:\/\/www.leprojecteurguinee.com\/#website"},"primaryImageOfPage":{"@id":"https:\/\/www.leprojecteurguinee.com\/index.php\/2025\/03\/27\/ramadan-la-guinee-celebre-laid-el-fitr-le-dimanche-30-mars-sgar\/#primaryimage"},"image":{"@id":"https:\/\/www.leprojecteurguinee.com\/index.php\/2025\/03\/27\/ramadan-la-guinee-celebre-laid-el-fitr-le-dimanche-30-mars-sgar\/#primaryimage"},"thumbnailUrl":"https:\/\/www.leprojecteurguinee.com\/wp-content\/uploads\/2025\/03\/9511239C-65EE-45EA-A11B-88418983461D.jpeg","datePublished":"2025-03-27T11:20:15+00:00","dateModified":"2025-03-27T11:20:36+00:00","author":{"@id":"https:\/\/www.leprojecteurguinee.com\/#\/schema\/person\/c9d1602e593b11af0b295bdf5e12a59a"},"breadcrumb":{"@id":"https:\/\/www.leprojecteurguinee.com\/index.php\/2025\/03\/27\/ramadan-la-guinee-celebre-laid-el-fitr-le-dimanche-30-mars-sgar\/#breadcrumb"},"inLanguage":"fr-FR","potentialAction":[{"@type":"ReadAction","target":["https:\/\/www.leprojecteurguinee.com\/index.php\/2025\/03\/27\/ramadan-la-guinee-celebre-laid-el-fitr-le-dimanche-30-mars-sgar\/"]}]},{"@type":"ImageObject","inLanguage":"fr-FR","@id":"https:\/\/www.leprojecteurguinee.com\/index.php\/2025\/03\/27\/ramadan-la-guinee-celebre-laid-el-fitr-le-dimanche-30-mars-sgar\/#primaryimage","url":"https:\/\/www.leprojecteurguinee.com\/wp-content\/uploads\/2025\/03\/9511239C-65EE-45EA-A11B-88418983461D.jpeg","contentUrl":"https:\/\/www.leprojecteurguinee.com\/wp-content\/uploads\/2025\/03\/9511239C-65EE-45EA-A11B-88418983461D.jpeg","width":1300,"height":730},{"@type":"BreadcrumbList","@id":"https:\/\/www.leprojecteurguinee.com\/index.php\/2025\/03\/27\/ramadan-la-guinee-celebre-laid-el-fitr-le-dimanche-30-mars-sgar\/#breadcrumb","itemListElement":[{"@type":"ListItem","position":1,"name":"Accueil","item":"https:\/\/www.leprojecteurguinee.com\/"},{"@type":"ListItem","position":2,"name":"Ramadan : la Guin\u00e9e c\u00e9l\u00e8bre l\u2019Aid El Fitr le dimanche, 30 mars (SGAR)"}]},{"@type":"WebSite","@id":"https:\/\/www.leprojecteurguinee.com\/#website","url":"https:\/\/www.leprojecteurguinee.com\/","name":"leprojecteurguinee","description":"Nous luttons contre les pratiques obscures","potentialAction":[{"@type":"SearchAction","target":{"@type":"EntryPoint","urlTemplate":"https:\/\/www.leprojecteurguinee.com\/?s={search_term_string}"},"query-input":{"@type":"PropertyValueSpecification","valueRequired":true,"valueName":"search_term_string"}}],"inLanguage":"fr-FR"},{"@type":"Person","@id":"https:\/\/www.leprojecteurguinee.com\/#\/schema\/person\/c9d1602e593b11af0b295bdf5e12a59a","name":"www.leprojecteurguinee.com","image":{"@type":"ImageObject","inLanguage":"fr-FR","@id":"https:\/\/www.leprojecteurguinee.com\/#\/schema\/person\/image\/","url":"https:\/\/secure.gravatar.com\/avatar\/d73703fcd03dcba36d2bb23326e491935423a46800f1ebf8f61b70e62b70e55a?s=96&d=mm&r=g","contentUrl":"https:\/\/secure.gravatar.com\/avatar\/d73703fcd03dcba36d2bb23326e491935423a46800f1ebf8f61b70e62b70e55a?s=96&d=mm&r=g","caption":"www.leprojecteurguinee.com"},"description":"Administrateur G\u00e9n\u00e9ral","sameAs":["http:\/\/www.leprojeceteurguinee.com"],"url":"https:\/\/www.leprojecteurguinee.com\/index.php\/author\/fadigagn\/"}]}},"_links":{"self":[{"href":"https:\/\/www.leprojecteurguinee.com\/index.php\/wp-json\/wp\/v2\/posts\/5313","targetHints":{"allow":["GET"]}}],"collection":[{"href":"https:\/\/www.leprojecteurguinee.com\/index.php\/wp-json\/wp\/v2\/posts"}],"about":[{"href":"https:\/\/www.leprojecteurguinee.com\/index.php\/wp-json\/wp\/v2\/types\/post"}],"author":[{"embeddable":true,"href":"https:\/\/www.leprojecteurguinee.com\/index.php\/wp-json\/wp\/v2\/users\/2"}],"replies":[{"embeddable":true,"href":"https:\/\/www.leprojecteurguinee.com\/index.php\/wp-json\/wp\/v2\/comments?post=5313"}],"version-history":[{"count":0,"href":"https:\/\/www.leprojecteurguinee.com\/index.php\/wp-json\/wp\/v2\/posts\/5313\/revisions"}],"wp:featuredmedia":[{"embeddable":true,"href":"https:\/\/www.leprojecteurguinee.com\/index.php\/wp-json\/wp\/v2\/media\/5318"}],"wp:attachment":[{"href":"https:\/\/www.leprojecteurguinee.com\/index.php\/wp-json\/wp\/v2\/media?parent=5313"}],"wp:term":[{"taxonomy":"category","embeddable":true,"href":"https:\/\/www.leprojecteurguinee.com\/index.php\/wp-json\/wp\/v2\/categories?post=5313"},{"taxonomy":"post_tag","embeddable":true,"href":"https:\/\/www.leprojecteurguinee.com\/index.php\/wp-json\/wp\/v2\/tags?post=5313"}],"curies":[{"name":"wp","href":"https:\/\/api.w.org\/{rel}","templated":true}]}}