{"id":5310,"date":"2025-03-27T11:09:33","date_gmt":"2025-03-27T11:09:33","guid":{"rendered":"https:\/\/www.leprojecteurguinee.com\/?p=5310"},"modified":"2025-03-27T11:10:18","modified_gmt":"2025-03-27T11:10:18","slug":"massacre-du-28-septembre-2009-lintegralite-des-frais-dindemnisation-des-victimes-couverte-par-le-budget-national-decret","status":"publish","type":"post","link":"https:\/\/www.leprojecteurguinee.com\/index.php\/2025\/03\/27\/massacre-du-28-septembre-2009-lintegralite-des-frais-dindemnisation-des-victimes-couverte-par-le-budget-national-decret\/","title":{"rendered":"Massacre du 28 septembre 2009: l\u2019int\u00e9gralit\u00e9 des frais d\u2019indemnisation des victimes couverte par le budget national (D\u00e9cret)"},"content":{"rendered":"<div class=\"xdj266r x11i5rnm xat24cr x1mh8g0r x1vvkbs x126k92a\">\n<div dir=\"auto\">C\u2019est la bonne nouvelle pour les victimes du massacre des \u00e9v\u00e9nements douloureux du 28 septembre 2009.<\/div>\n<div dir=\"auto\">Dans un d\u00e9cret lu \u00e0 la t\u00e9l\u00e9vision nationale par le Ministre Secr\u00e9taire g\u00e9n\u00e9ral de la pr\u00e9sidence de la R\u00e9publique G\u00e9n\u00e9ral Amara Camara, l\u2019int\u00e9gralit\u00e9 des frais d\u2019indemnisation des victimes du massacre du 28 septembre 2009 est d\u00e9sormais prise en charge par le budget national. Il invite le premier ministre, le ministre de la justice, le ministre de l\u2019\u00e9conomie et des finances et le ministre du budget \u00e0 l\u2019application rigoureuse du pr\u00e9sent d\u00e9cret.<\/div>\n<\/div>\n<div class=\"x11i5rnm xat24cr x1mh8g0r x1vvkbs xtlvy1s x126k92a\">\n<div dir=\"auto\"><\/div>\n<div dir=\"auto\">Selon le contenu dudit d\u00e9cret, cet acte est motiv\u00e9 par le souci de justice sociale, de r\u00e9conciliation nationale et de r\u00e9paration des pr\u00e9judices moraux et physiques.<\/div>\n<div dir=\"auto\"><\/div>\n<div dir=\"auto\">Les victimes qui ne savaient plus \u00e0 quel saint se vouer peuvent ainsi se frotter les mains apr\u00e8s cette annonce majeure.<\/div>\n<div dir=\"auto\"><\/div>\n<div dir=\"auto\">C\u2019est le 31 juillet 2024 que le tribunal criminel de Dixinn avait rendu sa d\u00e9cision en condamnant les principaux accus\u00e9s dont le chef de la junte militaire du CNDD Capitaine Moussa Dadis Camara. Ses avocats avaient \u00e0 leur tour relev\u00e9 appel. Mais le proc\u00e8s en appel tarde \u00e0 \u00eatre programm\u00e9.<\/div>\n<\/div>\n<div dir=\"auto\"><\/div>\n<div dir=\"auto\"><\/div>\n<div dir=\"auto\"><strong>Mosaiqueguinee.com<\/strong><\/div>\n","protected":false},"excerpt":{"rendered":"<p>C\u2019est la bonne nouvelle pour les victimes du massacre des \u00e9v\u00e9nements douloureux du 28 septembre 2009. Dans un d\u00e9cret lu \u00e0 la t\u00e9l\u00e9vision nationale par le Ministre Secr\u00e9taire g\u00e9n\u00e9ral de la pr\u00e9sidence de la R\u00e9publique G\u00e9n\u00e9ral Amara Camara, l\u2019int\u00e9gralit\u00e9 des frais d\u2019indemnisation des victimes du massacre du 28 septembre 2009 est d\u00e9sormais prise en charge [&hellip;]<\/p>\n","protected":false},"author":2,"featured_media":5311,"comment_status":"open","ping_status":"open","sticky":false,"template":"","format":"standard","meta":{"footnotes":""},"categories":[16],"tags":[],"class_list":["post-5310","post","type-post","status-publish","format-standard","has-post-thumbnail","hentry","category-actualites"],"yoast_head":"<!-- This site is optimized with the Yoast SEO plugin v26.8 - https:\/\/yoast.com\/product\/yoast-seo-wordpress\/ -->\n<title>Massacre du 28 septembre 2009: l\u2019int\u00e9gralit\u00e9 des frais d\u2019indemnisation des victimes couverte par le budget national (D\u00e9cret) - leprojecteurguinee<\/title>\n<meta name=\"robots\" content=\"index, follow, max-snippet:-1, max-image-preview:large, max-video-preview:-1\" \/>\n<link rel=\"canonical\" href=\"https:\/\/www.leprojecteurguinee.com\/index.php\/2025\/03\/27\/massacre-du-28-septembre-2009-lintegralite-des-frais-dindemnisation-des-victimes-couverte-par-le-budget-national-decret\/\" \/>\n<meta property=\"og:locale\" content=\"fr_FR\" \/>\n<meta property=\"og:type\" content=\"article\" \/>\n<meta property=\"og:title\" content=\"Massacre du 28 septembre 2009: l\u2019int\u00e9gralit\u00e9 des frais d\u2019indemnisation des victimes couverte par le budget national (D\u00e9cret) - leprojecteurguinee\" \/>\n<meta property=\"og:description\" content=\"C\u2019est la bonne nouvelle pour les victimes du massacre des \u00e9v\u00e9nements douloureux du 28 septembre 2009. Dans un d\u00e9cret lu \u00e0 la t\u00e9l\u00e9vision nationale par le Ministre Secr\u00e9taire g\u00e9n\u00e9ral de la pr\u00e9sidence de la R\u00e9publique G\u00e9n\u00e9ral Amara Camara, l\u2019int\u00e9gralit\u00e9 des frais d\u2019indemnisation des victimes du massacre du 28 septembre 2009 est d\u00e9sormais prise en charge [&hellip;]\" \/>\n<meta property=\"og:url\" content=\"https:\/\/www.leprojecteurguinee.com\/index.php\/2025\/03\/27\/massacre-du-28-septembre-2009-lintegralite-des-frais-dindemnisation-des-victimes-couverte-par-le-budget-national-decret\/\" \/>\n<meta property=\"og:site_name\" content=\"leprojecteurguinee\" \/>\n<meta property=\"article:published_time\" content=\"2025-03-27T11:09:33+00:00\" \/>\n<meta property=\"article:modified_time\" content=\"2025-03-27T11:10:18+00:00\" \/>\n<meta property=\"og:image\" content=\"https:\/\/www.leprojecteurguinee.com\/wp-content\/uploads\/2025\/03\/777E006B-F570-4B32-BE54-D79D441E0445.png\" \/>\n\t<meta property=\"og:image:width\" content=\"700\" \/>\n\t<meta property=\"og:image:height\" content=\"348\" \/>\n\t<meta property=\"og:image:type\" content=\"image\/png\" \/>\n<meta name=\"author\" content=\"www.leprojecteurguinee.com\" \/>\n<meta name=\"twitter:card\" content=\"summary_large_image\" \/>\n<meta name=\"twitter:label1\" content=\"\u00c9crit par\" \/>\n\t<meta name=\"twitter:data1\" content=\"www.leprojecteurguinee.com\" \/>\n\t<meta name=\"twitter:label2\" content=\"Dur\u00e9e de lecture estim\u00e9e\" \/>\n\t<meta name=\"twitter:data2\" content=\"2 minutes\" \/>\n<script type=\"application\/ld+json\" class=\"yoast-schema-graph\">{\"@context\":\"https:\/\/schema.org\",\"@graph\":[{\"@type\":\"Article\",\"@id\":\"https:\/\/www.leprojecteurguinee.com\/index.php\/2025\/03\/27\/massacre-du-28-septembre-2009-lintegralite-des-frais-dindemnisation-des-victimes-couverte-par-le-budget-national-decret\/#article\",\"isPartOf\":{\"@id\":\"https:\/\/www.leprojecteurguinee.com\/index.php\/2025\/03\/27\/massacre-du-28-septembre-2009-lintegralite-des-frais-dindemnisation-des-victimes-couverte-par-le-budget-national-decret\/\"},\"author\":{\"name\":\"www.leprojecteurguinee.com\",\"@id\":\"https:\/\/www.leprojecteurguinee.com\/#\/schema\/person\/c9d1602e593b11af0b295bdf5e12a59a\"},\"headline\":\"Massacre du 28 septembre 2009: l\u2019int\u00e9gralit\u00e9 des frais d\u2019indemnisation des victimes couverte par le budget national (D\u00e9cret)\",\"datePublished\":\"2025-03-27T11:09:33+00:00\",\"dateModified\":\"2025-03-27T11:10:18+00:00\",\"mainEntityOfPage\":{\"@id\":\"https:\/\/www.leprojecteurguinee.com\/index.php\/2025\/03\/27\/massacre-du-28-septembre-2009-lintegralite-des-frais-dindemnisation-des-victimes-couverte-par-le-budget-national-decret\/\"},\"wordCount\":223,\"commentCount\":0,\"image\":{\"@id\":\"https:\/\/www.leprojecteurguinee.com\/index.php\/2025\/03\/27\/massacre-du-28-septembre-2009-lintegralite-des-frais-dindemnisation-des-victimes-couverte-par-le-budget-national-decret\/#primaryimage\"},\"thumbnailUrl\":\"https:\/\/www.leprojecteurguinee.com\/wp-content\/uploads\/2025\/03\/777E006B-F570-4B32-BE54-D79D441E0445.png\",\"articleSection\":[\"Actualit\u00e9s\"],\"inLanguage\":\"fr-FR\",\"potentialAction\":[{\"@type\":\"CommentAction\",\"name\":\"Comment\",\"target\":[\"https:\/\/www.leprojecteurguinee.com\/index.php\/2025\/03\/27\/massacre-du-28-septembre-2009-lintegralite-des-frais-dindemnisation-des-victimes-couverte-par-le-budget-national-decret\/#respond\"]}]},{\"@type\":\"WebPage\",\"@id\":\"https:\/\/www.leprojecteurguinee.com\/index.php\/2025\/03\/27\/massacre-du-28-septembre-2009-lintegralite-des-frais-dindemnisation-des-victimes-couverte-par-le-budget-national-decret\/\",\"url\":\"https:\/\/www.leprojecteurguinee.com\/index.php\/2025\/03\/27\/massacre-du-28-septembre-2009-lintegralite-des-frais-dindemnisation-des-victimes-couverte-par-le-budget-national-decret\/\",\"name\":\"Massacre du 28 septembre 2009: l\u2019int\u00e9gralit\u00e9 des frais d\u2019indemnisation des victimes couverte par le budget national (D\u00e9cret) - leprojecteurguinee\",\"isPartOf\":{\"@id\":\"https:\/\/www.leprojecteurguinee.com\/#website\"},\"primaryImageOfPage\":{\"@id\":\"https:\/\/www.leprojecteurguinee.com\/index.php\/2025\/03\/27\/massacre-du-28-septembre-2009-lintegralite-des-frais-dindemnisation-des-victimes-couverte-par-le-budget-national-decret\/#primaryimage\"},\"image\":{\"@id\":\"https:\/\/www.leprojecteurguinee.com\/index.php\/2025\/03\/27\/massacre-du-28-septembre-2009-lintegralite-des-frais-dindemnisation-des-victimes-couverte-par-le-budget-national-decret\/#primaryimage\"},\"thumbnailUrl\":\"https:\/\/www.leprojecteurguinee.com\/wp-content\/uploads\/2025\/03\/777E006B-F570-4B32-BE54-D79D441E0445.png\",\"datePublished\":\"2025-03-27T11:09:33+00:00\",\"dateModified\":\"2025-03-27T11:10:18+00:00\",\"author\":{\"@id\":\"https:\/\/www.leprojecteurguinee.com\/#\/schema\/person\/c9d1602e593b11af0b295bdf5e12a59a\"},\"breadcrumb\":{\"@id\":\"https:\/\/www.leprojecteurguinee.com\/index.php\/2025\/03\/27\/massacre-du-28-septembre-2009-lintegralite-des-frais-dindemnisation-des-victimes-couverte-par-le-budget-national-decret\/#breadcrumb\"},\"inLanguage\":\"fr-FR\",\"potentialAction\":[{\"@type\":\"ReadAction\",\"target\":[\"https:\/\/www.leprojecteurguinee.com\/index.php\/2025\/03\/27\/massacre-du-28-septembre-2009-lintegralite-des-frais-dindemnisation-des-victimes-couverte-par-le-budget-national-decret\/\"]}]},{\"@type\":\"ImageObject\",\"inLanguage\":\"fr-FR\",\"@id\":\"https:\/\/www.leprojecteurguinee.com\/index.php\/2025\/03\/27\/massacre-du-28-septembre-2009-lintegralite-des-frais-dindemnisation-des-victimes-couverte-par-le-budget-national-decret\/#primaryimage\",\"url\":\"https:\/\/www.leprojecteurguinee.com\/wp-content\/uploads\/2025\/03\/777E006B-F570-4B32-BE54-D79D441E0445.png\",\"contentUrl\":\"https:\/\/www.leprojecteurguinee.com\/wp-content\/uploads\/2025\/03\/777E006B-F570-4B32-BE54-D79D441E0445.png\",\"width\":700,\"height\":348},{\"@type\":\"BreadcrumbList\",\"@id\":\"https:\/\/www.leprojecteurguinee.com\/index.php\/2025\/03\/27\/massacre-du-28-septembre-2009-lintegralite-des-frais-dindemnisation-des-victimes-couverte-par-le-budget-national-decret\/#breadcrumb\",\"itemListElement\":[{\"@type\":\"ListItem\",\"position\":1,\"name\":\"Accueil\",\"item\":\"https:\/\/www.leprojecteurguinee.com\/\"},{\"@type\":\"ListItem\",\"position\":2,\"name\":\"Massacre du 28 septembre 2009: l\u2019int\u00e9gralit\u00e9 des frais d\u2019indemnisation des victimes couverte par le budget national (D\u00e9cret)\"}]},{\"@type\":\"WebSite\",\"@id\":\"https:\/\/www.leprojecteurguinee.com\/#website\",\"url\":\"https:\/\/www.leprojecteurguinee.com\/\",\"name\":\"leprojecteurguinee\",\"description\":\"Nous luttons contre les pratiques obscures\",\"potentialAction\":[{\"@type\":\"SearchAction\",\"target\":{\"@type\":\"EntryPoint\",\"urlTemplate\":\"https:\/\/www.leprojecteurguinee.com\/?s={search_term_string}\"},\"query-input\":{\"@type\":\"PropertyValueSpecification\",\"valueRequired\":true,\"valueName\":\"search_term_string\"}}],\"inLanguage\":\"fr-FR\"},{\"@type\":\"Person\",\"@id\":\"https:\/\/www.leprojecteurguinee.com\/#\/schema\/person\/c9d1602e593b11af0b295bdf5e12a59a\",\"name\":\"www.leprojecteurguinee.com\",\"image\":{\"@type\":\"ImageObject\",\"inLanguage\":\"fr-FR\",\"@id\":\"https:\/\/www.leprojecteurguinee.com\/#\/schema\/person\/image\/\",\"url\":\"https:\/\/secure.gravatar.com\/avatar\/d73703fcd03dcba36d2bb23326e491935423a46800f1ebf8f61b70e62b70e55a?s=96&d=mm&r=g\",\"contentUrl\":\"https:\/\/secure.gravatar.com\/avatar\/d73703fcd03dcba36d2bb23326e491935423a46800f1ebf8f61b70e62b70e55a?s=96&d=mm&r=g\",\"caption\":\"www.leprojecteurguinee.com\"},\"description\":\"Administrateur G\u00e9n\u00e9ral\",\"sameAs\":[\"http:\/\/www.leprojeceteurguinee.com\"],\"url\":\"https:\/\/www.leprojecteurguinee.com\/index.php\/author\/fadigagn\/\"}]}<\/script>\n<!-- \/ Yoast SEO plugin. -->","yoast_head_json":{"title":"Massacre du 28 septembre 2009: l\u2019int\u00e9gralit\u00e9 des frais d\u2019indemnisation des victimes couverte par le budget national (D\u00e9cret) - leprojecteurguinee","robots":{"index":"index","follow":"follow","max-snippet":"max-snippet:-1","max-image-preview":"max-image-preview:large","max-video-preview":"max-video-preview:-1"},"canonical":"https:\/\/www.leprojecteurguinee.com\/index.php\/2025\/03\/27\/massacre-du-28-septembre-2009-lintegralite-des-frais-dindemnisation-des-victimes-couverte-par-le-budget-national-decret\/","og_locale":"fr_FR","og_type":"article","og_title":"Massacre du 28 septembre 2009: l\u2019int\u00e9gralit\u00e9 des frais d\u2019indemnisation des victimes couverte par le budget national (D\u00e9cret) - leprojecteurguinee","og_description":"C\u2019est la bonne nouvelle pour les victimes du massacre des \u00e9v\u00e9nements douloureux du 28 septembre 2009. Dans un d\u00e9cret lu \u00e0 la t\u00e9l\u00e9vision nationale par le Ministre Secr\u00e9taire g\u00e9n\u00e9ral de la pr\u00e9sidence de la R\u00e9publique G\u00e9n\u00e9ral Amara Camara, l\u2019int\u00e9gralit\u00e9 des frais d\u2019indemnisation des victimes du massacre du 28 septembre 2009 est d\u00e9sormais prise en charge [&hellip;]","og_url":"https:\/\/www.leprojecteurguinee.com\/index.php\/2025\/03\/27\/massacre-du-28-septembre-2009-lintegralite-des-frais-dindemnisation-des-victimes-couverte-par-le-budget-national-decret\/","og_site_name":"leprojecteurguinee","article_published_time":"2025-03-27T11:09:33+00:00","article_modified_time":"2025-03-27T11:10:18+00:00","og_image":[{"width":700,"height":348,"url":"https:\/\/www.leprojecteurguinee.com\/wp-content\/uploads\/2025\/03\/777E006B-F570-4B32-BE54-D79D441E0445.png","type":"image\/png"}],"author":"www.leprojecteurguinee.com","twitter_card":"summary_large_image","twitter_misc":{"\u00c9crit par":"www.leprojecteurguinee.com","Dur\u00e9e de lecture estim\u00e9e":"2 minutes"},"schema":{"@context":"https:\/\/schema.org","@graph":[{"@type":"Article","@id":"https:\/\/www.leprojecteurguinee.com\/index.php\/2025\/03\/27\/massacre-du-28-septembre-2009-lintegralite-des-frais-dindemnisation-des-victimes-couverte-par-le-budget-national-decret\/#article","isPartOf":{"@id":"https:\/\/www.leprojecteurguinee.com\/index.php\/2025\/03\/27\/massacre-du-28-septembre-2009-lintegralite-des-frais-dindemnisation-des-victimes-couverte-par-le-budget-national-decret\/"},"author":{"name":"www.leprojecteurguinee.com","@id":"https:\/\/www.leprojecteurguinee.com\/#\/schema\/person\/c9d1602e593b11af0b295bdf5e12a59a"},"headline":"Massacre du 28 septembre 2009: l\u2019int\u00e9gralit\u00e9 des frais d\u2019indemnisation des victimes couverte par le budget national (D\u00e9cret)","datePublished":"2025-03-27T11:09:33+00:00","dateModified":"2025-03-27T11:10:18+00:00","mainEntityOfPage":{"@id":"https:\/\/www.leprojecteurguinee.com\/index.php\/2025\/03\/27\/massacre-du-28-septembre-2009-lintegralite-des-frais-dindemnisation-des-victimes-couverte-par-le-budget-national-decret\/"},"wordCount":223,"commentCount":0,"image":{"@id":"https:\/\/www.leprojecteurguinee.com\/index.php\/2025\/03\/27\/massacre-du-28-septembre-2009-lintegralite-des-frais-dindemnisation-des-victimes-couverte-par-le-budget-national-decret\/#primaryimage"},"thumbnailUrl":"https:\/\/www.leprojecteurguinee.com\/wp-content\/uploads\/2025\/03\/777E006B-F570-4B32-BE54-D79D441E0445.png","articleSection":["Actualit\u00e9s"],"inLanguage":"fr-FR","potentialAction":[{"@type":"CommentAction","name":"Comment","target":["https:\/\/www.leprojecteurguinee.com\/index.php\/2025\/03\/27\/massacre-du-28-septembre-2009-lintegralite-des-frais-dindemnisation-des-victimes-couverte-par-le-budget-national-decret\/#respond"]}]},{"@type":"WebPage","@id":"https:\/\/www.leprojecteurguinee.com\/index.php\/2025\/03\/27\/massacre-du-28-septembre-2009-lintegralite-des-frais-dindemnisation-des-victimes-couverte-par-le-budget-national-decret\/","url":"https:\/\/www.leprojecteurguinee.com\/index.php\/2025\/03\/27\/massacre-du-28-septembre-2009-lintegralite-des-frais-dindemnisation-des-victimes-couverte-par-le-budget-national-decret\/","name":"Massacre du 28 septembre 2009: l\u2019int\u00e9gralit\u00e9 des frais d\u2019indemnisation des victimes couverte par le budget national (D\u00e9cret) - leprojecteurguinee","isPartOf":{"@id":"https:\/\/www.leprojecteurguinee.com\/#website"},"primaryImageOfPage":{"@id":"https:\/\/www.leprojecteurguinee.com\/index.php\/2025\/03\/27\/massacre-du-28-septembre-2009-lintegralite-des-frais-dindemnisation-des-victimes-couverte-par-le-budget-national-decret\/#primaryimage"},"image":{"@id":"https:\/\/www.leprojecteurguinee.com\/index.php\/2025\/03\/27\/massacre-du-28-septembre-2009-lintegralite-des-frais-dindemnisation-des-victimes-couverte-par-le-budget-national-decret\/#primaryimage"},"thumbnailUrl":"https:\/\/www.leprojecteurguinee.com\/wp-content\/uploads\/2025\/03\/777E006B-F570-4B32-BE54-D79D441E0445.png","datePublished":"2025-03-27T11:09:33+00:00","dateModified":"2025-03-27T11:10:18+00:00","author":{"@id":"https:\/\/www.leprojecteurguinee.com\/#\/schema\/person\/c9d1602e593b11af0b295bdf5e12a59a"},"breadcrumb":{"@id":"https:\/\/www.leprojecteurguinee.com\/index.php\/2025\/03\/27\/massacre-du-28-septembre-2009-lintegralite-des-frais-dindemnisation-des-victimes-couverte-par-le-budget-national-decret\/#breadcrumb"},"inLanguage":"fr-FR","potentialAction":[{"@type":"ReadAction","target":["https:\/\/www.leprojecteurguinee.com\/index.php\/2025\/03\/27\/massacre-du-28-septembre-2009-lintegralite-des-frais-dindemnisation-des-victimes-couverte-par-le-budget-national-decret\/"]}]},{"@type":"ImageObject","inLanguage":"fr-FR","@id":"https:\/\/www.leprojecteurguinee.com\/index.php\/2025\/03\/27\/massacre-du-28-septembre-2009-lintegralite-des-frais-dindemnisation-des-victimes-couverte-par-le-budget-national-decret\/#primaryimage","url":"https:\/\/www.leprojecteurguinee.com\/wp-content\/uploads\/2025\/03\/777E006B-F570-4B32-BE54-D79D441E0445.png","contentUrl":"https:\/\/www.leprojecteurguinee.com\/wp-content\/uploads\/2025\/03\/777E006B-F570-4B32-BE54-D79D441E0445.png","width":700,"height":348},{"@type":"BreadcrumbList","@id":"https:\/\/www.leprojecteurguinee.com\/index.php\/2025\/03\/27\/massacre-du-28-septembre-2009-lintegralite-des-frais-dindemnisation-des-victimes-couverte-par-le-budget-national-decret\/#breadcrumb","itemListElement":[{"@type":"ListItem","position":1,"name":"Accueil","item":"https:\/\/www.leprojecteurguinee.com\/"},{"@type":"ListItem","position":2,"name":"Massacre du 28 septembre 2009: l\u2019int\u00e9gralit\u00e9 des frais d\u2019indemnisation des victimes couverte par le budget national (D\u00e9cret)"}]},{"@type":"WebSite","@id":"https:\/\/www.leprojecteurguinee.com\/#website","url":"https:\/\/www.leprojecteurguinee.com\/","name":"leprojecteurguinee","description":"Nous luttons contre les pratiques obscures","potentialAction":[{"@type":"SearchAction","target":{"@type":"EntryPoint","urlTemplate":"https:\/\/www.leprojecteurguinee.com\/?s={search_term_string}"},"query-input":{"@type":"PropertyValueSpecification","valueRequired":true,"valueName":"search_term_string"}}],"inLanguage":"fr-FR"},{"@type":"Person","@id":"https:\/\/www.leprojecteurguinee.com\/#\/schema\/person\/c9d1602e593b11af0b295bdf5e12a59a","name":"www.leprojecteurguinee.com","image":{"@type":"ImageObject","inLanguage":"fr-FR","@id":"https:\/\/www.leprojecteurguinee.com\/#\/schema\/person\/image\/","url":"https:\/\/secure.gravatar.com\/avatar\/d73703fcd03dcba36d2bb23326e491935423a46800f1ebf8f61b70e62b70e55a?s=96&d=mm&r=g","contentUrl":"https:\/\/secure.gravatar.com\/avatar\/d73703fcd03dcba36d2bb23326e491935423a46800f1ebf8f61b70e62b70e55a?s=96&d=mm&r=g","caption":"www.leprojecteurguinee.com"},"description":"Administrateur G\u00e9n\u00e9ral","sameAs":["http:\/\/www.leprojeceteurguinee.com"],"url":"https:\/\/www.leprojecteurguinee.com\/index.php\/author\/fadigagn\/"}]}},"_links":{"self":[{"href":"https:\/\/www.leprojecteurguinee.com\/index.php\/wp-json\/wp\/v2\/posts\/5310","targetHints":{"allow":["GET"]}}],"collection":[{"href":"https:\/\/www.leprojecteurguinee.com\/index.php\/wp-json\/wp\/v2\/posts"}],"about":[{"href":"https:\/\/www.leprojecteurguinee.com\/index.php\/wp-json\/wp\/v2\/types\/post"}],"author":[{"embeddable":true,"href":"https:\/\/www.leprojecteurguinee.com\/index.php\/wp-json\/wp\/v2\/users\/2"}],"replies":[{"embeddable":true,"href":"https:\/\/www.leprojecteurguinee.com\/index.php\/wp-json\/wp\/v2\/comments?post=5310"}],"version-history":[{"count":0,"href":"https:\/\/www.leprojecteurguinee.com\/index.php\/wp-json\/wp\/v2\/posts\/5310\/revisions"}],"wp:featuredmedia":[{"embeddable":true,"href":"https:\/\/www.leprojecteurguinee.com\/index.php\/wp-json\/wp\/v2\/media\/5311"}],"wp:attachment":[{"href":"https:\/\/www.leprojecteurguinee.com\/index.php\/wp-json\/wp\/v2\/media?parent=5310"}],"wp:term":[{"taxonomy":"category","embeddable":true,"href":"https:\/\/www.leprojecteurguinee.com\/index.php\/wp-json\/wp\/v2\/categories?post=5310"},{"taxonomy":"post_tag","embeddable":true,"href":"https:\/\/www.leprojecteurguinee.com\/index.php\/wp-json\/wp\/v2\/tags?post=5310"}],"curies":[{"name":"wp","href":"https:\/\/api.w.org\/{rel}","templated":true}]}}