{"id":525,"date":"2023-07-23T12:00:59","date_gmt":"2023-07-23T10:00:59","guid":{"rendered":"https:\/\/www.leprojecteurguinee.com\/?p=525"},"modified":"2023-07-23T12:01:06","modified_gmt":"2023-07-23T10:01:06","slug":"mali-burkina-et-guinee-patrice-talon-le-joker-panafricaniste-de-la-cedeao","status":"publish","type":"post","link":"https:\/\/www.leprojecteurguinee.com\/index.php\/2023\/07\/23\/mali-burkina-et-guinee-patrice-talon-le-joker-panafricaniste-de-la-cedeao\/","title":{"rendered":"Mali, Burkina et Guin\u00e9e: Patrice Talon, le joker panafricaniste de la CEDEAO ?"},"content":{"rendered":"\n<p>Le choix de Talon s&rsquo;est impos\u00e9 pour plusieurs raisons, dont une est de pr\u00e9venir un renforcement des tensions entre les r\u00e9gimes militaires en place et des figures influentes de la CEDEAO, telles que\u00a0Alassane Ouattara,\u00a0Macky Sall\u00a0ou encore\u00a0Nana Akufo Addo.<br>La crise politique qui traverse l\u2019Afrique de l\u2019Ouest, avec des situations tendues au\u00a0Mali, au\u00a0Burkina Faso\u00a0et en\u00a0Guin\u00e9e, a amen\u00e9 la Communaut\u00e9 \u00c9conomique des \u00c9tats de l\u2019Afrique de l\u2019Ouest (CEDEAO) \u00e0 choisir un nouveau m\u00e9diateur apr\u00e8s l&rsquo;\u00e9chec des pressions et de ce que ces pays consid\u00e8rent comme de l&rsquo;intimidation. Patrice Talon, pr\u00e9sident du B\u00e9nin et adepte d&rsquo;un discours d&rsquo;autod\u00e9termination que certains qualifient \u00e0 tort ou \u00e0 raison de panafricaniste, a \u00e9t\u00e9 d\u00e9sign\u00e9 pour cette mission d\u00e9licate.<br><br>Le choix de Talon s&rsquo;est impos\u00e9 pour plusieurs raisons, dont une est de pr\u00e9venir un renforcement des tensions entre les r\u00e9gimes militaires en place et des figures influentes de la CEDEAO, telles que\u00a0Alassane Ouattara,\u00a0Macky Sall\u00a0ou encore\u00a0Nana Akufo Addo.<br><br>Pour certains observateurs et certains internautes, Patrice Talon est le seul d\u00e9mocratiquement \u00e9lu proche id\u00e9ologique des r\u00e9gimes militaires en place. Il faut dire que\u00a0son discours sur LCI, notamment sa position envers Wagner avait s\u00e9duit bon nombre d&rsquo;internautes. Ses discours refl\u00e8tent un esprit d&rsquo;ind\u00e9pendance vis-\u00e0-vis des influences ext\u00e9rieures, notamment occidentales, et notamment de la France. M\u00eame s&rsquo;il n&rsquo;adopte pas une position radicale, il semble avoir bonne presse dans certains milieux. Pour preuve, il fait partie des rares pr\u00e9sidents re\u00e7us par Ibrahim Traor\u00e9 du Burkina Faso. Cette position lui conf\u00e8re une certaine immunit\u00e9 contre les critiques que ces r\u00e9gimes ont adress\u00e9es \u00e0 la CEDEAO, souvent per\u00e7ue comme une entit\u00e9 lourde et align\u00e9e sur les positions fran\u00e7aises.<br><br>Le 16 f\u00e9vrier 2023, une \u00e9tape significative s&rsquo;est produite lorsque Patrice Talon s&rsquo;est rendu \u00e0 Ouagadougou pour discuter avec le pr\u00e9sident de la transition du Burkina Faso, le capitaine Ibrahim Traor\u00e9. Cette visite a permis de renforcer les liens entre les deux pays, mais aussi d&rsquo;apporter une r\u00e9ponse aux d\u00e9fis pos\u00e9s par les r\u00e9cents bouleversements politiques qui ont conduit \u00e0 la suspension des principaux acteurs politiques de Ouagadougou, Bamako et Conakry par la CEDEAO<br><br><strong>L&rsquo;\u00e9chec des poids lourds de la CEDEAO, Talon peut-il r\u00e9ussir ? Pas si s\u00fbr!<\/strong><br><br>Au sein de la CEDEAO, on ne peut que constater l&rsquo;\u00e9chec cuisant des politiques adopt\u00e9es par les poids lourds de la r\u00e9gion envers les nouveaux leaders militaires. Rejet\u00e9s en bloc, ces derniers n&rsquo;ont pas pu faire fl\u00e9chir les pouvoirs militaires avec leurs sanctions<br><br>Bien au contraire ils ont r\u00e9ussi \u00e0 faire d\u00e9tester encore plus l&rsquo;institution que repr\u00e9sente la CEDEAO. Ces pr\u00e9sidents ne s&rsquo;attendaient pas \u00e0 un tel soutien massif des populations envers les autorit\u00e9s du Mali et n&rsquo;ont eu d&rsquo;autre choix que de retirer des sanctions qui mettaient \u00e9galement \u00e0 mal certains pays comme le S\u00e9n\u00e9gal.<\/p>\n","protected":false},"excerpt":{"rendered":"<p>Le choix de Talon s&rsquo;est impos\u00e9 pour plusieurs raisons, dont une est de pr\u00e9venir un renforcement des tensions entre les r\u00e9gimes militaires en place et des figures influentes de la CEDEAO, telles que\u00a0Alassane Ouattara,\u00a0Macky Sall\u00a0ou encore\u00a0Nana Akufo Addo.La crise politique qui traverse l\u2019Afrique de l\u2019Ouest, avec des situations tendues au\u00a0Mali, au\u00a0Burkina Faso\u00a0et en\u00a0Guin\u00e9e, a amen\u00e9 [&hellip;]<\/p>\n","protected":false},"author":1,"featured_media":524,"comment_status":"open","ping_status":"open","sticky":false,"template":"","format":"standard","meta":{"footnotes":""},"categories":[80],"tags":[76,86,108],"class_list":["post-525","post","type-post","status-publish","format-standard","has-post-thumbnail","hentry","category-politique","tag-benin","tag-mali","tag-patrice-talon"],"yoast_head":"<!-- This site is optimized with the Yoast SEO plugin v26.8 - https:\/\/yoast.com\/product\/yoast-seo-wordpress\/ -->\n<title>Mali, Burkina et Guin\u00e9e: Patrice Talon, le joker panafricaniste de la CEDEAO ? - leprojecteurguinee<\/title>\n<meta name=\"robots\" content=\"index, follow, max-snippet:-1, max-image-preview:large, max-video-preview:-1\" \/>\n<link rel=\"canonical\" href=\"https:\/\/www.leprojecteurguinee.com\/index.php\/2023\/07\/23\/mali-burkina-et-guinee-patrice-talon-le-joker-panafricaniste-de-la-cedeao\/\" \/>\n<meta property=\"og:locale\" content=\"fr_FR\" \/>\n<meta property=\"og:type\" content=\"article\" \/>\n<meta property=\"og:title\" content=\"Mali, Burkina et Guin\u00e9e: Patrice Talon, le joker panafricaniste de la CEDEAO ? - leprojecteurguinee\" \/>\n<meta property=\"og:description\" content=\"Le choix de Talon s&rsquo;est impos\u00e9 pour plusieurs raisons, dont une est de pr\u00e9venir un renforcement des tensions entre les r\u00e9gimes militaires en place et des figures influentes de la CEDEAO, telles que\u00a0Alassane Ouattara,\u00a0Macky Sall\u00a0ou encore\u00a0Nana Akufo Addo.La crise politique qui traverse l\u2019Afrique de l\u2019Ouest, avec des situations tendues au\u00a0Mali, au\u00a0Burkina Faso\u00a0et en\u00a0Guin\u00e9e, a amen\u00e9 [&hellip;]\" \/>\n<meta property=\"og:url\" content=\"https:\/\/www.leprojecteurguinee.com\/index.php\/2023\/07\/23\/mali-burkina-et-guinee-patrice-talon-le-joker-panafricaniste-de-la-cedeao\/\" \/>\n<meta property=\"og:site_name\" content=\"leprojecteurguinee\" \/>\n<meta property=\"article:published_time\" content=\"2023-07-23T10:00:59+00:00\" \/>\n<meta property=\"article:modified_time\" content=\"2023-07-23T10:01:06+00:00\" \/>\n<meta property=\"og:image\" content=\"https:\/\/www.leprojecteurguinee.com\/wp-content\/uploads\/2023\/07\/FB_IMG_1690106348700.jpg\" \/>\n\t<meta property=\"og:image:width\" content=\"720\" \/>\n\t<meta property=\"og:image:height\" content=\"480\" \/>\n\t<meta property=\"og:image:type\" content=\"image\/jpeg\" \/>\n<meta name=\"author\" content=\"Leprojecteurguinee\" \/>\n<meta name=\"twitter:card\" content=\"summary_large_image\" \/>\n<meta name=\"twitter:label1\" content=\"\u00c9crit par\" \/>\n\t<meta name=\"twitter:data1\" content=\"Leprojecteurguinee\" \/>\n\t<meta name=\"twitter:label2\" content=\"Dur\u00e9e de lecture estim\u00e9e\" \/>\n\t<meta name=\"twitter:data2\" content=\"3 minutes\" \/>\n<script type=\"application\/ld+json\" class=\"yoast-schema-graph\">{\"@context\":\"https:\/\/schema.org\",\"@graph\":[{\"@type\":\"Article\",\"@id\":\"https:\/\/www.leprojecteurguinee.com\/index.php\/2023\/07\/23\/mali-burkina-et-guinee-patrice-talon-le-joker-panafricaniste-de-la-cedeao\/#article\",\"isPartOf\":{\"@id\":\"https:\/\/www.leprojecteurguinee.com\/index.php\/2023\/07\/23\/mali-burkina-et-guinee-patrice-talon-le-joker-panafricaniste-de-la-cedeao\/\"},\"author\":{\"name\":\"Leprojecteurguinee\",\"@id\":\"https:\/\/www.leprojecteurguinee.com\/#\/schema\/person\/389671d1a3f0c66e6c91c4a765990c1b\"},\"headline\":\"Mali, Burkina et Guin\u00e9e: Patrice Talon, le joker panafricaniste de la CEDEAO ?\",\"datePublished\":\"2023-07-23T10:00:59+00:00\",\"dateModified\":\"2023-07-23T10:01:06+00:00\",\"mainEntityOfPage\":{\"@id\":\"https:\/\/www.leprojecteurguinee.com\/index.php\/2023\/07\/23\/mali-burkina-et-guinee-patrice-talon-le-joker-panafricaniste-de-la-cedeao\/\"},\"wordCount\":535,\"commentCount\":0,\"image\":{\"@id\":\"https:\/\/www.leprojecteurguinee.com\/index.php\/2023\/07\/23\/mali-burkina-et-guinee-patrice-talon-le-joker-panafricaniste-de-la-cedeao\/#primaryimage\"},\"thumbnailUrl\":\"https:\/\/www.leprojecteurguinee.com\/wp-content\/uploads\/2023\/07\/FB_IMG_1690106348700.jpg\",\"keywords\":[\"Benin\",\"Mali\",\"Patrice Talon\"],\"articleSection\":[\"Politique\"],\"inLanguage\":\"fr-FR\",\"potentialAction\":[{\"@type\":\"CommentAction\",\"name\":\"Comment\",\"target\":[\"https:\/\/www.leprojecteurguinee.com\/index.php\/2023\/07\/23\/mali-burkina-et-guinee-patrice-talon-le-joker-panafricaniste-de-la-cedeao\/#respond\"]}]},{\"@type\":\"WebPage\",\"@id\":\"https:\/\/www.leprojecteurguinee.com\/index.php\/2023\/07\/23\/mali-burkina-et-guinee-patrice-talon-le-joker-panafricaniste-de-la-cedeao\/\",\"url\":\"https:\/\/www.leprojecteurguinee.com\/index.php\/2023\/07\/23\/mali-burkina-et-guinee-patrice-talon-le-joker-panafricaniste-de-la-cedeao\/\",\"name\":\"Mali, Burkina et Guin\u00e9e: Patrice Talon, le joker panafricaniste de la CEDEAO ? - leprojecteurguinee\",\"isPartOf\":{\"@id\":\"https:\/\/www.leprojecteurguinee.com\/#website\"},\"primaryImageOfPage\":{\"@id\":\"https:\/\/www.leprojecteurguinee.com\/index.php\/2023\/07\/23\/mali-burkina-et-guinee-patrice-talon-le-joker-panafricaniste-de-la-cedeao\/#primaryimage\"},\"image\":{\"@id\":\"https:\/\/www.leprojecteurguinee.com\/index.php\/2023\/07\/23\/mali-burkina-et-guinee-patrice-talon-le-joker-panafricaniste-de-la-cedeao\/#primaryimage\"},\"thumbnailUrl\":\"https:\/\/www.leprojecteurguinee.com\/wp-content\/uploads\/2023\/07\/FB_IMG_1690106348700.jpg\",\"datePublished\":\"2023-07-23T10:00:59+00:00\",\"dateModified\":\"2023-07-23T10:01:06+00:00\",\"author\":{\"@id\":\"https:\/\/www.leprojecteurguinee.com\/#\/schema\/person\/389671d1a3f0c66e6c91c4a765990c1b\"},\"breadcrumb\":{\"@id\":\"https:\/\/www.leprojecteurguinee.com\/index.php\/2023\/07\/23\/mali-burkina-et-guinee-patrice-talon-le-joker-panafricaniste-de-la-cedeao\/#breadcrumb\"},\"inLanguage\":\"fr-FR\",\"potentialAction\":[{\"@type\":\"ReadAction\",\"target\":[\"https:\/\/www.leprojecteurguinee.com\/index.php\/2023\/07\/23\/mali-burkina-et-guinee-patrice-talon-le-joker-panafricaniste-de-la-cedeao\/\"]}]},{\"@type\":\"ImageObject\",\"inLanguage\":\"fr-FR\",\"@id\":\"https:\/\/www.leprojecteurguinee.com\/index.php\/2023\/07\/23\/mali-burkina-et-guinee-patrice-talon-le-joker-panafricaniste-de-la-cedeao\/#primaryimage\",\"url\":\"https:\/\/www.leprojecteurguinee.com\/wp-content\/uploads\/2023\/07\/FB_IMG_1690106348700.jpg\",\"contentUrl\":\"https:\/\/www.leprojecteurguinee.com\/wp-content\/uploads\/2023\/07\/FB_IMG_1690106348700.jpg\",\"width\":720,\"height\":480},{\"@type\":\"BreadcrumbList\",\"@id\":\"https:\/\/www.leprojecteurguinee.com\/index.php\/2023\/07\/23\/mali-burkina-et-guinee-patrice-talon-le-joker-panafricaniste-de-la-cedeao\/#breadcrumb\",\"itemListElement\":[{\"@type\":\"ListItem\",\"position\":1,\"name\":\"Accueil\",\"item\":\"https:\/\/www.leprojecteurguinee.com\/\"},{\"@type\":\"ListItem\",\"position\":2,\"name\":\"Mali, Burkina et Guin\u00e9e: Patrice Talon, le joker panafricaniste de la CEDEAO ?\"}]},{\"@type\":\"WebSite\",\"@id\":\"https:\/\/www.leprojecteurguinee.com\/#website\",\"url\":\"https:\/\/www.leprojecteurguinee.com\/\",\"name\":\"leprojecteurguinee\",\"description\":\"Nous luttons contre les pratiques obscures\",\"potentialAction\":[{\"@type\":\"SearchAction\",\"target\":{\"@type\":\"EntryPoint\",\"urlTemplate\":\"https:\/\/www.leprojecteurguinee.com\/?s={search_term_string}\"},\"query-input\":{\"@type\":\"PropertyValueSpecification\",\"valueRequired\":true,\"valueName\":\"search_term_string\"}}],\"inLanguage\":\"fr-FR\"},{\"@type\":\"Person\",\"@id\":\"https:\/\/www.leprojecteurguinee.com\/#\/schema\/person\/389671d1a3f0c66e6c91c4a765990c1b\",\"name\":\"Leprojecteurguinee\",\"image\":{\"@type\":\"ImageObject\",\"inLanguage\":\"fr-FR\",\"@id\":\"https:\/\/www.leprojecteurguinee.com\/#\/schema\/person\/image\/\",\"url\":\"https:\/\/secure.gravatar.com\/avatar\/c0faa0f472c43eff99fecb0bd2a1c6782e80a162c9fcb7ed2d48bb42ea619f30?s=96&d=mm&r=g\",\"contentUrl\":\"https:\/\/secure.gravatar.com\/avatar\/c0faa0f472c43eff99fecb0bd2a1c6782e80a162c9fcb7ed2d48bb42ea619f30?s=96&d=mm&r=g\",\"caption\":\"Leprojecteurguinee\"},\"sameAs\":[\"https:\/\/www.leprojecteurguinee.com\"],\"url\":\"https:\/\/www.leprojecteurguinee.com\/index.php\/author\/madame\/\"}]}<\/script>\n<!-- \/ Yoast SEO plugin. -->","yoast_head_json":{"title":"Mali, Burkina et Guin\u00e9e: Patrice Talon, le joker panafricaniste de la CEDEAO ? - leprojecteurguinee","robots":{"index":"index","follow":"follow","max-snippet":"max-snippet:-1","max-image-preview":"max-image-preview:large","max-video-preview":"max-video-preview:-1"},"canonical":"https:\/\/www.leprojecteurguinee.com\/index.php\/2023\/07\/23\/mali-burkina-et-guinee-patrice-talon-le-joker-panafricaniste-de-la-cedeao\/","og_locale":"fr_FR","og_type":"article","og_title":"Mali, Burkina et Guin\u00e9e: Patrice Talon, le joker panafricaniste de la CEDEAO ? - leprojecteurguinee","og_description":"Le choix de Talon s&rsquo;est impos\u00e9 pour plusieurs raisons, dont une est de pr\u00e9venir un renforcement des tensions entre les r\u00e9gimes militaires en place et des figures influentes de la CEDEAO, telles que\u00a0Alassane Ouattara,\u00a0Macky Sall\u00a0ou encore\u00a0Nana Akufo Addo.La crise politique qui traverse l\u2019Afrique de l\u2019Ouest, avec des situations tendues au\u00a0Mali, au\u00a0Burkina Faso\u00a0et en\u00a0Guin\u00e9e, a amen\u00e9 [&hellip;]","og_url":"https:\/\/www.leprojecteurguinee.com\/index.php\/2023\/07\/23\/mali-burkina-et-guinee-patrice-talon-le-joker-panafricaniste-de-la-cedeao\/","og_site_name":"leprojecteurguinee","article_published_time":"2023-07-23T10:00:59+00:00","article_modified_time":"2023-07-23T10:01:06+00:00","og_image":[{"width":720,"height":480,"url":"https:\/\/www.leprojecteurguinee.com\/wp-content\/uploads\/2023\/07\/FB_IMG_1690106348700.jpg","type":"image\/jpeg"}],"author":"Leprojecteurguinee","twitter_card":"summary_large_image","twitter_misc":{"\u00c9crit par":"Leprojecteurguinee","Dur\u00e9e de lecture estim\u00e9e":"3 minutes"},"schema":{"@context":"https:\/\/schema.org","@graph":[{"@type":"Article","@id":"https:\/\/www.leprojecteurguinee.com\/index.php\/2023\/07\/23\/mali-burkina-et-guinee-patrice-talon-le-joker-panafricaniste-de-la-cedeao\/#article","isPartOf":{"@id":"https:\/\/www.leprojecteurguinee.com\/index.php\/2023\/07\/23\/mali-burkina-et-guinee-patrice-talon-le-joker-panafricaniste-de-la-cedeao\/"},"author":{"name":"Leprojecteurguinee","@id":"https:\/\/www.leprojecteurguinee.com\/#\/schema\/person\/389671d1a3f0c66e6c91c4a765990c1b"},"headline":"Mali, Burkina et Guin\u00e9e: Patrice Talon, le joker panafricaniste de la CEDEAO ?","datePublished":"2023-07-23T10:00:59+00:00","dateModified":"2023-07-23T10:01:06+00:00","mainEntityOfPage":{"@id":"https:\/\/www.leprojecteurguinee.com\/index.php\/2023\/07\/23\/mali-burkina-et-guinee-patrice-talon-le-joker-panafricaniste-de-la-cedeao\/"},"wordCount":535,"commentCount":0,"image":{"@id":"https:\/\/www.leprojecteurguinee.com\/index.php\/2023\/07\/23\/mali-burkina-et-guinee-patrice-talon-le-joker-panafricaniste-de-la-cedeao\/#primaryimage"},"thumbnailUrl":"https:\/\/www.leprojecteurguinee.com\/wp-content\/uploads\/2023\/07\/FB_IMG_1690106348700.jpg","keywords":["Benin","Mali","Patrice Talon"],"articleSection":["Politique"],"inLanguage":"fr-FR","potentialAction":[{"@type":"CommentAction","name":"Comment","target":["https:\/\/www.leprojecteurguinee.com\/index.php\/2023\/07\/23\/mali-burkina-et-guinee-patrice-talon-le-joker-panafricaniste-de-la-cedeao\/#respond"]}]},{"@type":"WebPage","@id":"https:\/\/www.leprojecteurguinee.com\/index.php\/2023\/07\/23\/mali-burkina-et-guinee-patrice-talon-le-joker-panafricaniste-de-la-cedeao\/","url":"https:\/\/www.leprojecteurguinee.com\/index.php\/2023\/07\/23\/mali-burkina-et-guinee-patrice-talon-le-joker-panafricaniste-de-la-cedeao\/","name":"Mali, Burkina et Guin\u00e9e: Patrice Talon, le joker panafricaniste de la CEDEAO ? - leprojecteurguinee","isPartOf":{"@id":"https:\/\/www.leprojecteurguinee.com\/#website"},"primaryImageOfPage":{"@id":"https:\/\/www.leprojecteurguinee.com\/index.php\/2023\/07\/23\/mali-burkina-et-guinee-patrice-talon-le-joker-panafricaniste-de-la-cedeao\/#primaryimage"},"image":{"@id":"https:\/\/www.leprojecteurguinee.com\/index.php\/2023\/07\/23\/mali-burkina-et-guinee-patrice-talon-le-joker-panafricaniste-de-la-cedeao\/#primaryimage"},"thumbnailUrl":"https:\/\/www.leprojecteurguinee.com\/wp-content\/uploads\/2023\/07\/FB_IMG_1690106348700.jpg","datePublished":"2023-07-23T10:00:59+00:00","dateModified":"2023-07-23T10:01:06+00:00","author":{"@id":"https:\/\/www.leprojecteurguinee.com\/#\/schema\/person\/389671d1a3f0c66e6c91c4a765990c1b"},"breadcrumb":{"@id":"https:\/\/www.leprojecteurguinee.com\/index.php\/2023\/07\/23\/mali-burkina-et-guinee-patrice-talon-le-joker-panafricaniste-de-la-cedeao\/#breadcrumb"},"inLanguage":"fr-FR","potentialAction":[{"@type":"ReadAction","target":["https:\/\/www.leprojecteurguinee.com\/index.php\/2023\/07\/23\/mali-burkina-et-guinee-patrice-talon-le-joker-panafricaniste-de-la-cedeao\/"]}]},{"@type":"ImageObject","inLanguage":"fr-FR","@id":"https:\/\/www.leprojecteurguinee.com\/index.php\/2023\/07\/23\/mali-burkina-et-guinee-patrice-talon-le-joker-panafricaniste-de-la-cedeao\/#primaryimage","url":"https:\/\/www.leprojecteurguinee.com\/wp-content\/uploads\/2023\/07\/FB_IMG_1690106348700.jpg","contentUrl":"https:\/\/www.leprojecteurguinee.com\/wp-content\/uploads\/2023\/07\/FB_IMG_1690106348700.jpg","width":720,"height":480},{"@type":"BreadcrumbList","@id":"https:\/\/www.leprojecteurguinee.com\/index.php\/2023\/07\/23\/mali-burkina-et-guinee-patrice-talon-le-joker-panafricaniste-de-la-cedeao\/#breadcrumb","itemListElement":[{"@type":"ListItem","position":1,"name":"Accueil","item":"https:\/\/www.leprojecteurguinee.com\/"},{"@type":"ListItem","position":2,"name":"Mali, Burkina et Guin\u00e9e: Patrice Talon, le joker panafricaniste de la CEDEAO ?"}]},{"@type":"WebSite","@id":"https:\/\/www.leprojecteurguinee.com\/#website","url":"https:\/\/www.leprojecteurguinee.com\/","name":"leprojecteurguinee","description":"Nous luttons contre les pratiques obscures","potentialAction":[{"@type":"SearchAction","target":{"@type":"EntryPoint","urlTemplate":"https:\/\/www.leprojecteurguinee.com\/?s={search_term_string}"},"query-input":{"@type":"PropertyValueSpecification","valueRequired":true,"valueName":"search_term_string"}}],"inLanguage":"fr-FR"},{"@type":"Person","@id":"https:\/\/www.leprojecteurguinee.com\/#\/schema\/person\/389671d1a3f0c66e6c91c4a765990c1b","name":"Leprojecteurguinee","image":{"@type":"ImageObject","inLanguage":"fr-FR","@id":"https:\/\/www.leprojecteurguinee.com\/#\/schema\/person\/image\/","url":"https:\/\/secure.gravatar.com\/avatar\/c0faa0f472c43eff99fecb0bd2a1c6782e80a162c9fcb7ed2d48bb42ea619f30?s=96&d=mm&r=g","contentUrl":"https:\/\/secure.gravatar.com\/avatar\/c0faa0f472c43eff99fecb0bd2a1c6782e80a162c9fcb7ed2d48bb42ea619f30?s=96&d=mm&r=g","caption":"Leprojecteurguinee"},"sameAs":["https:\/\/www.leprojecteurguinee.com"],"url":"https:\/\/www.leprojecteurguinee.com\/index.php\/author\/madame\/"}]}},"_links":{"self":[{"href":"https:\/\/www.leprojecteurguinee.com\/index.php\/wp-json\/wp\/v2\/posts\/525","targetHints":{"allow":["GET"]}}],"collection":[{"href":"https:\/\/www.leprojecteurguinee.com\/index.php\/wp-json\/wp\/v2\/posts"}],"about":[{"href":"https:\/\/www.leprojecteurguinee.com\/index.php\/wp-json\/wp\/v2\/types\/post"}],"author":[{"embeddable":true,"href":"https:\/\/www.leprojecteurguinee.com\/index.php\/wp-json\/wp\/v2\/users\/1"}],"replies":[{"embeddable":true,"href":"https:\/\/www.leprojecteurguinee.com\/index.php\/wp-json\/wp\/v2\/comments?post=525"}],"version-history":[{"count":0,"href":"https:\/\/www.leprojecteurguinee.com\/index.php\/wp-json\/wp\/v2\/posts\/525\/revisions"}],"wp:featuredmedia":[{"embeddable":true,"href":"https:\/\/www.leprojecteurguinee.com\/index.php\/wp-json\/wp\/v2\/media\/524"}],"wp:attachment":[{"href":"https:\/\/www.leprojecteurguinee.com\/index.php\/wp-json\/wp\/v2\/media?parent=525"}],"wp:term":[{"taxonomy":"category","embeddable":true,"href":"https:\/\/www.leprojecteurguinee.com\/index.php\/wp-json\/wp\/v2\/categories?post=525"},{"taxonomy":"post_tag","embeddable":true,"href":"https:\/\/www.leprojecteurguinee.com\/index.php\/wp-json\/wp\/v2\/tags?post=525"}],"curies":[{"name":"wp","href":"https:\/\/api.w.org\/{rel}","templated":true}]}}