{"id":5228,"date":"2025-03-02T23:56:44","date_gmt":"2025-03-02T23:56:44","guid":{"rendered":"https:\/\/www.leprojecteurguinee.com\/?p=5228"},"modified":"2025-03-02T23:57:45","modified_gmt":"2025-03-02T23:57:45","slug":"une-delegation-de-la-cedeao-forcee-de-quitter-bissau","status":"publish","type":"post","link":"https:\/\/www.leprojecteurguinee.com\/index.php\/2025\/03\/02\/une-delegation-de-la-cedeao-forcee-de-quitter-bissau\/","title":{"rendered":"Une d\u00e9l\u00e9gation de la Cedeao forc\u00e9e de quitter Bissau"},"content":{"rendered":"<h1 class=\"title pg-title\">Les m\u00e9diateurs ouest-africains d\u00e9p\u00each\u00e9s en Guin\u00e9e-Bissau disent avoir quitt\u00e9 le pays apr\u00e8s des menaces d\u2019expulsion du pr\u00e9sident Umaru Sissoco Embalo. Ils ont pr\u00e9cis\u00e9 dans un communiqu\u00e9 qu\u2019ils avaient pr\u00e9par\u00e9 un projet d\u2019accord sur une date des \u00e9lections.<\/h1>\n<p>\u00ab\u00a0La mission a pr\u00e9par\u00e9 un projet d\u2019accord pour une feuille de route pour la tenue des l\u00e9gislatives et de la pr\u00e9sidentielle et a commenc\u00e9 \u00e0 le pr\u00e9senter aux parties prenantes pour leur consentement\u00a0\u00bb, indique un communiqu\u00e9 dat\u00e9 de samedi et sign\u00e9 du chef des m\u00e9diateurs r\u00e9gionaux, Bagudu Hirse. Toutefois, il ne pr\u00e9cise pas le contenu du projet.<\/p>\n<p>La d\u00e9l\u00e9gation \u00ab\u00a0a quitt\u00e9 Bissau t\u00f4t le matin du (samedi) 1er mars apr\u00e8s des menaces du pr\u00e9sident Embalo de l\u2019expulser\u00a0\u00bb, ajoute le communiqu\u00e9, sans plus de pr\u00e9cisions.<\/p>\n<p>La pr\u00e9sidence bissau-guin\u00e9enne n\u2019a pas encore r\u00e9agi alors que le pr\u00e9sident Embalo, qui a rencontr\u00e9 les m\u00e9diateurs au d\u00e9but de leur mission, \u00e9tait en voyage \u00e0 l\u2019\u00e9tranger.<\/p>\n<p>Ces m\u00e9diateurs de la Communaut\u00e9 \u00e9conomique des Etats d\u2019Afrique de l\u2019Ouest (Cedeao) \u00e9taient \u00e0 Bissau du 21 au 28 f\u00e9vrier pour trouver une solution aux divergences entre le pouvoir et l\u2019opposition sur la date de la fin du mandat du pr\u00e9sident Embalo.<\/p>\n<p>Les m\u00e9diateurs ont dit avoir rencontr\u00e9 diff\u00e9rents acteurs nationaux et internationaux impliqu\u00e9s dans la gestion des \u00e9lections.<\/p>\n<p>La mission ouest-africaine va \u00ab\u00a0pr\u00e9senter au pr\u00e9sident de la commission de la Cedeao (Omar Alieu Touray) son rapport incluant sa proposition d\u2019une feuille de route pour des \u00e9lections inclusives et pacifiques en 2025\u00a0\u00bb, ajoute le communiqu\u00e9.<\/p>\n<p>M. Embalo avait d\u00e9clar\u00e9 le 23 f\u00e9vrier que les \u00e9lections pr\u00e9sidentielle et l\u00e9gislatives se tiendraient le 30 novembre.<\/p>\n<p>Selon la Cour supr\u00eame de Bissau, M. Embalo termine son mandat le 4 septembre. Ce dernier a retenu la m\u00eame date mais le chef de l\u2019opposition, Domingos Simoes Pereira a, lui, fix\u00e9 le terme de ce mandat au 27 f\u00e9vrier.<\/p>\n<p>M. Embalo a pr\u00eat\u00e9 serment pour un mandat de cinq ans le 27 f\u00e9vrier 2020. La communaut\u00e9 internationale a fini par approuver son \u00e9lection, mais le r\u00e9sultat avait \u00e9t\u00e9 contest\u00e9 par son rival M. Pereira.<\/p>\n<p>VOA Afrique<\/p>\n","protected":false},"excerpt":{"rendered":"<p>Les m\u00e9diateurs ouest-africains d\u00e9p\u00each\u00e9s en Guin\u00e9e-Bissau disent avoir quitt\u00e9 le pays apr\u00e8s des menaces d\u2019expulsion du pr\u00e9sident Umaru Sissoco Embalo. Ils ont pr\u00e9cis\u00e9 dans un communiqu\u00e9 qu\u2019ils avaient pr\u00e9par\u00e9 un projet d\u2019accord sur une date des \u00e9lections. \u00ab\u00a0La mission a pr\u00e9par\u00e9 un projet d\u2019accord pour une feuille de route pour la tenue des l\u00e9gislatives et [&hellip;]<\/p>\n","protected":false},"author":2,"featured_media":5229,"comment_status":"open","ping_status":"open","sticky":false,"template":"","format":"standard","meta":{"footnotes":""},"categories":[16,9],"tags":[],"class_list":["post-5228","post","type-post","status-publish","format-standard","has-post-thumbnail","hentry","category-actualites","category-afrique"],"yoast_head":"<!-- This site is optimized with the Yoast SEO plugin v26.8 - https:\/\/yoast.com\/product\/yoast-seo-wordpress\/ -->\n<title>Une d\u00e9l\u00e9gation de la Cedeao forc\u00e9e de quitter Bissau - leprojecteurguinee<\/title>\n<meta name=\"robots\" content=\"index, follow, max-snippet:-1, max-image-preview:large, max-video-preview:-1\" \/>\n<link rel=\"canonical\" href=\"https:\/\/www.leprojecteurguinee.com\/index.php\/2025\/03\/02\/une-delegation-de-la-cedeao-forcee-de-quitter-bissau\/\" \/>\n<meta property=\"og:locale\" content=\"fr_FR\" \/>\n<meta property=\"og:type\" content=\"article\" \/>\n<meta property=\"og:title\" content=\"Une d\u00e9l\u00e9gation de la Cedeao forc\u00e9e de quitter Bissau - leprojecteurguinee\" \/>\n<meta property=\"og:description\" content=\"Les m\u00e9diateurs ouest-africains d\u00e9p\u00each\u00e9s en Guin\u00e9e-Bissau disent avoir quitt\u00e9 le pays apr\u00e8s des menaces d\u2019expulsion du pr\u00e9sident Umaru Sissoco Embalo. Ils ont pr\u00e9cis\u00e9 dans un communiqu\u00e9 qu\u2019ils avaient pr\u00e9par\u00e9 un projet d\u2019accord sur une date des \u00e9lections. \u00ab\u00a0La mission a pr\u00e9par\u00e9 un projet d\u2019accord pour une feuille de route pour la tenue des l\u00e9gislatives et [&hellip;]\" \/>\n<meta property=\"og:url\" content=\"https:\/\/www.leprojecteurguinee.com\/index.php\/2025\/03\/02\/une-delegation-de-la-cedeao-forcee-de-quitter-bissau\/\" \/>\n<meta property=\"og:site_name\" content=\"leprojecteurguinee\" \/>\n<meta property=\"article:published_time\" content=\"2025-03-02T23:56:44+00:00\" \/>\n<meta property=\"article:modified_time\" content=\"2025-03-02T23:57:45+00:00\" \/>\n<meta property=\"og:image\" content=\"https:\/\/www.leprojecteurguinee.com\/wp-content\/uploads\/2025\/03\/embalooo.jpg\" \/>\n\t<meta property=\"og:image:width\" content=\"1920\" \/>\n\t<meta property=\"og:image:height\" content=\"1080\" \/>\n\t<meta property=\"og:image:type\" content=\"image\/jpeg\" \/>\n<meta name=\"author\" content=\"www.leprojecteurguinee.com\" \/>\n<meta name=\"twitter:card\" content=\"summary_large_image\" \/>\n<meta name=\"twitter:label1\" content=\"\u00c9crit par\" \/>\n\t<meta name=\"twitter:data1\" content=\"www.leprojecteurguinee.com\" \/>\n\t<meta name=\"twitter:label2\" content=\"Dur\u00e9e de lecture estim\u00e9e\" \/>\n\t<meta name=\"twitter:data2\" content=\"2 minutes\" \/>\n<script type=\"application\/ld+json\" class=\"yoast-schema-graph\">{\"@context\":\"https:\/\/schema.org\",\"@graph\":[{\"@type\":\"Article\",\"@id\":\"https:\/\/www.leprojecteurguinee.com\/index.php\/2025\/03\/02\/une-delegation-de-la-cedeao-forcee-de-quitter-bissau\/#article\",\"isPartOf\":{\"@id\":\"https:\/\/www.leprojecteurguinee.com\/index.php\/2025\/03\/02\/une-delegation-de-la-cedeao-forcee-de-quitter-bissau\/\"},\"author\":{\"name\":\"www.leprojecteurguinee.com\",\"@id\":\"https:\/\/www.leprojecteurguinee.com\/#\/schema\/person\/c9d1602e593b11af0b295bdf5e12a59a\"},\"headline\":\"Une d\u00e9l\u00e9gation de la Cedeao forc\u00e9e de quitter Bissau\",\"datePublished\":\"2025-03-02T23:56:44+00:00\",\"dateModified\":\"2025-03-02T23:57:45+00:00\",\"mainEntityOfPage\":{\"@id\":\"https:\/\/www.leprojecteurguinee.com\/index.php\/2025\/03\/02\/une-delegation-de-la-cedeao-forcee-de-quitter-bissau\/\"},\"wordCount\":396,\"commentCount\":0,\"image\":{\"@id\":\"https:\/\/www.leprojecteurguinee.com\/index.php\/2025\/03\/02\/une-delegation-de-la-cedeao-forcee-de-quitter-bissau\/#primaryimage\"},\"thumbnailUrl\":\"https:\/\/www.leprojecteurguinee.com\/wp-content\/uploads\/2025\/03\/embalooo.jpg\",\"articleSection\":[\"Actualit\u00e9s\",\"Afrique\"],\"inLanguage\":\"fr-FR\",\"potentialAction\":[{\"@type\":\"CommentAction\",\"name\":\"Comment\",\"target\":[\"https:\/\/www.leprojecteurguinee.com\/index.php\/2025\/03\/02\/une-delegation-de-la-cedeao-forcee-de-quitter-bissau\/#respond\"]}]},{\"@type\":\"WebPage\",\"@id\":\"https:\/\/www.leprojecteurguinee.com\/index.php\/2025\/03\/02\/une-delegation-de-la-cedeao-forcee-de-quitter-bissau\/\",\"url\":\"https:\/\/www.leprojecteurguinee.com\/index.php\/2025\/03\/02\/une-delegation-de-la-cedeao-forcee-de-quitter-bissau\/\",\"name\":\"Une d\u00e9l\u00e9gation de la Cedeao forc\u00e9e de quitter Bissau - leprojecteurguinee\",\"isPartOf\":{\"@id\":\"https:\/\/www.leprojecteurguinee.com\/#website\"},\"primaryImageOfPage\":{\"@id\":\"https:\/\/www.leprojecteurguinee.com\/index.php\/2025\/03\/02\/une-delegation-de-la-cedeao-forcee-de-quitter-bissau\/#primaryimage\"},\"image\":{\"@id\":\"https:\/\/www.leprojecteurguinee.com\/index.php\/2025\/03\/02\/une-delegation-de-la-cedeao-forcee-de-quitter-bissau\/#primaryimage\"},\"thumbnailUrl\":\"https:\/\/www.leprojecteurguinee.com\/wp-content\/uploads\/2025\/03\/embalooo.jpg\",\"datePublished\":\"2025-03-02T23:56:44+00:00\",\"dateModified\":\"2025-03-02T23:57:45+00:00\",\"author\":{\"@id\":\"https:\/\/www.leprojecteurguinee.com\/#\/schema\/person\/c9d1602e593b11af0b295bdf5e12a59a\"},\"breadcrumb\":{\"@id\":\"https:\/\/www.leprojecteurguinee.com\/index.php\/2025\/03\/02\/une-delegation-de-la-cedeao-forcee-de-quitter-bissau\/#breadcrumb\"},\"inLanguage\":\"fr-FR\",\"potentialAction\":[{\"@type\":\"ReadAction\",\"target\":[\"https:\/\/www.leprojecteurguinee.com\/index.php\/2025\/03\/02\/une-delegation-de-la-cedeao-forcee-de-quitter-bissau\/\"]}]},{\"@type\":\"ImageObject\",\"inLanguage\":\"fr-FR\",\"@id\":\"https:\/\/www.leprojecteurguinee.com\/index.php\/2025\/03\/02\/une-delegation-de-la-cedeao-forcee-de-quitter-bissau\/#primaryimage\",\"url\":\"https:\/\/www.leprojecteurguinee.com\/wp-content\/uploads\/2025\/03\/embalooo.jpg\",\"contentUrl\":\"https:\/\/www.leprojecteurguinee.com\/wp-content\/uploads\/2025\/03\/embalooo.jpg\",\"width\":1920,\"height\":1080},{\"@type\":\"BreadcrumbList\",\"@id\":\"https:\/\/www.leprojecteurguinee.com\/index.php\/2025\/03\/02\/une-delegation-de-la-cedeao-forcee-de-quitter-bissau\/#breadcrumb\",\"itemListElement\":[{\"@type\":\"ListItem\",\"position\":1,\"name\":\"Accueil\",\"item\":\"https:\/\/www.leprojecteurguinee.com\/\"},{\"@type\":\"ListItem\",\"position\":2,\"name\":\"Une d\u00e9l\u00e9gation de la Cedeao forc\u00e9e de quitter Bissau\"}]},{\"@type\":\"WebSite\",\"@id\":\"https:\/\/www.leprojecteurguinee.com\/#website\",\"url\":\"https:\/\/www.leprojecteurguinee.com\/\",\"name\":\"leprojecteurguinee\",\"description\":\"Nous luttons contre les pratiques obscures\",\"potentialAction\":[{\"@type\":\"SearchAction\",\"target\":{\"@type\":\"EntryPoint\",\"urlTemplate\":\"https:\/\/www.leprojecteurguinee.com\/?s={search_term_string}\"},\"query-input\":{\"@type\":\"PropertyValueSpecification\",\"valueRequired\":true,\"valueName\":\"search_term_string\"}}],\"inLanguage\":\"fr-FR\"},{\"@type\":\"Person\",\"@id\":\"https:\/\/www.leprojecteurguinee.com\/#\/schema\/person\/c9d1602e593b11af0b295bdf5e12a59a\",\"name\":\"www.leprojecteurguinee.com\",\"image\":{\"@type\":\"ImageObject\",\"inLanguage\":\"fr-FR\",\"@id\":\"https:\/\/www.leprojecteurguinee.com\/#\/schema\/person\/image\/\",\"url\":\"https:\/\/secure.gravatar.com\/avatar\/d73703fcd03dcba36d2bb23326e491935423a46800f1ebf8f61b70e62b70e55a?s=96&d=mm&r=g\",\"contentUrl\":\"https:\/\/secure.gravatar.com\/avatar\/d73703fcd03dcba36d2bb23326e491935423a46800f1ebf8f61b70e62b70e55a?s=96&d=mm&r=g\",\"caption\":\"www.leprojecteurguinee.com\"},\"description\":\"Administrateur G\u00e9n\u00e9ral\",\"sameAs\":[\"http:\/\/www.leprojeceteurguinee.com\"],\"url\":\"https:\/\/www.leprojecteurguinee.com\/index.php\/author\/fadigagn\/\"}]}<\/script>\n<!-- \/ Yoast SEO plugin. -->","yoast_head_json":{"title":"Une d\u00e9l\u00e9gation de la Cedeao forc\u00e9e de quitter Bissau - leprojecteurguinee","robots":{"index":"index","follow":"follow","max-snippet":"max-snippet:-1","max-image-preview":"max-image-preview:large","max-video-preview":"max-video-preview:-1"},"canonical":"https:\/\/www.leprojecteurguinee.com\/index.php\/2025\/03\/02\/une-delegation-de-la-cedeao-forcee-de-quitter-bissau\/","og_locale":"fr_FR","og_type":"article","og_title":"Une d\u00e9l\u00e9gation de la Cedeao forc\u00e9e de quitter Bissau - leprojecteurguinee","og_description":"Les m\u00e9diateurs ouest-africains d\u00e9p\u00each\u00e9s en Guin\u00e9e-Bissau disent avoir quitt\u00e9 le pays apr\u00e8s des menaces d\u2019expulsion du pr\u00e9sident Umaru Sissoco Embalo. Ils ont pr\u00e9cis\u00e9 dans un communiqu\u00e9 qu\u2019ils avaient pr\u00e9par\u00e9 un projet d\u2019accord sur une date des \u00e9lections. \u00ab\u00a0La mission a pr\u00e9par\u00e9 un projet d\u2019accord pour une feuille de route pour la tenue des l\u00e9gislatives et [&hellip;]","og_url":"https:\/\/www.leprojecteurguinee.com\/index.php\/2025\/03\/02\/une-delegation-de-la-cedeao-forcee-de-quitter-bissau\/","og_site_name":"leprojecteurguinee","article_published_time":"2025-03-02T23:56:44+00:00","article_modified_time":"2025-03-02T23:57:45+00:00","og_image":[{"width":1920,"height":1080,"url":"https:\/\/www.leprojecteurguinee.com\/wp-content\/uploads\/2025\/03\/embalooo.jpg","type":"image\/jpeg"}],"author":"www.leprojecteurguinee.com","twitter_card":"summary_large_image","twitter_misc":{"\u00c9crit par":"www.leprojecteurguinee.com","Dur\u00e9e de lecture estim\u00e9e":"2 minutes"},"schema":{"@context":"https:\/\/schema.org","@graph":[{"@type":"Article","@id":"https:\/\/www.leprojecteurguinee.com\/index.php\/2025\/03\/02\/une-delegation-de-la-cedeao-forcee-de-quitter-bissau\/#article","isPartOf":{"@id":"https:\/\/www.leprojecteurguinee.com\/index.php\/2025\/03\/02\/une-delegation-de-la-cedeao-forcee-de-quitter-bissau\/"},"author":{"name":"www.leprojecteurguinee.com","@id":"https:\/\/www.leprojecteurguinee.com\/#\/schema\/person\/c9d1602e593b11af0b295bdf5e12a59a"},"headline":"Une d\u00e9l\u00e9gation de la Cedeao forc\u00e9e de quitter Bissau","datePublished":"2025-03-02T23:56:44+00:00","dateModified":"2025-03-02T23:57:45+00:00","mainEntityOfPage":{"@id":"https:\/\/www.leprojecteurguinee.com\/index.php\/2025\/03\/02\/une-delegation-de-la-cedeao-forcee-de-quitter-bissau\/"},"wordCount":396,"commentCount":0,"image":{"@id":"https:\/\/www.leprojecteurguinee.com\/index.php\/2025\/03\/02\/une-delegation-de-la-cedeao-forcee-de-quitter-bissau\/#primaryimage"},"thumbnailUrl":"https:\/\/www.leprojecteurguinee.com\/wp-content\/uploads\/2025\/03\/embalooo.jpg","articleSection":["Actualit\u00e9s","Afrique"],"inLanguage":"fr-FR","potentialAction":[{"@type":"CommentAction","name":"Comment","target":["https:\/\/www.leprojecteurguinee.com\/index.php\/2025\/03\/02\/une-delegation-de-la-cedeao-forcee-de-quitter-bissau\/#respond"]}]},{"@type":"WebPage","@id":"https:\/\/www.leprojecteurguinee.com\/index.php\/2025\/03\/02\/une-delegation-de-la-cedeao-forcee-de-quitter-bissau\/","url":"https:\/\/www.leprojecteurguinee.com\/index.php\/2025\/03\/02\/une-delegation-de-la-cedeao-forcee-de-quitter-bissau\/","name":"Une d\u00e9l\u00e9gation de la Cedeao forc\u00e9e de quitter Bissau - leprojecteurguinee","isPartOf":{"@id":"https:\/\/www.leprojecteurguinee.com\/#website"},"primaryImageOfPage":{"@id":"https:\/\/www.leprojecteurguinee.com\/index.php\/2025\/03\/02\/une-delegation-de-la-cedeao-forcee-de-quitter-bissau\/#primaryimage"},"image":{"@id":"https:\/\/www.leprojecteurguinee.com\/index.php\/2025\/03\/02\/une-delegation-de-la-cedeao-forcee-de-quitter-bissau\/#primaryimage"},"thumbnailUrl":"https:\/\/www.leprojecteurguinee.com\/wp-content\/uploads\/2025\/03\/embalooo.jpg","datePublished":"2025-03-02T23:56:44+00:00","dateModified":"2025-03-02T23:57:45+00:00","author":{"@id":"https:\/\/www.leprojecteurguinee.com\/#\/schema\/person\/c9d1602e593b11af0b295bdf5e12a59a"},"breadcrumb":{"@id":"https:\/\/www.leprojecteurguinee.com\/index.php\/2025\/03\/02\/une-delegation-de-la-cedeao-forcee-de-quitter-bissau\/#breadcrumb"},"inLanguage":"fr-FR","potentialAction":[{"@type":"ReadAction","target":["https:\/\/www.leprojecteurguinee.com\/index.php\/2025\/03\/02\/une-delegation-de-la-cedeao-forcee-de-quitter-bissau\/"]}]},{"@type":"ImageObject","inLanguage":"fr-FR","@id":"https:\/\/www.leprojecteurguinee.com\/index.php\/2025\/03\/02\/une-delegation-de-la-cedeao-forcee-de-quitter-bissau\/#primaryimage","url":"https:\/\/www.leprojecteurguinee.com\/wp-content\/uploads\/2025\/03\/embalooo.jpg","contentUrl":"https:\/\/www.leprojecteurguinee.com\/wp-content\/uploads\/2025\/03\/embalooo.jpg","width":1920,"height":1080},{"@type":"BreadcrumbList","@id":"https:\/\/www.leprojecteurguinee.com\/index.php\/2025\/03\/02\/une-delegation-de-la-cedeao-forcee-de-quitter-bissau\/#breadcrumb","itemListElement":[{"@type":"ListItem","position":1,"name":"Accueil","item":"https:\/\/www.leprojecteurguinee.com\/"},{"@type":"ListItem","position":2,"name":"Une d\u00e9l\u00e9gation de la Cedeao forc\u00e9e de quitter Bissau"}]},{"@type":"WebSite","@id":"https:\/\/www.leprojecteurguinee.com\/#website","url":"https:\/\/www.leprojecteurguinee.com\/","name":"leprojecteurguinee","description":"Nous luttons contre les pratiques obscures","potentialAction":[{"@type":"SearchAction","target":{"@type":"EntryPoint","urlTemplate":"https:\/\/www.leprojecteurguinee.com\/?s={search_term_string}"},"query-input":{"@type":"PropertyValueSpecification","valueRequired":true,"valueName":"search_term_string"}}],"inLanguage":"fr-FR"},{"@type":"Person","@id":"https:\/\/www.leprojecteurguinee.com\/#\/schema\/person\/c9d1602e593b11af0b295bdf5e12a59a","name":"www.leprojecteurguinee.com","image":{"@type":"ImageObject","inLanguage":"fr-FR","@id":"https:\/\/www.leprojecteurguinee.com\/#\/schema\/person\/image\/","url":"https:\/\/secure.gravatar.com\/avatar\/d73703fcd03dcba36d2bb23326e491935423a46800f1ebf8f61b70e62b70e55a?s=96&d=mm&r=g","contentUrl":"https:\/\/secure.gravatar.com\/avatar\/d73703fcd03dcba36d2bb23326e491935423a46800f1ebf8f61b70e62b70e55a?s=96&d=mm&r=g","caption":"www.leprojecteurguinee.com"},"description":"Administrateur G\u00e9n\u00e9ral","sameAs":["http:\/\/www.leprojeceteurguinee.com"],"url":"https:\/\/www.leprojecteurguinee.com\/index.php\/author\/fadigagn\/"}]}},"_links":{"self":[{"href":"https:\/\/www.leprojecteurguinee.com\/index.php\/wp-json\/wp\/v2\/posts\/5228","targetHints":{"allow":["GET"]}}],"collection":[{"href":"https:\/\/www.leprojecteurguinee.com\/index.php\/wp-json\/wp\/v2\/posts"}],"about":[{"href":"https:\/\/www.leprojecteurguinee.com\/index.php\/wp-json\/wp\/v2\/types\/post"}],"author":[{"embeddable":true,"href":"https:\/\/www.leprojecteurguinee.com\/index.php\/wp-json\/wp\/v2\/users\/2"}],"replies":[{"embeddable":true,"href":"https:\/\/www.leprojecteurguinee.com\/index.php\/wp-json\/wp\/v2\/comments?post=5228"}],"version-history":[{"count":0,"href":"https:\/\/www.leprojecteurguinee.com\/index.php\/wp-json\/wp\/v2\/posts\/5228\/revisions"}],"wp:featuredmedia":[{"embeddable":true,"href":"https:\/\/www.leprojecteurguinee.com\/index.php\/wp-json\/wp\/v2\/media\/5229"}],"wp:attachment":[{"href":"https:\/\/www.leprojecteurguinee.com\/index.php\/wp-json\/wp\/v2\/media?parent=5228"}],"wp:term":[{"taxonomy":"category","embeddable":true,"href":"https:\/\/www.leprojecteurguinee.com\/index.php\/wp-json\/wp\/v2\/categories?post=5228"},{"taxonomy":"post_tag","embeddable":true,"href":"https:\/\/www.leprojecteurguinee.com\/index.php\/wp-json\/wp\/v2\/tags?post=5228"}],"curies":[{"name":"wp","href":"https:\/\/api.w.org\/{rel}","templated":true}]}}