{"id":5189,"date":"2025-02-22T12:29:20","date_gmt":"2025-02-22T12:29:20","guid":{"rendered":"https:\/\/www.leprojecteurguinee.com\/?p=5189"},"modified":"2025-02-22T12:31:20","modified_gmt":"2025-02-22T12:31:20","slug":"bobel-fofana-je-reconnais-avoir-diffame-le-directeur-general-du-conseil-guineen-des-chargeurs-je-le-demande-pardon","status":"publish","type":"post","link":"https:\/\/www.leprojecteurguinee.com\/index.php\/2025\/02\/22\/bobel-fofana-je-reconnais-avoir-diffame-le-directeur-general-du-conseil-guineen-des-chargeurs-je-le-demande-pardon\/","title":{"rendered":"Bobel Fofana : \u00ab  Je reconnais avoir diffam\u00e9 le Directeur G\u00e9n\u00e9ral du Conseil Guin\u00e9en des Chargeurs. Je le demande pardon\u2026\u00bb"},"content":{"rendered":"<p class=\"p1\"><span style=\"text-transform: initial;\"><b>\u00ab C\u2019est fait. Aboubacar Bobel Fofana, Pr\u00e9sident du R\u00e9seau des jeunes leaders<\/b><\/span><b>\u00a0 <\/b><span style=\"text-transform: initial;\"><b>vient de reconna\u00eetre avoir pris tout son temps \u00e0 diffamer dans les m\u00e9dias Lancin\u00e8 Keita, le Directeur G\u00e9n\u00e9ral du Conseil Guin\u00e9en des Chargeurs\u00bb, <\/b>r\u00e9v\u00e8lent<b>\u00a0<\/b>\u00a0nos investigations.<\/span><\/p>\n<p class=\"p1\"><span class=\"s1\">\u00ab\u00a0 Je reconnais avoir diffam\u00e9 le Directeur G\u00e9n\u00e9ral du Conseil Guin\u00e9en des Chargeurs. Je le demande pardon. J\u2019\u00e9tais dans un \u00e9garement tr\u00e8s pouss\u00e9 orchestr\u00e9 par une frange de syndicalistes qui m\u2019ont induit dans l\u2019erreur. Tout ce que j\u2019ai dit sur lui, c\u2019est faux. Il y a eu plusieurs r\u00e9formes en son temps. Il est un visionnaire.\u00a0\u00bb <\/span><\/p>\n<p class=\"p1\"><span class=\"s1\">Et, c\u2019est pourquoi, r\u00e9v\u00e8lent nos investigations, Aboubacar Bobel Fofana a entrepris des n\u00e9gociations avec des personnes interpos\u00e9es pour mat\u00e9rialiser son pardon envers son patron pour son retour au CGC. <\/span><\/p>\n<p class=\"p1\"><span class=\"s1\">Dans les prochains jours, le Directeur G\u00e9n\u00e9ral du Conseil Guin\u00e9en des Chargeurs devrait recevoir une d\u00e9l\u00e9gation d\u2019Aboubacar Bobel Fofana ( avec \u00e0 leur t\u00eate un homme de m\u00e9dia, non<span class=\"Apple-converted-space\">\u00a0 <\/span>les moindres) pour la pr\u00e9sentation des excuses). <\/span><\/p>\n<p class=\"p1\"><span class=\"s1\">Si, les r\u00e9v\u00e9lations de nos pr\u00e9sentes investigations ne tiennent pas chemin, et s\u2019il est s\u00fbr de lui, dites \u00e0 Aboubacar Bobel Fofana d\u2019aller encore dans les m\u00e9dias, comme il sait le faire, pour les d\u00e9mentir publiquement, m\u00eame si c\u2019est sur sa page Facebook pour dire qu\u2019il ne demande pas pardon au DG Keita. <\/span><\/p>\n<p class=\"p1\"><span class=\"s1\"><b>Nous y reviendrons <\/b><\/span><\/p>\n","protected":false},"excerpt":{"rendered":"<p>\u00ab C\u2019est fait. Aboubacar Bobel Fofana, Pr\u00e9sident du R\u00e9seau des jeunes leaders\u00a0 vient de reconna\u00eetre avoir pris tout son temps \u00e0 diffamer dans les m\u00e9dias Lancin\u00e8 Keita, le Directeur G\u00e9n\u00e9ral du Conseil Guin\u00e9en des Chargeurs\u00bb, r\u00e9v\u00e8lent\u00a0\u00a0nos investigations. \u00ab\u00a0 Je reconnais avoir diffam\u00e9 le Directeur G\u00e9n\u00e9ral du Conseil Guin\u00e9en des Chargeurs. Je le demande pardon. J\u2019\u00e9tais [&hellip;]<\/p>\n","protected":false},"author":2,"featured_media":5193,"comment_status":"open","ping_status":"open","sticky":false,"template":"","format":"standard","meta":{"footnotes":""},"categories":[616],"tags":[],"class_list":["post-5189","post","type-post","status-publish","format-standard","has-post-thumbnail","hentry","category-investigation"],"yoast_head":"<!-- This site is optimized with the Yoast SEO plugin v26.8 - https:\/\/yoast.com\/product\/yoast-seo-wordpress\/ -->\n<title>Bobel Fofana : \u00ab Je reconnais avoir diffam\u00e9 le Directeur G\u00e9n\u00e9ral du Conseil Guin\u00e9en des Chargeurs. Je le demande pardon\u2026\u00bb - leprojecteurguinee<\/title>\n<meta name=\"robots\" content=\"index, follow, max-snippet:-1, max-image-preview:large, max-video-preview:-1\" \/>\n<link rel=\"canonical\" href=\"https:\/\/www.leprojecteurguinee.com\/index.php\/2025\/02\/22\/bobel-fofana-je-reconnais-avoir-diffame-le-directeur-general-du-conseil-guineen-des-chargeurs-je-le-demande-pardon\/\" \/>\n<meta property=\"og:locale\" content=\"fr_FR\" \/>\n<meta property=\"og:type\" content=\"article\" \/>\n<meta property=\"og:title\" content=\"Bobel Fofana : \u00ab Je reconnais avoir diffam\u00e9 le Directeur G\u00e9n\u00e9ral du Conseil Guin\u00e9en des Chargeurs. Je le demande pardon\u2026\u00bb - leprojecteurguinee\" \/>\n<meta property=\"og:description\" content=\"\u00ab C\u2019est fait. Aboubacar Bobel Fofana, Pr\u00e9sident du R\u00e9seau des jeunes leaders\u00a0 vient de reconna\u00eetre avoir pris tout son temps \u00e0 diffamer dans les m\u00e9dias Lancin\u00e8 Keita, le Directeur G\u00e9n\u00e9ral du Conseil Guin\u00e9en des Chargeurs\u00bb, r\u00e9v\u00e8lent\u00a0\u00a0nos investigations. \u00ab\u00a0 Je reconnais avoir diffam\u00e9 le Directeur G\u00e9n\u00e9ral du Conseil Guin\u00e9en des Chargeurs. Je le demande pardon. J\u2019\u00e9tais [&hellip;]\" \/>\n<meta property=\"og:url\" content=\"https:\/\/www.leprojecteurguinee.com\/index.php\/2025\/02\/22\/bobel-fofana-je-reconnais-avoir-diffame-le-directeur-general-du-conseil-guineen-des-chargeurs-je-le-demande-pardon\/\" \/>\n<meta property=\"og:site_name\" content=\"leprojecteurguinee\" \/>\n<meta property=\"article:published_time\" content=\"2025-02-22T12:29:20+00:00\" \/>\n<meta property=\"article:modified_time\" content=\"2025-02-22T12:31:20+00:00\" \/>\n<meta property=\"og:image\" content=\"https:\/\/www.leprojecteurguinee.com\/wp-content\/uploads\/2025\/02\/1B49467B-5348-459B-AF16-ADBC8F79B269.jpeg\" \/>\n\t<meta property=\"og:image:width\" content=\"810\" \/>\n\t<meta property=\"og:image:height\" content=\"1080\" \/>\n\t<meta property=\"og:image:type\" content=\"image\/jpeg\" \/>\n<meta name=\"author\" content=\"www.leprojecteurguinee.com\" \/>\n<meta name=\"twitter:card\" content=\"summary_large_image\" \/>\n<meta name=\"twitter:label1\" content=\"\u00c9crit par\" \/>\n\t<meta name=\"twitter:data1\" content=\"www.leprojecteurguinee.com\" \/>\n\t<meta name=\"twitter:label2\" content=\"Dur\u00e9e de lecture estim\u00e9e\" \/>\n\t<meta name=\"twitter:data2\" content=\"2 minutes\" \/>\n<script type=\"application\/ld+json\" class=\"yoast-schema-graph\">{\"@context\":\"https:\/\/schema.org\",\"@graph\":[{\"@type\":\"Article\",\"@id\":\"https:\/\/www.leprojecteurguinee.com\/index.php\/2025\/02\/22\/bobel-fofana-je-reconnais-avoir-diffame-le-directeur-general-du-conseil-guineen-des-chargeurs-je-le-demande-pardon\/#article\",\"isPartOf\":{\"@id\":\"https:\/\/www.leprojecteurguinee.com\/index.php\/2025\/02\/22\/bobel-fofana-je-reconnais-avoir-diffame-le-directeur-general-du-conseil-guineen-des-chargeurs-je-le-demande-pardon\/\"},\"author\":{\"name\":\"www.leprojecteurguinee.com\",\"@id\":\"https:\/\/www.leprojecteurguinee.com\/#\/schema\/person\/c9d1602e593b11af0b295bdf5e12a59a\"},\"headline\":\"Bobel Fofana : \u00ab Je reconnais avoir diffam\u00e9 le Directeur G\u00e9n\u00e9ral du Conseil Guin\u00e9en des Chargeurs. Je le demande pardon\u2026\u00bb\",\"datePublished\":\"2025-02-22T12:29:20+00:00\",\"dateModified\":\"2025-02-22T12:31:20+00:00\",\"mainEntityOfPage\":{\"@id\":\"https:\/\/www.leprojecteurguinee.com\/index.php\/2025\/02\/22\/bobel-fofana-je-reconnais-avoir-diffame-le-directeur-general-du-conseil-guineen-des-chargeurs-je-le-demande-pardon\/\"},\"wordCount\":276,\"commentCount\":0,\"image\":{\"@id\":\"https:\/\/www.leprojecteurguinee.com\/index.php\/2025\/02\/22\/bobel-fofana-je-reconnais-avoir-diffame-le-directeur-general-du-conseil-guineen-des-chargeurs-je-le-demande-pardon\/#primaryimage\"},\"thumbnailUrl\":\"https:\/\/www.leprojecteurguinee.com\/wp-content\/uploads\/2025\/02\/1B49467B-5348-459B-AF16-ADBC8F79B269.jpeg\",\"articleSection\":[\"Investigation\"],\"inLanguage\":\"fr-FR\",\"potentialAction\":[{\"@type\":\"CommentAction\",\"name\":\"Comment\",\"target\":[\"https:\/\/www.leprojecteurguinee.com\/index.php\/2025\/02\/22\/bobel-fofana-je-reconnais-avoir-diffame-le-directeur-general-du-conseil-guineen-des-chargeurs-je-le-demande-pardon\/#respond\"]}]},{\"@type\":\"WebPage\",\"@id\":\"https:\/\/www.leprojecteurguinee.com\/index.php\/2025\/02\/22\/bobel-fofana-je-reconnais-avoir-diffame-le-directeur-general-du-conseil-guineen-des-chargeurs-je-le-demande-pardon\/\",\"url\":\"https:\/\/www.leprojecteurguinee.com\/index.php\/2025\/02\/22\/bobel-fofana-je-reconnais-avoir-diffame-le-directeur-general-du-conseil-guineen-des-chargeurs-je-le-demande-pardon\/\",\"name\":\"Bobel Fofana : \u00ab Je reconnais avoir diffam\u00e9 le Directeur G\u00e9n\u00e9ral du Conseil Guin\u00e9en des Chargeurs. Je le demande pardon\u2026\u00bb - leprojecteurguinee\",\"isPartOf\":{\"@id\":\"https:\/\/www.leprojecteurguinee.com\/#website\"},\"primaryImageOfPage\":{\"@id\":\"https:\/\/www.leprojecteurguinee.com\/index.php\/2025\/02\/22\/bobel-fofana-je-reconnais-avoir-diffame-le-directeur-general-du-conseil-guineen-des-chargeurs-je-le-demande-pardon\/#primaryimage\"},\"image\":{\"@id\":\"https:\/\/www.leprojecteurguinee.com\/index.php\/2025\/02\/22\/bobel-fofana-je-reconnais-avoir-diffame-le-directeur-general-du-conseil-guineen-des-chargeurs-je-le-demande-pardon\/#primaryimage\"},\"thumbnailUrl\":\"https:\/\/www.leprojecteurguinee.com\/wp-content\/uploads\/2025\/02\/1B49467B-5348-459B-AF16-ADBC8F79B269.jpeg\",\"datePublished\":\"2025-02-22T12:29:20+00:00\",\"dateModified\":\"2025-02-22T12:31:20+00:00\",\"author\":{\"@id\":\"https:\/\/www.leprojecteurguinee.com\/#\/schema\/person\/c9d1602e593b11af0b295bdf5e12a59a\"},\"breadcrumb\":{\"@id\":\"https:\/\/www.leprojecteurguinee.com\/index.php\/2025\/02\/22\/bobel-fofana-je-reconnais-avoir-diffame-le-directeur-general-du-conseil-guineen-des-chargeurs-je-le-demande-pardon\/#breadcrumb\"},\"inLanguage\":\"fr-FR\",\"potentialAction\":[{\"@type\":\"ReadAction\",\"target\":[\"https:\/\/www.leprojecteurguinee.com\/index.php\/2025\/02\/22\/bobel-fofana-je-reconnais-avoir-diffame-le-directeur-general-du-conseil-guineen-des-chargeurs-je-le-demande-pardon\/\"]}]},{\"@type\":\"ImageObject\",\"inLanguage\":\"fr-FR\",\"@id\":\"https:\/\/www.leprojecteurguinee.com\/index.php\/2025\/02\/22\/bobel-fofana-je-reconnais-avoir-diffame-le-directeur-general-du-conseil-guineen-des-chargeurs-je-le-demande-pardon\/#primaryimage\",\"url\":\"https:\/\/www.leprojecteurguinee.com\/wp-content\/uploads\/2025\/02\/1B49467B-5348-459B-AF16-ADBC8F79B269.jpeg\",\"contentUrl\":\"https:\/\/www.leprojecteurguinee.com\/wp-content\/uploads\/2025\/02\/1B49467B-5348-459B-AF16-ADBC8F79B269.jpeg\",\"width\":810,\"height\":1080},{\"@type\":\"BreadcrumbList\",\"@id\":\"https:\/\/www.leprojecteurguinee.com\/index.php\/2025\/02\/22\/bobel-fofana-je-reconnais-avoir-diffame-le-directeur-general-du-conseil-guineen-des-chargeurs-je-le-demande-pardon\/#breadcrumb\",\"itemListElement\":[{\"@type\":\"ListItem\",\"position\":1,\"name\":\"Accueil\",\"item\":\"https:\/\/www.leprojecteurguinee.com\/\"},{\"@type\":\"ListItem\",\"position\":2,\"name\":\"Bobel Fofana : \u00ab Je reconnais avoir diffam\u00e9 le Directeur G\u00e9n\u00e9ral du Conseil Guin\u00e9en des Chargeurs. Je le demande pardon\u2026\u00bb\"}]},{\"@type\":\"WebSite\",\"@id\":\"https:\/\/www.leprojecteurguinee.com\/#website\",\"url\":\"https:\/\/www.leprojecteurguinee.com\/\",\"name\":\"leprojecteurguinee\",\"description\":\"Nous luttons contre les pratiques obscures\",\"potentialAction\":[{\"@type\":\"SearchAction\",\"target\":{\"@type\":\"EntryPoint\",\"urlTemplate\":\"https:\/\/www.leprojecteurguinee.com\/?s={search_term_string}\"},\"query-input\":{\"@type\":\"PropertyValueSpecification\",\"valueRequired\":true,\"valueName\":\"search_term_string\"}}],\"inLanguage\":\"fr-FR\"},{\"@type\":\"Person\",\"@id\":\"https:\/\/www.leprojecteurguinee.com\/#\/schema\/person\/c9d1602e593b11af0b295bdf5e12a59a\",\"name\":\"www.leprojecteurguinee.com\",\"image\":{\"@type\":\"ImageObject\",\"inLanguage\":\"fr-FR\",\"@id\":\"https:\/\/www.leprojecteurguinee.com\/#\/schema\/person\/image\/\",\"url\":\"https:\/\/secure.gravatar.com\/avatar\/d73703fcd03dcba36d2bb23326e491935423a46800f1ebf8f61b70e62b70e55a?s=96&d=mm&r=g\",\"contentUrl\":\"https:\/\/secure.gravatar.com\/avatar\/d73703fcd03dcba36d2bb23326e491935423a46800f1ebf8f61b70e62b70e55a?s=96&d=mm&r=g\",\"caption\":\"www.leprojecteurguinee.com\"},\"description\":\"Administrateur G\u00e9n\u00e9ral\",\"sameAs\":[\"http:\/\/www.leprojeceteurguinee.com\"],\"url\":\"https:\/\/www.leprojecteurguinee.com\/index.php\/author\/fadigagn\/\"}]}<\/script>\n<!-- \/ Yoast SEO plugin. -->","yoast_head_json":{"title":"Bobel Fofana : \u00ab Je reconnais avoir diffam\u00e9 le Directeur G\u00e9n\u00e9ral du Conseil Guin\u00e9en des Chargeurs. Je le demande pardon\u2026\u00bb - leprojecteurguinee","robots":{"index":"index","follow":"follow","max-snippet":"max-snippet:-1","max-image-preview":"max-image-preview:large","max-video-preview":"max-video-preview:-1"},"canonical":"https:\/\/www.leprojecteurguinee.com\/index.php\/2025\/02\/22\/bobel-fofana-je-reconnais-avoir-diffame-le-directeur-general-du-conseil-guineen-des-chargeurs-je-le-demande-pardon\/","og_locale":"fr_FR","og_type":"article","og_title":"Bobel Fofana : \u00ab Je reconnais avoir diffam\u00e9 le Directeur G\u00e9n\u00e9ral du Conseil Guin\u00e9en des Chargeurs. Je le demande pardon\u2026\u00bb - leprojecteurguinee","og_description":"\u00ab C\u2019est fait. Aboubacar Bobel Fofana, Pr\u00e9sident du R\u00e9seau des jeunes leaders\u00a0 vient de reconna\u00eetre avoir pris tout son temps \u00e0 diffamer dans les m\u00e9dias Lancin\u00e8 Keita, le Directeur G\u00e9n\u00e9ral du Conseil Guin\u00e9en des Chargeurs\u00bb, r\u00e9v\u00e8lent\u00a0\u00a0nos investigations. \u00ab\u00a0 Je reconnais avoir diffam\u00e9 le Directeur G\u00e9n\u00e9ral du Conseil Guin\u00e9en des Chargeurs. Je le demande pardon. J\u2019\u00e9tais [&hellip;]","og_url":"https:\/\/www.leprojecteurguinee.com\/index.php\/2025\/02\/22\/bobel-fofana-je-reconnais-avoir-diffame-le-directeur-general-du-conseil-guineen-des-chargeurs-je-le-demande-pardon\/","og_site_name":"leprojecteurguinee","article_published_time":"2025-02-22T12:29:20+00:00","article_modified_time":"2025-02-22T12:31:20+00:00","og_image":[{"width":810,"height":1080,"url":"https:\/\/www.leprojecteurguinee.com\/wp-content\/uploads\/2025\/02\/1B49467B-5348-459B-AF16-ADBC8F79B269.jpeg","type":"image\/jpeg"}],"author":"www.leprojecteurguinee.com","twitter_card":"summary_large_image","twitter_misc":{"\u00c9crit par":"www.leprojecteurguinee.com","Dur\u00e9e de lecture estim\u00e9e":"2 minutes"},"schema":{"@context":"https:\/\/schema.org","@graph":[{"@type":"Article","@id":"https:\/\/www.leprojecteurguinee.com\/index.php\/2025\/02\/22\/bobel-fofana-je-reconnais-avoir-diffame-le-directeur-general-du-conseil-guineen-des-chargeurs-je-le-demande-pardon\/#article","isPartOf":{"@id":"https:\/\/www.leprojecteurguinee.com\/index.php\/2025\/02\/22\/bobel-fofana-je-reconnais-avoir-diffame-le-directeur-general-du-conseil-guineen-des-chargeurs-je-le-demande-pardon\/"},"author":{"name":"www.leprojecteurguinee.com","@id":"https:\/\/www.leprojecteurguinee.com\/#\/schema\/person\/c9d1602e593b11af0b295bdf5e12a59a"},"headline":"Bobel Fofana : \u00ab Je reconnais avoir diffam\u00e9 le Directeur G\u00e9n\u00e9ral du Conseil Guin\u00e9en des Chargeurs. Je le demande pardon\u2026\u00bb","datePublished":"2025-02-22T12:29:20+00:00","dateModified":"2025-02-22T12:31:20+00:00","mainEntityOfPage":{"@id":"https:\/\/www.leprojecteurguinee.com\/index.php\/2025\/02\/22\/bobel-fofana-je-reconnais-avoir-diffame-le-directeur-general-du-conseil-guineen-des-chargeurs-je-le-demande-pardon\/"},"wordCount":276,"commentCount":0,"image":{"@id":"https:\/\/www.leprojecteurguinee.com\/index.php\/2025\/02\/22\/bobel-fofana-je-reconnais-avoir-diffame-le-directeur-general-du-conseil-guineen-des-chargeurs-je-le-demande-pardon\/#primaryimage"},"thumbnailUrl":"https:\/\/www.leprojecteurguinee.com\/wp-content\/uploads\/2025\/02\/1B49467B-5348-459B-AF16-ADBC8F79B269.jpeg","articleSection":["Investigation"],"inLanguage":"fr-FR","potentialAction":[{"@type":"CommentAction","name":"Comment","target":["https:\/\/www.leprojecteurguinee.com\/index.php\/2025\/02\/22\/bobel-fofana-je-reconnais-avoir-diffame-le-directeur-general-du-conseil-guineen-des-chargeurs-je-le-demande-pardon\/#respond"]}]},{"@type":"WebPage","@id":"https:\/\/www.leprojecteurguinee.com\/index.php\/2025\/02\/22\/bobel-fofana-je-reconnais-avoir-diffame-le-directeur-general-du-conseil-guineen-des-chargeurs-je-le-demande-pardon\/","url":"https:\/\/www.leprojecteurguinee.com\/index.php\/2025\/02\/22\/bobel-fofana-je-reconnais-avoir-diffame-le-directeur-general-du-conseil-guineen-des-chargeurs-je-le-demande-pardon\/","name":"Bobel Fofana : \u00ab Je reconnais avoir diffam\u00e9 le Directeur G\u00e9n\u00e9ral du Conseil Guin\u00e9en des Chargeurs. Je le demande pardon\u2026\u00bb - leprojecteurguinee","isPartOf":{"@id":"https:\/\/www.leprojecteurguinee.com\/#website"},"primaryImageOfPage":{"@id":"https:\/\/www.leprojecteurguinee.com\/index.php\/2025\/02\/22\/bobel-fofana-je-reconnais-avoir-diffame-le-directeur-general-du-conseil-guineen-des-chargeurs-je-le-demande-pardon\/#primaryimage"},"image":{"@id":"https:\/\/www.leprojecteurguinee.com\/index.php\/2025\/02\/22\/bobel-fofana-je-reconnais-avoir-diffame-le-directeur-general-du-conseil-guineen-des-chargeurs-je-le-demande-pardon\/#primaryimage"},"thumbnailUrl":"https:\/\/www.leprojecteurguinee.com\/wp-content\/uploads\/2025\/02\/1B49467B-5348-459B-AF16-ADBC8F79B269.jpeg","datePublished":"2025-02-22T12:29:20+00:00","dateModified":"2025-02-22T12:31:20+00:00","author":{"@id":"https:\/\/www.leprojecteurguinee.com\/#\/schema\/person\/c9d1602e593b11af0b295bdf5e12a59a"},"breadcrumb":{"@id":"https:\/\/www.leprojecteurguinee.com\/index.php\/2025\/02\/22\/bobel-fofana-je-reconnais-avoir-diffame-le-directeur-general-du-conseil-guineen-des-chargeurs-je-le-demande-pardon\/#breadcrumb"},"inLanguage":"fr-FR","potentialAction":[{"@type":"ReadAction","target":["https:\/\/www.leprojecteurguinee.com\/index.php\/2025\/02\/22\/bobel-fofana-je-reconnais-avoir-diffame-le-directeur-general-du-conseil-guineen-des-chargeurs-je-le-demande-pardon\/"]}]},{"@type":"ImageObject","inLanguage":"fr-FR","@id":"https:\/\/www.leprojecteurguinee.com\/index.php\/2025\/02\/22\/bobel-fofana-je-reconnais-avoir-diffame-le-directeur-general-du-conseil-guineen-des-chargeurs-je-le-demande-pardon\/#primaryimage","url":"https:\/\/www.leprojecteurguinee.com\/wp-content\/uploads\/2025\/02\/1B49467B-5348-459B-AF16-ADBC8F79B269.jpeg","contentUrl":"https:\/\/www.leprojecteurguinee.com\/wp-content\/uploads\/2025\/02\/1B49467B-5348-459B-AF16-ADBC8F79B269.jpeg","width":810,"height":1080},{"@type":"BreadcrumbList","@id":"https:\/\/www.leprojecteurguinee.com\/index.php\/2025\/02\/22\/bobel-fofana-je-reconnais-avoir-diffame-le-directeur-general-du-conseil-guineen-des-chargeurs-je-le-demande-pardon\/#breadcrumb","itemListElement":[{"@type":"ListItem","position":1,"name":"Accueil","item":"https:\/\/www.leprojecteurguinee.com\/"},{"@type":"ListItem","position":2,"name":"Bobel Fofana : \u00ab Je reconnais avoir diffam\u00e9 le Directeur G\u00e9n\u00e9ral du Conseil Guin\u00e9en des Chargeurs. Je le demande pardon\u2026\u00bb"}]},{"@type":"WebSite","@id":"https:\/\/www.leprojecteurguinee.com\/#website","url":"https:\/\/www.leprojecteurguinee.com\/","name":"leprojecteurguinee","description":"Nous luttons contre les pratiques obscures","potentialAction":[{"@type":"SearchAction","target":{"@type":"EntryPoint","urlTemplate":"https:\/\/www.leprojecteurguinee.com\/?s={search_term_string}"},"query-input":{"@type":"PropertyValueSpecification","valueRequired":true,"valueName":"search_term_string"}}],"inLanguage":"fr-FR"},{"@type":"Person","@id":"https:\/\/www.leprojecteurguinee.com\/#\/schema\/person\/c9d1602e593b11af0b295bdf5e12a59a","name":"www.leprojecteurguinee.com","image":{"@type":"ImageObject","inLanguage":"fr-FR","@id":"https:\/\/www.leprojecteurguinee.com\/#\/schema\/person\/image\/","url":"https:\/\/secure.gravatar.com\/avatar\/d73703fcd03dcba36d2bb23326e491935423a46800f1ebf8f61b70e62b70e55a?s=96&d=mm&r=g","contentUrl":"https:\/\/secure.gravatar.com\/avatar\/d73703fcd03dcba36d2bb23326e491935423a46800f1ebf8f61b70e62b70e55a?s=96&d=mm&r=g","caption":"www.leprojecteurguinee.com"},"description":"Administrateur G\u00e9n\u00e9ral","sameAs":["http:\/\/www.leprojeceteurguinee.com"],"url":"https:\/\/www.leprojecteurguinee.com\/index.php\/author\/fadigagn\/"}]}},"_links":{"self":[{"href":"https:\/\/www.leprojecteurguinee.com\/index.php\/wp-json\/wp\/v2\/posts\/5189","targetHints":{"allow":["GET"]}}],"collection":[{"href":"https:\/\/www.leprojecteurguinee.com\/index.php\/wp-json\/wp\/v2\/posts"}],"about":[{"href":"https:\/\/www.leprojecteurguinee.com\/index.php\/wp-json\/wp\/v2\/types\/post"}],"author":[{"embeddable":true,"href":"https:\/\/www.leprojecteurguinee.com\/index.php\/wp-json\/wp\/v2\/users\/2"}],"replies":[{"embeddable":true,"href":"https:\/\/www.leprojecteurguinee.com\/index.php\/wp-json\/wp\/v2\/comments?post=5189"}],"version-history":[{"count":0,"href":"https:\/\/www.leprojecteurguinee.com\/index.php\/wp-json\/wp\/v2\/posts\/5189\/revisions"}],"wp:featuredmedia":[{"embeddable":true,"href":"https:\/\/www.leprojecteurguinee.com\/index.php\/wp-json\/wp\/v2\/media\/5193"}],"wp:attachment":[{"href":"https:\/\/www.leprojecteurguinee.com\/index.php\/wp-json\/wp\/v2\/media?parent=5189"}],"wp:term":[{"taxonomy":"category","embeddable":true,"href":"https:\/\/www.leprojecteurguinee.com\/index.php\/wp-json\/wp\/v2\/categories?post=5189"},{"taxonomy":"post_tag","embeddable":true,"href":"https:\/\/www.leprojecteurguinee.com\/index.php\/wp-json\/wp\/v2\/tags?post=5189"}],"curies":[{"name":"wp","href":"https:\/\/api.w.org\/{rel}","templated":true}]}}