{"id":5056,"date":"2025-01-12T12:21:26","date_gmt":"2025-01-12T12:21:26","guid":{"rendered":"https:\/\/www.leprojecteurguinee.com\/?p=5056"},"modified":"2025-01-12T12:21:28","modified_gmt":"2025-01-12T12:21:28","slug":"defaillances-a-la-fonction-publique-le-president-du-reseau-des-jeunes-leaders-denonce-linactivite-du-ministre-faya-francois-bourouno","status":"publish","type":"post","link":"https:\/\/www.leprojecteurguinee.com\/index.php\/2025\/01\/12\/defaillances-a-la-fonction-publique-le-president-du-reseau-des-jeunes-leaders-denonce-linactivite-du-ministre-faya-francois-bourouno\/","title":{"rendered":"D\u00e9faillances \u00e0 la Fonction publique : Le pr\u00e9sident du R\u00e9seau des Jeunes Leaders d\u00e9nonce l\u2019inactivit\u00e9 du Ministre Faya Fran\u00e7ois Bourouno"},"content":{"rendered":"\n<p><\/p>\n\n\n\n<p><strong>Aboubacar Bobel Fofana dit suivre le passage programm\u00e9 des diff\u00e9rents chefs de d\u00e9partements Minist\u00e8riels dans l&rsquo;\u00e9mission \u00ab\u00a0On fait le point\u00a0\u00bb \u00e0 la t\u00e9l\u00e9vision nationale RTG. Le cas du Ministre de la fonction publique Faya Fran\u00e7ois Bourouno l\u2019a mis\u00a0\u00a0dans tous ses \u00e9tats. Il s\u2019est exprim\u00e9 la dessus. Lisez\u2026.<\/strong><\/p>\n\n\n\n<p>\u00ab&nbsp;J&rsquo;ai suivi le passage de Monsieur le Ministre de la fonction publique Faya Fran\u00e7ois BOUROUNO mais je ne suis pas d&rsquo;accord avec lui sur le r\u00e9sultat de l&rsquo;inspection G\u00e9n\u00e9rale du Travail, je commence d&rsquo;abord \u00e0 lui f\u00e9liciter pour l&rsquo;organisation des concours du recrutement \u00e0 la fonction publique l&rsquo;une des promesses Chef de l&rsquo;Etat G\u00e9n\u00e9ral Mamadi Doumbouya envers la couche juv\u00e9nile. Il a encore r\u00e9it\u00e9r\u00e9 son engagement lors de la remise du rapport des assises nationales nationales \u00e0 se battre pour l&rsquo;avenir des jeunes mais aussi d&rsquo;acc\u00e9der \u00e0 leur demande pour la r\u00e9solution de leur probl\u00e8me. Aujourd&rsquo;hui, il ne s&rsquo;agit pas de cr\u00e9er l&#8217;emploi si ce n&rsquo;est pas garantie, lors du Conseil des Ministres le G\u00e9n\u00e9ral Mamadi Doumbouya a exig\u00e9 \u00e0 tous les gouvernants que le premier axe de la r\u00e9fondation est l&rsquo;action sociale, un message pi\u00e9tin\u00e9 par la nouvelle \u00e9quipe de l&rsquo;inspection G\u00e9n\u00e9rale du Travail.<\/p>\n\n\n\n<p>Je suis tr\u00e8s d\u00e9\u00e7u quand le Ministre a annonc\u00e9 lors de son passage dans l&rsquo;\u00e9mission que les 98% des conflits individuels et collectifs dans les Soci\u00e9t\u00e9s ont \u00e9t\u00e9 r\u00e9solus par l&rsquo;inspection G\u00e9n\u00e9rale du Travail.&nbsp;<\/p>\n\n\n\n<p>D&rsquo;abord l&rsquo;inspection G\u00e9n\u00e9rale du Travail ne respecte jamais l&rsquo;application du code de travail entre l&#8217;employeur et l\u2019employ\u00e9. Parce que l&#8217;employeur est toujours favoris\u00e9 devant l\u2019employ\u00e9.Il y&rsquo;a aussi la lenteur dans le traitement des dossiers des conflits sociaux. C&rsquo;est pour cela j&rsquo;invite le Chef de l&rsquo;Etat le G\u00e9n\u00e9ral Mamadi Doumbouya de revoir le fonctionnement de l&rsquo;inspection G\u00e9n\u00e9rale du Travail&nbsp;\u00bb<\/p>\n\n\n\n<p>M\u2019Ballou M\u2019bemba Yattara.<\/p>\n","protected":false},"excerpt":{"rendered":"<p>Aboubacar Bobel Fofana dit suivre le passage programm\u00e9 des diff\u00e9rents chefs de d\u00e9partements Minist\u00e8riels dans l&rsquo;\u00e9mission \u00ab\u00a0On fait le point\u00a0\u00bb \u00e0 la t\u00e9l\u00e9vision nationale RTG. Le cas du Ministre de la fonction publique Faya Fran\u00e7ois Bourouno l\u2019a mis\u00a0\u00a0dans tous ses \u00e9tats. Il s\u2019est exprim\u00e9 la dessus. Lisez\u2026. \u00ab&nbsp;J&rsquo;ai suivi le passage de Monsieur le Ministre [&hellip;]<\/p>\n","protected":false},"author":2,"featured_media":5057,"comment_status":"open","ping_status":"open","sticky":false,"template":"","format":"standard","meta":{"footnotes":""},"categories":[624],"tags":[],"class_list":["post-5056","post","type-post","status-publish","format-standard","has-post-thumbnail","hentry","category-entretien"],"yoast_head":"<!-- This site is optimized with the Yoast SEO plugin v26.8 - https:\/\/yoast.com\/product\/yoast-seo-wordpress\/ -->\n<title>D\u00e9faillances \u00e0 la Fonction publique : Le pr\u00e9sident du R\u00e9seau des Jeunes Leaders d\u00e9nonce l\u2019inactivit\u00e9 du Ministre Faya Fran\u00e7ois Bourouno - leprojecteurguinee<\/title>\n<meta name=\"robots\" content=\"index, follow, max-snippet:-1, max-image-preview:large, max-video-preview:-1\" \/>\n<link rel=\"canonical\" href=\"https:\/\/www.leprojecteurguinee.com\/index.php\/2025\/01\/12\/defaillances-a-la-fonction-publique-le-president-du-reseau-des-jeunes-leaders-denonce-linactivite-du-ministre-faya-francois-bourouno\/\" \/>\n<meta property=\"og:locale\" content=\"fr_FR\" \/>\n<meta property=\"og:type\" content=\"article\" \/>\n<meta property=\"og:title\" content=\"D\u00e9faillances \u00e0 la Fonction publique : Le pr\u00e9sident du R\u00e9seau des Jeunes Leaders d\u00e9nonce l\u2019inactivit\u00e9 du Ministre Faya Fran\u00e7ois Bourouno - leprojecteurguinee\" \/>\n<meta property=\"og:description\" content=\"Aboubacar Bobel Fofana dit suivre le passage programm\u00e9 des diff\u00e9rents chefs de d\u00e9partements Minist\u00e8riels dans l&rsquo;\u00e9mission \u00ab\u00a0On fait le point\u00a0\u00bb \u00e0 la t\u00e9l\u00e9vision nationale RTG. Le cas du Ministre de la fonction publique Faya Fran\u00e7ois Bourouno l\u2019a mis\u00a0\u00a0dans tous ses \u00e9tats. Il s\u2019est exprim\u00e9 la dessus. Lisez\u2026. \u00ab&nbsp;J&rsquo;ai suivi le passage de Monsieur le Ministre [&hellip;]\" \/>\n<meta property=\"og:url\" content=\"https:\/\/www.leprojecteurguinee.com\/index.php\/2025\/01\/12\/defaillances-a-la-fonction-publique-le-president-du-reseau-des-jeunes-leaders-denonce-linactivite-du-ministre-faya-francois-bourouno\/\" \/>\n<meta property=\"og:site_name\" content=\"leprojecteurguinee\" \/>\n<meta property=\"article:published_time\" content=\"2025-01-12T12:21:26+00:00\" \/>\n<meta property=\"article:modified_time\" content=\"2025-01-12T12:21:28+00:00\" \/>\n<meta property=\"og:image\" content=\"https:\/\/www.leprojecteurguinee.com\/wp-content\/uploads\/2025\/01\/77226CC0-2BB3-43C5-A719-254F63DF633F.jpeg\" \/>\n\t<meta property=\"og:image:width\" content=\"810\" \/>\n\t<meta property=\"og:image:height\" content=\"1080\" \/>\n\t<meta property=\"og:image:type\" content=\"image\/jpeg\" \/>\n<meta name=\"author\" content=\"www.leprojecteurguinee.com\" \/>\n<meta name=\"twitter:card\" content=\"summary_large_image\" \/>\n<meta name=\"twitter:label1\" content=\"\u00c9crit par\" \/>\n\t<meta name=\"twitter:data1\" content=\"www.leprojecteurguinee.com\" \/>\n\t<meta name=\"twitter:label2\" content=\"Dur\u00e9e de lecture estim\u00e9e\" \/>\n\t<meta name=\"twitter:data2\" content=\"2 minutes\" \/>\n<script type=\"application\/ld+json\" class=\"yoast-schema-graph\">{\"@context\":\"https:\/\/schema.org\",\"@graph\":[{\"@type\":\"Article\",\"@id\":\"https:\/\/www.leprojecteurguinee.com\/index.php\/2025\/01\/12\/defaillances-a-la-fonction-publique-le-president-du-reseau-des-jeunes-leaders-denonce-linactivite-du-ministre-faya-francois-bourouno\/#article\",\"isPartOf\":{\"@id\":\"https:\/\/www.leprojecteurguinee.com\/index.php\/2025\/01\/12\/defaillances-a-la-fonction-publique-le-president-du-reseau-des-jeunes-leaders-denonce-linactivite-du-ministre-faya-francois-bourouno\/\"},\"author\":{\"name\":\"www.leprojecteurguinee.com\",\"@id\":\"https:\/\/www.leprojecteurguinee.com\/#\/schema\/person\/c9d1602e593b11af0b295bdf5e12a59a\"},\"headline\":\"D\u00e9faillances \u00e0 la Fonction publique : Le pr\u00e9sident du R\u00e9seau des Jeunes Leaders d\u00e9nonce l\u2019inactivit\u00e9 du Ministre Faya Fran\u00e7ois Bourouno\",\"datePublished\":\"2025-01-12T12:21:26+00:00\",\"dateModified\":\"2025-01-12T12:21:28+00:00\",\"mainEntityOfPage\":{\"@id\":\"https:\/\/www.leprojecteurguinee.com\/index.php\/2025\/01\/12\/defaillances-a-la-fonction-publique-le-president-du-reseau-des-jeunes-leaders-denonce-linactivite-du-ministre-faya-francois-bourouno\/\"},\"wordCount\":382,\"commentCount\":0,\"image\":{\"@id\":\"https:\/\/www.leprojecteurguinee.com\/index.php\/2025\/01\/12\/defaillances-a-la-fonction-publique-le-president-du-reseau-des-jeunes-leaders-denonce-linactivite-du-ministre-faya-francois-bourouno\/#primaryimage\"},\"thumbnailUrl\":\"https:\/\/www.leprojecteurguinee.com\/wp-content\/uploads\/2025\/01\/77226CC0-2BB3-43C5-A719-254F63DF633F.jpeg\",\"articleSection\":[\"Entretien\"],\"inLanguage\":\"fr-FR\",\"potentialAction\":[{\"@type\":\"CommentAction\",\"name\":\"Comment\",\"target\":[\"https:\/\/www.leprojecteurguinee.com\/index.php\/2025\/01\/12\/defaillances-a-la-fonction-publique-le-president-du-reseau-des-jeunes-leaders-denonce-linactivite-du-ministre-faya-francois-bourouno\/#respond\"]}]},{\"@type\":\"WebPage\",\"@id\":\"https:\/\/www.leprojecteurguinee.com\/index.php\/2025\/01\/12\/defaillances-a-la-fonction-publique-le-president-du-reseau-des-jeunes-leaders-denonce-linactivite-du-ministre-faya-francois-bourouno\/\",\"url\":\"https:\/\/www.leprojecteurguinee.com\/index.php\/2025\/01\/12\/defaillances-a-la-fonction-publique-le-president-du-reseau-des-jeunes-leaders-denonce-linactivite-du-ministre-faya-francois-bourouno\/\",\"name\":\"D\u00e9faillances \u00e0 la Fonction publique : Le pr\u00e9sident du R\u00e9seau des Jeunes Leaders d\u00e9nonce l\u2019inactivit\u00e9 du Ministre Faya Fran\u00e7ois Bourouno - leprojecteurguinee\",\"isPartOf\":{\"@id\":\"https:\/\/www.leprojecteurguinee.com\/#website\"},\"primaryImageOfPage\":{\"@id\":\"https:\/\/www.leprojecteurguinee.com\/index.php\/2025\/01\/12\/defaillances-a-la-fonction-publique-le-president-du-reseau-des-jeunes-leaders-denonce-linactivite-du-ministre-faya-francois-bourouno\/#primaryimage\"},\"image\":{\"@id\":\"https:\/\/www.leprojecteurguinee.com\/index.php\/2025\/01\/12\/defaillances-a-la-fonction-publique-le-president-du-reseau-des-jeunes-leaders-denonce-linactivite-du-ministre-faya-francois-bourouno\/#primaryimage\"},\"thumbnailUrl\":\"https:\/\/www.leprojecteurguinee.com\/wp-content\/uploads\/2025\/01\/77226CC0-2BB3-43C5-A719-254F63DF633F.jpeg\",\"datePublished\":\"2025-01-12T12:21:26+00:00\",\"dateModified\":\"2025-01-12T12:21:28+00:00\",\"author\":{\"@id\":\"https:\/\/www.leprojecteurguinee.com\/#\/schema\/person\/c9d1602e593b11af0b295bdf5e12a59a\"},\"breadcrumb\":{\"@id\":\"https:\/\/www.leprojecteurguinee.com\/index.php\/2025\/01\/12\/defaillances-a-la-fonction-publique-le-president-du-reseau-des-jeunes-leaders-denonce-linactivite-du-ministre-faya-francois-bourouno\/#breadcrumb\"},\"inLanguage\":\"fr-FR\",\"potentialAction\":[{\"@type\":\"ReadAction\",\"target\":[\"https:\/\/www.leprojecteurguinee.com\/index.php\/2025\/01\/12\/defaillances-a-la-fonction-publique-le-president-du-reseau-des-jeunes-leaders-denonce-linactivite-du-ministre-faya-francois-bourouno\/\"]}]},{\"@type\":\"ImageObject\",\"inLanguage\":\"fr-FR\",\"@id\":\"https:\/\/www.leprojecteurguinee.com\/index.php\/2025\/01\/12\/defaillances-a-la-fonction-publique-le-president-du-reseau-des-jeunes-leaders-denonce-linactivite-du-ministre-faya-francois-bourouno\/#primaryimage\",\"url\":\"https:\/\/www.leprojecteurguinee.com\/wp-content\/uploads\/2025\/01\/77226CC0-2BB3-43C5-A719-254F63DF633F.jpeg\",\"contentUrl\":\"https:\/\/www.leprojecteurguinee.com\/wp-content\/uploads\/2025\/01\/77226CC0-2BB3-43C5-A719-254F63DF633F.jpeg\",\"width\":810,\"height\":1080},{\"@type\":\"BreadcrumbList\",\"@id\":\"https:\/\/www.leprojecteurguinee.com\/index.php\/2025\/01\/12\/defaillances-a-la-fonction-publique-le-president-du-reseau-des-jeunes-leaders-denonce-linactivite-du-ministre-faya-francois-bourouno\/#breadcrumb\",\"itemListElement\":[{\"@type\":\"ListItem\",\"position\":1,\"name\":\"Accueil\",\"item\":\"https:\/\/www.leprojecteurguinee.com\/\"},{\"@type\":\"ListItem\",\"position\":2,\"name\":\"D\u00e9faillances \u00e0 la Fonction publique : Le pr\u00e9sident du R\u00e9seau des Jeunes Leaders d\u00e9nonce l\u2019inactivit\u00e9 du Ministre Faya Fran\u00e7ois Bourouno\"}]},{\"@type\":\"WebSite\",\"@id\":\"https:\/\/www.leprojecteurguinee.com\/#website\",\"url\":\"https:\/\/www.leprojecteurguinee.com\/\",\"name\":\"leprojecteurguinee\",\"description\":\"Nous luttons contre les pratiques obscures\",\"potentialAction\":[{\"@type\":\"SearchAction\",\"target\":{\"@type\":\"EntryPoint\",\"urlTemplate\":\"https:\/\/www.leprojecteurguinee.com\/?s={search_term_string}\"},\"query-input\":{\"@type\":\"PropertyValueSpecification\",\"valueRequired\":true,\"valueName\":\"search_term_string\"}}],\"inLanguage\":\"fr-FR\"},{\"@type\":\"Person\",\"@id\":\"https:\/\/www.leprojecteurguinee.com\/#\/schema\/person\/c9d1602e593b11af0b295bdf5e12a59a\",\"name\":\"www.leprojecteurguinee.com\",\"image\":{\"@type\":\"ImageObject\",\"inLanguage\":\"fr-FR\",\"@id\":\"https:\/\/www.leprojecteurguinee.com\/#\/schema\/person\/image\/\",\"url\":\"https:\/\/secure.gravatar.com\/avatar\/d73703fcd03dcba36d2bb23326e491935423a46800f1ebf8f61b70e62b70e55a?s=96&d=mm&r=g\",\"contentUrl\":\"https:\/\/secure.gravatar.com\/avatar\/d73703fcd03dcba36d2bb23326e491935423a46800f1ebf8f61b70e62b70e55a?s=96&d=mm&r=g\",\"caption\":\"www.leprojecteurguinee.com\"},\"description\":\"Administrateur G\u00e9n\u00e9ral\",\"sameAs\":[\"http:\/\/www.leprojeceteurguinee.com\"],\"url\":\"https:\/\/www.leprojecteurguinee.com\/index.php\/author\/fadigagn\/\"}]}<\/script>\n<!-- \/ Yoast SEO plugin. -->","yoast_head_json":{"title":"D\u00e9faillances \u00e0 la Fonction publique : Le pr\u00e9sident du R\u00e9seau des Jeunes Leaders d\u00e9nonce l\u2019inactivit\u00e9 du Ministre Faya Fran\u00e7ois Bourouno - leprojecteurguinee","robots":{"index":"index","follow":"follow","max-snippet":"max-snippet:-1","max-image-preview":"max-image-preview:large","max-video-preview":"max-video-preview:-1"},"canonical":"https:\/\/www.leprojecteurguinee.com\/index.php\/2025\/01\/12\/defaillances-a-la-fonction-publique-le-president-du-reseau-des-jeunes-leaders-denonce-linactivite-du-ministre-faya-francois-bourouno\/","og_locale":"fr_FR","og_type":"article","og_title":"D\u00e9faillances \u00e0 la Fonction publique : Le pr\u00e9sident du R\u00e9seau des Jeunes Leaders d\u00e9nonce l\u2019inactivit\u00e9 du Ministre Faya Fran\u00e7ois Bourouno - leprojecteurguinee","og_description":"Aboubacar Bobel Fofana dit suivre le passage programm\u00e9 des diff\u00e9rents chefs de d\u00e9partements Minist\u00e8riels dans l&rsquo;\u00e9mission \u00ab\u00a0On fait le point\u00a0\u00bb \u00e0 la t\u00e9l\u00e9vision nationale RTG. Le cas du Ministre de la fonction publique Faya Fran\u00e7ois Bourouno l\u2019a mis\u00a0\u00a0dans tous ses \u00e9tats. Il s\u2019est exprim\u00e9 la dessus. Lisez\u2026. \u00ab&nbsp;J&rsquo;ai suivi le passage de Monsieur le Ministre [&hellip;]","og_url":"https:\/\/www.leprojecteurguinee.com\/index.php\/2025\/01\/12\/defaillances-a-la-fonction-publique-le-president-du-reseau-des-jeunes-leaders-denonce-linactivite-du-ministre-faya-francois-bourouno\/","og_site_name":"leprojecteurguinee","article_published_time":"2025-01-12T12:21:26+00:00","article_modified_time":"2025-01-12T12:21:28+00:00","og_image":[{"width":810,"height":1080,"url":"https:\/\/www.leprojecteurguinee.com\/wp-content\/uploads\/2025\/01\/77226CC0-2BB3-43C5-A719-254F63DF633F.jpeg","type":"image\/jpeg"}],"author":"www.leprojecteurguinee.com","twitter_card":"summary_large_image","twitter_misc":{"\u00c9crit par":"www.leprojecteurguinee.com","Dur\u00e9e de lecture estim\u00e9e":"2 minutes"},"schema":{"@context":"https:\/\/schema.org","@graph":[{"@type":"Article","@id":"https:\/\/www.leprojecteurguinee.com\/index.php\/2025\/01\/12\/defaillances-a-la-fonction-publique-le-president-du-reseau-des-jeunes-leaders-denonce-linactivite-du-ministre-faya-francois-bourouno\/#article","isPartOf":{"@id":"https:\/\/www.leprojecteurguinee.com\/index.php\/2025\/01\/12\/defaillances-a-la-fonction-publique-le-president-du-reseau-des-jeunes-leaders-denonce-linactivite-du-ministre-faya-francois-bourouno\/"},"author":{"name":"www.leprojecteurguinee.com","@id":"https:\/\/www.leprojecteurguinee.com\/#\/schema\/person\/c9d1602e593b11af0b295bdf5e12a59a"},"headline":"D\u00e9faillances \u00e0 la Fonction publique : Le pr\u00e9sident du R\u00e9seau des Jeunes Leaders d\u00e9nonce l\u2019inactivit\u00e9 du Ministre Faya Fran\u00e7ois Bourouno","datePublished":"2025-01-12T12:21:26+00:00","dateModified":"2025-01-12T12:21:28+00:00","mainEntityOfPage":{"@id":"https:\/\/www.leprojecteurguinee.com\/index.php\/2025\/01\/12\/defaillances-a-la-fonction-publique-le-president-du-reseau-des-jeunes-leaders-denonce-linactivite-du-ministre-faya-francois-bourouno\/"},"wordCount":382,"commentCount":0,"image":{"@id":"https:\/\/www.leprojecteurguinee.com\/index.php\/2025\/01\/12\/defaillances-a-la-fonction-publique-le-president-du-reseau-des-jeunes-leaders-denonce-linactivite-du-ministre-faya-francois-bourouno\/#primaryimage"},"thumbnailUrl":"https:\/\/www.leprojecteurguinee.com\/wp-content\/uploads\/2025\/01\/77226CC0-2BB3-43C5-A719-254F63DF633F.jpeg","articleSection":["Entretien"],"inLanguage":"fr-FR","potentialAction":[{"@type":"CommentAction","name":"Comment","target":["https:\/\/www.leprojecteurguinee.com\/index.php\/2025\/01\/12\/defaillances-a-la-fonction-publique-le-president-du-reseau-des-jeunes-leaders-denonce-linactivite-du-ministre-faya-francois-bourouno\/#respond"]}]},{"@type":"WebPage","@id":"https:\/\/www.leprojecteurguinee.com\/index.php\/2025\/01\/12\/defaillances-a-la-fonction-publique-le-president-du-reseau-des-jeunes-leaders-denonce-linactivite-du-ministre-faya-francois-bourouno\/","url":"https:\/\/www.leprojecteurguinee.com\/index.php\/2025\/01\/12\/defaillances-a-la-fonction-publique-le-president-du-reseau-des-jeunes-leaders-denonce-linactivite-du-ministre-faya-francois-bourouno\/","name":"D\u00e9faillances \u00e0 la Fonction publique : Le pr\u00e9sident du R\u00e9seau des Jeunes Leaders d\u00e9nonce l\u2019inactivit\u00e9 du Ministre Faya Fran\u00e7ois Bourouno - leprojecteurguinee","isPartOf":{"@id":"https:\/\/www.leprojecteurguinee.com\/#website"},"primaryImageOfPage":{"@id":"https:\/\/www.leprojecteurguinee.com\/index.php\/2025\/01\/12\/defaillances-a-la-fonction-publique-le-president-du-reseau-des-jeunes-leaders-denonce-linactivite-du-ministre-faya-francois-bourouno\/#primaryimage"},"image":{"@id":"https:\/\/www.leprojecteurguinee.com\/index.php\/2025\/01\/12\/defaillances-a-la-fonction-publique-le-president-du-reseau-des-jeunes-leaders-denonce-linactivite-du-ministre-faya-francois-bourouno\/#primaryimage"},"thumbnailUrl":"https:\/\/www.leprojecteurguinee.com\/wp-content\/uploads\/2025\/01\/77226CC0-2BB3-43C5-A719-254F63DF633F.jpeg","datePublished":"2025-01-12T12:21:26+00:00","dateModified":"2025-01-12T12:21:28+00:00","author":{"@id":"https:\/\/www.leprojecteurguinee.com\/#\/schema\/person\/c9d1602e593b11af0b295bdf5e12a59a"},"breadcrumb":{"@id":"https:\/\/www.leprojecteurguinee.com\/index.php\/2025\/01\/12\/defaillances-a-la-fonction-publique-le-president-du-reseau-des-jeunes-leaders-denonce-linactivite-du-ministre-faya-francois-bourouno\/#breadcrumb"},"inLanguage":"fr-FR","potentialAction":[{"@type":"ReadAction","target":["https:\/\/www.leprojecteurguinee.com\/index.php\/2025\/01\/12\/defaillances-a-la-fonction-publique-le-president-du-reseau-des-jeunes-leaders-denonce-linactivite-du-ministre-faya-francois-bourouno\/"]}]},{"@type":"ImageObject","inLanguage":"fr-FR","@id":"https:\/\/www.leprojecteurguinee.com\/index.php\/2025\/01\/12\/defaillances-a-la-fonction-publique-le-president-du-reseau-des-jeunes-leaders-denonce-linactivite-du-ministre-faya-francois-bourouno\/#primaryimage","url":"https:\/\/www.leprojecteurguinee.com\/wp-content\/uploads\/2025\/01\/77226CC0-2BB3-43C5-A719-254F63DF633F.jpeg","contentUrl":"https:\/\/www.leprojecteurguinee.com\/wp-content\/uploads\/2025\/01\/77226CC0-2BB3-43C5-A719-254F63DF633F.jpeg","width":810,"height":1080},{"@type":"BreadcrumbList","@id":"https:\/\/www.leprojecteurguinee.com\/index.php\/2025\/01\/12\/defaillances-a-la-fonction-publique-le-president-du-reseau-des-jeunes-leaders-denonce-linactivite-du-ministre-faya-francois-bourouno\/#breadcrumb","itemListElement":[{"@type":"ListItem","position":1,"name":"Accueil","item":"https:\/\/www.leprojecteurguinee.com\/"},{"@type":"ListItem","position":2,"name":"D\u00e9faillances \u00e0 la Fonction publique : Le pr\u00e9sident du R\u00e9seau des Jeunes Leaders d\u00e9nonce l\u2019inactivit\u00e9 du Ministre Faya Fran\u00e7ois Bourouno"}]},{"@type":"WebSite","@id":"https:\/\/www.leprojecteurguinee.com\/#website","url":"https:\/\/www.leprojecteurguinee.com\/","name":"leprojecteurguinee","description":"Nous luttons contre les pratiques obscures","potentialAction":[{"@type":"SearchAction","target":{"@type":"EntryPoint","urlTemplate":"https:\/\/www.leprojecteurguinee.com\/?s={search_term_string}"},"query-input":{"@type":"PropertyValueSpecification","valueRequired":true,"valueName":"search_term_string"}}],"inLanguage":"fr-FR"},{"@type":"Person","@id":"https:\/\/www.leprojecteurguinee.com\/#\/schema\/person\/c9d1602e593b11af0b295bdf5e12a59a","name":"www.leprojecteurguinee.com","image":{"@type":"ImageObject","inLanguage":"fr-FR","@id":"https:\/\/www.leprojecteurguinee.com\/#\/schema\/person\/image\/","url":"https:\/\/secure.gravatar.com\/avatar\/d73703fcd03dcba36d2bb23326e491935423a46800f1ebf8f61b70e62b70e55a?s=96&d=mm&r=g","contentUrl":"https:\/\/secure.gravatar.com\/avatar\/d73703fcd03dcba36d2bb23326e491935423a46800f1ebf8f61b70e62b70e55a?s=96&d=mm&r=g","caption":"www.leprojecteurguinee.com"},"description":"Administrateur G\u00e9n\u00e9ral","sameAs":["http:\/\/www.leprojeceteurguinee.com"],"url":"https:\/\/www.leprojecteurguinee.com\/index.php\/author\/fadigagn\/"}]}},"_links":{"self":[{"href":"https:\/\/www.leprojecteurguinee.com\/index.php\/wp-json\/wp\/v2\/posts\/5056","targetHints":{"allow":["GET"]}}],"collection":[{"href":"https:\/\/www.leprojecteurguinee.com\/index.php\/wp-json\/wp\/v2\/posts"}],"about":[{"href":"https:\/\/www.leprojecteurguinee.com\/index.php\/wp-json\/wp\/v2\/types\/post"}],"author":[{"embeddable":true,"href":"https:\/\/www.leprojecteurguinee.com\/index.php\/wp-json\/wp\/v2\/users\/2"}],"replies":[{"embeddable":true,"href":"https:\/\/www.leprojecteurguinee.com\/index.php\/wp-json\/wp\/v2\/comments?post=5056"}],"version-history":[{"count":0,"href":"https:\/\/www.leprojecteurguinee.com\/index.php\/wp-json\/wp\/v2\/posts\/5056\/revisions"}],"wp:featuredmedia":[{"embeddable":true,"href":"https:\/\/www.leprojecteurguinee.com\/index.php\/wp-json\/wp\/v2\/media\/5057"}],"wp:attachment":[{"href":"https:\/\/www.leprojecteurguinee.com\/index.php\/wp-json\/wp\/v2\/media?parent=5056"}],"wp:term":[{"taxonomy":"category","embeddable":true,"href":"https:\/\/www.leprojecteurguinee.com\/index.php\/wp-json\/wp\/v2\/categories?post=5056"},{"taxonomy":"post_tag","embeddable":true,"href":"https:\/\/www.leprojecteurguinee.com\/index.php\/wp-json\/wp\/v2\/tags?post=5056"}],"curies":[{"name":"wp","href":"https:\/\/api.w.org\/{rel}","templated":true}]}}