{"id":4981,"date":"2024-09-06T19:10:00","date_gmt":"2024-09-06T19:10:00","guid":{"rendered":"https:\/\/www.leprojecteurguinee.com\/?p=4981"},"modified":"2025-01-01T23:11:44","modified_gmt":"2025-01-01T23:11:44","slug":"madina-mosquee-une-descente-inopinee-des-agents-des-forces-de-lordre-au-domicile-de-youssouf-camara","status":"publish","type":"post","link":"https:\/\/www.leprojecteurguinee.com\/index.php\/2024\/09\/06\/madina-mosquee-une-descente-inopinee-des-agents-des-forces-de-lordre-au-domicile-de-youssouf-camara\/","title":{"rendered":"Madina mosqu\u00e9e : une descente inopin\u00e9e des agents des forces de l&rsquo;ordre au domicile de Youssouf Camara."},"content":{"rendered":"\n<p><\/p>\n\n\n\n<p><strong>Apr\u00e8s plusieurs jours de tensions et de discours politiques entre les propagandistes du CNRD voulant f\u00eater la date anniversaire de la prise du pouvoir par la junte actuelle et l&rsquo;autre c\u00f4t\u00e9 une opposition pr\u00eate \u00e0 manifester \u00e0 la m\u00eame date pour exprimer son d\u00e9saccord sur la gestion de la transition.\u00a0<\/strong><\/p>\n\n\n\n<p>A la vieille de cette date l\u00e0 population est prise de panique dans la crainte d&rsquo;une confrontation entre les deux camps. Malgr\u00e9 la mesure d&rsquo;interdiction du droit de manifester depuis le mois mai 2022 toujours en vigueur , un responsable de l&rsquo;ufdg et coordinateur communal du fndc matam en l&rsquo;occurrence de Mr Youssouf camara avait re\u00e7u une visite nocturne des forces de l&rsquo;ordre \u00e0 son domicile de madina dans la nuit du 5 au 6 septembre 2024.&nbsp;<\/p>\n\n\n\n<p>Selon nos sources, le concern\u00e9 n&rsquo;\u00e9tait pas sur les lieux et le voisinage a \u00e9t\u00e9 prise de panique durant toute la nuit. A l&rsquo;heure o\u00f9 nous suivons cet \u00e9v\u00e9nement, une \u00e9quipe de veille monte la garde aux alentours de son domicile dans l&rsquo;espoir de lui mettre hors d&rsquo;\u00e9tat de nuire.&nbsp;<br><\/p>\n\n\n\n<figure class=\"wp-block-image size-full\"><img loading=\"lazy\" decoding=\"async\" width=\"768\" height=\"1024\" src=\"https:\/\/www.leprojecteurguinee.com\/wp-content\/uploads\/2024\/09\/10227388-CCB9-4D35-BDC9-133774EDEC1D.jpeg\" alt=\"\" class=\"wp-image-4986\" srcset=\"https:\/\/www.leprojecteurguinee.com\/wp-content\/uploads\/2024\/09\/10227388-CCB9-4D35-BDC9-133774EDEC1D.jpeg 768w, https:\/\/www.leprojecteurguinee.com\/wp-content\/uploads\/2024\/09\/10227388-CCB9-4D35-BDC9-133774EDEC1D-225x300.jpeg 225w\" sizes=\"auto, (max-width: 768px) 100vw, 768px\" \/><\/figure>\n\n\n\n<figure class=\"wp-block-image size-full\"><img loading=\"lazy\" decoding=\"async\" width=\"1024\" height=\"988\" src=\"https:\/\/www.leprojecteurguinee.com\/wp-content\/uploads\/2024\/09\/01FF0260-793B-40E3-BA65-E98E67227E2E.jpeg\" alt=\"\" class=\"wp-image-4988\" srcset=\"https:\/\/www.leprojecteurguinee.com\/wp-content\/uploads\/2024\/09\/01FF0260-793B-40E3-BA65-E98E67227E2E.jpeg 1024w, https:\/\/www.leprojecteurguinee.com\/wp-content\/uploads\/2024\/09\/01FF0260-793B-40E3-BA65-E98E67227E2E-300x289.jpeg 300w, https:\/\/www.leprojecteurguinee.com\/wp-content\/uploads\/2024\/09\/01FF0260-793B-40E3-BA65-E98E67227E2E-768x741.jpeg 768w\" sizes=\"auto, (max-width: 1024px) 100vw, 1024px\" \/><\/figure>\n\n\n\n<p><\/p>\n\n\n\n<p>Ce responsable de l\u2019Union des Forces D\u00e9mocratiques de Guin\u00e9e (Ufdg) vaut son influence dans le mouvement des forces vives pour avoir \u00e9t\u00e9 membre de l&rsquo;assembl\u00e9e de la transition en 2008, mais \u00e9galement conseiller \u00e9lu \u00e0 la mairie de matam.\u00a0<\/p>\n\n\n\n<p><strong>Nous y reviendrons dans nos prochaines articles&nbsp;<\/strong><\/p>\n\n\n\n<p>La r\u00e9daction.&nbsp;<\/p>\n\n\n\n<p><\/p>\n","protected":false},"excerpt":{"rendered":"<p>Apr\u00e8s plusieurs jours de tensions et de discours politiques entre les propagandistes du CNRD voulant f\u00eater la date anniversaire de la prise du pouvoir par la junte actuelle et l&rsquo;autre c\u00f4t\u00e9 une opposition pr\u00eate \u00e0 manifester \u00e0 la m\u00eame date pour exprimer son d\u00e9saccord sur la gestion de la transition.\u00a0 A la vieille de cette [&hellip;]<\/p>\n","protected":false},"author":2,"featured_media":4984,"comment_status":"open","ping_status":"open","sticky":false,"template":"","format":"standard","meta":{"footnotes":""},"categories":[1],"tags":[],"class_list":["post-4981","post","type-post","status-publish","format-standard","has-post-thumbnail","hentry","category-blog"],"yoast_head":"<!-- This site is optimized with the Yoast SEO plugin v26.8 - https:\/\/yoast.com\/product\/yoast-seo-wordpress\/ -->\n<title>Madina mosqu\u00e9e : une descente inopin\u00e9e des agents des forces de l&#039;ordre au domicile de Youssouf Camara. - leprojecteurguinee<\/title>\n<meta name=\"robots\" content=\"index, follow, max-snippet:-1, max-image-preview:large, max-video-preview:-1\" \/>\n<link rel=\"canonical\" href=\"https:\/\/www.leprojecteurguinee.com\/index.php\/2024\/09\/06\/madina-mosquee-une-descente-inopinee-des-agents-des-forces-de-lordre-au-domicile-de-youssouf-camara\/\" \/>\n<meta property=\"og:locale\" content=\"fr_FR\" \/>\n<meta property=\"og:type\" content=\"article\" \/>\n<meta property=\"og:title\" content=\"Madina mosqu\u00e9e : une descente inopin\u00e9e des agents des forces de l&#039;ordre au domicile de Youssouf Camara. - leprojecteurguinee\" \/>\n<meta property=\"og:description\" content=\"Apr\u00e8s plusieurs jours de tensions et de discours politiques entre les propagandistes du CNRD voulant f\u00eater la date anniversaire de la prise du pouvoir par la junte actuelle et l&rsquo;autre c\u00f4t\u00e9 une opposition pr\u00eate \u00e0 manifester \u00e0 la m\u00eame date pour exprimer son d\u00e9saccord sur la gestion de la transition.\u00a0 A la vieille de cette [&hellip;]\" \/>\n<meta property=\"og:url\" content=\"https:\/\/www.leprojecteurguinee.com\/index.php\/2024\/09\/06\/madina-mosquee-une-descente-inopinee-des-agents-des-forces-de-lordre-au-domicile-de-youssouf-camara\/\" \/>\n<meta property=\"og:site_name\" content=\"leprojecteurguinee\" \/>\n<meta property=\"article:published_time\" content=\"2024-09-06T19:10:00+00:00\" \/>\n<meta property=\"article:modified_time\" content=\"2025-01-01T23:11:44+00:00\" \/>\n<meta property=\"og:image\" content=\"https:\/\/www.leprojecteurguinee.com\/wp-content\/uploads\/2024\/09\/6EF834BE-3EC8-4D1D-94F7-B64007B1E627.jpeg\" \/>\n\t<meta property=\"og:image:width\" content=\"2048\" \/>\n\t<meta property=\"og:image:height\" content=\"1153\" \/>\n\t<meta property=\"og:image:type\" content=\"image\/jpeg\" \/>\n<meta name=\"author\" content=\"www.leprojecteurguinee.com\" \/>\n<meta name=\"twitter:card\" content=\"summary_large_image\" \/>\n<meta name=\"twitter:label1\" content=\"\u00c9crit par\" \/>\n\t<meta name=\"twitter:data1\" content=\"www.leprojecteurguinee.com\" \/>\n\t<meta name=\"twitter:label2\" content=\"Dur\u00e9e de lecture estim\u00e9e\" \/>\n\t<meta name=\"twitter:data2\" content=\"2 minutes\" \/>\n<script type=\"application\/ld+json\" class=\"yoast-schema-graph\">{\"@context\":\"https:\/\/schema.org\",\"@graph\":[{\"@type\":\"Article\",\"@id\":\"https:\/\/www.leprojecteurguinee.com\/index.php\/2024\/09\/06\/madina-mosquee-une-descente-inopinee-des-agents-des-forces-de-lordre-au-domicile-de-youssouf-camara\/#article\",\"isPartOf\":{\"@id\":\"https:\/\/www.leprojecteurguinee.com\/index.php\/2024\/09\/06\/madina-mosquee-une-descente-inopinee-des-agents-des-forces-de-lordre-au-domicile-de-youssouf-camara\/\"},\"author\":{\"name\":\"www.leprojecteurguinee.com\",\"@id\":\"https:\/\/www.leprojecteurguinee.com\/#\/schema\/person\/c9d1602e593b11af0b295bdf5e12a59a\"},\"headline\":\"Madina mosqu\u00e9e : une descente inopin\u00e9e des agents des forces de l&rsquo;ordre au domicile de Youssouf Camara.\",\"datePublished\":\"2024-09-06T19:10:00+00:00\",\"dateModified\":\"2025-01-01T23:11:44+00:00\",\"mainEntityOfPage\":{\"@id\":\"https:\/\/www.leprojecteurguinee.com\/index.php\/2024\/09\/06\/madina-mosquee-une-descente-inopinee-des-agents-des-forces-de-lordre-au-domicile-de-youssouf-camara\/\"},\"wordCount\":262,\"commentCount\":0,\"image\":{\"@id\":\"https:\/\/www.leprojecteurguinee.com\/index.php\/2024\/09\/06\/madina-mosquee-une-descente-inopinee-des-agents-des-forces-de-lordre-au-domicile-de-youssouf-camara\/#primaryimage\"},\"thumbnailUrl\":\"https:\/\/www.leprojecteurguinee.com\/wp-content\/uploads\/2024\/09\/6EF834BE-3EC8-4D1D-94F7-B64007B1E627.jpeg\",\"articleSection\":[\"Blog\"],\"inLanguage\":\"fr-FR\",\"potentialAction\":[{\"@type\":\"CommentAction\",\"name\":\"Comment\",\"target\":[\"https:\/\/www.leprojecteurguinee.com\/index.php\/2024\/09\/06\/madina-mosquee-une-descente-inopinee-des-agents-des-forces-de-lordre-au-domicile-de-youssouf-camara\/#respond\"]}]},{\"@type\":\"WebPage\",\"@id\":\"https:\/\/www.leprojecteurguinee.com\/index.php\/2024\/09\/06\/madina-mosquee-une-descente-inopinee-des-agents-des-forces-de-lordre-au-domicile-de-youssouf-camara\/\",\"url\":\"https:\/\/www.leprojecteurguinee.com\/index.php\/2024\/09\/06\/madina-mosquee-une-descente-inopinee-des-agents-des-forces-de-lordre-au-domicile-de-youssouf-camara\/\",\"name\":\"Madina mosqu\u00e9e : une descente inopin\u00e9e des agents des forces de l'ordre au domicile de Youssouf Camara. - leprojecteurguinee\",\"isPartOf\":{\"@id\":\"https:\/\/www.leprojecteurguinee.com\/#website\"},\"primaryImageOfPage\":{\"@id\":\"https:\/\/www.leprojecteurguinee.com\/index.php\/2024\/09\/06\/madina-mosquee-une-descente-inopinee-des-agents-des-forces-de-lordre-au-domicile-de-youssouf-camara\/#primaryimage\"},\"image\":{\"@id\":\"https:\/\/www.leprojecteurguinee.com\/index.php\/2024\/09\/06\/madina-mosquee-une-descente-inopinee-des-agents-des-forces-de-lordre-au-domicile-de-youssouf-camara\/#primaryimage\"},\"thumbnailUrl\":\"https:\/\/www.leprojecteurguinee.com\/wp-content\/uploads\/2024\/09\/6EF834BE-3EC8-4D1D-94F7-B64007B1E627.jpeg\",\"datePublished\":\"2024-09-06T19:10:00+00:00\",\"dateModified\":\"2025-01-01T23:11:44+00:00\",\"author\":{\"@id\":\"https:\/\/www.leprojecteurguinee.com\/#\/schema\/person\/c9d1602e593b11af0b295bdf5e12a59a\"},\"breadcrumb\":{\"@id\":\"https:\/\/www.leprojecteurguinee.com\/index.php\/2024\/09\/06\/madina-mosquee-une-descente-inopinee-des-agents-des-forces-de-lordre-au-domicile-de-youssouf-camara\/#breadcrumb\"},\"inLanguage\":\"fr-FR\",\"potentialAction\":[{\"@type\":\"ReadAction\",\"target\":[\"https:\/\/www.leprojecteurguinee.com\/index.php\/2024\/09\/06\/madina-mosquee-une-descente-inopinee-des-agents-des-forces-de-lordre-au-domicile-de-youssouf-camara\/\"]}]},{\"@type\":\"ImageObject\",\"inLanguage\":\"fr-FR\",\"@id\":\"https:\/\/www.leprojecteurguinee.com\/index.php\/2024\/09\/06\/madina-mosquee-une-descente-inopinee-des-agents-des-forces-de-lordre-au-domicile-de-youssouf-camara\/#primaryimage\",\"url\":\"https:\/\/www.leprojecteurguinee.com\/wp-content\/uploads\/2024\/09\/6EF834BE-3EC8-4D1D-94F7-B64007B1E627.jpeg\",\"contentUrl\":\"https:\/\/www.leprojecteurguinee.com\/wp-content\/uploads\/2024\/09\/6EF834BE-3EC8-4D1D-94F7-B64007B1E627.jpeg\",\"width\":2048,\"height\":1153},{\"@type\":\"BreadcrumbList\",\"@id\":\"https:\/\/www.leprojecteurguinee.com\/index.php\/2024\/09\/06\/madina-mosquee-une-descente-inopinee-des-agents-des-forces-de-lordre-au-domicile-de-youssouf-camara\/#breadcrumb\",\"itemListElement\":[{\"@type\":\"ListItem\",\"position\":1,\"name\":\"Accueil\",\"item\":\"https:\/\/www.leprojecteurguinee.com\/\"},{\"@type\":\"ListItem\",\"position\":2,\"name\":\"Madina mosqu\u00e9e : une descente inopin\u00e9e des agents des forces de l&rsquo;ordre au domicile de Youssouf Camara.\"}]},{\"@type\":\"WebSite\",\"@id\":\"https:\/\/www.leprojecteurguinee.com\/#website\",\"url\":\"https:\/\/www.leprojecteurguinee.com\/\",\"name\":\"leprojecteurguinee\",\"description\":\"Nous luttons contre les pratiques obscures\",\"potentialAction\":[{\"@type\":\"SearchAction\",\"target\":{\"@type\":\"EntryPoint\",\"urlTemplate\":\"https:\/\/www.leprojecteurguinee.com\/?s={search_term_string}\"},\"query-input\":{\"@type\":\"PropertyValueSpecification\",\"valueRequired\":true,\"valueName\":\"search_term_string\"}}],\"inLanguage\":\"fr-FR\"},{\"@type\":\"Person\",\"@id\":\"https:\/\/www.leprojecteurguinee.com\/#\/schema\/person\/c9d1602e593b11af0b295bdf5e12a59a\",\"name\":\"www.leprojecteurguinee.com\",\"image\":{\"@type\":\"ImageObject\",\"inLanguage\":\"fr-FR\",\"@id\":\"https:\/\/www.leprojecteurguinee.com\/#\/schema\/person\/image\/\",\"url\":\"https:\/\/secure.gravatar.com\/avatar\/d73703fcd03dcba36d2bb23326e491935423a46800f1ebf8f61b70e62b70e55a?s=96&d=mm&r=g\",\"contentUrl\":\"https:\/\/secure.gravatar.com\/avatar\/d73703fcd03dcba36d2bb23326e491935423a46800f1ebf8f61b70e62b70e55a?s=96&d=mm&r=g\",\"caption\":\"www.leprojecteurguinee.com\"},\"description\":\"Administrateur G\u00e9n\u00e9ral\",\"sameAs\":[\"http:\/\/www.leprojeceteurguinee.com\"],\"url\":\"https:\/\/www.leprojecteurguinee.com\/index.php\/author\/fadigagn\/\"}]}<\/script>\n<!-- \/ Yoast SEO plugin. -->","yoast_head_json":{"title":"Madina mosqu\u00e9e : une descente inopin\u00e9e des agents des forces de l'ordre au domicile de Youssouf Camara. - leprojecteurguinee","robots":{"index":"index","follow":"follow","max-snippet":"max-snippet:-1","max-image-preview":"max-image-preview:large","max-video-preview":"max-video-preview:-1"},"canonical":"https:\/\/www.leprojecteurguinee.com\/index.php\/2024\/09\/06\/madina-mosquee-une-descente-inopinee-des-agents-des-forces-de-lordre-au-domicile-de-youssouf-camara\/","og_locale":"fr_FR","og_type":"article","og_title":"Madina mosqu\u00e9e : une descente inopin\u00e9e des agents des forces de l'ordre au domicile de Youssouf Camara. - leprojecteurguinee","og_description":"Apr\u00e8s plusieurs jours de tensions et de discours politiques entre les propagandistes du CNRD voulant f\u00eater la date anniversaire de la prise du pouvoir par la junte actuelle et l&rsquo;autre c\u00f4t\u00e9 une opposition pr\u00eate \u00e0 manifester \u00e0 la m\u00eame date pour exprimer son d\u00e9saccord sur la gestion de la transition.\u00a0 A la vieille de cette [&hellip;]","og_url":"https:\/\/www.leprojecteurguinee.com\/index.php\/2024\/09\/06\/madina-mosquee-une-descente-inopinee-des-agents-des-forces-de-lordre-au-domicile-de-youssouf-camara\/","og_site_name":"leprojecteurguinee","article_published_time":"2024-09-06T19:10:00+00:00","article_modified_time":"2025-01-01T23:11:44+00:00","og_image":[{"width":2048,"height":1153,"url":"https:\/\/www.leprojecteurguinee.com\/wp-content\/uploads\/2024\/09\/6EF834BE-3EC8-4D1D-94F7-B64007B1E627.jpeg","type":"image\/jpeg"}],"author":"www.leprojecteurguinee.com","twitter_card":"summary_large_image","twitter_misc":{"\u00c9crit par":"www.leprojecteurguinee.com","Dur\u00e9e de lecture estim\u00e9e":"2 minutes"},"schema":{"@context":"https:\/\/schema.org","@graph":[{"@type":"Article","@id":"https:\/\/www.leprojecteurguinee.com\/index.php\/2024\/09\/06\/madina-mosquee-une-descente-inopinee-des-agents-des-forces-de-lordre-au-domicile-de-youssouf-camara\/#article","isPartOf":{"@id":"https:\/\/www.leprojecteurguinee.com\/index.php\/2024\/09\/06\/madina-mosquee-une-descente-inopinee-des-agents-des-forces-de-lordre-au-domicile-de-youssouf-camara\/"},"author":{"name":"www.leprojecteurguinee.com","@id":"https:\/\/www.leprojecteurguinee.com\/#\/schema\/person\/c9d1602e593b11af0b295bdf5e12a59a"},"headline":"Madina mosqu\u00e9e : une descente inopin\u00e9e des agents des forces de l&rsquo;ordre au domicile de Youssouf Camara.","datePublished":"2024-09-06T19:10:00+00:00","dateModified":"2025-01-01T23:11:44+00:00","mainEntityOfPage":{"@id":"https:\/\/www.leprojecteurguinee.com\/index.php\/2024\/09\/06\/madina-mosquee-une-descente-inopinee-des-agents-des-forces-de-lordre-au-domicile-de-youssouf-camara\/"},"wordCount":262,"commentCount":0,"image":{"@id":"https:\/\/www.leprojecteurguinee.com\/index.php\/2024\/09\/06\/madina-mosquee-une-descente-inopinee-des-agents-des-forces-de-lordre-au-domicile-de-youssouf-camara\/#primaryimage"},"thumbnailUrl":"https:\/\/www.leprojecteurguinee.com\/wp-content\/uploads\/2024\/09\/6EF834BE-3EC8-4D1D-94F7-B64007B1E627.jpeg","articleSection":["Blog"],"inLanguage":"fr-FR","potentialAction":[{"@type":"CommentAction","name":"Comment","target":["https:\/\/www.leprojecteurguinee.com\/index.php\/2024\/09\/06\/madina-mosquee-une-descente-inopinee-des-agents-des-forces-de-lordre-au-domicile-de-youssouf-camara\/#respond"]}]},{"@type":"WebPage","@id":"https:\/\/www.leprojecteurguinee.com\/index.php\/2024\/09\/06\/madina-mosquee-une-descente-inopinee-des-agents-des-forces-de-lordre-au-domicile-de-youssouf-camara\/","url":"https:\/\/www.leprojecteurguinee.com\/index.php\/2024\/09\/06\/madina-mosquee-une-descente-inopinee-des-agents-des-forces-de-lordre-au-domicile-de-youssouf-camara\/","name":"Madina mosqu\u00e9e : une descente inopin\u00e9e des agents des forces de l'ordre au domicile de Youssouf Camara. - leprojecteurguinee","isPartOf":{"@id":"https:\/\/www.leprojecteurguinee.com\/#website"},"primaryImageOfPage":{"@id":"https:\/\/www.leprojecteurguinee.com\/index.php\/2024\/09\/06\/madina-mosquee-une-descente-inopinee-des-agents-des-forces-de-lordre-au-domicile-de-youssouf-camara\/#primaryimage"},"image":{"@id":"https:\/\/www.leprojecteurguinee.com\/index.php\/2024\/09\/06\/madina-mosquee-une-descente-inopinee-des-agents-des-forces-de-lordre-au-domicile-de-youssouf-camara\/#primaryimage"},"thumbnailUrl":"https:\/\/www.leprojecteurguinee.com\/wp-content\/uploads\/2024\/09\/6EF834BE-3EC8-4D1D-94F7-B64007B1E627.jpeg","datePublished":"2024-09-06T19:10:00+00:00","dateModified":"2025-01-01T23:11:44+00:00","author":{"@id":"https:\/\/www.leprojecteurguinee.com\/#\/schema\/person\/c9d1602e593b11af0b295bdf5e12a59a"},"breadcrumb":{"@id":"https:\/\/www.leprojecteurguinee.com\/index.php\/2024\/09\/06\/madina-mosquee-une-descente-inopinee-des-agents-des-forces-de-lordre-au-domicile-de-youssouf-camara\/#breadcrumb"},"inLanguage":"fr-FR","potentialAction":[{"@type":"ReadAction","target":["https:\/\/www.leprojecteurguinee.com\/index.php\/2024\/09\/06\/madina-mosquee-une-descente-inopinee-des-agents-des-forces-de-lordre-au-domicile-de-youssouf-camara\/"]}]},{"@type":"ImageObject","inLanguage":"fr-FR","@id":"https:\/\/www.leprojecteurguinee.com\/index.php\/2024\/09\/06\/madina-mosquee-une-descente-inopinee-des-agents-des-forces-de-lordre-au-domicile-de-youssouf-camara\/#primaryimage","url":"https:\/\/www.leprojecteurguinee.com\/wp-content\/uploads\/2024\/09\/6EF834BE-3EC8-4D1D-94F7-B64007B1E627.jpeg","contentUrl":"https:\/\/www.leprojecteurguinee.com\/wp-content\/uploads\/2024\/09\/6EF834BE-3EC8-4D1D-94F7-B64007B1E627.jpeg","width":2048,"height":1153},{"@type":"BreadcrumbList","@id":"https:\/\/www.leprojecteurguinee.com\/index.php\/2024\/09\/06\/madina-mosquee-une-descente-inopinee-des-agents-des-forces-de-lordre-au-domicile-de-youssouf-camara\/#breadcrumb","itemListElement":[{"@type":"ListItem","position":1,"name":"Accueil","item":"https:\/\/www.leprojecteurguinee.com\/"},{"@type":"ListItem","position":2,"name":"Madina mosqu\u00e9e : une descente inopin\u00e9e des agents des forces de l&rsquo;ordre au domicile de Youssouf Camara."}]},{"@type":"WebSite","@id":"https:\/\/www.leprojecteurguinee.com\/#website","url":"https:\/\/www.leprojecteurguinee.com\/","name":"leprojecteurguinee","description":"Nous luttons contre les pratiques obscures","potentialAction":[{"@type":"SearchAction","target":{"@type":"EntryPoint","urlTemplate":"https:\/\/www.leprojecteurguinee.com\/?s={search_term_string}"},"query-input":{"@type":"PropertyValueSpecification","valueRequired":true,"valueName":"search_term_string"}}],"inLanguage":"fr-FR"},{"@type":"Person","@id":"https:\/\/www.leprojecteurguinee.com\/#\/schema\/person\/c9d1602e593b11af0b295bdf5e12a59a","name":"www.leprojecteurguinee.com","image":{"@type":"ImageObject","inLanguage":"fr-FR","@id":"https:\/\/www.leprojecteurguinee.com\/#\/schema\/person\/image\/","url":"https:\/\/secure.gravatar.com\/avatar\/d73703fcd03dcba36d2bb23326e491935423a46800f1ebf8f61b70e62b70e55a?s=96&d=mm&r=g","contentUrl":"https:\/\/secure.gravatar.com\/avatar\/d73703fcd03dcba36d2bb23326e491935423a46800f1ebf8f61b70e62b70e55a?s=96&d=mm&r=g","caption":"www.leprojecteurguinee.com"},"description":"Administrateur G\u00e9n\u00e9ral","sameAs":["http:\/\/www.leprojeceteurguinee.com"],"url":"https:\/\/www.leprojecteurguinee.com\/index.php\/author\/fadigagn\/"}]}},"_links":{"self":[{"href":"https:\/\/www.leprojecteurguinee.com\/index.php\/wp-json\/wp\/v2\/posts\/4981","targetHints":{"allow":["GET"]}}],"collection":[{"href":"https:\/\/www.leprojecteurguinee.com\/index.php\/wp-json\/wp\/v2\/posts"}],"about":[{"href":"https:\/\/www.leprojecteurguinee.com\/index.php\/wp-json\/wp\/v2\/types\/post"}],"author":[{"embeddable":true,"href":"https:\/\/www.leprojecteurguinee.com\/index.php\/wp-json\/wp\/v2\/users\/2"}],"replies":[{"embeddable":true,"href":"https:\/\/www.leprojecteurguinee.com\/index.php\/wp-json\/wp\/v2\/comments?post=4981"}],"version-history":[{"count":0,"href":"https:\/\/www.leprojecteurguinee.com\/index.php\/wp-json\/wp\/v2\/posts\/4981\/revisions"}],"wp:featuredmedia":[{"embeddable":true,"href":"https:\/\/www.leprojecteurguinee.com\/index.php\/wp-json\/wp\/v2\/media\/4984"}],"wp:attachment":[{"href":"https:\/\/www.leprojecteurguinee.com\/index.php\/wp-json\/wp\/v2\/media?parent=4981"}],"wp:term":[{"taxonomy":"category","embeddable":true,"href":"https:\/\/www.leprojecteurguinee.com\/index.php\/wp-json\/wp\/v2\/categories?post=4981"},{"taxonomy":"post_tag","embeddable":true,"href":"https:\/\/www.leprojecteurguinee.com\/index.php\/wp-json\/wp\/v2\/tags?post=4981"}],"curies":[{"name":"wp","href":"https:\/\/api.w.org\/{rel}","templated":true}]}}