{"id":4856,"date":"2024-11-29T22:35:26","date_gmt":"2024-11-29T22:35:26","guid":{"rendered":"https:\/\/www.leprojecteurguinee.com\/?p=4856"},"modified":"2024-11-29T22:35:28","modified_gmt":"2024-11-29T22:35:28","slug":"religion-le-1er-imam-de-kankan-suspendu-par-le-sotikemo-pour-trois-3-mois","status":"publish","type":"post","link":"https:\/\/www.leprojecteurguinee.com\/index.php\/2024\/11\/29\/religion-le-1er-imam-de-kankan-suspendu-par-le-sotikemo-pour-trois-3-mois\/","title":{"rendered":"Religion : le 1er Imam de Kankan suspendu par le Sotik\u00eamo pour trois (3) mois"},"content":{"rendered":"\n<p><strong>Le premier Imam de la grande mosqu\u00e9e de Kankan, devra attendre quatre vingt-dix jours (90) pour officier une premi\u00e8re dans sa propre mosqu\u00e9e.<\/strong><\/p>\n\n\n\n<p>Ainsi en a d\u00e9cid\u00e9, la notabilit\u00e9 du Nabaya.La d\u00e9cision de la suspension de Elhadj karamo Bangaly Kaba a \u00e9t\u00e9 prononc\u00e9e ce 29 novembre par le porte-parole du Sotik\u00eamo.<\/p>\n\n\n\n<p>Selon des sources, le grand Imam a refus\u00e9 de sign\u00e9 de nouvelles listes des membres du conseil quartier de la mosqu\u00e9e propos\u00e9s par le Sotik\u00eamo. D\u2019autres font savoir que l\u2019Imam en question \u00e0 un poste au sein de cette grande mosqu\u00e9e. Chose qui a irrit\u00e9 certains et qui a \u00e9t\u00e9 source d\u2019un bras de fer.<\/p>\n\n\n\n<p><strong>Leprojecteurguinee.com<\/strong> <\/p>\n","protected":false},"excerpt":{"rendered":"<p>Le premier Imam de la grande mosqu\u00e9e de Kankan, devra attendre quatre vingt-dix jours (90) pour officier une premi\u00e8re dans sa propre mosqu\u00e9e. Ainsi en a d\u00e9cid\u00e9, la notabilit\u00e9 du Nabaya.La d\u00e9cision de la suspension de Elhadj karamo Bangaly Kaba a \u00e9t\u00e9 prononc\u00e9e ce 29 novembre par le porte-parole du Sotik\u00eamo. Selon des sources, le [&hellip;]<\/p>\n","protected":false},"author":2,"featured_media":4857,"comment_status":"open","ping_status":"open","sticky":false,"template":"","format":"standard","meta":{"footnotes":""},"categories":[16,20],"tags":[],"class_list":["post-4856","post","type-post","status-publish","format-standard","has-post-thumbnail","hentry","category-actualites","category-societe"],"yoast_head":"<!-- This site is optimized with the Yoast SEO plugin v26.8 - https:\/\/yoast.com\/product\/yoast-seo-wordpress\/ -->\n<title>Religion : le 1er Imam de Kankan suspendu par le Sotik\u00eamo pour trois (3) mois - leprojecteurguinee<\/title>\n<meta name=\"robots\" content=\"index, follow, max-snippet:-1, max-image-preview:large, max-video-preview:-1\" \/>\n<link rel=\"canonical\" href=\"https:\/\/www.leprojecteurguinee.com\/index.php\/2024\/11\/29\/religion-le-1er-imam-de-kankan-suspendu-par-le-sotikemo-pour-trois-3-mois\/\" \/>\n<meta property=\"og:locale\" content=\"fr_FR\" \/>\n<meta property=\"og:type\" content=\"article\" \/>\n<meta property=\"og:title\" content=\"Religion : le 1er Imam de Kankan suspendu par le Sotik\u00eamo pour trois (3) mois - leprojecteurguinee\" \/>\n<meta property=\"og:description\" content=\"Le premier Imam de la grande mosqu\u00e9e de Kankan, devra attendre quatre vingt-dix jours (90) pour officier une premi\u00e8re dans sa propre mosqu\u00e9e. Ainsi en a d\u00e9cid\u00e9, la notabilit\u00e9 du Nabaya.La d\u00e9cision de la suspension de Elhadj karamo Bangaly Kaba a \u00e9t\u00e9 prononc\u00e9e ce 29 novembre par le porte-parole du Sotik\u00eamo. Selon des sources, le [&hellip;]\" \/>\n<meta property=\"og:url\" content=\"https:\/\/www.leprojecteurguinee.com\/index.php\/2024\/11\/29\/religion-le-1er-imam-de-kankan-suspendu-par-le-sotikemo-pour-trois-3-mois\/\" \/>\n<meta property=\"og:site_name\" content=\"leprojecteurguinee\" \/>\n<meta property=\"article:published_time\" content=\"2024-11-29T22:35:26+00:00\" \/>\n<meta property=\"article:modified_time\" content=\"2024-11-29T22:35:28+00:00\" \/>\n<meta property=\"og:image\" content=\"https:\/\/www.leprojecteurguinee.com\/wp-content\/uploads\/2024\/11\/Screenshot_20241129-223351_Lite.jpg\" \/>\n\t<meta property=\"og:image:width\" content=\"662\" \/>\n\t<meta property=\"og:image:height\" content=\"446\" \/>\n\t<meta property=\"og:image:type\" content=\"image\/jpeg\" \/>\n<meta name=\"author\" content=\"www.leprojecteurguinee.com\" \/>\n<meta name=\"twitter:card\" content=\"summary_large_image\" \/>\n<meta name=\"twitter:label1\" content=\"\u00c9crit par\" \/>\n\t<meta name=\"twitter:data1\" content=\"www.leprojecteurguinee.com\" \/>\n\t<meta name=\"twitter:label2\" content=\"Dur\u00e9e de lecture estim\u00e9e\" \/>\n\t<meta name=\"twitter:data2\" content=\"1 minute\" \/>\n<script type=\"application\/ld+json\" class=\"yoast-schema-graph\">{\"@context\":\"https:\/\/schema.org\",\"@graph\":[{\"@type\":\"Article\",\"@id\":\"https:\/\/www.leprojecteurguinee.com\/index.php\/2024\/11\/29\/religion-le-1er-imam-de-kankan-suspendu-par-le-sotikemo-pour-trois-3-mois\/#article\",\"isPartOf\":{\"@id\":\"https:\/\/www.leprojecteurguinee.com\/index.php\/2024\/11\/29\/religion-le-1er-imam-de-kankan-suspendu-par-le-sotikemo-pour-trois-3-mois\/\"},\"author\":{\"name\":\"www.leprojecteurguinee.com\",\"@id\":\"https:\/\/www.leprojecteurguinee.com\/#\/schema\/person\/c9d1602e593b11af0b295bdf5e12a59a\"},\"headline\":\"Religion : le 1er Imam de Kankan suspendu par le Sotik\u00eamo pour trois (3) mois\",\"datePublished\":\"2024-11-29T22:35:26+00:00\",\"dateModified\":\"2024-11-29T22:35:28+00:00\",\"mainEntityOfPage\":{\"@id\":\"https:\/\/www.leprojecteurguinee.com\/index.php\/2024\/11\/29\/religion-le-1er-imam-de-kankan-suspendu-par-le-sotikemo-pour-trois-3-mois\/\"},\"wordCount\":134,\"commentCount\":0,\"image\":{\"@id\":\"https:\/\/www.leprojecteurguinee.com\/index.php\/2024\/11\/29\/religion-le-1er-imam-de-kankan-suspendu-par-le-sotikemo-pour-trois-3-mois\/#primaryimage\"},\"thumbnailUrl\":\"https:\/\/www.leprojecteurguinee.com\/wp-content\/uploads\/2024\/11\/Screenshot_20241129-223351_Lite.jpg\",\"articleSection\":[\"Actualit\u00e9s\",\"Soci\u00e9t\u00e9\"],\"inLanguage\":\"fr-FR\",\"potentialAction\":[{\"@type\":\"CommentAction\",\"name\":\"Comment\",\"target\":[\"https:\/\/www.leprojecteurguinee.com\/index.php\/2024\/11\/29\/religion-le-1er-imam-de-kankan-suspendu-par-le-sotikemo-pour-trois-3-mois\/#respond\"]}]},{\"@type\":\"WebPage\",\"@id\":\"https:\/\/www.leprojecteurguinee.com\/index.php\/2024\/11\/29\/religion-le-1er-imam-de-kankan-suspendu-par-le-sotikemo-pour-trois-3-mois\/\",\"url\":\"https:\/\/www.leprojecteurguinee.com\/index.php\/2024\/11\/29\/religion-le-1er-imam-de-kankan-suspendu-par-le-sotikemo-pour-trois-3-mois\/\",\"name\":\"Religion : le 1er Imam de Kankan suspendu par le Sotik\u00eamo pour trois (3) mois - leprojecteurguinee\",\"isPartOf\":{\"@id\":\"https:\/\/www.leprojecteurguinee.com\/#website\"},\"primaryImageOfPage\":{\"@id\":\"https:\/\/www.leprojecteurguinee.com\/index.php\/2024\/11\/29\/religion-le-1er-imam-de-kankan-suspendu-par-le-sotikemo-pour-trois-3-mois\/#primaryimage\"},\"image\":{\"@id\":\"https:\/\/www.leprojecteurguinee.com\/index.php\/2024\/11\/29\/religion-le-1er-imam-de-kankan-suspendu-par-le-sotikemo-pour-trois-3-mois\/#primaryimage\"},\"thumbnailUrl\":\"https:\/\/www.leprojecteurguinee.com\/wp-content\/uploads\/2024\/11\/Screenshot_20241129-223351_Lite.jpg\",\"datePublished\":\"2024-11-29T22:35:26+00:00\",\"dateModified\":\"2024-11-29T22:35:28+00:00\",\"author\":{\"@id\":\"https:\/\/www.leprojecteurguinee.com\/#\/schema\/person\/c9d1602e593b11af0b295bdf5e12a59a\"},\"breadcrumb\":{\"@id\":\"https:\/\/www.leprojecteurguinee.com\/index.php\/2024\/11\/29\/religion-le-1er-imam-de-kankan-suspendu-par-le-sotikemo-pour-trois-3-mois\/#breadcrumb\"},\"inLanguage\":\"fr-FR\",\"potentialAction\":[{\"@type\":\"ReadAction\",\"target\":[\"https:\/\/www.leprojecteurguinee.com\/index.php\/2024\/11\/29\/religion-le-1er-imam-de-kankan-suspendu-par-le-sotikemo-pour-trois-3-mois\/\"]}]},{\"@type\":\"ImageObject\",\"inLanguage\":\"fr-FR\",\"@id\":\"https:\/\/www.leprojecteurguinee.com\/index.php\/2024\/11\/29\/religion-le-1er-imam-de-kankan-suspendu-par-le-sotikemo-pour-trois-3-mois\/#primaryimage\",\"url\":\"https:\/\/www.leprojecteurguinee.com\/wp-content\/uploads\/2024\/11\/Screenshot_20241129-223351_Lite.jpg\",\"contentUrl\":\"https:\/\/www.leprojecteurguinee.com\/wp-content\/uploads\/2024\/11\/Screenshot_20241129-223351_Lite.jpg\",\"width\":662,\"height\":446},{\"@type\":\"BreadcrumbList\",\"@id\":\"https:\/\/www.leprojecteurguinee.com\/index.php\/2024\/11\/29\/religion-le-1er-imam-de-kankan-suspendu-par-le-sotikemo-pour-trois-3-mois\/#breadcrumb\",\"itemListElement\":[{\"@type\":\"ListItem\",\"position\":1,\"name\":\"Accueil\",\"item\":\"https:\/\/www.leprojecteurguinee.com\/\"},{\"@type\":\"ListItem\",\"position\":2,\"name\":\"Religion : le 1er Imam de Kankan suspendu par le Sotik\u00eamo pour trois (3) mois\"}]},{\"@type\":\"WebSite\",\"@id\":\"https:\/\/www.leprojecteurguinee.com\/#website\",\"url\":\"https:\/\/www.leprojecteurguinee.com\/\",\"name\":\"leprojecteurguinee\",\"description\":\"Nous luttons contre les pratiques obscures\",\"potentialAction\":[{\"@type\":\"SearchAction\",\"target\":{\"@type\":\"EntryPoint\",\"urlTemplate\":\"https:\/\/www.leprojecteurguinee.com\/?s={search_term_string}\"},\"query-input\":{\"@type\":\"PropertyValueSpecification\",\"valueRequired\":true,\"valueName\":\"search_term_string\"}}],\"inLanguage\":\"fr-FR\"},{\"@type\":\"Person\",\"@id\":\"https:\/\/www.leprojecteurguinee.com\/#\/schema\/person\/c9d1602e593b11af0b295bdf5e12a59a\",\"name\":\"www.leprojecteurguinee.com\",\"image\":{\"@type\":\"ImageObject\",\"inLanguage\":\"fr-FR\",\"@id\":\"https:\/\/www.leprojecteurguinee.com\/#\/schema\/person\/image\/\",\"url\":\"https:\/\/secure.gravatar.com\/avatar\/d73703fcd03dcba36d2bb23326e491935423a46800f1ebf8f61b70e62b70e55a?s=96&d=mm&r=g\",\"contentUrl\":\"https:\/\/secure.gravatar.com\/avatar\/d73703fcd03dcba36d2bb23326e491935423a46800f1ebf8f61b70e62b70e55a?s=96&d=mm&r=g\",\"caption\":\"www.leprojecteurguinee.com\"},\"description\":\"Administrateur G\u00e9n\u00e9ral\",\"sameAs\":[\"http:\/\/www.leprojeceteurguinee.com\"],\"url\":\"https:\/\/www.leprojecteurguinee.com\/index.php\/author\/fadigagn\/\"}]}<\/script>\n<!-- \/ Yoast SEO plugin. -->","yoast_head_json":{"title":"Religion : le 1er Imam de Kankan suspendu par le Sotik\u00eamo pour trois (3) mois - leprojecteurguinee","robots":{"index":"index","follow":"follow","max-snippet":"max-snippet:-1","max-image-preview":"max-image-preview:large","max-video-preview":"max-video-preview:-1"},"canonical":"https:\/\/www.leprojecteurguinee.com\/index.php\/2024\/11\/29\/religion-le-1er-imam-de-kankan-suspendu-par-le-sotikemo-pour-trois-3-mois\/","og_locale":"fr_FR","og_type":"article","og_title":"Religion : le 1er Imam de Kankan suspendu par le Sotik\u00eamo pour trois (3) mois - leprojecteurguinee","og_description":"Le premier Imam de la grande mosqu\u00e9e de Kankan, devra attendre quatre vingt-dix jours (90) pour officier une premi\u00e8re dans sa propre mosqu\u00e9e. Ainsi en a d\u00e9cid\u00e9, la notabilit\u00e9 du Nabaya.La d\u00e9cision de la suspension de Elhadj karamo Bangaly Kaba a \u00e9t\u00e9 prononc\u00e9e ce 29 novembre par le porte-parole du Sotik\u00eamo. Selon des sources, le [&hellip;]","og_url":"https:\/\/www.leprojecteurguinee.com\/index.php\/2024\/11\/29\/religion-le-1er-imam-de-kankan-suspendu-par-le-sotikemo-pour-trois-3-mois\/","og_site_name":"leprojecteurguinee","article_published_time":"2024-11-29T22:35:26+00:00","article_modified_time":"2024-11-29T22:35:28+00:00","og_image":[{"width":662,"height":446,"url":"https:\/\/www.leprojecteurguinee.com\/wp-content\/uploads\/2024\/11\/Screenshot_20241129-223351_Lite.jpg","type":"image\/jpeg"}],"author":"www.leprojecteurguinee.com","twitter_card":"summary_large_image","twitter_misc":{"\u00c9crit par":"www.leprojecteurguinee.com","Dur\u00e9e de lecture estim\u00e9e":"1 minute"},"schema":{"@context":"https:\/\/schema.org","@graph":[{"@type":"Article","@id":"https:\/\/www.leprojecteurguinee.com\/index.php\/2024\/11\/29\/religion-le-1er-imam-de-kankan-suspendu-par-le-sotikemo-pour-trois-3-mois\/#article","isPartOf":{"@id":"https:\/\/www.leprojecteurguinee.com\/index.php\/2024\/11\/29\/religion-le-1er-imam-de-kankan-suspendu-par-le-sotikemo-pour-trois-3-mois\/"},"author":{"name":"www.leprojecteurguinee.com","@id":"https:\/\/www.leprojecteurguinee.com\/#\/schema\/person\/c9d1602e593b11af0b295bdf5e12a59a"},"headline":"Religion : le 1er Imam de Kankan suspendu par le Sotik\u00eamo pour trois (3) mois","datePublished":"2024-11-29T22:35:26+00:00","dateModified":"2024-11-29T22:35:28+00:00","mainEntityOfPage":{"@id":"https:\/\/www.leprojecteurguinee.com\/index.php\/2024\/11\/29\/religion-le-1er-imam-de-kankan-suspendu-par-le-sotikemo-pour-trois-3-mois\/"},"wordCount":134,"commentCount":0,"image":{"@id":"https:\/\/www.leprojecteurguinee.com\/index.php\/2024\/11\/29\/religion-le-1er-imam-de-kankan-suspendu-par-le-sotikemo-pour-trois-3-mois\/#primaryimage"},"thumbnailUrl":"https:\/\/www.leprojecteurguinee.com\/wp-content\/uploads\/2024\/11\/Screenshot_20241129-223351_Lite.jpg","articleSection":["Actualit\u00e9s","Soci\u00e9t\u00e9"],"inLanguage":"fr-FR","potentialAction":[{"@type":"CommentAction","name":"Comment","target":["https:\/\/www.leprojecteurguinee.com\/index.php\/2024\/11\/29\/religion-le-1er-imam-de-kankan-suspendu-par-le-sotikemo-pour-trois-3-mois\/#respond"]}]},{"@type":"WebPage","@id":"https:\/\/www.leprojecteurguinee.com\/index.php\/2024\/11\/29\/religion-le-1er-imam-de-kankan-suspendu-par-le-sotikemo-pour-trois-3-mois\/","url":"https:\/\/www.leprojecteurguinee.com\/index.php\/2024\/11\/29\/religion-le-1er-imam-de-kankan-suspendu-par-le-sotikemo-pour-trois-3-mois\/","name":"Religion : le 1er Imam de Kankan suspendu par le Sotik\u00eamo pour trois (3) mois - leprojecteurguinee","isPartOf":{"@id":"https:\/\/www.leprojecteurguinee.com\/#website"},"primaryImageOfPage":{"@id":"https:\/\/www.leprojecteurguinee.com\/index.php\/2024\/11\/29\/religion-le-1er-imam-de-kankan-suspendu-par-le-sotikemo-pour-trois-3-mois\/#primaryimage"},"image":{"@id":"https:\/\/www.leprojecteurguinee.com\/index.php\/2024\/11\/29\/religion-le-1er-imam-de-kankan-suspendu-par-le-sotikemo-pour-trois-3-mois\/#primaryimage"},"thumbnailUrl":"https:\/\/www.leprojecteurguinee.com\/wp-content\/uploads\/2024\/11\/Screenshot_20241129-223351_Lite.jpg","datePublished":"2024-11-29T22:35:26+00:00","dateModified":"2024-11-29T22:35:28+00:00","author":{"@id":"https:\/\/www.leprojecteurguinee.com\/#\/schema\/person\/c9d1602e593b11af0b295bdf5e12a59a"},"breadcrumb":{"@id":"https:\/\/www.leprojecteurguinee.com\/index.php\/2024\/11\/29\/religion-le-1er-imam-de-kankan-suspendu-par-le-sotikemo-pour-trois-3-mois\/#breadcrumb"},"inLanguage":"fr-FR","potentialAction":[{"@type":"ReadAction","target":["https:\/\/www.leprojecteurguinee.com\/index.php\/2024\/11\/29\/religion-le-1er-imam-de-kankan-suspendu-par-le-sotikemo-pour-trois-3-mois\/"]}]},{"@type":"ImageObject","inLanguage":"fr-FR","@id":"https:\/\/www.leprojecteurguinee.com\/index.php\/2024\/11\/29\/religion-le-1er-imam-de-kankan-suspendu-par-le-sotikemo-pour-trois-3-mois\/#primaryimage","url":"https:\/\/www.leprojecteurguinee.com\/wp-content\/uploads\/2024\/11\/Screenshot_20241129-223351_Lite.jpg","contentUrl":"https:\/\/www.leprojecteurguinee.com\/wp-content\/uploads\/2024\/11\/Screenshot_20241129-223351_Lite.jpg","width":662,"height":446},{"@type":"BreadcrumbList","@id":"https:\/\/www.leprojecteurguinee.com\/index.php\/2024\/11\/29\/religion-le-1er-imam-de-kankan-suspendu-par-le-sotikemo-pour-trois-3-mois\/#breadcrumb","itemListElement":[{"@type":"ListItem","position":1,"name":"Accueil","item":"https:\/\/www.leprojecteurguinee.com\/"},{"@type":"ListItem","position":2,"name":"Religion : le 1er Imam de Kankan suspendu par le Sotik\u00eamo pour trois (3) mois"}]},{"@type":"WebSite","@id":"https:\/\/www.leprojecteurguinee.com\/#website","url":"https:\/\/www.leprojecteurguinee.com\/","name":"leprojecteurguinee","description":"Nous luttons contre les pratiques obscures","potentialAction":[{"@type":"SearchAction","target":{"@type":"EntryPoint","urlTemplate":"https:\/\/www.leprojecteurguinee.com\/?s={search_term_string}"},"query-input":{"@type":"PropertyValueSpecification","valueRequired":true,"valueName":"search_term_string"}}],"inLanguage":"fr-FR"},{"@type":"Person","@id":"https:\/\/www.leprojecteurguinee.com\/#\/schema\/person\/c9d1602e593b11af0b295bdf5e12a59a","name":"www.leprojecteurguinee.com","image":{"@type":"ImageObject","inLanguage":"fr-FR","@id":"https:\/\/www.leprojecteurguinee.com\/#\/schema\/person\/image\/","url":"https:\/\/secure.gravatar.com\/avatar\/d73703fcd03dcba36d2bb23326e491935423a46800f1ebf8f61b70e62b70e55a?s=96&d=mm&r=g","contentUrl":"https:\/\/secure.gravatar.com\/avatar\/d73703fcd03dcba36d2bb23326e491935423a46800f1ebf8f61b70e62b70e55a?s=96&d=mm&r=g","caption":"www.leprojecteurguinee.com"},"description":"Administrateur G\u00e9n\u00e9ral","sameAs":["http:\/\/www.leprojeceteurguinee.com"],"url":"https:\/\/www.leprojecteurguinee.com\/index.php\/author\/fadigagn\/"}]}},"_links":{"self":[{"href":"https:\/\/www.leprojecteurguinee.com\/index.php\/wp-json\/wp\/v2\/posts\/4856","targetHints":{"allow":["GET"]}}],"collection":[{"href":"https:\/\/www.leprojecteurguinee.com\/index.php\/wp-json\/wp\/v2\/posts"}],"about":[{"href":"https:\/\/www.leprojecteurguinee.com\/index.php\/wp-json\/wp\/v2\/types\/post"}],"author":[{"embeddable":true,"href":"https:\/\/www.leprojecteurguinee.com\/index.php\/wp-json\/wp\/v2\/users\/2"}],"replies":[{"embeddable":true,"href":"https:\/\/www.leprojecteurguinee.com\/index.php\/wp-json\/wp\/v2\/comments?post=4856"}],"version-history":[{"count":0,"href":"https:\/\/www.leprojecteurguinee.com\/index.php\/wp-json\/wp\/v2\/posts\/4856\/revisions"}],"wp:featuredmedia":[{"embeddable":true,"href":"https:\/\/www.leprojecteurguinee.com\/index.php\/wp-json\/wp\/v2\/media\/4857"}],"wp:attachment":[{"href":"https:\/\/www.leprojecteurguinee.com\/index.php\/wp-json\/wp\/v2\/media?parent=4856"}],"wp:term":[{"taxonomy":"category","embeddable":true,"href":"https:\/\/www.leprojecteurguinee.com\/index.php\/wp-json\/wp\/v2\/categories?post=4856"},{"taxonomy":"post_tag","embeddable":true,"href":"https:\/\/www.leprojecteurguinee.com\/index.php\/wp-json\/wp\/v2\/tags?post=4856"}],"curies":[{"name":"wp","href":"https:\/\/api.w.org\/{rel}","templated":true}]}}