{"id":4807,"date":"2024-11-26T20:35:44","date_gmt":"2024-11-26T20:35:44","guid":{"rendered":"https:\/\/www.leprojecteurguinee.com\/?p=4807"},"modified":"2024-11-26T20:36:36","modified_gmt":"2024-11-26T20:36:36","slug":"pn-ravec-matoto-les-membres-du-comite-communal-de-suivi-en-renforcement-de-capacites","status":"publish","type":"post","link":"https:\/\/www.leprojecteurguinee.com\/index.php\/2024\/11\/26\/pn-ravec-matoto-les-membres-du-comite-communal-de-suivi-en-renforcement-de-capacites\/","title":{"rendered":"PN-RAVEC Matoto: Les membres du comit\u00e9 communal de suivi en renforcement de capacit\u00e9s"},"content":{"rendered":"\n<p><strong>Apr\u00e8s le lancement officiel du Programme National du Recensement \u00e0 Vocation d&rsquo;Etat Civil, la formation des membres du comit\u00e9 communal et de suivi a d\u00e9marr\u00e9 ce mardi 26 novembre 2024 \u00e0 Matoto.<\/strong><\/p>\n\n\n\n<p>Cette session de formation regroupe les cadres des services techniques notamment la sant\u00e9, les forces de d\u00e9fense et de s\u00e9curit\u00e9, mais aussi les responsables des quartiers qui composent le Comit\u00e9 Communal de Suivi.<\/p>\n\n\n\n<p>M. le Secr\u00e9taire G\u00e9n\u00e9ral M.Mamadi Nab\u00e9 a exhort\u00e9 les diff\u00e9rents services techniques impliqu\u00e9s dans ce processus de prendre toutes les dispositions n\u00e9cessaires pour la mise en \u0153uvre de ce projet phare de l&rsquo;Etat.<\/p>\n\n\n\n<figure class=\"wp-block-gallery aligncenter has-nested-images columns-default is-cropped wp-block-gallery-1 is-layout-flex wp-block-gallery-is-layout-flex\"><div class=\"wp-block-image\">\n<figure class=\"aligncenter size-large\"><img loading=\"lazy\" decoding=\"async\" width=\"720\" height=\"480\" data-id=\"4808\" src=\"https:\/\/www.leprojecteurguinee.com\/wp-content\/uploads\/2024\/11\/1732652949865.jpg\" alt=\"\" class=\"wp-image-4808\" srcset=\"https:\/\/www.leprojecteurguinee.com\/wp-content\/uploads\/2024\/11\/1732652949865.jpg 720w, https:\/\/www.leprojecteurguinee.com\/wp-content\/uploads\/2024\/11\/1732652949865-300x200.jpg 300w\" sizes=\"auto, (max-width: 720px) 100vw, 720px\" \/><\/figure>\n<\/div><\/figure>\n\n\n\n<p>De son c\u00f4t\u00e9, le Vice-pr\u00e9sident du conseil Communal de Matoto M. Mahamadou Sylla a invit\u00e9 tous les membres de ce comit\u00e9 d&rsquo;accorder l&rsquo;importance \u00e0 cette activit\u00e9 afin de permettre aux citoyens d&rsquo;avoir une identit\u00e9 avant de d\u00e9clarer ouverte cette session e formation.<\/p>\n","protected":false},"excerpt":{"rendered":"<p>Apr\u00e8s le lancement officiel du Programme National du Recensement \u00e0 Vocation d&rsquo;Etat Civil, la formation des membres du comit\u00e9 communal et de suivi a d\u00e9marr\u00e9 ce mardi 26 novembre 2024 \u00e0 Matoto. Cette session de formation regroupe les cadres des services techniques notamment la sant\u00e9, les forces de d\u00e9fense et de s\u00e9curit\u00e9, mais aussi les [&hellip;]<\/p>\n","protected":false},"author":2,"featured_media":4809,"comment_status":"open","ping_status":"open","sticky":false,"template":"","format":"standard","meta":{"footnotes":""},"categories":[16,20],"tags":[],"class_list":["post-4807","post","type-post","status-publish","format-standard","has-post-thumbnail","hentry","category-actualites","category-societe"],"yoast_head":"<!-- This site is optimized with the Yoast SEO plugin v26.8 - https:\/\/yoast.com\/product\/yoast-seo-wordpress\/ -->\n<title>PN-RAVEC Matoto: Les membres du comit\u00e9 communal de suivi en renforcement de capacit\u00e9s - leprojecteurguinee<\/title>\n<meta name=\"robots\" content=\"index, follow, max-snippet:-1, max-image-preview:large, max-video-preview:-1\" \/>\n<link rel=\"canonical\" href=\"https:\/\/www.leprojecteurguinee.com\/index.php\/2024\/11\/26\/pn-ravec-matoto-les-membres-du-comite-communal-de-suivi-en-renforcement-de-capacites\/\" \/>\n<meta property=\"og:locale\" content=\"fr_FR\" \/>\n<meta property=\"og:type\" content=\"article\" \/>\n<meta property=\"og:title\" content=\"PN-RAVEC Matoto: Les membres du comit\u00e9 communal de suivi en renforcement de capacit\u00e9s - leprojecteurguinee\" \/>\n<meta property=\"og:description\" content=\"Apr\u00e8s le lancement officiel du Programme National du Recensement \u00e0 Vocation d&rsquo;Etat Civil, la formation des membres du comit\u00e9 communal et de suivi a d\u00e9marr\u00e9 ce mardi 26 novembre 2024 \u00e0 Matoto. Cette session de formation regroupe les cadres des services techniques notamment la sant\u00e9, les forces de d\u00e9fense et de s\u00e9curit\u00e9, mais aussi les [&hellip;]\" \/>\n<meta property=\"og:url\" content=\"https:\/\/www.leprojecteurguinee.com\/index.php\/2024\/11\/26\/pn-ravec-matoto-les-membres-du-comite-communal-de-suivi-en-renforcement-de-capacites\/\" \/>\n<meta property=\"og:site_name\" content=\"leprojecteurguinee\" \/>\n<meta property=\"article:published_time\" content=\"2024-11-26T20:35:44+00:00\" \/>\n<meta property=\"article:modified_time\" content=\"2024-11-26T20:36:36+00:00\" \/>\n<meta property=\"og:image\" content=\"https:\/\/www.leprojecteurguinee.com\/wp-content\/uploads\/2024\/11\/1732652955765.jpg\" \/>\n\t<meta property=\"og:image:width\" content=\"720\" \/>\n\t<meta property=\"og:image:height\" content=\"480\" \/>\n\t<meta property=\"og:image:type\" content=\"image\/jpeg\" \/>\n<meta name=\"author\" content=\"www.leprojecteurguinee.com\" \/>\n<meta name=\"twitter:card\" content=\"summary_large_image\" \/>\n<meta name=\"twitter:label1\" content=\"\u00c9crit par\" \/>\n\t<meta name=\"twitter:data1\" content=\"www.leprojecteurguinee.com\" \/>\n\t<meta name=\"twitter:label2\" content=\"Dur\u00e9e de lecture estim\u00e9e\" \/>\n\t<meta name=\"twitter:data2\" content=\"2 minutes\" \/>\n<script type=\"application\/ld+json\" class=\"yoast-schema-graph\">{\"@context\":\"https:\/\/schema.org\",\"@graph\":[{\"@type\":\"Article\",\"@id\":\"https:\/\/www.leprojecteurguinee.com\/index.php\/2024\/11\/26\/pn-ravec-matoto-les-membres-du-comite-communal-de-suivi-en-renforcement-de-capacites\/#article\",\"isPartOf\":{\"@id\":\"https:\/\/www.leprojecteurguinee.com\/index.php\/2024\/11\/26\/pn-ravec-matoto-les-membres-du-comite-communal-de-suivi-en-renforcement-de-capacites\/\"},\"author\":{\"name\":\"www.leprojecteurguinee.com\",\"@id\":\"https:\/\/www.leprojecteurguinee.com\/#\/schema\/person\/c9d1602e593b11af0b295bdf5e12a59a\"},\"headline\":\"PN-RAVEC Matoto: Les membres du comit\u00e9 communal de suivi en renforcement de capacit\u00e9s\",\"datePublished\":\"2024-11-26T20:35:44+00:00\",\"dateModified\":\"2024-11-26T20:36:36+00:00\",\"mainEntityOfPage\":{\"@id\":\"https:\/\/www.leprojecteurguinee.com\/index.php\/2024\/11\/26\/pn-ravec-matoto-les-membres-du-comite-communal-de-suivi-en-renforcement-de-capacites\/\"},\"wordCount\":168,\"commentCount\":0,\"image\":{\"@id\":\"https:\/\/www.leprojecteurguinee.com\/index.php\/2024\/11\/26\/pn-ravec-matoto-les-membres-du-comite-communal-de-suivi-en-renforcement-de-capacites\/#primaryimage\"},\"thumbnailUrl\":\"https:\/\/www.leprojecteurguinee.com\/wp-content\/uploads\/2024\/11\/1732652955765.jpg\",\"articleSection\":[\"Actualit\u00e9s\",\"Soci\u00e9t\u00e9\"],\"inLanguage\":\"fr-FR\",\"potentialAction\":[{\"@type\":\"CommentAction\",\"name\":\"Comment\",\"target\":[\"https:\/\/www.leprojecteurguinee.com\/index.php\/2024\/11\/26\/pn-ravec-matoto-les-membres-du-comite-communal-de-suivi-en-renforcement-de-capacites\/#respond\"]}]},{\"@type\":\"WebPage\",\"@id\":\"https:\/\/www.leprojecteurguinee.com\/index.php\/2024\/11\/26\/pn-ravec-matoto-les-membres-du-comite-communal-de-suivi-en-renforcement-de-capacites\/\",\"url\":\"https:\/\/www.leprojecteurguinee.com\/index.php\/2024\/11\/26\/pn-ravec-matoto-les-membres-du-comite-communal-de-suivi-en-renforcement-de-capacites\/\",\"name\":\"PN-RAVEC Matoto: Les membres du comit\u00e9 communal de suivi en renforcement de capacit\u00e9s - leprojecteurguinee\",\"isPartOf\":{\"@id\":\"https:\/\/www.leprojecteurguinee.com\/#website\"},\"primaryImageOfPage\":{\"@id\":\"https:\/\/www.leprojecteurguinee.com\/index.php\/2024\/11\/26\/pn-ravec-matoto-les-membres-du-comite-communal-de-suivi-en-renforcement-de-capacites\/#primaryimage\"},\"image\":{\"@id\":\"https:\/\/www.leprojecteurguinee.com\/index.php\/2024\/11\/26\/pn-ravec-matoto-les-membres-du-comite-communal-de-suivi-en-renforcement-de-capacites\/#primaryimage\"},\"thumbnailUrl\":\"https:\/\/www.leprojecteurguinee.com\/wp-content\/uploads\/2024\/11\/1732652955765.jpg\",\"datePublished\":\"2024-11-26T20:35:44+00:00\",\"dateModified\":\"2024-11-26T20:36:36+00:00\",\"author\":{\"@id\":\"https:\/\/www.leprojecteurguinee.com\/#\/schema\/person\/c9d1602e593b11af0b295bdf5e12a59a\"},\"breadcrumb\":{\"@id\":\"https:\/\/www.leprojecteurguinee.com\/index.php\/2024\/11\/26\/pn-ravec-matoto-les-membres-du-comite-communal-de-suivi-en-renforcement-de-capacites\/#breadcrumb\"},\"inLanguage\":\"fr-FR\",\"potentialAction\":[{\"@type\":\"ReadAction\",\"target\":[\"https:\/\/www.leprojecteurguinee.com\/index.php\/2024\/11\/26\/pn-ravec-matoto-les-membres-du-comite-communal-de-suivi-en-renforcement-de-capacites\/\"]}]},{\"@type\":\"ImageObject\",\"inLanguage\":\"fr-FR\",\"@id\":\"https:\/\/www.leprojecteurguinee.com\/index.php\/2024\/11\/26\/pn-ravec-matoto-les-membres-du-comite-communal-de-suivi-en-renforcement-de-capacites\/#primaryimage\",\"url\":\"https:\/\/www.leprojecteurguinee.com\/wp-content\/uploads\/2024\/11\/1732652955765.jpg\",\"contentUrl\":\"https:\/\/www.leprojecteurguinee.com\/wp-content\/uploads\/2024\/11\/1732652955765.jpg\",\"width\":720,\"height\":480},{\"@type\":\"BreadcrumbList\",\"@id\":\"https:\/\/www.leprojecteurguinee.com\/index.php\/2024\/11\/26\/pn-ravec-matoto-les-membres-du-comite-communal-de-suivi-en-renforcement-de-capacites\/#breadcrumb\",\"itemListElement\":[{\"@type\":\"ListItem\",\"position\":1,\"name\":\"Accueil\",\"item\":\"https:\/\/www.leprojecteurguinee.com\/\"},{\"@type\":\"ListItem\",\"position\":2,\"name\":\"PN-RAVEC Matoto: Les membres du comit\u00e9 communal de suivi en renforcement de capacit\u00e9s\"}]},{\"@type\":\"WebSite\",\"@id\":\"https:\/\/www.leprojecteurguinee.com\/#website\",\"url\":\"https:\/\/www.leprojecteurguinee.com\/\",\"name\":\"leprojecteurguinee\",\"description\":\"Nous luttons contre les pratiques obscures\",\"potentialAction\":[{\"@type\":\"SearchAction\",\"target\":{\"@type\":\"EntryPoint\",\"urlTemplate\":\"https:\/\/www.leprojecteurguinee.com\/?s={search_term_string}\"},\"query-input\":{\"@type\":\"PropertyValueSpecification\",\"valueRequired\":true,\"valueName\":\"search_term_string\"}}],\"inLanguage\":\"fr-FR\"},{\"@type\":\"Person\",\"@id\":\"https:\/\/www.leprojecteurguinee.com\/#\/schema\/person\/c9d1602e593b11af0b295bdf5e12a59a\",\"name\":\"www.leprojecteurguinee.com\",\"image\":{\"@type\":\"ImageObject\",\"inLanguage\":\"fr-FR\",\"@id\":\"https:\/\/www.leprojecteurguinee.com\/#\/schema\/person\/image\/\",\"url\":\"https:\/\/secure.gravatar.com\/avatar\/d73703fcd03dcba36d2bb23326e491935423a46800f1ebf8f61b70e62b70e55a?s=96&d=mm&r=g\",\"contentUrl\":\"https:\/\/secure.gravatar.com\/avatar\/d73703fcd03dcba36d2bb23326e491935423a46800f1ebf8f61b70e62b70e55a?s=96&d=mm&r=g\",\"caption\":\"www.leprojecteurguinee.com\"},\"description\":\"Administrateur G\u00e9n\u00e9ral\",\"sameAs\":[\"http:\/\/www.leprojeceteurguinee.com\"],\"url\":\"https:\/\/www.leprojecteurguinee.com\/index.php\/author\/fadigagn\/\"}]}<\/script>\n<!-- \/ Yoast SEO plugin. -->","yoast_head_json":{"title":"PN-RAVEC Matoto: Les membres du comit\u00e9 communal de suivi en renforcement de capacit\u00e9s - leprojecteurguinee","robots":{"index":"index","follow":"follow","max-snippet":"max-snippet:-1","max-image-preview":"max-image-preview:large","max-video-preview":"max-video-preview:-1"},"canonical":"https:\/\/www.leprojecteurguinee.com\/index.php\/2024\/11\/26\/pn-ravec-matoto-les-membres-du-comite-communal-de-suivi-en-renforcement-de-capacites\/","og_locale":"fr_FR","og_type":"article","og_title":"PN-RAVEC Matoto: Les membres du comit\u00e9 communal de suivi en renforcement de capacit\u00e9s - leprojecteurguinee","og_description":"Apr\u00e8s le lancement officiel du Programme National du Recensement \u00e0 Vocation d&rsquo;Etat Civil, la formation des membres du comit\u00e9 communal et de suivi a d\u00e9marr\u00e9 ce mardi 26 novembre 2024 \u00e0 Matoto. Cette session de formation regroupe les cadres des services techniques notamment la sant\u00e9, les forces de d\u00e9fense et de s\u00e9curit\u00e9, mais aussi les [&hellip;]","og_url":"https:\/\/www.leprojecteurguinee.com\/index.php\/2024\/11\/26\/pn-ravec-matoto-les-membres-du-comite-communal-de-suivi-en-renforcement-de-capacites\/","og_site_name":"leprojecteurguinee","article_published_time":"2024-11-26T20:35:44+00:00","article_modified_time":"2024-11-26T20:36:36+00:00","og_image":[{"width":720,"height":480,"url":"https:\/\/www.leprojecteurguinee.com\/wp-content\/uploads\/2024\/11\/1732652955765.jpg","type":"image\/jpeg"}],"author":"www.leprojecteurguinee.com","twitter_card":"summary_large_image","twitter_misc":{"\u00c9crit par":"www.leprojecteurguinee.com","Dur\u00e9e de lecture estim\u00e9e":"2 minutes"},"schema":{"@context":"https:\/\/schema.org","@graph":[{"@type":"Article","@id":"https:\/\/www.leprojecteurguinee.com\/index.php\/2024\/11\/26\/pn-ravec-matoto-les-membres-du-comite-communal-de-suivi-en-renforcement-de-capacites\/#article","isPartOf":{"@id":"https:\/\/www.leprojecteurguinee.com\/index.php\/2024\/11\/26\/pn-ravec-matoto-les-membres-du-comite-communal-de-suivi-en-renforcement-de-capacites\/"},"author":{"name":"www.leprojecteurguinee.com","@id":"https:\/\/www.leprojecteurguinee.com\/#\/schema\/person\/c9d1602e593b11af0b295bdf5e12a59a"},"headline":"PN-RAVEC Matoto: Les membres du comit\u00e9 communal de suivi en renforcement de capacit\u00e9s","datePublished":"2024-11-26T20:35:44+00:00","dateModified":"2024-11-26T20:36:36+00:00","mainEntityOfPage":{"@id":"https:\/\/www.leprojecteurguinee.com\/index.php\/2024\/11\/26\/pn-ravec-matoto-les-membres-du-comite-communal-de-suivi-en-renforcement-de-capacites\/"},"wordCount":168,"commentCount":0,"image":{"@id":"https:\/\/www.leprojecteurguinee.com\/index.php\/2024\/11\/26\/pn-ravec-matoto-les-membres-du-comite-communal-de-suivi-en-renforcement-de-capacites\/#primaryimage"},"thumbnailUrl":"https:\/\/www.leprojecteurguinee.com\/wp-content\/uploads\/2024\/11\/1732652955765.jpg","articleSection":["Actualit\u00e9s","Soci\u00e9t\u00e9"],"inLanguage":"fr-FR","potentialAction":[{"@type":"CommentAction","name":"Comment","target":["https:\/\/www.leprojecteurguinee.com\/index.php\/2024\/11\/26\/pn-ravec-matoto-les-membres-du-comite-communal-de-suivi-en-renforcement-de-capacites\/#respond"]}]},{"@type":"WebPage","@id":"https:\/\/www.leprojecteurguinee.com\/index.php\/2024\/11\/26\/pn-ravec-matoto-les-membres-du-comite-communal-de-suivi-en-renforcement-de-capacites\/","url":"https:\/\/www.leprojecteurguinee.com\/index.php\/2024\/11\/26\/pn-ravec-matoto-les-membres-du-comite-communal-de-suivi-en-renforcement-de-capacites\/","name":"PN-RAVEC Matoto: Les membres du comit\u00e9 communal de suivi en renforcement de capacit\u00e9s - leprojecteurguinee","isPartOf":{"@id":"https:\/\/www.leprojecteurguinee.com\/#website"},"primaryImageOfPage":{"@id":"https:\/\/www.leprojecteurguinee.com\/index.php\/2024\/11\/26\/pn-ravec-matoto-les-membres-du-comite-communal-de-suivi-en-renforcement-de-capacites\/#primaryimage"},"image":{"@id":"https:\/\/www.leprojecteurguinee.com\/index.php\/2024\/11\/26\/pn-ravec-matoto-les-membres-du-comite-communal-de-suivi-en-renforcement-de-capacites\/#primaryimage"},"thumbnailUrl":"https:\/\/www.leprojecteurguinee.com\/wp-content\/uploads\/2024\/11\/1732652955765.jpg","datePublished":"2024-11-26T20:35:44+00:00","dateModified":"2024-11-26T20:36:36+00:00","author":{"@id":"https:\/\/www.leprojecteurguinee.com\/#\/schema\/person\/c9d1602e593b11af0b295bdf5e12a59a"},"breadcrumb":{"@id":"https:\/\/www.leprojecteurguinee.com\/index.php\/2024\/11\/26\/pn-ravec-matoto-les-membres-du-comite-communal-de-suivi-en-renforcement-de-capacites\/#breadcrumb"},"inLanguage":"fr-FR","potentialAction":[{"@type":"ReadAction","target":["https:\/\/www.leprojecteurguinee.com\/index.php\/2024\/11\/26\/pn-ravec-matoto-les-membres-du-comite-communal-de-suivi-en-renforcement-de-capacites\/"]}]},{"@type":"ImageObject","inLanguage":"fr-FR","@id":"https:\/\/www.leprojecteurguinee.com\/index.php\/2024\/11\/26\/pn-ravec-matoto-les-membres-du-comite-communal-de-suivi-en-renforcement-de-capacites\/#primaryimage","url":"https:\/\/www.leprojecteurguinee.com\/wp-content\/uploads\/2024\/11\/1732652955765.jpg","contentUrl":"https:\/\/www.leprojecteurguinee.com\/wp-content\/uploads\/2024\/11\/1732652955765.jpg","width":720,"height":480},{"@type":"BreadcrumbList","@id":"https:\/\/www.leprojecteurguinee.com\/index.php\/2024\/11\/26\/pn-ravec-matoto-les-membres-du-comite-communal-de-suivi-en-renforcement-de-capacites\/#breadcrumb","itemListElement":[{"@type":"ListItem","position":1,"name":"Accueil","item":"https:\/\/www.leprojecteurguinee.com\/"},{"@type":"ListItem","position":2,"name":"PN-RAVEC Matoto: Les membres du comit\u00e9 communal de suivi en renforcement de capacit\u00e9s"}]},{"@type":"WebSite","@id":"https:\/\/www.leprojecteurguinee.com\/#website","url":"https:\/\/www.leprojecteurguinee.com\/","name":"leprojecteurguinee","description":"Nous luttons contre les pratiques obscures","potentialAction":[{"@type":"SearchAction","target":{"@type":"EntryPoint","urlTemplate":"https:\/\/www.leprojecteurguinee.com\/?s={search_term_string}"},"query-input":{"@type":"PropertyValueSpecification","valueRequired":true,"valueName":"search_term_string"}}],"inLanguage":"fr-FR"},{"@type":"Person","@id":"https:\/\/www.leprojecteurguinee.com\/#\/schema\/person\/c9d1602e593b11af0b295bdf5e12a59a","name":"www.leprojecteurguinee.com","image":{"@type":"ImageObject","inLanguage":"fr-FR","@id":"https:\/\/www.leprojecteurguinee.com\/#\/schema\/person\/image\/","url":"https:\/\/secure.gravatar.com\/avatar\/d73703fcd03dcba36d2bb23326e491935423a46800f1ebf8f61b70e62b70e55a?s=96&d=mm&r=g","contentUrl":"https:\/\/secure.gravatar.com\/avatar\/d73703fcd03dcba36d2bb23326e491935423a46800f1ebf8f61b70e62b70e55a?s=96&d=mm&r=g","caption":"www.leprojecteurguinee.com"},"description":"Administrateur G\u00e9n\u00e9ral","sameAs":["http:\/\/www.leprojeceteurguinee.com"],"url":"https:\/\/www.leprojecteurguinee.com\/index.php\/author\/fadigagn\/"}]}},"_links":{"self":[{"href":"https:\/\/www.leprojecteurguinee.com\/index.php\/wp-json\/wp\/v2\/posts\/4807","targetHints":{"allow":["GET"]}}],"collection":[{"href":"https:\/\/www.leprojecteurguinee.com\/index.php\/wp-json\/wp\/v2\/posts"}],"about":[{"href":"https:\/\/www.leprojecteurguinee.com\/index.php\/wp-json\/wp\/v2\/types\/post"}],"author":[{"embeddable":true,"href":"https:\/\/www.leprojecteurguinee.com\/index.php\/wp-json\/wp\/v2\/users\/2"}],"replies":[{"embeddable":true,"href":"https:\/\/www.leprojecteurguinee.com\/index.php\/wp-json\/wp\/v2\/comments?post=4807"}],"version-history":[{"count":0,"href":"https:\/\/www.leprojecteurguinee.com\/index.php\/wp-json\/wp\/v2\/posts\/4807\/revisions"}],"wp:featuredmedia":[{"embeddable":true,"href":"https:\/\/www.leprojecteurguinee.com\/index.php\/wp-json\/wp\/v2\/media\/4809"}],"wp:attachment":[{"href":"https:\/\/www.leprojecteurguinee.com\/index.php\/wp-json\/wp\/v2\/media?parent=4807"}],"wp:term":[{"taxonomy":"category","embeddable":true,"href":"https:\/\/www.leprojecteurguinee.com\/index.php\/wp-json\/wp\/v2\/categories?post=4807"},{"taxonomy":"post_tag","embeddable":true,"href":"https:\/\/www.leprojecteurguinee.com\/index.php\/wp-json\/wp\/v2\/tags?post=4807"}],"curies":[{"name":"wp","href":"https:\/\/api.w.org\/{rel}","templated":true}]}}