{"id":479,"date":"2023-07-22T01:07:45","date_gmt":"2023-07-21T23:07:45","guid":{"rendered":"https:\/\/www.leprojecteurguinee.com\/?p=479"},"modified":"2023-07-22T01:07:46","modified_gmt":"2023-07-21T23:07:46","slug":"transition-que-dit-le-gouvernement-de-larrivee-du-president-patrice-talon","status":"publish","type":"post","link":"https:\/\/www.leprojecteurguinee.com\/index.php\/2023\/07\/22\/transition-que-dit-le-gouvernement-de-larrivee-du-president-patrice-talon\/","title":{"rendered":"Transition :\u00a0que dit le gouvernement de l\u2019arriv\u00e9e du pr\u00e9sident Patrice Talon ?"},"content":{"rendered":"\n<p>Face \u00e0 la presse ce jeudi 20 juillet, le porte-parole du gouvernement Ousmane\u00a0Gaoual\u00a0Diallo\u00a0s\u2019est exprim\u00e9 sur la visite annonc\u00e9e du pr\u00e9sident b\u00e9ninois Patrice Talon.\u00a0Pour lui, l\u2019envoy\u00e9 de la CEDEAO vient surtout pour discuter des questions s\u00e9curitaires dans la sous-r\u00e9gion, surtout que la Guin\u00e9e a un important contingent dans les missions de stabilisation des nations unies.\u00a0La r\u00e9union des chefs d\u2019Etat de la CEDEAO \u00e9tait orient\u00e9e sur la s\u00e9curit\u00e9, \u00ab <em>en raison du retrait de la Minusma au Mali et des cons\u00e9quences que cela pourraient avoir dans la s\u00e9curit\u00e9 globale de la sous-r\u00e9gion.\u00a0La Guin\u00e9e est\u00a0importante dans cette stabilit\u00e9 s\u00e9curitaire, je pense aussi qu\u2019il vient aussi discuter de \u00e7a, puis que nous avons un contingent important dans les forces ouest africaines pr\u00e9sentes sur les th\u00e9\u00e2tres.\u00a0Je crois, c\u2019est ce qui emm\u00e8ne le pr\u00e9sident.\u00a0Maintenant, il n\u2019est pas exclu que les questions li\u00e9es \u00e0 la transition fassent l\u2019objet de discussions<\/em> \u00bb a dit Ousmane\u00a0Gaoual\u00a0Diallo\u00a0\u00e0 la presse.<\/p>\n","protected":false},"excerpt":{"rendered":"<p>Face \u00e0 la presse ce jeudi 20 juillet, le porte-parole du gouvernement Ousmane\u00a0Gaoual\u00a0Diallo\u00a0s\u2019est exprim\u00e9 sur la visite annonc\u00e9e du pr\u00e9sident b\u00e9ninois Patrice Talon.\u00a0Pour lui, l\u2019envoy\u00e9 de la CEDEAO vient surtout pour discuter des questions s\u00e9curitaires dans la sous-r\u00e9gion, surtout que la Guin\u00e9e a un important contingent dans les missions de stabilisation des nations unies.\u00a0La r\u00e9union [&hellip;]<\/p>\n","protected":false},"author":1,"featured_media":480,"comment_status":"open","ping_status":"open","sticky":true,"template":"","format":"standard","meta":{"footnotes":""},"categories":[80],"tags":[76,72,17],"class_list":["post-479","post","type-post","status-publish","format-standard","has-post-thumbnail","hentry","category-politique","tag-benin","tag-cedeao","tag-guinee"],"yoast_head":"<!-- This site is optimized with the Yoast SEO plugin v26.8 - https:\/\/yoast.com\/product\/yoast-seo-wordpress\/ -->\n<title>Transition :\u00a0que dit le gouvernement de l\u2019arriv\u00e9e du pr\u00e9sident Patrice Talon ? - leprojecteurguinee<\/title>\n<meta name=\"robots\" content=\"index, follow, max-snippet:-1, max-image-preview:large, max-video-preview:-1\" \/>\n<link rel=\"canonical\" href=\"https:\/\/www.leprojecteurguinee.com\/index.php\/2023\/07\/22\/transition-que-dit-le-gouvernement-de-larrivee-du-president-patrice-talon\/\" \/>\n<meta property=\"og:locale\" content=\"fr_FR\" \/>\n<meta property=\"og:type\" content=\"article\" \/>\n<meta property=\"og:title\" content=\"Transition :\u00a0que dit le gouvernement de l\u2019arriv\u00e9e du pr\u00e9sident Patrice Talon ? - leprojecteurguinee\" \/>\n<meta property=\"og:description\" content=\"Face \u00e0 la presse ce jeudi 20 juillet, le porte-parole du gouvernement Ousmane\u00a0Gaoual\u00a0Diallo\u00a0s\u2019est exprim\u00e9 sur la visite annonc\u00e9e du pr\u00e9sident b\u00e9ninois Patrice Talon.\u00a0Pour lui, l\u2019envoy\u00e9 de la CEDEAO vient surtout pour discuter des questions s\u00e9curitaires dans la sous-r\u00e9gion, surtout que la Guin\u00e9e a un important contingent dans les missions de stabilisation des nations unies.\u00a0La r\u00e9union [&hellip;]\" \/>\n<meta property=\"og:url\" content=\"https:\/\/www.leprojecteurguinee.com\/index.php\/2023\/07\/22\/transition-que-dit-le-gouvernement-de-larrivee-du-president-patrice-talon\/\" \/>\n<meta property=\"og:site_name\" content=\"leprojecteurguinee\" \/>\n<meta property=\"article:published_time\" content=\"2023-07-21T23:07:45+00:00\" \/>\n<meta property=\"article:modified_time\" content=\"2023-07-21T23:07:46+00:00\" \/>\n<meta property=\"og:image\" content=\"https:\/\/www.leprojecteurguinee.com\/wp-content\/uploads\/2023\/07\/talon.jpg\" \/>\n\t<meta property=\"og:image:width\" content=\"275\" \/>\n\t<meta property=\"og:image:height\" content=\"183\" \/>\n\t<meta property=\"og:image:type\" content=\"image\/jpeg\" \/>\n<meta name=\"author\" content=\"Leprojecteurguinee\" \/>\n<meta name=\"twitter:card\" content=\"summary_large_image\" \/>\n<meta name=\"twitter:label1\" content=\"\u00c9crit par\" \/>\n\t<meta name=\"twitter:data1\" content=\"Leprojecteurguinee\" \/>\n\t<meta name=\"twitter:label2\" content=\"Dur\u00e9e de lecture estim\u00e9e\" \/>\n\t<meta name=\"twitter:data2\" content=\"1 minute\" \/>\n<script type=\"application\/ld+json\" class=\"yoast-schema-graph\">{\"@context\":\"https:\/\/schema.org\",\"@graph\":[{\"@type\":\"Article\",\"@id\":\"https:\/\/www.leprojecteurguinee.com\/index.php\/2023\/07\/22\/transition-que-dit-le-gouvernement-de-larrivee-du-president-patrice-talon\/#article\",\"isPartOf\":{\"@id\":\"https:\/\/www.leprojecteurguinee.com\/index.php\/2023\/07\/22\/transition-que-dit-le-gouvernement-de-larrivee-du-president-patrice-talon\/\"},\"author\":{\"name\":\"Leprojecteurguinee\",\"@id\":\"https:\/\/www.leprojecteurguinee.com\/#\/schema\/person\/389671d1a3f0c66e6c91c4a765990c1b\"},\"headline\":\"Transition :\u00a0que dit le gouvernement de l\u2019arriv\u00e9e du pr\u00e9sident Patrice Talon ?\",\"datePublished\":\"2023-07-21T23:07:45+00:00\",\"dateModified\":\"2023-07-21T23:07:46+00:00\",\"mainEntityOfPage\":{\"@id\":\"https:\/\/www.leprojecteurguinee.com\/index.php\/2023\/07\/22\/transition-que-dit-le-gouvernement-de-larrivee-du-president-patrice-talon\/\"},\"wordCount\":195,\"commentCount\":0,\"image\":{\"@id\":\"https:\/\/www.leprojecteurguinee.com\/index.php\/2023\/07\/22\/transition-que-dit-le-gouvernement-de-larrivee-du-president-patrice-talon\/#primaryimage\"},\"thumbnailUrl\":\"https:\/\/www.leprojecteurguinee.com\/wp-content\/uploads\/2023\/07\/talon.jpg\",\"keywords\":[\"Benin\",\"C\u00e9d\u00e9ao\",\"Guin\u00e9e\"],\"articleSection\":[\"Politique\"],\"inLanguage\":\"fr-FR\",\"potentialAction\":[{\"@type\":\"CommentAction\",\"name\":\"Comment\",\"target\":[\"https:\/\/www.leprojecteurguinee.com\/index.php\/2023\/07\/22\/transition-que-dit-le-gouvernement-de-larrivee-du-president-patrice-talon\/#respond\"]}]},{\"@type\":\"WebPage\",\"@id\":\"https:\/\/www.leprojecteurguinee.com\/index.php\/2023\/07\/22\/transition-que-dit-le-gouvernement-de-larrivee-du-president-patrice-talon\/\",\"url\":\"https:\/\/www.leprojecteurguinee.com\/index.php\/2023\/07\/22\/transition-que-dit-le-gouvernement-de-larrivee-du-president-patrice-talon\/\",\"name\":\"Transition :\u00a0que dit le gouvernement de l\u2019arriv\u00e9e du pr\u00e9sident Patrice Talon ? - leprojecteurguinee\",\"isPartOf\":{\"@id\":\"https:\/\/www.leprojecteurguinee.com\/#website\"},\"primaryImageOfPage\":{\"@id\":\"https:\/\/www.leprojecteurguinee.com\/index.php\/2023\/07\/22\/transition-que-dit-le-gouvernement-de-larrivee-du-president-patrice-talon\/#primaryimage\"},\"image\":{\"@id\":\"https:\/\/www.leprojecteurguinee.com\/index.php\/2023\/07\/22\/transition-que-dit-le-gouvernement-de-larrivee-du-president-patrice-talon\/#primaryimage\"},\"thumbnailUrl\":\"https:\/\/www.leprojecteurguinee.com\/wp-content\/uploads\/2023\/07\/talon.jpg\",\"datePublished\":\"2023-07-21T23:07:45+00:00\",\"dateModified\":\"2023-07-21T23:07:46+00:00\",\"author\":{\"@id\":\"https:\/\/www.leprojecteurguinee.com\/#\/schema\/person\/389671d1a3f0c66e6c91c4a765990c1b\"},\"breadcrumb\":{\"@id\":\"https:\/\/www.leprojecteurguinee.com\/index.php\/2023\/07\/22\/transition-que-dit-le-gouvernement-de-larrivee-du-president-patrice-talon\/#breadcrumb\"},\"inLanguage\":\"fr-FR\",\"potentialAction\":[{\"@type\":\"ReadAction\",\"target\":[\"https:\/\/www.leprojecteurguinee.com\/index.php\/2023\/07\/22\/transition-que-dit-le-gouvernement-de-larrivee-du-president-patrice-talon\/\"]}]},{\"@type\":\"ImageObject\",\"inLanguage\":\"fr-FR\",\"@id\":\"https:\/\/www.leprojecteurguinee.com\/index.php\/2023\/07\/22\/transition-que-dit-le-gouvernement-de-larrivee-du-president-patrice-talon\/#primaryimage\",\"url\":\"https:\/\/www.leprojecteurguinee.com\/wp-content\/uploads\/2023\/07\/talon.jpg\",\"contentUrl\":\"https:\/\/www.leprojecteurguinee.com\/wp-content\/uploads\/2023\/07\/talon.jpg\",\"width\":275,\"height\":183},{\"@type\":\"BreadcrumbList\",\"@id\":\"https:\/\/www.leprojecteurguinee.com\/index.php\/2023\/07\/22\/transition-que-dit-le-gouvernement-de-larrivee-du-president-patrice-talon\/#breadcrumb\",\"itemListElement\":[{\"@type\":\"ListItem\",\"position\":1,\"name\":\"Accueil\",\"item\":\"https:\/\/www.leprojecteurguinee.com\/\"},{\"@type\":\"ListItem\",\"position\":2,\"name\":\"Transition :\u00a0que dit le gouvernement de l\u2019arriv\u00e9e du pr\u00e9sident Patrice Talon ?\"}]},{\"@type\":\"WebSite\",\"@id\":\"https:\/\/www.leprojecteurguinee.com\/#website\",\"url\":\"https:\/\/www.leprojecteurguinee.com\/\",\"name\":\"leprojecteurguinee\",\"description\":\"Nous luttons contre les pratiques obscures\",\"potentialAction\":[{\"@type\":\"SearchAction\",\"target\":{\"@type\":\"EntryPoint\",\"urlTemplate\":\"https:\/\/www.leprojecteurguinee.com\/?s={search_term_string}\"},\"query-input\":{\"@type\":\"PropertyValueSpecification\",\"valueRequired\":true,\"valueName\":\"search_term_string\"}}],\"inLanguage\":\"fr-FR\"},{\"@type\":\"Person\",\"@id\":\"https:\/\/www.leprojecteurguinee.com\/#\/schema\/person\/389671d1a3f0c66e6c91c4a765990c1b\",\"name\":\"Leprojecteurguinee\",\"image\":{\"@type\":\"ImageObject\",\"inLanguage\":\"fr-FR\",\"@id\":\"https:\/\/www.leprojecteurguinee.com\/#\/schema\/person\/image\/\",\"url\":\"https:\/\/secure.gravatar.com\/avatar\/c0faa0f472c43eff99fecb0bd2a1c6782e80a162c9fcb7ed2d48bb42ea619f30?s=96&d=mm&r=g\",\"contentUrl\":\"https:\/\/secure.gravatar.com\/avatar\/c0faa0f472c43eff99fecb0bd2a1c6782e80a162c9fcb7ed2d48bb42ea619f30?s=96&d=mm&r=g\",\"caption\":\"Leprojecteurguinee\"},\"sameAs\":[\"https:\/\/www.leprojecteurguinee.com\"],\"url\":\"https:\/\/www.leprojecteurguinee.com\/index.php\/author\/madame\/\"}]}<\/script>\n<!-- \/ Yoast SEO plugin. -->","yoast_head_json":{"title":"Transition :\u00a0que dit le gouvernement de l\u2019arriv\u00e9e du pr\u00e9sident Patrice Talon ? - leprojecteurguinee","robots":{"index":"index","follow":"follow","max-snippet":"max-snippet:-1","max-image-preview":"max-image-preview:large","max-video-preview":"max-video-preview:-1"},"canonical":"https:\/\/www.leprojecteurguinee.com\/index.php\/2023\/07\/22\/transition-que-dit-le-gouvernement-de-larrivee-du-president-patrice-talon\/","og_locale":"fr_FR","og_type":"article","og_title":"Transition :\u00a0que dit le gouvernement de l\u2019arriv\u00e9e du pr\u00e9sident Patrice Talon ? - leprojecteurguinee","og_description":"Face \u00e0 la presse ce jeudi 20 juillet, le porte-parole du gouvernement Ousmane\u00a0Gaoual\u00a0Diallo\u00a0s\u2019est exprim\u00e9 sur la visite annonc\u00e9e du pr\u00e9sident b\u00e9ninois Patrice Talon.\u00a0Pour lui, l\u2019envoy\u00e9 de la CEDEAO vient surtout pour discuter des questions s\u00e9curitaires dans la sous-r\u00e9gion, surtout que la Guin\u00e9e a un important contingent dans les missions de stabilisation des nations unies.\u00a0La r\u00e9union [&hellip;]","og_url":"https:\/\/www.leprojecteurguinee.com\/index.php\/2023\/07\/22\/transition-que-dit-le-gouvernement-de-larrivee-du-president-patrice-talon\/","og_site_name":"leprojecteurguinee","article_published_time":"2023-07-21T23:07:45+00:00","article_modified_time":"2023-07-21T23:07:46+00:00","og_image":[{"width":275,"height":183,"url":"https:\/\/www.leprojecteurguinee.com\/wp-content\/uploads\/2023\/07\/talon.jpg","type":"image\/jpeg"}],"author":"Leprojecteurguinee","twitter_card":"summary_large_image","twitter_misc":{"\u00c9crit par":"Leprojecteurguinee","Dur\u00e9e de lecture estim\u00e9e":"1 minute"},"schema":{"@context":"https:\/\/schema.org","@graph":[{"@type":"Article","@id":"https:\/\/www.leprojecteurguinee.com\/index.php\/2023\/07\/22\/transition-que-dit-le-gouvernement-de-larrivee-du-president-patrice-talon\/#article","isPartOf":{"@id":"https:\/\/www.leprojecteurguinee.com\/index.php\/2023\/07\/22\/transition-que-dit-le-gouvernement-de-larrivee-du-president-patrice-talon\/"},"author":{"name":"Leprojecteurguinee","@id":"https:\/\/www.leprojecteurguinee.com\/#\/schema\/person\/389671d1a3f0c66e6c91c4a765990c1b"},"headline":"Transition :\u00a0que dit le gouvernement de l\u2019arriv\u00e9e du pr\u00e9sident Patrice Talon ?","datePublished":"2023-07-21T23:07:45+00:00","dateModified":"2023-07-21T23:07:46+00:00","mainEntityOfPage":{"@id":"https:\/\/www.leprojecteurguinee.com\/index.php\/2023\/07\/22\/transition-que-dit-le-gouvernement-de-larrivee-du-president-patrice-talon\/"},"wordCount":195,"commentCount":0,"image":{"@id":"https:\/\/www.leprojecteurguinee.com\/index.php\/2023\/07\/22\/transition-que-dit-le-gouvernement-de-larrivee-du-president-patrice-talon\/#primaryimage"},"thumbnailUrl":"https:\/\/www.leprojecteurguinee.com\/wp-content\/uploads\/2023\/07\/talon.jpg","keywords":["Benin","C\u00e9d\u00e9ao","Guin\u00e9e"],"articleSection":["Politique"],"inLanguage":"fr-FR","potentialAction":[{"@type":"CommentAction","name":"Comment","target":["https:\/\/www.leprojecteurguinee.com\/index.php\/2023\/07\/22\/transition-que-dit-le-gouvernement-de-larrivee-du-president-patrice-talon\/#respond"]}]},{"@type":"WebPage","@id":"https:\/\/www.leprojecteurguinee.com\/index.php\/2023\/07\/22\/transition-que-dit-le-gouvernement-de-larrivee-du-president-patrice-talon\/","url":"https:\/\/www.leprojecteurguinee.com\/index.php\/2023\/07\/22\/transition-que-dit-le-gouvernement-de-larrivee-du-president-patrice-talon\/","name":"Transition :\u00a0que dit le gouvernement de l\u2019arriv\u00e9e du pr\u00e9sident Patrice Talon ? - leprojecteurguinee","isPartOf":{"@id":"https:\/\/www.leprojecteurguinee.com\/#website"},"primaryImageOfPage":{"@id":"https:\/\/www.leprojecteurguinee.com\/index.php\/2023\/07\/22\/transition-que-dit-le-gouvernement-de-larrivee-du-president-patrice-talon\/#primaryimage"},"image":{"@id":"https:\/\/www.leprojecteurguinee.com\/index.php\/2023\/07\/22\/transition-que-dit-le-gouvernement-de-larrivee-du-president-patrice-talon\/#primaryimage"},"thumbnailUrl":"https:\/\/www.leprojecteurguinee.com\/wp-content\/uploads\/2023\/07\/talon.jpg","datePublished":"2023-07-21T23:07:45+00:00","dateModified":"2023-07-21T23:07:46+00:00","author":{"@id":"https:\/\/www.leprojecteurguinee.com\/#\/schema\/person\/389671d1a3f0c66e6c91c4a765990c1b"},"breadcrumb":{"@id":"https:\/\/www.leprojecteurguinee.com\/index.php\/2023\/07\/22\/transition-que-dit-le-gouvernement-de-larrivee-du-president-patrice-talon\/#breadcrumb"},"inLanguage":"fr-FR","potentialAction":[{"@type":"ReadAction","target":["https:\/\/www.leprojecteurguinee.com\/index.php\/2023\/07\/22\/transition-que-dit-le-gouvernement-de-larrivee-du-president-patrice-talon\/"]}]},{"@type":"ImageObject","inLanguage":"fr-FR","@id":"https:\/\/www.leprojecteurguinee.com\/index.php\/2023\/07\/22\/transition-que-dit-le-gouvernement-de-larrivee-du-president-patrice-talon\/#primaryimage","url":"https:\/\/www.leprojecteurguinee.com\/wp-content\/uploads\/2023\/07\/talon.jpg","contentUrl":"https:\/\/www.leprojecteurguinee.com\/wp-content\/uploads\/2023\/07\/talon.jpg","width":275,"height":183},{"@type":"BreadcrumbList","@id":"https:\/\/www.leprojecteurguinee.com\/index.php\/2023\/07\/22\/transition-que-dit-le-gouvernement-de-larrivee-du-president-patrice-talon\/#breadcrumb","itemListElement":[{"@type":"ListItem","position":1,"name":"Accueil","item":"https:\/\/www.leprojecteurguinee.com\/"},{"@type":"ListItem","position":2,"name":"Transition :\u00a0que dit le gouvernement de l\u2019arriv\u00e9e du pr\u00e9sident Patrice Talon ?"}]},{"@type":"WebSite","@id":"https:\/\/www.leprojecteurguinee.com\/#website","url":"https:\/\/www.leprojecteurguinee.com\/","name":"leprojecteurguinee","description":"Nous luttons contre les pratiques obscures","potentialAction":[{"@type":"SearchAction","target":{"@type":"EntryPoint","urlTemplate":"https:\/\/www.leprojecteurguinee.com\/?s={search_term_string}"},"query-input":{"@type":"PropertyValueSpecification","valueRequired":true,"valueName":"search_term_string"}}],"inLanguage":"fr-FR"},{"@type":"Person","@id":"https:\/\/www.leprojecteurguinee.com\/#\/schema\/person\/389671d1a3f0c66e6c91c4a765990c1b","name":"Leprojecteurguinee","image":{"@type":"ImageObject","inLanguage":"fr-FR","@id":"https:\/\/www.leprojecteurguinee.com\/#\/schema\/person\/image\/","url":"https:\/\/secure.gravatar.com\/avatar\/c0faa0f472c43eff99fecb0bd2a1c6782e80a162c9fcb7ed2d48bb42ea619f30?s=96&d=mm&r=g","contentUrl":"https:\/\/secure.gravatar.com\/avatar\/c0faa0f472c43eff99fecb0bd2a1c6782e80a162c9fcb7ed2d48bb42ea619f30?s=96&d=mm&r=g","caption":"Leprojecteurguinee"},"sameAs":["https:\/\/www.leprojecteurguinee.com"],"url":"https:\/\/www.leprojecteurguinee.com\/index.php\/author\/madame\/"}]}},"_links":{"self":[{"href":"https:\/\/www.leprojecteurguinee.com\/index.php\/wp-json\/wp\/v2\/posts\/479","targetHints":{"allow":["GET"]}}],"collection":[{"href":"https:\/\/www.leprojecteurguinee.com\/index.php\/wp-json\/wp\/v2\/posts"}],"about":[{"href":"https:\/\/www.leprojecteurguinee.com\/index.php\/wp-json\/wp\/v2\/types\/post"}],"author":[{"embeddable":true,"href":"https:\/\/www.leprojecteurguinee.com\/index.php\/wp-json\/wp\/v2\/users\/1"}],"replies":[{"embeddable":true,"href":"https:\/\/www.leprojecteurguinee.com\/index.php\/wp-json\/wp\/v2\/comments?post=479"}],"version-history":[{"count":0,"href":"https:\/\/www.leprojecteurguinee.com\/index.php\/wp-json\/wp\/v2\/posts\/479\/revisions"}],"wp:featuredmedia":[{"embeddable":true,"href":"https:\/\/www.leprojecteurguinee.com\/index.php\/wp-json\/wp\/v2\/media\/480"}],"wp:attachment":[{"href":"https:\/\/www.leprojecteurguinee.com\/index.php\/wp-json\/wp\/v2\/media?parent=479"}],"wp:term":[{"taxonomy":"category","embeddable":true,"href":"https:\/\/www.leprojecteurguinee.com\/index.php\/wp-json\/wp\/v2\/categories?post=479"},{"taxonomy":"post_tag","embeddable":true,"href":"https:\/\/www.leprojecteurguinee.com\/index.php\/wp-json\/wp\/v2\/tags?post=479"}],"curies":[{"name":"wp","href":"https:\/\/api.w.org\/{rel}","templated":true}]}}