{"id":4535,"date":"2024-10-05T12:32:16","date_gmt":"2024-10-05T12:32:16","guid":{"rendered":"https:\/\/www.leprojecteurguinee.com\/?p=4535"},"modified":"2024-10-05T12:32:19","modified_gmt":"2024-10-05T12:32:19","slug":"faranah-inauguration-par-le-president-du-cnt-de-la-bibliotheque-du-lycee-gamal-abdel-nasser","status":"publish","type":"post","link":"https:\/\/www.leprojecteurguinee.com\/index.php\/2024\/10\/05\/faranah-inauguration-par-le-president-du-cnt-de-la-bibliotheque-du-lycee-gamal-abdel-nasser\/","title":{"rendered":"Faranah : inauguration par le Pr\u00e9sident du CNT, de la biblioth\u00e8que du lyc\u00e9e Gamal Abdel Nasser"},"content":{"rendered":"\n<p><strong>Fruit de cette \u00e9cole o\u00f9 il a suivi des cours durant ses \u00e9tudes pr\u00e9-universitaires, c\u2019est avec un sentiment de r\u00e9confort et de fiert\u00e9 que le Pr\u00e9sident du Conseil National de la Transition a inaugur\u00e9 vendredi 04 octobre 2024, la biblioth\u00e8que du lyc\u00e9e r\u00e9gional Gamal Abdel Nasser de Faranah.<\/strong><\/p>\n\n\n\n<p>Pour Honorable Dr Dansa KOUROUMA, ce geste s\u2019inscrit dans la dynamique de refondation initi\u00e9e par le G\u00e9n\u00e9ral Mamadi DOUMBOUYA.<\/p>\n\n\n\n<p>Une occasion pour lui, d\u2019exprimer, en premier lieu, sa profonde gratitude \u00e0 l\u2019ensemble des encadreurs et enseignants. Ceux-ci, malgr\u00e9 les intemp\u00e9ries et les difficult\u00e9s quotidiennes, s\u2019investissent sans rel\u00e2che dans l\u2019accomplissement de leur noble mission. Dans des conditions dit-il, souvent pr\u00e9caires, ils ont su nous transmettre le savoir, encadrer et insuffler le courage n\u00e9cessaire aux apprenants, pour poursuivre les \u00e9tudes. Il soutient que leur engagement sans faille m\u00e9rite le plus grand respect et une profonde reconnaissance.<\/p>\n\n\n\n<figure class=\"wp-block-gallery has-nested-images columns-default is-cropped wp-block-gallery-1 is-layout-flex wp-block-gallery-is-layout-flex\"><div class=\"wp-block-image\">\n<figure class=\"aligncenter size-large\"><img loading=\"lazy\" decoding=\"async\" width=\"720\" height=\"480\" data-id=\"4537\" src=\"https:\/\/www.leprojecteurguinee.com\/wp-content\/uploads\/2024\/10\/1728130983874.jpg\" alt=\"\" class=\"wp-image-4537\" srcset=\"https:\/\/www.leprojecteurguinee.com\/wp-content\/uploads\/2024\/10\/1728130983874.jpg 720w, https:\/\/www.leprojecteurguinee.com\/wp-content\/uploads\/2024\/10\/1728130983874-300x200.jpg 300w\" sizes=\"auto, (max-width: 720px) 100vw, 720px\" \/><\/figure>\n<\/div><\/figure>\n\n\n\n<p>Le Pr\u00e9sident du CNT d\u00e9clare que l\u2019ouverture de cette biblioth\u00e8que, bien que modeste, repr\u00e9sente pour lui une contribution morale en tant qu\u2019ancien \u00e9l\u00e8ve de cet \u00e9tablissement. Il s\u2019agit d\u2019un hommage symbolique \u00e0 ceux qui ont contribu\u00e9 \u00e0 son \u00e9ducation et \u00e0 son \u00e9panouissement, malgr\u00e9 les d\u00e9fis auxquels de l\u2019\u00e9poque. Il a souhait\u00e9 vivement que la jeunesse de Faranah, en particulier les \u00e9l\u00e8ves de ce lyc\u00e9e, trouve dans cette r\u00e9alisation une source de fiert\u00e9. Car, soutient-il, nombreux sont les responsables et autorit\u00e9s actuels qui sont pass\u00e9s par ces m\u00eames bancs.<\/p>\n\n\n\n<figure class=\"wp-block-gallery has-nested-images columns-default is-cropped wp-block-gallery-2 is-layout-flex wp-block-gallery-is-layout-flex\"><div class=\"wp-block-image\">\n<figure class=\"aligncenter size-large\"><img loading=\"lazy\" decoding=\"async\" width=\"720\" height=\"589\" data-id=\"4538\" src=\"https:\/\/www.leprojecteurguinee.com\/wp-content\/uploads\/2024\/10\/1728131002897.jpg\" alt=\"\" class=\"wp-image-4538\" srcset=\"https:\/\/www.leprojecteurguinee.com\/wp-content\/uploads\/2024\/10\/1728131002897.jpg 720w, https:\/\/www.leprojecteurguinee.com\/wp-content\/uploads\/2024\/10\/1728131002897-300x245.jpg 300w\" sizes=\"auto, (max-width: 720px) 100vw, 720px\" \/><\/figure>\n<\/div><\/figure>\n\n\n\n<p>Cependant, note le Pr\u00e9sident du CNT, au-del\u00e0 de l\u2019ouverture de cette biblioth\u00e8que, l\u2019enjeu majeur reste d\u2019encourager la jeunesse \u00e0 la fr\u00e9quenter r\u00e9guli\u00e8rement.<\/p>\n\n\n\n<p>Dans la foul\u00e9e, il annonce qu\u2019une partie essentielle de son message s\u2019adresse directement aux \u00e9l\u00e8ves. \u00ab&nbsp;Pour former de bons \u00e9l\u00e8ves, nous devons d\u2019abord garantir la pr\u00e9sence de bons enseignants. Ces derniers, qui ont fait de l\u2019enseignement une v\u00e9ritable vocation, jouent un r\u00f4le central dans le progr\u00e8s de notre soci\u00e9t\u00e9. Ils per\u00e7oivent l\u2019art d\u2019enseigner comme une qu\u00eate pr\u00e9cieuse, souvent au d\u00e9triment des avantages mat\u00e9riels. \u00c0 ces enseignants, je dis que votre v\u00e9ritable r\u00e9compense r\u00e9side dans l\u2019au-del\u00e0. Que Dieu vous b\u00e9nisse pour votre d\u00e9vouement et votre abn\u00e9gation&nbsp;\u00bb a d\u00e9clar\u00e9 Honorable Dr Dansa KOUROUMA.<br>Le Pr\u00e9sident du CNT, a enfin, lanc\u00e9 un appel solennel \u00e0 tous les \u00e9l\u00e8ves de ce lyc\u00e9e : que le chemin menant \u00e0 cette biblioth\u00e8que ne soit jamais d\u00e9sert. Qu\u2019il soit constamment emprunt\u00e9 par des \u00e9l\u00e8ves avides de savoir, d\u00e9sireux de lire et de s\u2019instruire \u00e0 travers les ouvrages mis \u00e0 leur disposition. Car, conclu-t-il, le livre demeure le socle et le sanctuaire du savoir.<\/p>\n\n\n\n<p>Saran TRAOR\u00c9<\/p>\n\n\n\n<figure class=\"wp-block-gallery has-nested-images columns-default is-cropped wp-block-gallery-3 is-layout-flex wp-block-gallery-is-layout-flex\"><div class=\"wp-block-image\">\n<figure class=\"aligncenter size-large\"><img loading=\"lazy\" decoding=\"async\" width=\"720\" height=\"480\" data-id=\"4539\" src=\"https:\/\/www.leprojecteurguinee.com\/wp-content\/uploads\/2024\/10\/1728130997903.jpg\" alt=\"\" class=\"wp-image-4539\" srcset=\"https:\/\/www.leprojecteurguinee.com\/wp-content\/uploads\/2024\/10\/1728130997903.jpg 720w, https:\/\/www.leprojecteurguinee.com\/wp-content\/uploads\/2024\/10\/1728130997903-300x200.jpg 300w\" sizes=\"auto, (max-width: 720px) 100vw, 720px\" \/><\/figure>\n<\/div><\/figure>\n","protected":false},"excerpt":{"rendered":"<p>Fruit de cette \u00e9cole o\u00f9 il a suivi des cours durant ses \u00e9tudes pr\u00e9-universitaires, c\u2019est avec un sentiment de r\u00e9confort et de fiert\u00e9 que le Pr\u00e9sident du Conseil National de la Transition a inaugur\u00e9 vendredi 04 octobre 2024, la biblioth\u00e8que du lyc\u00e9e r\u00e9gional Gamal Abdel Nasser de Faranah. Pour Honorable Dr Dansa KOUROUMA, ce geste [&hellip;]<\/p>\n","protected":false},"author":2,"featured_media":4536,"comment_status":"open","ping_status":"open","sticky":false,"template":"","format":"standard","meta":{"footnotes":""},"categories":[16,4],"tags":[],"class_list":["post-4535","post","type-post","status-publish","format-standard","has-post-thumbnail","hentry","category-actualites","category-education"],"yoast_head":"<!-- This site is optimized with the Yoast SEO plugin v26.8 - https:\/\/yoast.com\/product\/yoast-seo-wordpress\/ -->\n<title>Faranah : inauguration par le Pr\u00e9sident du CNT, de la biblioth\u00e8que du lyc\u00e9e Gamal Abdel Nasser - leprojecteurguinee<\/title>\n<meta name=\"robots\" content=\"index, follow, max-snippet:-1, max-image-preview:large, max-video-preview:-1\" \/>\n<link rel=\"canonical\" href=\"https:\/\/www.leprojecteurguinee.com\/index.php\/2024\/10\/05\/faranah-inauguration-par-le-president-du-cnt-de-la-bibliotheque-du-lycee-gamal-abdel-nasser\/\" \/>\n<meta property=\"og:locale\" content=\"fr_FR\" \/>\n<meta property=\"og:type\" content=\"article\" \/>\n<meta property=\"og:title\" content=\"Faranah : inauguration par le Pr\u00e9sident du CNT, de la biblioth\u00e8que du lyc\u00e9e Gamal Abdel Nasser - leprojecteurguinee\" \/>\n<meta property=\"og:description\" content=\"Fruit de cette \u00e9cole o\u00f9 il a suivi des cours durant ses \u00e9tudes pr\u00e9-universitaires, c\u2019est avec un sentiment de r\u00e9confort et de fiert\u00e9 que le Pr\u00e9sident du Conseil National de la Transition a inaugur\u00e9 vendredi 04 octobre 2024, la biblioth\u00e8que du lyc\u00e9e r\u00e9gional Gamal Abdel Nasser de Faranah. Pour Honorable Dr Dansa KOUROUMA, ce geste [&hellip;]\" \/>\n<meta property=\"og:url\" content=\"https:\/\/www.leprojecteurguinee.com\/index.php\/2024\/10\/05\/faranah-inauguration-par-le-president-du-cnt-de-la-bibliotheque-du-lycee-gamal-abdel-nasser\/\" \/>\n<meta property=\"og:site_name\" content=\"leprojecteurguinee\" \/>\n<meta property=\"article:published_time\" content=\"2024-10-05T12:32:16+00:00\" \/>\n<meta property=\"article:modified_time\" content=\"2024-10-05T12:32:19+00:00\" \/>\n<meta property=\"og:image\" content=\"https:\/\/www.leprojecteurguinee.com\/wp-content\/uploads\/2024\/10\/1728130976747.jpg\" \/>\n\t<meta property=\"og:image:width\" content=\"720\" \/>\n\t<meta property=\"og:image:height\" content=\"480\" \/>\n\t<meta property=\"og:image:type\" content=\"image\/jpeg\" \/>\n<meta name=\"author\" content=\"www.leprojecteurguinee.com\" \/>\n<meta name=\"twitter:card\" content=\"summary_large_image\" \/>\n<meta name=\"twitter:label1\" content=\"\u00c9crit par\" \/>\n\t<meta name=\"twitter:data1\" content=\"www.leprojecteurguinee.com\" \/>\n\t<meta name=\"twitter:label2\" content=\"Dur\u00e9e de lecture estim\u00e9e\" \/>\n\t<meta name=\"twitter:data2\" content=\"3 minutes\" \/>\n<script type=\"application\/ld+json\" class=\"yoast-schema-graph\">{\"@context\":\"https:\/\/schema.org\",\"@graph\":[{\"@type\":\"Article\",\"@id\":\"https:\/\/www.leprojecteurguinee.com\/index.php\/2024\/10\/05\/faranah-inauguration-par-le-president-du-cnt-de-la-bibliotheque-du-lycee-gamal-abdel-nasser\/#article\",\"isPartOf\":{\"@id\":\"https:\/\/www.leprojecteurguinee.com\/index.php\/2024\/10\/05\/faranah-inauguration-par-le-president-du-cnt-de-la-bibliotheque-du-lycee-gamal-abdel-nasser\/\"},\"author\":{\"name\":\"www.leprojecteurguinee.com\",\"@id\":\"https:\/\/www.leprojecteurguinee.com\/#\/schema\/person\/c9d1602e593b11af0b295bdf5e12a59a\"},\"headline\":\"Faranah : inauguration par le Pr\u00e9sident du CNT, de la biblioth\u00e8que du lyc\u00e9e Gamal Abdel Nasser\",\"datePublished\":\"2024-10-05T12:32:16+00:00\",\"dateModified\":\"2024-10-05T12:32:19+00:00\",\"mainEntityOfPage\":{\"@id\":\"https:\/\/www.leprojecteurguinee.com\/index.php\/2024\/10\/05\/faranah-inauguration-par-le-president-du-cnt-de-la-bibliotheque-du-lycee-gamal-abdel-nasser\/\"},\"wordCount\":500,\"commentCount\":0,\"image\":{\"@id\":\"https:\/\/www.leprojecteurguinee.com\/index.php\/2024\/10\/05\/faranah-inauguration-par-le-president-du-cnt-de-la-bibliotheque-du-lycee-gamal-abdel-nasser\/#primaryimage\"},\"thumbnailUrl\":\"https:\/\/www.leprojecteurguinee.com\/wp-content\/uploads\/2024\/10\/1728130976747.jpg\",\"articleSection\":[\"Actualit\u00e9s\",\"Education\"],\"inLanguage\":\"fr-FR\",\"potentialAction\":[{\"@type\":\"CommentAction\",\"name\":\"Comment\",\"target\":[\"https:\/\/www.leprojecteurguinee.com\/index.php\/2024\/10\/05\/faranah-inauguration-par-le-president-du-cnt-de-la-bibliotheque-du-lycee-gamal-abdel-nasser\/#respond\"]}]},{\"@type\":\"WebPage\",\"@id\":\"https:\/\/www.leprojecteurguinee.com\/index.php\/2024\/10\/05\/faranah-inauguration-par-le-president-du-cnt-de-la-bibliotheque-du-lycee-gamal-abdel-nasser\/\",\"url\":\"https:\/\/www.leprojecteurguinee.com\/index.php\/2024\/10\/05\/faranah-inauguration-par-le-president-du-cnt-de-la-bibliotheque-du-lycee-gamal-abdel-nasser\/\",\"name\":\"Faranah : inauguration par le Pr\u00e9sident du CNT, de la biblioth\u00e8que du lyc\u00e9e Gamal Abdel Nasser - leprojecteurguinee\",\"isPartOf\":{\"@id\":\"https:\/\/www.leprojecteurguinee.com\/#website\"},\"primaryImageOfPage\":{\"@id\":\"https:\/\/www.leprojecteurguinee.com\/index.php\/2024\/10\/05\/faranah-inauguration-par-le-president-du-cnt-de-la-bibliotheque-du-lycee-gamal-abdel-nasser\/#primaryimage\"},\"image\":{\"@id\":\"https:\/\/www.leprojecteurguinee.com\/index.php\/2024\/10\/05\/faranah-inauguration-par-le-president-du-cnt-de-la-bibliotheque-du-lycee-gamal-abdel-nasser\/#primaryimage\"},\"thumbnailUrl\":\"https:\/\/www.leprojecteurguinee.com\/wp-content\/uploads\/2024\/10\/1728130976747.jpg\",\"datePublished\":\"2024-10-05T12:32:16+00:00\",\"dateModified\":\"2024-10-05T12:32:19+00:00\",\"author\":{\"@id\":\"https:\/\/www.leprojecteurguinee.com\/#\/schema\/person\/c9d1602e593b11af0b295bdf5e12a59a\"},\"breadcrumb\":{\"@id\":\"https:\/\/www.leprojecteurguinee.com\/index.php\/2024\/10\/05\/faranah-inauguration-par-le-president-du-cnt-de-la-bibliotheque-du-lycee-gamal-abdel-nasser\/#breadcrumb\"},\"inLanguage\":\"fr-FR\",\"potentialAction\":[{\"@type\":\"ReadAction\",\"target\":[\"https:\/\/www.leprojecteurguinee.com\/index.php\/2024\/10\/05\/faranah-inauguration-par-le-president-du-cnt-de-la-bibliotheque-du-lycee-gamal-abdel-nasser\/\"]}]},{\"@type\":\"ImageObject\",\"inLanguage\":\"fr-FR\",\"@id\":\"https:\/\/www.leprojecteurguinee.com\/index.php\/2024\/10\/05\/faranah-inauguration-par-le-president-du-cnt-de-la-bibliotheque-du-lycee-gamal-abdel-nasser\/#primaryimage\",\"url\":\"https:\/\/www.leprojecteurguinee.com\/wp-content\/uploads\/2024\/10\/1728130976747.jpg\",\"contentUrl\":\"https:\/\/www.leprojecteurguinee.com\/wp-content\/uploads\/2024\/10\/1728130976747.jpg\",\"width\":720,\"height\":480},{\"@type\":\"BreadcrumbList\",\"@id\":\"https:\/\/www.leprojecteurguinee.com\/index.php\/2024\/10\/05\/faranah-inauguration-par-le-president-du-cnt-de-la-bibliotheque-du-lycee-gamal-abdel-nasser\/#breadcrumb\",\"itemListElement\":[{\"@type\":\"ListItem\",\"position\":1,\"name\":\"Accueil\",\"item\":\"https:\/\/www.leprojecteurguinee.com\/\"},{\"@type\":\"ListItem\",\"position\":2,\"name\":\"Faranah : inauguration par le Pr\u00e9sident du CNT, de la biblioth\u00e8que du lyc\u00e9e Gamal Abdel Nasser\"}]},{\"@type\":\"WebSite\",\"@id\":\"https:\/\/www.leprojecteurguinee.com\/#website\",\"url\":\"https:\/\/www.leprojecteurguinee.com\/\",\"name\":\"leprojecteurguinee\",\"description\":\"Nous luttons contre les pratiques obscures\",\"potentialAction\":[{\"@type\":\"SearchAction\",\"target\":{\"@type\":\"EntryPoint\",\"urlTemplate\":\"https:\/\/www.leprojecteurguinee.com\/?s={search_term_string}\"},\"query-input\":{\"@type\":\"PropertyValueSpecification\",\"valueRequired\":true,\"valueName\":\"search_term_string\"}}],\"inLanguage\":\"fr-FR\"},{\"@type\":\"Person\",\"@id\":\"https:\/\/www.leprojecteurguinee.com\/#\/schema\/person\/c9d1602e593b11af0b295bdf5e12a59a\",\"name\":\"www.leprojecteurguinee.com\",\"image\":{\"@type\":\"ImageObject\",\"inLanguage\":\"fr-FR\",\"@id\":\"https:\/\/www.leprojecteurguinee.com\/#\/schema\/person\/image\/\",\"url\":\"https:\/\/secure.gravatar.com\/avatar\/d73703fcd03dcba36d2bb23326e491935423a46800f1ebf8f61b70e62b70e55a?s=96&d=mm&r=g\",\"contentUrl\":\"https:\/\/secure.gravatar.com\/avatar\/d73703fcd03dcba36d2bb23326e491935423a46800f1ebf8f61b70e62b70e55a?s=96&d=mm&r=g\",\"caption\":\"www.leprojecteurguinee.com\"},\"description\":\"Administrateur G\u00e9n\u00e9ral\",\"sameAs\":[\"http:\/\/www.leprojeceteurguinee.com\"],\"url\":\"https:\/\/www.leprojecteurguinee.com\/index.php\/author\/fadigagn\/\"}]}<\/script>\n<!-- \/ Yoast SEO plugin. -->","yoast_head_json":{"title":"Faranah : inauguration par le Pr\u00e9sident du CNT, de la biblioth\u00e8que du lyc\u00e9e Gamal Abdel Nasser - leprojecteurguinee","robots":{"index":"index","follow":"follow","max-snippet":"max-snippet:-1","max-image-preview":"max-image-preview:large","max-video-preview":"max-video-preview:-1"},"canonical":"https:\/\/www.leprojecteurguinee.com\/index.php\/2024\/10\/05\/faranah-inauguration-par-le-president-du-cnt-de-la-bibliotheque-du-lycee-gamal-abdel-nasser\/","og_locale":"fr_FR","og_type":"article","og_title":"Faranah : inauguration par le Pr\u00e9sident du CNT, de la biblioth\u00e8que du lyc\u00e9e Gamal Abdel Nasser - leprojecteurguinee","og_description":"Fruit de cette \u00e9cole o\u00f9 il a suivi des cours durant ses \u00e9tudes pr\u00e9-universitaires, c\u2019est avec un sentiment de r\u00e9confort et de fiert\u00e9 que le Pr\u00e9sident du Conseil National de la Transition a inaugur\u00e9 vendredi 04 octobre 2024, la biblioth\u00e8que du lyc\u00e9e r\u00e9gional Gamal Abdel Nasser de Faranah. Pour Honorable Dr Dansa KOUROUMA, ce geste [&hellip;]","og_url":"https:\/\/www.leprojecteurguinee.com\/index.php\/2024\/10\/05\/faranah-inauguration-par-le-president-du-cnt-de-la-bibliotheque-du-lycee-gamal-abdel-nasser\/","og_site_name":"leprojecteurguinee","article_published_time":"2024-10-05T12:32:16+00:00","article_modified_time":"2024-10-05T12:32:19+00:00","og_image":[{"width":720,"height":480,"url":"https:\/\/www.leprojecteurguinee.com\/wp-content\/uploads\/2024\/10\/1728130976747.jpg","type":"image\/jpeg"}],"author":"www.leprojecteurguinee.com","twitter_card":"summary_large_image","twitter_misc":{"\u00c9crit par":"www.leprojecteurguinee.com","Dur\u00e9e de lecture estim\u00e9e":"3 minutes"},"schema":{"@context":"https:\/\/schema.org","@graph":[{"@type":"Article","@id":"https:\/\/www.leprojecteurguinee.com\/index.php\/2024\/10\/05\/faranah-inauguration-par-le-president-du-cnt-de-la-bibliotheque-du-lycee-gamal-abdel-nasser\/#article","isPartOf":{"@id":"https:\/\/www.leprojecteurguinee.com\/index.php\/2024\/10\/05\/faranah-inauguration-par-le-president-du-cnt-de-la-bibliotheque-du-lycee-gamal-abdel-nasser\/"},"author":{"name":"www.leprojecteurguinee.com","@id":"https:\/\/www.leprojecteurguinee.com\/#\/schema\/person\/c9d1602e593b11af0b295bdf5e12a59a"},"headline":"Faranah : inauguration par le Pr\u00e9sident du CNT, de la biblioth\u00e8que du lyc\u00e9e Gamal Abdel Nasser","datePublished":"2024-10-05T12:32:16+00:00","dateModified":"2024-10-05T12:32:19+00:00","mainEntityOfPage":{"@id":"https:\/\/www.leprojecteurguinee.com\/index.php\/2024\/10\/05\/faranah-inauguration-par-le-president-du-cnt-de-la-bibliotheque-du-lycee-gamal-abdel-nasser\/"},"wordCount":500,"commentCount":0,"image":{"@id":"https:\/\/www.leprojecteurguinee.com\/index.php\/2024\/10\/05\/faranah-inauguration-par-le-president-du-cnt-de-la-bibliotheque-du-lycee-gamal-abdel-nasser\/#primaryimage"},"thumbnailUrl":"https:\/\/www.leprojecteurguinee.com\/wp-content\/uploads\/2024\/10\/1728130976747.jpg","articleSection":["Actualit\u00e9s","Education"],"inLanguage":"fr-FR","potentialAction":[{"@type":"CommentAction","name":"Comment","target":["https:\/\/www.leprojecteurguinee.com\/index.php\/2024\/10\/05\/faranah-inauguration-par-le-president-du-cnt-de-la-bibliotheque-du-lycee-gamal-abdel-nasser\/#respond"]}]},{"@type":"WebPage","@id":"https:\/\/www.leprojecteurguinee.com\/index.php\/2024\/10\/05\/faranah-inauguration-par-le-president-du-cnt-de-la-bibliotheque-du-lycee-gamal-abdel-nasser\/","url":"https:\/\/www.leprojecteurguinee.com\/index.php\/2024\/10\/05\/faranah-inauguration-par-le-president-du-cnt-de-la-bibliotheque-du-lycee-gamal-abdel-nasser\/","name":"Faranah : inauguration par le Pr\u00e9sident du CNT, de la biblioth\u00e8que du lyc\u00e9e Gamal Abdel Nasser - leprojecteurguinee","isPartOf":{"@id":"https:\/\/www.leprojecteurguinee.com\/#website"},"primaryImageOfPage":{"@id":"https:\/\/www.leprojecteurguinee.com\/index.php\/2024\/10\/05\/faranah-inauguration-par-le-president-du-cnt-de-la-bibliotheque-du-lycee-gamal-abdel-nasser\/#primaryimage"},"image":{"@id":"https:\/\/www.leprojecteurguinee.com\/index.php\/2024\/10\/05\/faranah-inauguration-par-le-president-du-cnt-de-la-bibliotheque-du-lycee-gamal-abdel-nasser\/#primaryimage"},"thumbnailUrl":"https:\/\/www.leprojecteurguinee.com\/wp-content\/uploads\/2024\/10\/1728130976747.jpg","datePublished":"2024-10-05T12:32:16+00:00","dateModified":"2024-10-05T12:32:19+00:00","author":{"@id":"https:\/\/www.leprojecteurguinee.com\/#\/schema\/person\/c9d1602e593b11af0b295bdf5e12a59a"},"breadcrumb":{"@id":"https:\/\/www.leprojecteurguinee.com\/index.php\/2024\/10\/05\/faranah-inauguration-par-le-president-du-cnt-de-la-bibliotheque-du-lycee-gamal-abdel-nasser\/#breadcrumb"},"inLanguage":"fr-FR","potentialAction":[{"@type":"ReadAction","target":["https:\/\/www.leprojecteurguinee.com\/index.php\/2024\/10\/05\/faranah-inauguration-par-le-president-du-cnt-de-la-bibliotheque-du-lycee-gamal-abdel-nasser\/"]}]},{"@type":"ImageObject","inLanguage":"fr-FR","@id":"https:\/\/www.leprojecteurguinee.com\/index.php\/2024\/10\/05\/faranah-inauguration-par-le-president-du-cnt-de-la-bibliotheque-du-lycee-gamal-abdel-nasser\/#primaryimage","url":"https:\/\/www.leprojecteurguinee.com\/wp-content\/uploads\/2024\/10\/1728130976747.jpg","contentUrl":"https:\/\/www.leprojecteurguinee.com\/wp-content\/uploads\/2024\/10\/1728130976747.jpg","width":720,"height":480},{"@type":"BreadcrumbList","@id":"https:\/\/www.leprojecteurguinee.com\/index.php\/2024\/10\/05\/faranah-inauguration-par-le-president-du-cnt-de-la-bibliotheque-du-lycee-gamal-abdel-nasser\/#breadcrumb","itemListElement":[{"@type":"ListItem","position":1,"name":"Accueil","item":"https:\/\/www.leprojecteurguinee.com\/"},{"@type":"ListItem","position":2,"name":"Faranah : inauguration par le Pr\u00e9sident du CNT, de la biblioth\u00e8que du lyc\u00e9e Gamal Abdel Nasser"}]},{"@type":"WebSite","@id":"https:\/\/www.leprojecteurguinee.com\/#website","url":"https:\/\/www.leprojecteurguinee.com\/","name":"leprojecteurguinee","description":"Nous luttons contre les pratiques obscures","potentialAction":[{"@type":"SearchAction","target":{"@type":"EntryPoint","urlTemplate":"https:\/\/www.leprojecteurguinee.com\/?s={search_term_string}"},"query-input":{"@type":"PropertyValueSpecification","valueRequired":true,"valueName":"search_term_string"}}],"inLanguage":"fr-FR"},{"@type":"Person","@id":"https:\/\/www.leprojecteurguinee.com\/#\/schema\/person\/c9d1602e593b11af0b295bdf5e12a59a","name":"www.leprojecteurguinee.com","image":{"@type":"ImageObject","inLanguage":"fr-FR","@id":"https:\/\/www.leprojecteurguinee.com\/#\/schema\/person\/image\/","url":"https:\/\/secure.gravatar.com\/avatar\/d73703fcd03dcba36d2bb23326e491935423a46800f1ebf8f61b70e62b70e55a?s=96&d=mm&r=g","contentUrl":"https:\/\/secure.gravatar.com\/avatar\/d73703fcd03dcba36d2bb23326e491935423a46800f1ebf8f61b70e62b70e55a?s=96&d=mm&r=g","caption":"www.leprojecteurguinee.com"},"description":"Administrateur G\u00e9n\u00e9ral","sameAs":["http:\/\/www.leprojeceteurguinee.com"],"url":"https:\/\/www.leprojecteurguinee.com\/index.php\/author\/fadigagn\/"}]}},"_links":{"self":[{"href":"https:\/\/www.leprojecteurguinee.com\/index.php\/wp-json\/wp\/v2\/posts\/4535","targetHints":{"allow":["GET"]}}],"collection":[{"href":"https:\/\/www.leprojecteurguinee.com\/index.php\/wp-json\/wp\/v2\/posts"}],"about":[{"href":"https:\/\/www.leprojecteurguinee.com\/index.php\/wp-json\/wp\/v2\/types\/post"}],"author":[{"embeddable":true,"href":"https:\/\/www.leprojecteurguinee.com\/index.php\/wp-json\/wp\/v2\/users\/2"}],"replies":[{"embeddable":true,"href":"https:\/\/www.leprojecteurguinee.com\/index.php\/wp-json\/wp\/v2\/comments?post=4535"}],"version-history":[{"count":0,"href":"https:\/\/www.leprojecteurguinee.com\/index.php\/wp-json\/wp\/v2\/posts\/4535\/revisions"}],"wp:featuredmedia":[{"embeddable":true,"href":"https:\/\/www.leprojecteurguinee.com\/index.php\/wp-json\/wp\/v2\/media\/4536"}],"wp:attachment":[{"href":"https:\/\/www.leprojecteurguinee.com\/index.php\/wp-json\/wp\/v2\/media?parent=4535"}],"wp:term":[{"taxonomy":"category","embeddable":true,"href":"https:\/\/www.leprojecteurguinee.com\/index.php\/wp-json\/wp\/v2\/categories?post=4535"},{"taxonomy":"post_tag","embeddable":true,"href":"https:\/\/www.leprojecteurguinee.com\/index.php\/wp-json\/wp\/v2\/tags?post=4535"}],"curies":[{"name":"wp","href":"https:\/\/api.w.org\/{rel}","templated":true}]}}