{"id":452,"date":"2023-07-20T09:23:25","date_gmt":"2023-07-20T07:23:25","guid":{"rendered":"https:\/\/www.leprojecteurguinee.com\/?p=452"},"modified":"2023-07-20T09:23:28","modified_gmt":"2023-07-20T07:23:28","slug":"vladimir-poutine-ne-viendra-pas-en-afrique-du-sud","status":"publish","type":"post","link":"https:\/\/www.leprojecteurguinee.com\/index.php\/2023\/07\/20\/vladimir-poutine-ne-viendra-pas-en-afrique-du-sud\/","title":{"rendered":"Vladimir Poutine ne viendra pas en Afrique du Sud"},"content":{"rendered":"\n<p>Fin du suspens en Afrique du Sud. Apr\u00e8s des semaines de tergiversations, le pays annonce ce mercredi 19 juillet qu\u2019il ne recevra pas le pr\u00e9sident russe Vladimir Poutine, lors du sommet des Brics pr\u00e9vu du 22 au 24 ao\u00fbt&nbsp;\u00e0 Johannesburg, mettant fin \u00e0 plusieurs mois de sp\u00e9culations sur le sujet.<\/p>\n\n\n\n<p>Cette annonce \u00e9pargne un \u00e9pineux dilemme \u00e0 Pretoria, qui pr\u00e9side le groupe des Brics (Afrique du Sud, Br\u00e9sil, Chine, Inde et Russie) et a refus\u00e9 de condamner l&rsquo;invasion russe de l&rsquo;Ukraine.<\/p>\n\n\n\n<p>Alors que le chef du Kremlin est sous le coup d\u2019un mandat d\u2019arr\u00eat de la Cour p\u00e9nale internationale (CPI) pour le crime de guerre de \u00ab&nbsp;<em>d\u00e9portation&nbsp;<\/em>\u00bb d&rsquo;enfants ukrainiens, l\u2019Afrique du devrait l\u2019arr\u00eater&nbsp;s\u2019il venait en personne dans le pays, \u00e9tant signataire du Statut de Rome.<\/p>\n\n\n\n<p>Selon la pr\u00e9sidence sud-africaine, c\u2019est donc d\u2019\u00ab&nbsp;<em>un commun accord<\/em>&nbsp;\u00bb qu\u2019il a \u00e9t\u00e9 d\u00e9cid\u00e9 que le chef de l\u2019\u00c9tat russe \u00ab&nbsp;<em>n\u2019assistera pas au Sommet<\/em>&nbsp;\u00bb. Il sera repr\u00e9sent\u00e9 par son ministre des Affaires \u00e9trang\u00e8res Sergue\u00ef Lavrov.<\/p>\n","protected":false},"excerpt":{"rendered":"<p>Fin du suspens en Afrique du Sud. Apr\u00e8s des semaines de tergiversations, le pays annonce ce mercredi 19 juillet qu\u2019il ne recevra pas le pr\u00e9sident russe Vladimir Poutine, lors du sommet des Brics pr\u00e9vu du 22 au 24 ao\u00fbt&nbsp;\u00e0 Johannesburg, mettant fin \u00e0 plusieurs mois de sp\u00e9culations sur le sujet. Cette annonce \u00e9pargne un \u00e9pineux [&hellip;]<\/p>\n","protected":false},"author":1,"featured_media":453,"comment_status":"open","ping_status":"open","sticky":true,"template":"","format":"standard","meta":{"footnotes":""},"categories":[16,32],"tags":[34,84,33],"class_list":["post-452","post","type-post","status-publish","format-standard","has-post-thumbnail","hentry","category-actualites","category-monde","tag-russie","tag-sud-afrique","tag-ukraine"],"yoast_head":"<!-- This site is optimized with the Yoast SEO plugin v26.8 - https:\/\/yoast.com\/product\/yoast-seo-wordpress\/ -->\n<title>Vladimir Poutine ne viendra pas en Afrique du Sud - leprojecteurguinee<\/title>\n<meta name=\"robots\" content=\"index, follow, max-snippet:-1, max-image-preview:large, max-video-preview:-1\" \/>\n<link rel=\"canonical\" href=\"https:\/\/www.leprojecteurguinee.com\/index.php\/2023\/07\/20\/vladimir-poutine-ne-viendra-pas-en-afrique-du-sud\/\" \/>\n<meta property=\"og:locale\" content=\"fr_FR\" \/>\n<meta property=\"og:type\" content=\"article\" \/>\n<meta property=\"og:title\" content=\"Vladimir Poutine ne viendra pas en Afrique du Sud - leprojecteurguinee\" \/>\n<meta property=\"og:description\" content=\"Fin du suspens en Afrique du Sud. Apr\u00e8s des semaines de tergiversations, le pays annonce ce mercredi 19 juillet qu\u2019il ne recevra pas le pr\u00e9sident russe Vladimir Poutine, lors du sommet des Brics pr\u00e9vu du 22 au 24 ao\u00fbt&nbsp;\u00e0 Johannesburg, mettant fin \u00e0 plusieurs mois de sp\u00e9culations sur le sujet. Cette annonce \u00e9pargne un \u00e9pineux [&hellip;]\" \/>\n<meta property=\"og:url\" content=\"https:\/\/www.leprojecteurguinee.com\/index.php\/2023\/07\/20\/vladimir-poutine-ne-viendra-pas-en-afrique-du-sud\/\" \/>\n<meta property=\"og:site_name\" content=\"leprojecteurguinee\" \/>\n<meta property=\"article:published_time\" content=\"2023-07-20T07:23:25+00:00\" \/>\n<meta property=\"article:modified_time\" content=\"2023-07-20T07:23:28+00:00\" \/>\n<meta property=\"og:image\" content=\"https:\/\/www.leprojecteurguinee.com\/wp-content\/uploads\/2023\/07\/poutine.jpg\" \/>\n\t<meta property=\"og:image:width\" content=\"284\" \/>\n\t<meta property=\"og:image:height\" content=\"177\" \/>\n\t<meta property=\"og:image:type\" content=\"image\/jpeg\" \/>\n<meta name=\"author\" content=\"Leprojecteurguinee\" \/>\n<meta name=\"twitter:card\" content=\"summary_large_image\" \/>\n<meta name=\"twitter:label1\" content=\"\u00c9crit par\" \/>\n\t<meta name=\"twitter:data1\" content=\"Leprojecteurguinee\" \/>\n\t<meta name=\"twitter:label2\" content=\"Dur\u00e9e de lecture estim\u00e9e\" \/>\n\t<meta name=\"twitter:data2\" content=\"1 minute\" \/>\n<script type=\"application\/ld+json\" class=\"yoast-schema-graph\">{\"@context\":\"https:\/\/schema.org\",\"@graph\":[{\"@type\":\"Article\",\"@id\":\"https:\/\/www.leprojecteurguinee.com\/index.php\/2023\/07\/20\/vladimir-poutine-ne-viendra-pas-en-afrique-du-sud\/#article\",\"isPartOf\":{\"@id\":\"https:\/\/www.leprojecteurguinee.com\/index.php\/2023\/07\/20\/vladimir-poutine-ne-viendra-pas-en-afrique-du-sud\/\"},\"author\":{\"name\":\"Leprojecteurguinee\",\"@id\":\"https:\/\/www.leprojecteurguinee.com\/#\/schema\/person\/389671d1a3f0c66e6c91c4a765990c1b\"},\"headline\":\"Vladimir Poutine ne viendra pas en Afrique du Sud\",\"datePublished\":\"2023-07-20T07:23:25+00:00\",\"dateModified\":\"2023-07-20T07:23:28+00:00\",\"mainEntityOfPage\":{\"@id\":\"https:\/\/www.leprojecteurguinee.com\/index.php\/2023\/07\/20\/vladimir-poutine-ne-viendra-pas-en-afrique-du-sud\/\"},\"wordCount\":201,\"commentCount\":0,\"image\":{\"@id\":\"https:\/\/www.leprojecteurguinee.com\/index.php\/2023\/07\/20\/vladimir-poutine-ne-viendra-pas-en-afrique-du-sud\/#primaryimage\"},\"thumbnailUrl\":\"https:\/\/www.leprojecteurguinee.com\/wp-content\/uploads\/2023\/07\/poutine.jpg\",\"keywords\":[\"Russie\",\"Sud Afrique\",\"Ukraine\"],\"articleSection\":[\"Actualit\u00e9s\",\"Monde\"],\"inLanguage\":\"fr-FR\",\"potentialAction\":[{\"@type\":\"CommentAction\",\"name\":\"Comment\",\"target\":[\"https:\/\/www.leprojecteurguinee.com\/index.php\/2023\/07\/20\/vladimir-poutine-ne-viendra-pas-en-afrique-du-sud\/#respond\"]}]},{\"@type\":\"WebPage\",\"@id\":\"https:\/\/www.leprojecteurguinee.com\/index.php\/2023\/07\/20\/vladimir-poutine-ne-viendra-pas-en-afrique-du-sud\/\",\"url\":\"https:\/\/www.leprojecteurguinee.com\/index.php\/2023\/07\/20\/vladimir-poutine-ne-viendra-pas-en-afrique-du-sud\/\",\"name\":\"Vladimir Poutine ne viendra pas en Afrique du Sud - leprojecteurguinee\",\"isPartOf\":{\"@id\":\"https:\/\/www.leprojecteurguinee.com\/#website\"},\"primaryImageOfPage\":{\"@id\":\"https:\/\/www.leprojecteurguinee.com\/index.php\/2023\/07\/20\/vladimir-poutine-ne-viendra-pas-en-afrique-du-sud\/#primaryimage\"},\"image\":{\"@id\":\"https:\/\/www.leprojecteurguinee.com\/index.php\/2023\/07\/20\/vladimir-poutine-ne-viendra-pas-en-afrique-du-sud\/#primaryimage\"},\"thumbnailUrl\":\"https:\/\/www.leprojecteurguinee.com\/wp-content\/uploads\/2023\/07\/poutine.jpg\",\"datePublished\":\"2023-07-20T07:23:25+00:00\",\"dateModified\":\"2023-07-20T07:23:28+00:00\",\"author\":{\"@id\":\"https:\/\/www.leprojecteurguinee.com\/#\/schema\/person\/389671d1a3f0c66e6c91c4a765990c1b\"},\"breadcrumb\":{\"@id\":\"https:\/\/www.leprojecteurguinee.com\/index.php\/2023\/07\/20\/vladimir-poutine-ne-viendra-pas-en-afrique-du-sud\/#breadcrumb\"},\"inLanguage\":\"fr-FR\",\"potentialAction\":[{\"@type\":\"ReadAction\",\"target\":[\"https:\/\/www.leprojecteurguinee.com\/index.php\/2023\/07\/20\/vladimir-poutine-ne-viendra-pas-en-afrique-du-sud\/\"]}]},{\"@type\":\"ImageObject\",\"inLanguage\":\"fr-FR\",\"@id\":\"https:\/\/www.leprojecteurguinee.com\/index.php\/2023\/07\/20\/vladimir-poutine-ne-viendra-pas-en-afrique-du-sud\/#primaryimage\",\"url\":\"https:\/\/www.leprojecteurguinee.com\/wp-content\/uploads\/2023\/07\/poutine.jpg\",\"contentUrl\":\"https:\/\/www.leprojecteurguinee.com\/wp-content\/uploads\/2023\/07\/poutine.jpg\",\"width\":284,\"height\":177},{\"@type\":\"BreadcrumbList\",\"@id\":\"https:\/\/www.leprojecteurguinee.com\/index.php\/2023\/07\/20\/vladimir-poutine-ne-viendra-pas-en-afrique-du-sud\/#breadcrumb\",\"itemListElement\":[{\"@type\":\"ListItem\",\"position\":1,\"name\":\"Accueil\",\"item\":\"https:\/\/www.leprojecteurguinee.com\/\"},{\"@type\":\"ListItem\",\"position\":2,\"name\":\"Vladimir Poutine ne viendra pas en Afrique du Sud\"}]},{\"@type\":\"WebSite\",\"@id\":\"https:\/\/www.leprojecteurguinee.com\/#website\",\"url\":\"https:\/\/www.leprojecteurguinee.com\/\",\"name\":\"leprojecteurguinee\",\"description\":\"Nous luttons contre les pratiques obscures\",\"potentialAction\":[{\"@type\":\"SearchAction\",\"target\":{\"@type\":\"EntryPoint\",\"urlTemplate\":\"https:\/\/www.leprojecteurguinee.com\/?s={search_term_string}\"},\"query-input\":{\"@type\":\"PropertyValueSpecification\",\"valueRequired\":true,\"valueName\":\"search_term_string\"}}],\"inLanguage\":\"fr-FR\"},{\"@type\":\"Person\",\"@id\":\"https:\/\/www.leprojecteurguinee.com\/#\/schema\/person\/389671d1a3f0c66e6c91c4a765990c1b\",\"name\":\"Leprojecteurguinee\",\"image\":{\"@type\":\"ImageObject\",\"inLanguage\":\"fr-FR\",\"@id\":\"https:\/\/www.leprojecteurguinee.com\/#\/schema\/person\/image\/\",\"url\":\"https:\/\/secure.gravatar.com\/avatar\/c0faa0f472c43eff99fecb0bd2a1c6782e80a162c9fcb7ed2d48bb42ea619f30?s=96&d=mm&r=g\",\"contentUrl\":\"https:\/\/secure.gravatar.com\/avatar\/c0faa0f472c43eff99fecb0bd2a1c6782e80a162c9fcb7ed2d48bb42ea619f30?s=96&d=mm&r=g\",\"caption\":\"Leprojecteurguinee\"},\"sameAs\":[\"https:\/\/www.leprojecteurguinee.com\"],\"url\":\"https:\/\/www.leprojecteurguinee.com\/index.php\/author\/madame\/\"}]}<\/script>\n<!-- \/ Yoast SEO plugin. -->","yoast_head_json":{"title":"Vladimir Poutine ne viendra pas en Afrique du Sud - leprojecteurguinee","robots":{"index":"index","follow":"follow","max-snippet":"max-snippet:-1","max-image-preview":"max-image-preview:large","max-video-preview":"max-video-preview:-1"},"canonical":"https:\/\/www.leprojecteurguinee.com\/index.php\/2023\/07\/20\/vladimir-poutine-ne-viendra-pas-en-afrique-du-sud\/","og_locale":"fr_FR","og_type":"article","og_title":"Vladimir Poutine ne viendra pas en Afrique du Sud - leprojecteurguinee","og_description":"Fin du suspens en Afrique du Sud. Apr\u00e8s des semaines de tergiversations, le pays annonce ce mercredi 19 juillet qu\u2019il ne recevra pas le pr\u00e9sident russe Vladimir Poutine, lors du sommet des Brics pr\u00e9vu du 22 au 24 ao\u00fbt&nbsp;\u00e0 Johannesburg, mettant fin \u00e0 plusieurs mois de sp\u00e9culations sur le sujet. Cette annonce \u00e9pargne un \u00e9pineux [&hellip;]","og_url":"https:\/\/www.leprojecteurguinee.com\/index.php\/2023\/07\/20\/vladimir-poutine-ne-viendra-pas-en-afrique-du-sud\/","og_site_name":"leprojecteurguinee","article_published_time":"2023-07-20T07:23:25+00:00","article_modified_time":"2023-07-20T07:23:28+00:00","og_image":[{"width":284,"height":177,"url":"https:\/\/www.leprojecteurguinee.com\/wp-content\/uploads\/2023\/07\/poutine.jpg","type":"image\/jpeg"}],"author":"Leprojecteurguinee","twitter_card":"summary_large_image","twitter_misc":{"\u00c9crit par":"Leprojecteurguinee","Dur\u00e9e de lecture estim\u00e9e":"1 minute"},"schema":{"@context":"https:\/\/schema.org","@graph":[{"@type":"Article","@id":"https:\/\/www.leprojecteurguinee.com\/index.php\/2023\/07\/20\/vladimir-poutine-ne-viendra-pas-en-afrique-du-sud\/#article","isPartOf":{"@id":"https:\/\/www.leprojecteurguinee.com\/index.php\/2023\/07\/20\/vladimir-poutine-ne-viendra-pas-en-afrique-du-sud\/"},"author":{"name":"Leprojecteurguinee","@id":"https:\/\/www.leprojecteurguinee.com\/#\/schema\/person\/389671d1a3f0c66e6c91c4a765990c1b"},"headline":"Vladimir Poutine ne viendra pas en Afrique du Sud","datePublished":"2023-07-20T07:23:25+00:00","dateModified":"2023-07-20T07:23:28+00:00","mainEntityOfPage":{"@id":"https:\/\/www.leprojecteurguinee.com\/index.php\/2023\/07\/20\/vladimir-poutine-ne-viendra-pas-en-afrique-du-sud\/"},"wordCount":201,"commentCount":0,"image":{"@id":"https:\/\/www.leprojecteurguinee.com\/index.php\/2023\/07\/20\/vladimir-poutine-ne-viendra-pas-en-afrique-du-sud\/#primaryimage"},"thumbnailUrl":"https:\/\/www.leprojecteurguinee.com\/wp-content\/uploads\/2023\/07\/poutine.jpg","keywords":["Russie","Sud Afrique","Ukraine"],"articleSection":["Actualit\u00e9s","Monde"],"inLanguage":"fr-FR","potentialAction":[{"@type":"CommentAction","name":"Comment","target":["https:\/\/www.leprojecteurguinee.com\/index.php\/2023\/07\/20\/vladimir-poutine-ne-viendra-pas-en-afrique-du-sud\/#respond"]}]},{"@type":"WebPage","@id":"https:\/\/www.leprojecteurguinee.com\/index.php\/2023\/07\/20\/vladimir-poutine-ne-viendra-pas-en-afrique-du-sud\/","url":"https:\/\/www.leprojecteurguinee.com\/index.php\/2023\/07\/20\/vladimir-poutine-ne-viendra-pas-en-afrique-du-sud\/","name":"Vladimir Poutine ne viendra pas en Afrique du Sud - leprojecteurguinee","isPartOf":{"@id":"https:\/\/www.leprojecteurguinee.com\/#website"},"primaryImageOfPage":{"@id":"https:\/\/www.leprojecteurguinee.com\/index.php\/2023\/07\/20\/vladimir-poutine-ne-viendra-pas-en-afrique-du-sud\/#primaryimage"},"image":{"@id":"https:\/\/www.leprojecteurguinee.com\/index.php\/2023\/07\/20\/vladimir-poutine-ne-viendra-pas-en-afrique-du-sud\/#primaryimage"},"thumbnailUrl":"https:\/\/www.leprojecteurguinee.com\/wp-content\/uploads\/2023\/07\/poutine.jpg","datePublished":"2023-07-20T07:23:25+00:00","dateModified":"2023-07-20T07:23:28+00:00","author":{"@id":"https:\/\/www.leprojecteurguinee.com\/#\/schema\/person\/389671d1a3f0c66e6c91c4a765990c1b"},"breadcrumb":{"@id":"https:\/\/www.leprojecteurguinee.com\/index.php\/2023\/07\/20\/vladimir-poutine-ne-viendra-pas-en-afrique-du-sud\/#breadcrumb"},"inLanguage":"fr-FR","potentialAction":[{"@type":"ReadAction","target":["https:\/\/www.leprojecteurguinee.com\/index.php\/2023\/07\/20\/vladimir-poutine-ne-viendra-pas-en-afrique-du-sud\/"]}]},{"@type":"ImageObject","inLanguage":"fr-FR","@id":"https:\/\/www.leprojecteurguinee.com\/index.php\/2023\/07\/20\/vladimir-poutine-ne-viendra-pas-en-afrique-du-sud\/#primaryimage","url":"https:\/\/www.leprojecteurguinee.com\/wp-content\/uploads\/2023\/07\/poutine.jpg","contentUrl":"https:\/\/www.leprojecteurguinee.com\/wp-content\/uploads\/2023\/07\/poutine.jpg","width":284,"height":177},{"@type":"BreadcrumbList","@id":"https:\/\/www.leprojecteurguinee.com\/index.php\/2023\/07\/20\/vladimir-poutine-ne-viendra-pas-en-afrique-du-sud\/#breadcrumb","itemListElement":[{"@type":"ListItem","position":1,"name":"Accueil","item":"https:\/\/www.leprojecteurguinee.com\/"},{"@type":"ListItem","position":2,"name":"Vladimir Poutine ne viendra pas en Afrique du Sud"}]},{"@type":"WebSite","@id":"https:\/\/www.leprojecteurguinee.com\/#website","url":"https:\/\/www.leprojecteurguinee.com\/","name":"leprojecteurguinee","description":"Nous luttons contre les pratiques obscures","potentialAction":[{"@type":"SearchAction","target":{"@type":"EntryPoint","urlTemplate":"https:\/\/www.leprojecteurguinee.com\/?s={search_term_string}"},"query-input":{"@type":"PropertyValueSpecification","valueRequired":true,"valueName":"search_term_string"}}],"inLanguage":"fr-FR"},{"@type":"Person","@id":"https:\/\/www.leprojecteurguinee.com\/#\/schema\/person\/389671d1a3f0c66e6c91c4a765990c1b","name":"Leprojecteurguinee","image":{"@type":"ImageObject","inLanguage":"fr-FR","@id":"https:\/\/www.leprojecteurguinee.com\/#\/schema\/person\/image\/","url":"https:\/\/secure.gravatar.com\/avatar\/c0faa0f472c43eff99fecb0bd2a1c6782e80a162c9fcb7ed2d48bb42ea619f30?s=96&d=mm&r=g","contentUrl":"https:\/\/secure.gravatar.com\/avatar\/c0faa0f472c43eff99fecb0bd2a1c6782e80a162c9fcb7ed2d48bb42ea619f30?s=96&d=mm&r=g","caption":"Leprojecteurguinee"},"sameAs":["https:\/\/www.leprojecteurguinee.com"],"url":"https:\/\/www.leprojecteurguinee.com\/index.php\/author\/madame\/"}]}},"_links":{"self":[{"href":"https:\/\/www.leprojecteurguinee.com\/index.php\/wp-json\/wp\/v2\/posts\/452","targetHints":{"allow":["GET"]}}],"collection":[{"href":"https:\/\/www.leprojecteurguinee.com\/index.php\/wp-json\/wp\/v2\/posts"}],"about":[{"href":"https:\/\/www.leprojecteurguinee.com\/index.php\/wp-json\/wp\/v2\/types\/post"}],"author":[{"embeddable":true,"href":"https:\/\/www.leprojecteurguinee.com\/index.php\/wp-json\/wp\/v2\/users\/1"}],"replies":[{"embeddable":true,"href":"https:\/\/www.leprojecteurguinee.com\/index.php\/wp-json\/wp\/v2\/comments?post=452"}],"version-history":[{"count":0,"href":"https:\/\/www.leprojecteurguinee.com\/index.php\/wp-json\/wp\/v2\/posts\/452\/revisions"}],"wp:featuredmedia":[{"embeddable":true,"href":"https:\/\/www.leprojecteurguinee.com\/index.php\/wp-json\/wp\/v2\/media\/453"}],"wp:attachment":[{"href":"https:\/\/www.leprojecteurguinee.com\/index.php\/wp-json\/wp\/v2\/media?parent=452"}],"wp:term":[{"taxonomy":"category","embeddable":true,"href":"https:\/\/www.leprojecteurguinee.com\/index.php\/wp-json\/wp\/v2\/categories?post=452"},{"taxonomy":"post_tag","embeddable":true,"href":"https:\/\/www.leprojecteurguinee.com\/index.php\/wp-json\/wp\/v2\/tags?post=452"}],"curies":[{"name":"wp","href":"https:\/\/api.w.org\/{rel}","templated":true}]}}