{"id":4493,"date":"2024-10-04T00:30:32","date_gmt":"2024-10-04T00:30:32","guid":{"rendered":"https:\/\/www.leprojecteurguinee.com\/?p=4493"},"modified":"2024-10-04T00:30:33","modified_gmt":"2024-10-04T00:30:33","slug":"02-octobre-a-mandiana-lex-dg-de-la-sonap-amadou-doumbouya-mobilise-en-faveur-des-actions-du-cnrd","status":"publish","type":"post","link":"https:\/\/www.leprojecteurguinee.com\/index.php\/2024\/10\/04\/02-octobre-a-mandiana-lex-dg-de-la-sonap-amadou-doumbouya-mobilise-en-faveur-des-actions-du-cnrd\/","title":{"rendered":"02 octobre \u00e0 Mandiana: l\u2019ex DG de la SONAP Amadou Doumbouya mobilise en faveur des actions du CNRD"},"content":{"rendered":"\n<p>Ce mercredi 02 octobre 2024, tout le pays a vibr\u00e9 au rythme de la f\u00eate anniversaire de l\u2019ind\u00e9pendance. La pr\u00e9fecture de Mandiana dans les d\u00e9dales de la savane guin\u00e9enne n\u2019a pas fait exception.<\/p>\n\n\n\n<figure class=\"wp-block-image\"><img decoding=\"async\" src=\"https:\/\/i0.wp.com\/mosaiqueguinee.com\/wp-content\/uploads\/2024\/10\/Amadou-Doumbouya-4.jpg?resize=700%2C350&amp;ssl=1\" alt=\"\" class=\"wp-image-300211\"\/><\/figure>\n\n\n\n<figure class=\"wp-block-image size-full\"><img loading=\"lazy\" decoding=\"async\" width=\"700\" height=\"467\" src=\"https:\/\/www.leprojecteurguinee.com\/wp-content\/uploads\/2024\/10\/image.png\" alt=\"\" class=\"wp-image-4494\" srcset=\"https:\/\/www.leprojecteurguinee.com\/wp-content\/uploads\/2024\/10\/image.png 700w, https:\/\/www.leprojecteurguinee.com\/wp-content\/uploads\/2024\/10\/image-300x200.png 300w\" sizes=\"auto, (max-width: 700px) 100vw, 700px\" \/><\/figure>\n\n\n\n<p><em>\u00ab Mandiana qui votait \u00e0 presque 99% RPG a dit \u201cOUI\u201d au CNRD \u00e0 cause du travail de fond du pr\u00e9sident de la R\u00e9publique, le G\u00e9n\u00e9ral Mamadi Doumbouya dans le pays. Se pr\u00e9sentant comme un simple \u00e9missaire du chef l\u2019\u00c9tat, l\u2019ex DG de la SONAP, monsieur Amadou Doumbouya a fait d\u2019importantes r\u00e9alisations pour les populations de Mandiana au nom du pr\u00e9sident. C\u2019est ce travail qui a fait que les 12 sous-pr\u00e9fectures de la localit\u00e9 se sont jointes \u00e0 la commune urbaine et avoir comme slogan Mandiana dit Oui au CNRD \u00bb,<\/em>&nbsp;disent des Mandianakas.<\/p>\n\n\n\n<figure class=\"wp-block-image\"><img decoding=\"async\" src=\"https:\/\/i0.wp.com\/mosaiqueguinee.com\/wp-content\/uploads\/2024\/10\/Amadou-Doumbouya-1.jpg?resize=700%2C319&amp;ssl=1\" alt=\"\" class=\"wp-image-300208\"\/><\/figure>\n\n\n\n<p>Sociable et tr\u00e8s proche des communaut\u00e9s, Amadou Doumbouya est reconnu ici pour ses bienfaits, son altruisme, son humanisme et son combat en faveur d\u2019une pr\u00e9fecture de Mandiana refond\u00e9e et d\u00e9velopp\u00e9e. Et m\u00eame s\u2019il n\u2019est plus aux affaires, les populations ont tenu \u00e0 lui rendre la monnaie et \u00e0 lui renouveler leur soutien en soutenant sans r\u00e9serve le leadership du Pr\u00e9sident Mamadi Doumbouya.<\/p>\n\n\n\n<p><strong>Mosaiqueguinee.com<\/strong><\/p>\n","protected":false},"excerpt":{"rendered":"<p>Ce mercredi 02 octobre 2024, tout le pays a vibr\u00e9 au rythme de la f\u00eate anniversaire de l\u2019ind\u00e9pendance. La pr\u00e9fecture de Mandiana dans les d\u00e9dales de la savane guin\u00e9enne n\u2019a pas fait exception. \u00ab Mandiana qui votait \u00e0 presque 99% RPG a dit \u201cOUI\u201d au CNRD \u00e0 cause du travail de fond du pr\u00e9sident de [&hellip;]<\/p>\n","protected":false},"author":2,"featured_media":4495,"comment_status":"open","ping_status":"open","sticky":false,"template":"","format":"standard","meta":{"footnotes":""},"categories":[618],"tags":[],"class_list":["post-4493","post","type-post","status-publish","format-standard","has-post-thumbnail","hentry","category-merite"],"yoast_head":"<!-- This site is optimized with the Yoast SEO plugin v26.8 - https:\/\/yoast.com\/product\/yoast-seo-wordpress\/ -->\n<title>02 octobre \u00e0 Mandiana: l\u2019ex DG de la SONAP Amadou Doumbouya mobilise en faveur des actions du CNRD - leprojecteurguinee<\/title>\n<meta name=\"robots\" content=\"index, follow, max-snippet:-1, max-image-preview:large, max-video-preview:-1\" \/>\n<link rel=\"canonical\" href=\"https:\/\/www.leprojecteurguinee.com\/index.php\/2024\/10\/04\/02-octobre-a-mandiana-lex-dg-de-la-sonap-amadou-doumbouya-mobilise-en-faveur-des-actions-du-cnrd\/\" \/>\n<meta property=\"og:locale\" content=\"fr_FR\" \/>\n<meta property=\"og:type\" content=\"article\" \/>\n<meta property=\"og:title\" content=\"02 octobre \u00e0 Mandiana: l\u2019ex DG de la SONAP Amadou Doumbouya mobilise en faveur des actions du CNRD - leprojecteurguinee\" \/>\n<meta property=\"og:description\" content=\"Ce mercredi 02 octobre 2024, tout le pays a vibr\u00e9 au rythme de la f\u00eate anniversaire de l\u2019ind\u00e9pendance. La pr\u00e9fecture de Mandiana dans les d\u00e9dales de la savane guin\u00e9enne n\u2019a pas fait exception. \u00ab Mandiana qui votait \u00e0 presque 99% RPG a dit \u201cOUI\u201d au CNRD \u00e0 cause du travail de fond du pr\u00e9sident de [&hellip;]\" \/>\n<meta property=\"og:url\" content=\"https:\/\/www.leprojecteurguinee.com\/index.php\/2024\/10\/04\/02-octobre-a-mandiana-lex-dg-de-la-sonap-amadou-doumbouya-mobilise-en-faveur-des-actions-du-cnrd\/\" \/>\n<meta property=\"og:site_name\" content=\"leprojecteurguinee\" \/>\n<meta property=\"article:published_time\" content=\"2024-10-04T00:30:32+00:00\" \/>\n<meta property=\"article:modified_time\" content=\"2024-10-04T00:30:33+00:00\" \/>\n<meta property=\"og:image\" content=\"https:\/\/www.leprojecteurguinee.com\/wp-content\/uploads\/2024\/10\/Amadou-Doumbouya-2.webp\" \/>\n\t<meta property=\"og:image:width\" content=\"700\" \/>\n\t<meta property=\"og:image:height\" content=\"341\" \/>\n\t<meta property=\"og:image:type\" content=\"image\/webp\" \/>\n<meta name=\"author\" content=\"www.leprojecteurguinee.com\" \/>\n<meta name=\"twitter:card\" content=\"summary_large_image\" \/>\n<meta name=\"twitter:label1\" content=\"\u00c9crit par\" \/>\n\t<meta name=\"twitter:data1\" content=\"www.leprojecteurguinee.com\" \/>\n\t<meta name=\"twitter:label2\" content=\"Dur\u00e9e de lecture estim\u00e9e\" \/>\n\t<meta name=\"twitter:data2\" content=\"2 minutes\" \/>\n<script type=\"application\/ld+json\" class=\"yoast-schema-graph\">{\"@context\":\"https:\/\/schema.org\",\"@graph\":[{\"@type\":\"Article\",\"@id\":\"https:\/\/www.leprojecteurguinee.com\/index.php\/2024\/10\/04\/02-octobre-a-mandiana-lex-dg-de-la-sonap-amadou-doumbouya-mobilise-en-faveur-des-actions-du-cnrd\/#article\",\"isPartOf\":{\"@id\":\"https:\/\/www.leprojecteurguinee.com\/index.php\/2024\/10\/04\/02-octobre-a-mandiana-lex-dg-de-la-sonap-amadou-doumbouya-mobilise-en-faveur-des-actions-du-cnrd\/\"},\"author\":{\"name\":\"www.leprojecteurguinee.com\",\"@id\":\"https:\/\/www.leprojecteurguinee.com\/#\/schema\/person\/c9d1602e593b11af0b295bdf5e12a59a\"},\"headline\":\"02 octobre \u00e0 Mandiana: l\u2019ex DG de la SONAP Amadou Doumbouya mobilise en faveur des actions du CNRD\",\"datePublished\":\"2024-10-04T00:30:32+00:00\",\"dateModified\":\"2024-10-04T00:30:33+00:00\",\"mainEntityOfPage\":{\"@id\":\"https:\/\/www.leprojecteurguinee.com\/index.php\/2024\/10\/04\/02-octobre-a-mandiana-lex-dg-de-la-sonap-amadou-doumbouya-mobilise-en-faveur-des-actions-du-cnrd\/\"},\"wordCount\":229,\"commentCount\":0,\"image\":{\"@id\":\"https:\/\/www.leprojecteurguinee.com\/index.php\/2024\/10\/04\/02-octobre-a-mandiana-lex-dg-de-la-sonap-amadou-doumbouya-mobilise-en-faveur-des-actions-du-cnrd\/#primaryimage\"},\"thumbnailUrl\":\"https:\/\/www.leprojecteurguinee.com\/wp-content\/uploads\/2024\/10\/Amadou-Doumbouya-2.webp\",\"articleSection\":[\"M\u00e9rite\"],\"inLanguage\":\"fr-FR\",\"potentialAction\":[{\"@type\":\"CommentAction\",\"name\":\"Comment\",\"target\":[\"https:\/\/www.leprojecteurguinee.com\/index.php\/2024\/10\/04\/02-octobre-a-mandiana-lex-dg-de-la-sonap-amadou-doumbouya-mobilise-en-faveur-des-actions-du-cnrd\/#respond\"]}]},{\"@type\":\"WebPage\",\"@id\":\"https:\/\/www.leprojecteurguinee.com\/index.php\/2024\/10\/04\/02-octobre-a-mandiana-lex-dg-de-la-sonap-amadou-doumbouya-mobilise-en-faveur-des-actions-du-cnrd\/\",\"url\":\"https:\/\/www.leprojecteurguinee.com\/index.php\/2024\/10\/04\/02-octobre-a-mandiana-lex-dg-de-la-sonap-amadou-doumbouya-mobilise-en-faveur-des-actions-du-cnrd\/\",\"name\":\"02 octobre \u00e0 Mandiana: l\u2019ex DG de la SONAP Amadou Doumbouya mobilise en faveur des actions du CNRD - leprojecteurguinee\",\"isPartOf\":{\"@id\":\"https:\/\/www.leprojecteurguinee.com\/#website\"},\"primaryImageOfPage\":{\"@id\":\"https:\/\/www.leprojecteurguinee.com\/index.php\/2024\/10\/04\/02-octobre-a-mandiana-lex-dg-de-la-sonap-amadou-doumbouya-mobilise-en-faveur-des-actions-du-cnrd\/#primaryimage\"},\"image\":{\"@id\":\"https:\/\/www.leprojecteurguinee.com\/index.php\/2024\/10\/04\/02-octobre-a-mandiana-lex-dg-de-la-sonap-amadou-doumbouya-mobilise-en-faveur-des-actions-du-cnrd\/#primaryimage\"},\"thumbnailUrl\":\"https:\/\/www.leprojecteurguinee.com\/wp-content\/uploads\/2024\/10\/Amadou-Doumbouya-2.webp\",\"datePublished\":\"2024-10-04T00:30:32+00:00\",\"dateModified\":\"2024-10-04T00:30:33+00:00\",\"author\":{\"@id\":\"https:\/\/www.leprojecteurguinee.com\/#\/schema\/person\/c9d1602e593b11af0b295bdf5e12a59a\"},\"breadcrumb\":{\"@id\":\"https:\/\/www.leprojecteurguinee.com\/index.php\/2024\/10\/04\/02-octobre-a-mandiana-lex-dg-de-la-sonap-amadou-doumbouya-mobilise-en-faveur-des-actions-du-cnrd\/#breadcrumb\"},\"inLanguage\":\"fr-FR\",\"potentialAction\":[{\"@type\":\"ReadAction\",\"target\":[\"https:\/\/www.leprojecteurguinee.com\/index.php\/2024\/10\/04\/02-octobre-a-mandiana-lex-dg-de-la-sonap-amadou-doumbouya-mobilise-en-faveur-des-actions-du-cnrd\/\"]}]},{\"@type\":\"ImageObject\",\"inLanguage\":\"fr-FR\",\"@id\":\"https:\/\/www.leprojecteurguinee.com\/index.php\/2024\/10\/04\/02-octobre-a-mandiana-lex-dg-de-la-sonap-amadou-doumbouya-mobilise-en-faveur-des-actions-du-cnrd\/#primaryimage\",\"url\":\"https:\/\/www.leprojecteurguinee.com\/wp-content\/uploads\/2024\/10\/Amadou-Doumbouya-2.webp\",\"contentUrl\":\"https:\/\/www.leprojecteurguinee.com\/wp-content\/uploads\/2024\/10\/Amadou-Doumbouya-2.webp\",\"width\":700,\"height\":341},{\"@type\":\"BreadcrumbList\",\"@id\":\"https:\/\/www.leprojecteurguinee.com\/index.php\/2024\/10\/04\/02-octobre-a-mandiana-lex-dg-de-la-sonap-amadou-doumbouya-mobilise-en-faveur-des-actions-du-cnrd\/#breadcrumb\",\"itemListElement\":[{\"@type\":\"ListItem\",\"position\":1,\"name\":\"Accueil\",\"item\":\"https:\/\/www.leprojecteurguinee.com\/\"},{\"@type\":\"ListItem\",\"position\":2,\"name\":\"02 octobre \u00e0 Mandiana: l\u2019ex DG de la SONAP Amadou Doumbouya mobilise en faveur des actions du CNRD\"}]},{\"@type\":\"WebSite\",\"@id\":\"https:\/\/www.leprojecteurguinee.com\/#website\",\"url\":\"https:\/\/www.leprojecteurguinee.com\/\",\"name\":\"leprojecteurguinee\",\"description\":\"Nous luttons contre les pratiques obscures\",\"potentialAction\":[{\"@type\":\"SearchAction\",\"target\":{\"@type\":\"EntryPoint\",\"urlTemplate\":\"https:\/\/www.leprojecteurguinee.com\/?s={search_term_string}\"},\"query-input\":{\"@type\":\"PropertyValueSpecification\",\"valueRequired\":true,\"valueName\":\"search_term_string\"}}],\"inLanguage\":\"fr-FR\"},{\"@type\":\"Person\",\"@id\":\"https:\/\/www.leprojecteurguinee.com\/#\/schema\/person\/c9d1602e593b11af0b295bdf5e12a59a\",\"name\":\"www.leprojecteurguinee.com\",\"image\":{\"@type\":\"ImageObject\",\"inLanguage\":\"fr-FR\",\"@id\":\"https:\/\/www.leprojecteurguinee.com\/#\/schema\/person\/image\/\",\"url\":\"https:\/\/secure.gravatar.com\/avatar\/d73703fcd03dcba36d2bb23326e491935423a46800f1ebf8f61b70e62b70e55a?s=96&d=mm&r=g\",\"contentUrl\":\"https:\/\/secure.gravatar.com\/avatar\/d73703fcd03dcba36d2bb23326e491935423a46800f1ebf8f61b70e62b70e55a?s=96&d=mm&r=g\",\"caption\":\"www.leprojecteurguinee.com\"},\"description\":\"Administrateur G\u00e9n\u00e9ral\",\"sameAs\":[\"http:\/\/www.leprojeceteurguinee.com\"],\"url\":\"https:\/\/www.leprojecteurguinee.com\/index.php\/author\/fadigagn\/\"}]}<\/script>\n<!-- \/ Yoast SEO plugin. -->","yoast_head_json":{"title":"02 octobre \u00e0 Mandiana: l\u2019ex DG de la SONAP Amadou Doumbouya mobilise en faveur des actions du CNRD - leprojecteurguinee","robots":{"index":"index","follow":"follow","max-snippet":"max-snippet:-1","max-image-preview":"max-image-preview:large","max-video-preview":"max-video-preview:-1"},"canonical":"https:\/\/www.leprojecteurguinee.com\/index.php\/2024\/10\/04\/02-octobre-a-mandiana-lex-dg-de-la-sonap-amadou-doumbouya-mobilise-en-faveur-des-actions-du-cnrd\/","og_locale":"fr_FR","og_type":"article","og_title":"02 octobre \u00e0 Mandiana: l\u2019ex DG de la SONAP Amadou Doumbouya mobilise en faveur des actions du CNRD - leprojecteurguinee","og_description":"Ce mercredi 02 octobre 2024, tout le pays a vibr\u00e9 au rythme de la f\u00eate anniversaire de l\u2019ind\u00e9pendance. La pr\u00e9fecture de Mandiana dans les d\u00e9dales de la savane guin\u00e9enne n\u2019a pas fait exception. \u00ab Mandiana qui votait \u00e0 presque 99% RPG a dit \u201cOUI\u201d au CNRD \u00e0 cause du travail de fond du pr\u00e9sident de [&hellip;]","og_url":"https:\/\/www.leprojecteurguinee.com\/index.php\/2024\/10\/04\/02-octobre-a-mandiana-lex-dg-de-la-sonap-amadou-doumbouya-mobilise-en-faveur-des-actions-du-cnrd\/","og_site_name":"leprojecteurguinee","article_published_time":"2024-10-04T00:30:32+00:00","article_modified_time":"2024-10-04T00:30:33+00:00","og_image":[{"width":700,"height":341,"url":"https:\/\/www.leprojecteurguinee.com\/wp-content\/uploads\/2024\/10\/Amadou-Doumbouya-2.webp","type":"image\/webp"}],"author":"www.leprojecteurguinee.com","twitter_card":"summary_large_image","twitter_misc":{"\u00c9crit par":"www.leprojecteurguinee.com","Dur\u00e9e de lecture estim\u00e9e":"2 minutes"},"schema":{"@context":"https:\/\/schema.org","@graph":[{"@type":"Article","@id":"https:\/\/www.leprojecteurguinee.com\/index.php\/2024\/10\/04\/02-octobre-a-mandiana-lex-dg-de-la-sonap-amadou-doumbouya-mobilise-en-faveur-des-actions-du-cnrd\/#article","isPartOf":{"@id":"https:\/\/www.leprojecteurguinee.com\/index.php\/2024\/10\/04\/02-octobre-a-mandiana-lex-dg-de-la-sonap-amadou-doumbouya-mobilise-en-faveur-des-actions-du-cnrd\/"},"author":{"name":"www.leprojecteurguinee.com","@id":"https:\/\/www.leprojecteurguinee.com\/#\/schema\/person\/c9d1602e593b11af0b295bdf5e12a59a"},"headline":"02 octobre \u00e0 Mandiana: l\u2019ex DG de la SONAP Amadou Doumbouya mobilise en faveur des actions du CNRD","datePublished":"2024-10-04T00:30:32+00:00","dateModified":"2024-10-04T00:30:33+00:00","mainEntityOfPage":{"@id":"https:\/\/www.leprojecteurguinee.com\/index.php\/2024\/10\/04\/02-octobre-a-mandiana-lex-dg-de-la-sonap-amadou-doumbouya-mobilise-en-faveur-des-actions-du-cnrd\/"},"wordCount":229,"commentCount":0,"image":{"@id":"https:\/\/www.leprojecteurguinee.com\/index.php\/2024\/10\/04\/02-octobre-a-mandiana-lex-dg-de-la-sonap-amadou-doumbouya-mobilise-en-faveur-des-actions-du-cnrd\/#primaryimage"},"thumbnailUrl":"https:\/\/www.leprojecteurguinee.com\/wp-content\/uploads\/2024\/10\/Amadou-Doumbouya-2.webp","articleSection":["M\u00e9rite"],"inLanguage":"fr-FR","potentialAction":[{"@type":"CommentAction","name":"Comment","target":["https:\/\/www.leprojecteurguinee.com\/index.php\/2024\/10\/04\/02-octobre-a-mandiana-lex-dg-de-la-sonap-amadou-doumbouya-mobilise-en-faveur-des-actions-du-cnrd\/#respond"]}]},{"@type":"WebPage","@id":"https:\/\/www.leprojecteurguinee.com\/index.php\/2024\/10\/04\/02-octobre-a-mandiana-lex-dg-de-la-sonap-amadou-doumbouya-mobilise-en-faveur-des-actions-du-cnrd\/","url":"https:\/\/www.leprojecteurguinee.com\/index.php\/2024\/10\/04\/02-octobre-a-mandiana-lex-dg-de-la-sonap-amadou-doumbouya-mobilise-en-faveur-des-actions-du-cnrd\/","name":"02 octobre \u00e0 Mandiana: l\u2019ex DG de la SONAP Amadou Doumbouya mobilise en faveur des actions du CNRD - leprojecteurguinee","isPartOf":{"@id":"https:\/\/www.leprojecteurguinee.com\/#website"},"primaryImageOfPage":{"@id":"https:\/\/www.leprojecteurguinee.com\/index.php\/2024\/10\/04\/02-octobre-a-mandiana-lex-dg-de-la-sonap-amadou-doumbouya-mobilise-en-faveur-des-actions-du-cnrd\/#primaryimage"},"image":{"@id":"https:\/\/www.leprojecteurguinee.com\/index.php\/2024\/10\/04\/02-octobre-a-mandiana-lex-dg-de-la-sonap-amadou-doumbouya-mobilise-en-faveur-des-actions-du-cnrd\/#primaryimage"},"thumbnailUrl":"https:\/\/www.leprojecteurguinee.com\/wp-content\/uploads\/2024\/10\/Amadou-Doumbouya-2.webp","datePublished":"2024-10-04T00:30:32+00:00","dateModified":"2024-10-04T00:30:33+00:00","author":{"@id":"https:\/\/www.leprojecteurguinee.com\/#\/schema\/person\/c9d1602e593b11af0b295bdf5e12a59a"},"breadcrumb":{"@id":"https:\/\/www.leprojecteurguinee.com\/index.php\/2024\/10\/04\/02-octobre-a-mandiana-lex-dg-de-la-sonap-amadou-doumbouya-mobilise-en-faveur-des-actions-du-cnrd\/#breadcrumb"},"inLanguage":"fr-FR","potentialAction":[{"@type":"ReadAction","target":["https:\/\/www.leprojecteurguinee.com\/index.php\/2024\/10\/04\/02-octobre-a-mandiana-lex-dg-de-la-sonap-amadou-doumbouya-mobilise-en-faveur-des-actions-du-cnrd\/"]}]},{"@type":"ImageObject","inLanguage":"fr-FR","@id":"https:\/\/www.leprojecteurguinee.com\/index.php\/2024\/10\/04\/02-octobre-a-mandiana-lex-dg-de-la-sonap-amadou-doumbouya-mobilise-en-faveur-des-actions-du-cnrd\/#primaryimage","url":"https:\/\/www.leprojecteurguinee.com\/wp-content\/uploads\/2024\/10\/Amadou-Doumbouya-2.webp","contentUrl":"https:\/\/www.leprojecteurguinee.com\/wp-content\/uploads\/2024\/10\/Amadou-Doumbouya-2.webp","width":700,"height":341},{"@type":"BreadcrumbList","@id":"https:\/\/www.leprojecteurguinee.com\/index.php\/2024\/10\/04\/02-octobre-a-mandiana-lex-dg-de-la-sonap-amadou-doumbouya-mobilise-en-faveur-des-actions-du-cnrd\/#breadcrumb","itemListElement":[{"@type":"ListItem","position":1,"name":"Accueil","item":"https:\/\/www.leprojecteurguinee.com\/"},{"@type":"ListItem","position":2,"name":"02 octobre \u00e0 Mandiana: l\u2019ex DG de la SONAP Amadou Doumbouya mobilise en faveur des actions du CNRD"}]},{"@type":"WebSite","@id":"https:\/\/www.leprojecteurguinee.com\/#website","url":"https:\/\/www.leprojecteurguinee.com\/","name":"leprojecteurguinee","description":"Nous luttons contre les pratiques obscures","potentialAction":[{"@type":"SearchAction","target":{"@type":"EntryPoint","urlTemplate":"https:\/\/www.leprojecteurguinee.com\/?s={search_term_string}"},"query-input":{"@type":"PropertyValueSpecification","valueRequired":true,"valueName":"search_term_string"}}],"inLanguage":"fr-FR"},{"@type":"Person","@id":"https:\/\/www.leprojecteurguinee.com\/#\/schema\/person\/c9d1602e593b11af0b295bdf5e12a59a","name":"www.leprojecteurguinee.com","image":{"@type":"ImageObject","inLanguage":"fr-FR","@id":"https:\/\/www.leprojecteurguinee.com\/#\/schema\/person\/image\/","url":"https:\/\/secure.gravatar.com\/avatar\/d73703fcd03dcba36d2bb23326e491935423a46800f1ebf8f61b70e62b70e55a?s=96&d=mm&r=g","contentUrl":"https:\/\/secure.gravatar.com\/avatar\/d73703fcd03dcba36d2bb23326e491935423a46800f1ebf8f61b70e62b70e55a?s=96&d=mm&r=g","caption":"www.leprojecteurguinee.com"},"description":"Administrateur G\u00e9n\u00e9ral","sameAs":["http:\/\/www.leprojeceteurguinee.com"],"url":"https:\/\/www.leprojecteurguinee.com\/index.php\/author\/fadigagn\/"}]}},"_links":{"self":[{"href":"https:\/\/www.leprojecteurguinee.com\/index.php\/wp-json\/wp\/v2\/posts\/4493","targetHints":{"allow":["GET"]}}],"collection":[{"href":"https:\/\/www.leprojecteurguinee.com\/index.php\/wp-json\/wp\/v2\/posts"}],"about":[{"href":"https:\/\/www.leprojecteurguinee.com\/index.php\/wp-json\/wp\/v2\/types\/post"}],"author":[{"embeddable":true,"href":"https:\/\/www.leprojecteurguinee.com\/index.php\/wp-json\/wp\/v2\/users\/2"}],"replies":[{"embeddable":true,"href":"https:\/\/www.leprojecteurguinee.com\/index.php\/wp-json\/wp\/v2\/comments?post=4493"}],"version-history":[{"count":0,"href":"https:\/\/www.leprojecteurguinee.com\/index.php\/wp-json\/wp\/v2\/posts\/4493\/revisions"}],"wp:featuredmedia":[{"embeddable":true,"href":"https:\/\/www.leprojecteurguinee.com\/index.php\/wp-json\/wp\/v2\/media\/4495"}],"wp:attachment":[{"href":"https:\/\/www.leprojecteurguinee.com\/index.php\/wp-json\/wp\/v2\/media?parent=4493"}],"wp:term":[{"taxonomy":"category","embeddable":true,"href":"https:\/\/www.leprojecteurguinee.com\/index.php\/wp-json\/wp\/v2\/categories?post=4493"},{"taxonomy":"post_tag","embeddable":true,"href":"https:\/\/www.leprojecteurguinee.com\/index.php\/wp-json\/wp\/v2\/tags?post=4493"}],"curies":[{"name":"wp","href":"https:\/\/api.w.org\/{rel}","templated":true}]}}