{"id":4465,"date":"2024-10-02T13:00:23","date_gmt":"2024-10-02T13:00:23","guid":{"rendered":"https:\/\/www.leprojecteurguinee.com\/?p=4465"},"modified":"2024-10-02T13:00:25","modified_gmt":"2024-10-02T13:00:25","slug":"fete-du-02-octobre-nous-devons-exiger-et-obtenir-a-tout-prix-le-retour-a-lordre-constitutionnel-par-lorganisation-delections-inclusives-et-credibles-cellou-dalein","status":"publish","type":"post","link":"https:\/\/www.leprojecteurguinee.com\/index.php\/2024\/10\/02\/fete-du-02-octobre-nous-devons-exiger-et-obtenir-a-tout-prix-le-retour-a-lordre-constitutionnel-par-lorganisation-delections-inclusives-et-credibles-cellou-dalein\/","title":{"rendered":"F\u00eate du 02 octobre: \u00ab\u00a0Nous devons exiger et obtenir \u00e0 tout prix le retour \u00e0 l\u2019ordre constitutionnel par l\u2019organisation d\u2019\u00e9lections inclusives et cr\u00e9dibles&#8230;\u00a0\u00bb Cellou Dalein"},"content":{"rendered":"\n<p>Mes chers compatriotes,<\/p>\n\n\n\n<p>Le 2 Octobre de chaque ann\u00e9e, nous c\u00e9l\u00e9brons, dans la joie, l&rsquo;anniversaire de l&rsquo;accession de notre pays \u00e0 l\u2019ind\u00e9pendance.<\/p>\n\n\n\n<p>Nous sommes tous fiers et flatt\u00e9s d\u2019\u00eatre les enfants de ce pays qui a vot\u00e9 massivement, le 28 septembre 1958, NON \u00e0 la domination \u00e9trang\u00e8re et OUI \u00e0 l\u2019ind\u00e9pendance.<\/p>\n\n\n\n<p>C\u2019est bien cet acte pos\u00e9 par notre peuple fier et uni qui a r\u00e9ellement d\u00e9clench\u00e9 le processus de d\u00e9colonisation du continent africain que notre jeune Etat avait courageusement soutenu et accompagn\u00e9 parfois au prix du sang de ses enfants.<\/p>\n\n\n\n<p>C\u2019est le moment de rendre hommage aux pionniers de notre ind\u00e9pendance, \u00e0 nos diplomates et nos soldats qui n\u2019ont rien m\u00e9nag\u00e9 pour soutenir les mouvements de lib\u00e9ration africains et l\u2019ANC qui se battaient pour la d\u00e9colonisation du Continent et contre l\u2019Apartheid en Afrique du Sud.<\/p>\n\n\n\n<p>Notre pays, qui a \u00e9t\u00e9 le fer de lance de la reconqu\u00eate de la libert\u00e9 et de la dignit\u00e9 de l\u2019Afrique, est confront\u00e9 aujourd\u2019hui \u00e0 un risque majeur de remise en cause des droits et libert\u00e9s de notre peuple ainsi que de ses acquis d\u00e9mocratiques.<\/p>\n\n\n\n<p>Nous devons tous nous rassembler comme le 28 septembre 1958 pour d\u00e9fendre, par tous les moyens, ces valeurs s\u00e9rieusement menac\u00e9es par la junte qui r\u00e8gne aujourd\u2019hui sur notre pays.<\/p>\n\n\n\n<p>Nous devons exiger et obtenir \u00e0 tout prix le retour \u00e0 l\u2019ordre constitutionnel par l\u2019organisation d\u2019\u00e9lections inclusives et cr\u00e9dibles dans le strict respect des dispositions de la Charte de la Transition que le G\u00e9n\u00e9ral Mamadi Doumbouya a jur\u00e9 de respecter et de faire respecter.<\/p>\n\n\n\n<p>C\u2019est le seul moyen d\u2019\u00eatre dignes de nos devanciers et de m\u00e9riter l\u2019estime et la fiert\u00e9 des g\u00e9n\u00e9rations futures.<\/p>\n","protected":false},"excerpt":{"rendered":"<p>Mes chers compatriotes, Le 2 Octobre de chaque ann\u00e9e, nous c\u00e9l\u00e9brons, dans la joie, l&rsquo;anniversaire de l&rsquo;accession de notre pays \u00e0 l\u2019ind\u00e9pendance. Nous sommes tous fiers et flatt\u00e9s d\u2019\u00eatre les enfants de ce pays qui a vot\u00e9 massivement, le 28 septembre 1958, NON \u00e0 la domination \u00e9trang\u00e8re et OUI \u00e0 l\u2019ind\u00e9pendance. C\u2019est bien cet acte [&hellip;]<\/p>\n","protected":false},"author":2,"featured_media":4468,"comment_status":"open","ping_status":"open","sticky":false,"template":"","format":"standard","meta":{"footnotes":""},"categories":[16,80],"tags":[],"class_list":["post-4465","post","type-post","status-publish","format-standard","has-post-thumbnail","hentry","category-actualites","category-politique"],"yoast_head":"<!-- This site is optimized with the Yoast SEO plugin v26.8 - https:\/\/yoast.com\/product\/yoast-seo-wordpress\/ -->\n<title>F\u00eate du 02 octobre: &quot;Nous devons exiger et obtenir \u00e0 tout prix le retour \u00e0 l\u2019ordre constitutionnel par l\u2019organisation d\u2019\u00e9lections inclusives et cr\u00e9dibles...&quot; Cellou Dalein - leprojecteurguinee<\/title>\n<meta name=\"robots\" content=\"index, follow, max-snippet:-1, max-image-preview:large, max-video-preview:-1\" \/>\n<link rel=\"canonical\" href=\"https:\/\/www.leprojecteurguinee.com\/index.php\/2024\/10\/02\/fete-du-02-octobre-nous-devons-exiger-et-obtenir-a-tout-prix-le-retour-a-lordre-constitutionnel-par-lorganisation-delections-inclusives-et-credibles-cellou-dalein\/\" \/>\n<meta property=\"og:locale\" content=\"fr_FR\" \/>\n<meta property=\"og:type\" content=\"article\" \/>\n<meta property=\"og:title\" content=\"F\u00eate du 02 octobre: &quot;Nous devons exiger et obtenir \u00e0 tout prix le retour \u00e0 l\u2019ordre constitutionnel par l\u2019organisation d\u2019\u00e9lections inclusives et cr\u00e9dibles...&quot; Cellou Dalein - leprojecteurguinee\" \/>\n<meta property=\"og:description\" content=\"Mes chers compatriotes, Le 2 Octobre de chaque ann\u00e9e, nous c\u00e9l\u00e9brons, dans la joie, l&rsquo;anniversaire de l&rsquo;accession de notre pays \u00e0 l\u2019ind\u00e9pendance. Nous sommes tous fiers et flatt\u00e9s d\u2019\u00eatre les enfants de ce pays qui a vot\u00e9 massivement, le 28 septembre 1958, NON \u00e0 la domination \u00e9trang\u00e8re et OUI \u00e0 l\u2019ind\u00e9pendance. C\u2019est bien cet acte [&hellip;]\" \/>\n<meta property=\"og:url\" content=\"https:\/\/www.leprojecteurguinee.com\/index.php\/2024\/10\/02\/fete-du-02-octobre-nous-devons-exiger-et-obtenir-a-tout-prix-le-retour-a-lordre-constitutionnel-par-lorganisation-delections-inclusives-et-credibles-cellou-dalein\/\" \/>\n<meta property=\"og:site_name\" content=\"leprojecteurguinee\" \/>\n<meta property=\"article:published_time\" content=\"2024-10-02T13:00:23+00:00\" \/>\n<meta property=\"article:modified_time\" content=\"2024-10-02T13:00:25+00:00\" \/>\n<meta property=\"og:image\" content=\"https:\/\/www.leprojecteurguinee.com\/wp-content\/uploads\/2024\/10\/Screenshot_2024-10-02-12-58-39-55.jpg\" \/>\n\t<meta property=\"og:image:width\" content=\"626\" \/>\n\t<meta property=\"og:image:height\" content=\"619\" \/>\n\t<meta property=\"og:image:type\" content=\"image\/jpeg\" \/>\n<meta name=\"author\" content=\"www.leprojecteurguinee.com\" \/>\n<meta name=\"twitter:card\" content=\"summary_large_image\" \/>\n<meta name=\"twitter:label1\" content=\"\u00c9crit par\" \/>\n\t<meta name=\"twitter:data1\" content=\"www.leprojecteurguinee.com\" \/>\n\t<meta name=\"twitter:label2\" content=\"Dur\u00e9e de lecture estim\u00e9e\" \/>\n\t<meta name=\"twitter:data2\" content=\"2 minutes\" \/>\n<script type=\"application\/ld+json\" class=\"yoast-schema-graph\">{\"@context\":\"https:\/\/schema.org\",\"@graph\":[{\"@type\":\"Article\",\"@id\":\"https:\/\/www.leprojecteurguinee.com\/index.php\/2024\/10\/02\/fete-du-02-octobre-nous-devons-exiger-et-obtenir-a-tout-prix-le-retour-a-lordre-constitutionnel-par-lorganisation-delections-inclusives-et-credibles-cellou-dalein\/#article\",\"isPartOf\":{\"@id\":\"https:\/\/www.leprojecteurguinee.com\/index.php\/2024\/10\/02\/fete-du-02-octobre-nous-devons-exiger-et-obtenir-a-tout-prix-le-retour-a-lordre-constitutionnel-par-lorganisation-delections-inclusives-et-credibles-cellou-dalein\/\"},\"author\":{\"name\":\"www.leprojecteurguinee.com\",\"@id\":\"https:\/\/www.leprojecteurguinee.com\/#\/schema\/person\/c9d1602e593b11af0b295bdf5e12a59a\"},\"headline\":\"F\u00eate du 02 octobre: \u00ab\u00a0Nous devons exiger et obtenir \u00e0 tout prix le retour \u00e0 l\u2019ordre constitutionnel par l\u2019organisation d\u2019\u00e9lections inclusives et cr\u00e9dibles&#8230;\u00a0\u00bb Cellou Dalein\",\"datePublished\":\"2024-10-02T13:00:23+00:00\",\"dateModified\":\"2024-10-02T13:00:25+00:00\",\"mainEntityOfPage\":{\"@id\":\"https:\/\/www.leprojecteurguinee.com\/index.php\/2024\/10\/02\/fete-du-02-octobre-nous-devons-exiger-et-obtenir-a-tout-prix-le-retour-a-lordre-constitutionnel-par-lorganisation-delections-inclusives-et-credibles-cellou-dalein\/\"},\"wordCount\":333,\"commentCount\":0,\"image\":{\"@id\":\"https:\/\/www.leprojecteurguinee.com\/index.php\/2024\/10\/02\/fete-du-02-octobre-nous-devons-exiger-et-obtenir-a-tout-prix-le-retour-a-lordre-constitutionnel-par-lorganisation-delections-inclusives-et-credibles-cellou-dalein\/#primaryimage\"},\"thumbnailUrl\":\"https:\/\/www.leprojecteurguinee.com\/wp-content\/uploads\/2024\/10\/Screenshot_2024-10-02-12-58-39-55.jpg\",\"articleSection\":[\"Actualit\u00e9s\",\"Politique\"],\"inLanguage\":\"fr-FR\",\"potentialAction\":[{\"@type\":\"CommentAction\",\"name\":\"Comment\",\"target\":[\"https:\/\/www.leprojecteurguinee.com\/index.php\/2024\/10\/02\/fete-du-02-octobre-nous-devons-exiger-et-obtenir-a-tout-prix-le-retour-a-lordre-constitutionnel-par-lorganisation-delections-inclusives-et-credibles-cellou-dalein\/#respond\"]}]},{\"@type\":\"WebPage\",\"@id\":\"https:\/\/www.leprojecteurguinee.com\/index.php\/2024\/10\/02\/fete-du-02-octobre-nous-devons-exiger-et-obtenir-a-tout-prix-le-retour-a-lordre-constitutionnel-par-lorganisation-delections-inclusives-et-credibles-cellou-dalein\/\",\"url\":\"https:\/\/www.leprojecteurguinee.com\/index.php\/2024\/10\/02\/fete-du-02-octobre-nous-devons-exiger-et-obtenir-a-tout-prix-le-retour-a-lordre-constitutionnel-par-lorganisation-delections-inclusives-et-credibles-cellou-dalein\/\",\"name\":\"F\u00eate du 02 octobre: \\\"Nous devons exiger et obtenir \u00e0 tout prix le retour \u00e0 l\u2019ordre constitutionnel par l\u2019organisation d\u2019\u00e9lections inclusives et cr\u00e9dibles...\\\" Cellou Dalein - leprojecteurguinee\",\"isPartOf\":{\"@id\":\"https:\/\/www.leprojecteurguinee.com\/#website\"},\"primaryImageOfPage\":{\"@id\":\"https:\/\/www.leprojecteurguinee.com\/index.php\/2024\/10\/02\/fete-du-02-octobre-nous-devons-exiger-et-obtenir-a-tout-prix-le-retour-a-lordre-constitutionnel-par-lorganisation-delections-inclusives-et-credibles-cellou-dalein\/#primaryimage\"},\"image\":{\"@id\":\"https:\/\/www.leprojecteurguinee.com\/index.php\/2024\/10\/02\/fete-du-02-octobre-nous-devons-exiger-et-obtenir-a-tout-prix-le-retour-a-lordre-constitutionnel-par-lorganisation-delections-inclusives-et-credibles-cellou-dalein\/#primaryimage\"},\"thumbnailUrl\":\"https:\/\/www.leprojecteurguinee.com\/wp-content\/uploads\/2024\/10\/Screenshot_2024-10-02-12-58-39-55.jpg\",\"datePublished\":\"2024-10-02T13:00:23+00:00\",\"dateModified\":\"2024-10-02T13:00:25+00:00\",\"author\":{\"@id\":\"https:\/\/www.leprojecteurguinee.com\/#\/schema\/person\/c9d1602e593b11af0b295bdf5e12a59a\"},\"breadcrumb\":{\"@id\":\"https:\/\/www.leprojecteurguinee.com\/index.php\/2024\/10\/02\/fete-du-02-octobre-nous-devons-exiger-et-obtenir-a-tout-prix-le-retour-a-lordre-constitutionnel-par-lorganisation-delections-inclusives-et-credibles-cellou-dalein\/#breadcrumb\"},\"inLanguage\":\"fr-FR\",\"potentialAction\":[{\"@type\":\"ReadAction\",\"target\":[\"https:\/\/www.leprojecteurguinee.com\/index.php\/2024\/10\/02\/fete-du-02-octobre-nous-devons-exiger-et-obtenir-a-tout-prix-le-retour-a-lordre-constitutionnel-par-lorganisation-delections-inclusives-et-credibles-cellou-dalein\/\"]}]},{\"@type\":\"ImageObject\",\"inLanguage\":\"fr-FR\",\"@id\":\"https:\/\/www.leprojecteurguinee.com\/index.php\/2024\/10\/02\/fete-du-02-octobre-nous-devons-exiger-et-obtenir-a-tout-prix-le-retour-a-lordre-constitutionnel-par-lorganisation-delections-inclusives-et-credibles-cellou-dalein\/#primaryimage\",\"url\":\"https:\/\/www.leprojecteurguinee.com\/wp-content\/uploads\/2024\/10\/Screenshot_2024-10-02-12-58-39-55.jpg\",\"contentUrl\":\"https:\/\/www.leprojecteurguinee.com\/wp-content\/uploads\/2024\/10\/Screenshot_2024-10-02-12-58-39-55.jpg\",\"width\":626,\"height\":619},{\"@type\":\"BreadcrumbList\",\"@id\":\"https:\/\/www.leprojecteurguinee.com\/index.php\/2024\/10\/02\/fete-du-02-octobre-nous-devons-exiger-et-obtenir-a-tout-prix-le-retour-a-lordre-constitutionnel-par-lorganisation-delections-inclusives-et-credibles-cellou-dalein\/#breadcrumb\",\"itemListElement\":[{\"@type\":\"ListItem\",\"position\":1,\"name\":\"Accueil\",\"item\":\"https:\/\/www.leprojecteurguinee.com\/\"},{\"@type\":\"ListItem\",\"position\":2,\"name\":\"F\u00eate du 02 octobre: \u00ab\u00a0Nous devons exiger et obtenir \u00e0 tout prix le retour \u00e0 l\u2019ordre constitutionnel par l\u2019organisation d\u2019\u00e9lections inclusives et cr\u00e9dibles&#8230;\u00a0\u00bb Cellou Dalein\"}]},{\"@type\":\"WebSite\",\"@id\":\"https:\/\/www.leprojecteurguinee.com\/#website\",\"url\":\"https:\/\/www.leprojecteurguinee.com\/\",\"name\":\"leprojecteurguinee\",\"description\":\"Nous luttons contre les pratiques obscures\",\"potentialAction\":[{\"@type\":\"SearchAction\",\"target\":{\"@type\":\"EntryPoint\",\"urlTemplate\":\"https:\/\/www.leprojecteurguinee.com\/?s={search_term_string}\"},\"query-input\":{\"@type\":\"PropertyValueSpecification\",\"valueRequired\":true,\"valueName\":\"search_term_string\"}}],\"inLanguage\":\"fr-FR\"},{\"@type\":\"Person\",\"@id\":\"https:\/\/www.leprojecteurguinee.com\/#\/schema\/person\/c9d1602e593b11af0b295bdf5e12a59a\",\"name\":\"www.leprojecteurguinee.com\",\"image\":{\"@type\":\"ImageObject\",\"inLanguage\":\"fr-FR\",\"@id\":\"https:\/\/www.leprojecteurguinee.com\/#\/schema\/person\/image\/\",\"url\":\"https:\/\/secure.gravatar.com\/avatar\/d73703fcd03dcba36d2bb23326e491935423a46800f1ebf8f61b70e62b70e55a?s=96&d=mm&r=g\",\"contentUrl\":\"https:\/\/secure.gravatar.com\/avatar\/d73703fcd03dcba36d2bb23326e491935423a46800f1ebf8f61b70e62b70e55a?s=96&d=mm&r=g\",\"caption\":\"www.leprojecteurguinee.com\"},\"description\":\"Administrateur G\u00e9n\u00e9ral\",\"sameAs\":[\"http:\/\/www.leprojeceteurguinee.com\"],\"url\":\"https:\/\/www.leprojecteurguinee.com\/index.php\/author\/fadigagn\/\"}]}<\/script>\n<!-- \/ Yoast SEO plugin. -->","yoast_head_json":{"title":"F\u00eate du 02 octobre: \"Nous devons exiger et obtenir \u00e0 tout prix le retour \u00e0 l\u2019ordre constitutionnel par l\u2019organisation d\u2019\u00e9lections inclusives et cr\u00e9dibles...\" Cellou Dalein - leprojecteurguinee","robots":{"index":"index","follow":"follow","max-snippet":"max-snippet:-1","max-image-preview":"max-image-preview:large","max-video-preview":"max-video-preview:-1"},"canonical":"https:\/\/www.leprojecteurguinee.com\/index.php\/2024\/10\/02\/fete-du-02-octobre-nous-devons-exiger-et-obtenir-a-tout-prix-le-retour-a-lordre-constitutionnel-par-lorganisation-delections-inclusives-et-credibles-cellou-dalein\/","og_locale":"fr_FR","og_type":"article","og_title":"F\u00eate du 02 octobre: \"Nous devons exiger et obtenir \u00e0 tout prix le retour \u00e0 l\u2019ordre constitutionnel par l\u2019organisation d\u2019\u00e9lections inclusives et cr\u00e9dibles...\" Cellou Dalein - leprojecteurguinee","og_description":"Mes chers compatriotes, Le 2 Octobre de chaque ann\u00e9e, nous c\u00e9l\u00e9brons, dans la joie, l&rsquo;anniversaire de l&rsquo;accession de notre pays \u00e0 l\u2019ind\u00e9pendance. Nous sommes tous fiers et flatt\u00e9s d\u2019\u00eatre les enfants de ce pays qui a vot\u00e9 massivement, le 28 septembre 1958, NON \u00e0 la domination \u00e9trang\u00e8re et OUI \u00e0 l\u2019ind\u00e9pendance. C\u2019est bien cet acte [&hellip;]","og_url":"https:\/\/www.leprojecteurguinee.com\/index.php\/2024\/10\/02\/fete-du-02-octobre-nous-devons-exiger-et-obtenir-a-tout-prix-le-retour-a-lordre-constitutionnel-par-lorganisation-delections-inclusives-et-credibles-cellou-dalein\/","og_site_name":"leprojecteurguinee","article_published_time":"2024-10-02T13:00:23+00:00","article_modified_time":"2024-10-02T13:00:25+00:00","og_image":[{"width":626,"height":619,"url":"https:\/\/www.leprojecteurguinee.com\/wp-content\/uploads\/2024\/10\/Screenshot_2024-10-02-12-58-39-55.jpg","type":"image\/jpeg"}],"author":"www.leprojecteurguinee.com","twitter_card":"summary_large_image","twitter_misc":{"\u00c9crit par":"www.leprojecteurguinee.com","Dur\u00e9e de lecture estim\u00e9e":"2 minutes"},"schema":{"@context":"https:\/\/schema.org","@graph":[{"@type":"Article","@id":"https:\/\/www.leprojecteurguinee.com\/index.php\/2024\/10\/02\/fete-du-02-octobre-nous-devons-exiger-et-obtenir-a-tout-prix-le-retour-a-lordre-constitutionnel-par-lorganisation-delections-inclusives-et-credibles-cellou-dalein\/#article","isPartOf":{"@id":"https:\/\/www.leprojecteurguinee.com\/index.php\/2024\/10\/02\/fete-du-02-octobre-nous-devons-exiger-et-obtenir-a-tout-prix-le-retour-a-lordre-constitutionnel-par-lorganisation-delections-inclusives-et-credibles-cellou-dalein\/"},"author":{"name":"www.leprojecteurguinee.com","@id":"https:\/\/www.leprojecteurguinee.com\/#\/schema\/person\/c9d1602e593b11af0b295bdf5e12a59a"},"headline":"F\u00eate du 02 octobre: \u00ab\u00a0Nous devons exiger et obtenir \u00e0 tout prix le retour \u00e0 l\u2019ordre constitutionnel par l\u2019organisation d\u2019\u00e9lections inclusives et cr\u00e9dibles&#8230;\u00a0\u00bb Cellou Dalein","datePublished":"2024-10-02T13:00:23+00:00","dateModified":"2024-10-02T13:00:25+00:00","mainEntityOfPage":{"@id":"https:\/\/www.leprojecteurguinee.com\/index.php\/2024\/10\/02\/fete-du-02-octobre-nous-devons-exiger-et-obtenir-a-tout-prix-le-retour-a-lordre-constitutionnel-par-lorganisation-delections-inclusives-et-credibles-cellou-dalein\/"},"wordCount":333,"commentCount":0,"image":{"@id":"https:\/\/www.leprojecteurguinee.com\/index.php\/2024\/10\/02\/fete-du-02-octobre-nous-devons-exiger-et-obtenir-a-tout-prix-le-retour-a-lordre-constitutionnel-par-lorganisation-delections-inclusives-et-credibles-cellou-dalein\/#primaryimage"},"thumbnailUrl":"https:\/\/www.leprojecteurguinee.com\/wp-content\/uploads\/2024\/10\/Screenshot_2024-10-02-12-58-39-55.jpg","articleSection":["Actualit\u00e9s","Politique"],"inLanguage":"fr-FR","potentialAction":[{"@type":"CommentAction","name":"Comment","target":["https:\/\/www.leprojecteurguinee.com\/index.php\/2024\/10\/02\/fete-du-02-octobre-nous-devons-exiger-et-obtenir-a-tout-prix-le-retour-a-lordre-constitutionnel-par-lorganisation-delections-inclusives-et-credibles-cellou-dalein\/#respond"]}]},{"@type":"WebPage","@id":"https:\/\/www.leprojecteurguinee.com\/index.php\/2024\/10\/02\/fete-du-02-octobre-nous-devons-exiger-et-obtenir-a-tout-prix-le-retour-a-lordre-constitutionnel-par-lorganisation-delections-inclusives-et-credibles-cellou-dalein\/","url":"https:\/\/www.leprojecteurguinee.com\/index.php\/2024\/10\/02\/fete-du-02-octobre-nous-devons-exiger-et-obtenir-a-tout-prix-le-retour-a-lordre-constitutionnel-par-lorganisation-delections-inclusives-et-credibles-cellou-dalein\/","name":"F\u00eate du 02 octobre: \"Nous devons exiger et obtenir \u00e0 tout prix le retour \u00e0 l\u2019ordre constitutionnel par l\u2019organisation d\u2019\u00e9lections inclusives et cr\u00e9dibles...\" Cellou Dalein - leprojecteurguinee","isPartOf":{"@id":"https:\/\/www.leprojecteurguinee.com\/#website"},"primaryImageOfPage":{"@id":"https:\/\/www.leprojecteurguinee.com\/index.php\/2024\/10\/02\/fete-du-02-octobre-nous-devons-exiger-et-obtenir-a-tout-prix-le-retour-a-lordre-constitutionnel-par-lorganisation-delections-inclusives-et-credibles-cellou-dalein\/#primaryimage"},"image":{"@id":"https:\/\/www.leprojecteurguinee.com\/index.php\/2024\/10\/02\/fete-du-02-octobre-nous-devons-exiger-et-obtenir-a-tout-prix-le-retour-a-lordre-constitutionnel-par-lorganisation-delections-inclusives-et-credibles-cellou-dalein\/#primaryimage"},"thumbnailUrl":"https:\/\/www.leprojecteurguinee.com\/wp-content\/uploads\/2024\/10\/Screenshot_2024-10-02-12-58-39-55.jpg","datePublished":"2024-10-02T13:00:23+00:00","dateModified":"2024-10-02T13:00:25+00:00","author":{"@id":"https:\/\/www.leprojecteurguinee.com\/#\/schema\/person\/c9d1602e593b11af0b295bdf5e12a59a"},"breadcrumb":{"@id":"https:\/\/www.leprojecteurguinee.com\/index.php\/2024\/10\/02\/fete-du-02-octobre-nous-devons-exiger-et-obtenir-a-tout-prix-le-retour-a-lordre-constitutionnel-par-lorganisation-delections-inclusives-et-credibles-cellou-dalein\/#breadcrumb"},"inLanguage":"fr-FR","potentialAction":[{"@type":"ReadAction","target":["https:\/\/www.leprojecteurguinee.com\/index.php\/2024\/10\/02\/fete-du-02-octobre-nous-devons-exiger-et-obtenir-a-tout-prix-le-retour-a-lordre-constitutionnel-par-lorganisation-delections-inclusives-et-credibles-cellou-dalein\/"]}]},{"@type":"ImageObject","inLanguage":"fr-FR","@id":"https:\/\/www.leprojecteurguinee.com\/index.php\/2024\/10\/02\/fete-du-02-octobre-nous-devons-exiger-et-obtenir-a-tout-prix-le-retour-a-lordre-constitutionnel-par-lorganisation-delections-inclusives-et-credibles-cellou-dalein\/#primaryimage","url":"https:\/\/www.leprojecteurguinee.com\/wp-content\/uploads\/2024\/10\/Screenshot_2024-10-02-12-58-39-55.jpg","contentUrl":"https:\/\/www.leprojecteurguinee.com\/wp-content\/uploads\/2024\/10\/Screenshot_2024-10-02-12-58-39-55.jpg","width":626,"height":619},{"@type":"BreadcrumbList","@id":"https:\/\/www.leprojecteurguinee.com\/index.php\/2024\/10\/02\/fete-du-02-octobre-nous-devons-exiger-et-obtenir-a-tout-prix-le-retour-a-lordre-constitutionnel-par-lorganisation-delections-inclusives-et-credibles-cellou-dalein\/#breadcrumb","itemListElement":[{"@type":"ListItem","position":1,"name":"Accueil","item":"https:\/\/www.leprojecteurguinee.com\/"},{"@type":"ListItem","position":2,"name":"F\u00eate du 02 octobre: \u00ab\u00a0Nous devons exiger et obtenir \u00e0 tout prix le retour \u00e0 l\u2019ordre constitutionnel par l\u2019organisation d\u2019\u00e9lections inclusives et cr\u00e9dibles&#8230;\u00a0\u00bb Cellou Dalein"}]},{"@type":"WebSite","@id":"https:\/\/www.leprojecteurguinee.com\/#website","url":"https:\/\/www.leprojecteurguinee.com\/","name":"leprojecteurguinee","description":"Nous luttons contre les pratiques obscures","potentialAction":[{"@type":"SearchAction","target":{"@type":"EntryPoint","urlTemplate":"https:\/\/www.leprojecteurguinee.com\/?s={search_term_string}"},"query-input":{"@type":"PropertyValueSpecification","valueRequired":true,"valueName":"search_term_string"}}],"inLanguage":"fr-FR"},{"@type":"Person","@id":"https:\/\/www.leprojecteurguinee.com\/#\/schema\/person\/c9d1602e593b11af0b295bdf5e12a59a","name":"www.leprojecteurguinee.com","image":{"@type":"ImageObject","inLanguage":"fr-FR","@id":"https:\/\/www.leprojecteurguinee.com\/#\/schema\/person\/image\/","url":"https:\/\/secure.gravatar.com\/avatar\/d73703fcd03dcba36d2bb23326e491935423a46800f1ebf8f61b70e62b70e55a?s=96&d=mm&r=g","contentUrl":"https:\/\/secure.gravatar.com\/avatar\/d73703fcd03dcba36d2bb23326e491935423a46800f1ebf8f61b70e62b70e55a?s=96&d=mm&r=g","caption":"www.leprojecteurguinee.com"},"description":"Administrateur G\u00e9n\u00e9ral","sameAs":["http:\/\/www.leprojeceteurguinee.com"],"url":"https:\/\/www.leprojecteurguinee.com\/index.php\/author\/fadigagn\/"}]}},"_links":{"self":[{"href":"https:\/\/www.leprojecteurguinee.com\/index.php\/wp-json\/wp\/v2\/posts\/4465","targetHints":{"allow":["GET"]}}],"collection":[{"href":"https:\/\/www.leprojecteurguinee.com\/index.php\/wp-json\/wp\/v2\/posts"}],"about":[{"href":"https:\/\/www.leprojecteurguinee.com\/index.php\/wp-json\/wp\/v2\/types\/post"}],"author":[{"embeddable":true,"href":"https:\/\/www.leprojecteurguinee.com\/index.php\/wp-json\/wp\/v2\/users\/2"}],"replies":[{"embeddable":true,"href":"https:\/\/www.leprojecteurguinee.com\/index.php\/wp-json\/wp\/v2\/comments?post=4465"}],"version-history":[{"count":0,"href":"https:\/\/www.leprojecteurguinee.com\/index.php\/wp-json\/wp\/v2\/posts\/4465\/revisions"}],"wp:featuredmedia":[{"embeddable":true,"href":"https:\/\/www.leprojecteurguinee.com\/index.php\/wp-json\/wp\/v2\/media\/4468"}],"wp:attachment":[{"href":"https:\/\/www.leprojecteurguinee.com\/index.php\/wp-json\/wp\/v2\/media?parent=4465"}],"wp:term":[{"taxonomy":"category","embeddable":true,"href":"https:\/\/www.leprojecteurguinee.com\/index.php\/wp-json\/wp\/v2\/categories?post=4465"},{"taxonomy":"post_tag","embeddable":true,"href":"https:\/\/www.leprojecteurguinee.com\/index.php\/wp-json\/wp\/v2\/tags?post=4465"}],"curies":[{"name":"wp","href":"https:\/\/api.w.org\/{rel}","templated":true}]}}