{"id":4451,"date":"2024-10-01T10:23:04","date_gmt":"2024-10-01T10:23:04","guid":{"rendered":"https:\/\/www.leprojecteurguinee.com\/?p=4451"},"modified":"2024-10-01T10:23:06","modified_gmt":"2024-10-01T10:23:06","slug":"abidjan-cellou-dalein-et-sidya-toure-echangent-autour-de-la-transition-guineenne","status":"publish","type":"post","link":"https:\/\/www.leprojecteurguinee.com\/index.php\/2024\/10\/01\/abidjan-cellou-dalein-et-sidya-toure-echangent-autour-de-la-transition-guineenne\/","title":{"rendered":"Abidjan: Cellou Dalein et Sidya Tour\u00e9 \u00e9changent autour de la transition Guin\u00e9enne"},"content":{"rendered":"\n<p><strong>Les pr\u00e9sidents de l\u2019Union des Forces d\u00e9mocratiques de Guin\u00e9e (UFDG) et l\u2019Union des Forces r\u00e9publicaines (UFR) se sont rencontr\u00e9s ce lundi 30 septembre \u00e0 Abidjan au domicile de Sidya Tour\u00e9. Au menu des discussions des deux anciens premiers ministres, la conduite de la transition guin\u00e9enne.<\/strong><\/p>\n\n\n\n<p>Mais qu\u2019est ce qu\u2019ils se sont dit ? \u00abNous avons pass\u00e9 en revue les derniers d\u00e9veloppements survenus r\u00e9cemment en Guin\u00e9e, \u00e0 commencer par la situation pr\u00e9occupante de Fonik\u00e9 Mengu\u00e8 et de Billo Bah dont on est toujours sans nouvelles, la campagne pour la justification et la promotion de la candidature de Mamadi Doumbouya \u00e0 la prochaine pr\u00e9sidentielle, la pr\u00e9sentation du corps du Colonel P\u00e9p\u00e9 C\u00e9lestin Bilivogui \u00e0 son \u00e9pouse, et la mort en d\u00e9tention du Dr. Dioubat\u00e9, p\u00e9diatre \u00e0 l\u2019h\u00f4pital de Kankan, accus\u00e9 d\u2019avoir br\u00fbl\u00e9 l\u2019effigie du Pr\u00e9sident de la Transition. Nous avons, en outre, d\u00e9plor\u00e9 la r\u00e9int\u00e9gration de la Guin\u00e9e \u00e0 l\u2019OIF dans ce contexte et sommes convenus de faire convoquer une pl\u00e9ni\u00e8re des Forces Vives de Guin\u00e9e (FVG) pour d\u00e9finir les actions et les strat\u00e9gies \u00e0 mettre en \u0153uvre pour faire face \u00e0 la situation \u00bb, <strong>a laiss\u00e9 entendre le pr\u00e9sident de l\u2019Union des Forces d\u00e9mocratiques de Guin\u00e9e ( UFDG), Cellou Dalein Diallo.<\/strong><\/p>\n\n\n\n<p><strong>Leprojecteurguinee.com<\/strong><\/p>\n","protected":false},"excerpt":{"rendered":"<p>Les pr\u00e9sidents de l\u2019Union des Forces d\u00e9mocratiques de Guin\u00e9e (UFDG) et l\u2019Union des Forces r\u00e9publicaines (UFR) se sont rencontr\u00e9s ce lundi 30 septembre \u00e0 Abidjan au domicile de Sidya Tour\u00e9. Au menu des discussions des deux anciens premiers ministres, la conduite de la transition guin\u00e9enne. Mais qu\u2019est ce qu\u2019ils se sont dit ? \u00abNous avons [&hellip;]<\/p>\n","protected":false},"author":2,"featured_media":4452,"comment_status":"open","ping_status":"open","sticky":false,"template":"","format":"standard","meta":{"footnotes":""},"categories":[16,80],"tags":[],"class_list":["post-4451","post","type-post","status-publish","format-standard","has-post-thumbnail","hentry","category-actualites","category-politique"],"yoast_head":"<!-- This site is optimized with the Yoast SEO plugin v26.8 - https:\/\/yoast.com\/product\/yoast-seo-wordpress\/ -->\n<title>Abidjan: Cellou Dalein et Sidya Tour\u00e9 \u00e9changent autour de la transition Guin\u00e9enne - leprojecteurguinee<\/title>\n<meta name=\"robots\" content=\"index, follow, max-snippet:-1, max-image-preview:large, max-video-preview:-1\" \/>\n<link rel=\"canonical\" href=\"https:\/\/www.leprojecteurguinee.com\/index.php\/2024\/10\/01\/abidjan-cellou-dalein-et-sidya-toure-echangent-autour-de-la-transition-guineenne\/\" \/>\n<meta property=\"og:locale\" content=\"fr_FR\" \/>\n<meta property=\"og:type\" content=\"article\" \/>\n<meta property=\"og:title\" content=\"Abidjan: Cellou Dalein et Sidya Tour\u00e9 \u00e9changent autour de la transition Guin\u00e9enne - leprojecteurguinee\" \/>\n<meta property=\"og:description\" content=\"Les pr\u00e9sidents de l\u2019Union des Forces d\u00e9mocratiques de Guin\u00e9e (UFDG) et l\u2019Union des Forces r\u00e9publicaines (UFR) se sont rencontr\u00e9s ce lundi 30 septembre \u00e0 Abidjan au domicile de Sidya Tour\u00e9. Au menu des discussions des deux anciens premiers ministres, la conduite de la transition guin\u00e9enne. Mais qu\u2019est ce qu\u2019ils se sont dit ? \u00abNous avons [&hellip;]\" \/>\n<meta property=\"og:url\" content=\"https:\/\/www.leprojecteurguinee.com\/index.php\/2024\/10\/01\/abidjan-cellou-dalein-et-sidya-toure-echangent-autour-de-la-transition-guineenne\/\" \/>\n<meta property=\"og:site_name\" content=\"leprojecteurguinee\" \/>\n<meta property=\"article:published_time\" content=\"2024-10-01T10:23:04+00:00\" \/>\n<meta property=\"article:modified_time\" content=\"2024-10-01T10:23:06+00:00\" \/>\n<meta property=\"og:image\" content=\"https:\/\/www.leprojecteurguinee.com\/wp-content\/uploads\/2024\/10\/Screenshot_2024-10-01-10-14-32-63.jpg\" \/>\n\t<meta property=\"og:image:width\" content=\"652\" \/>\n\t<meta property=\"og:image:height\" content=\"479\" \/>\n\t<meta property=\"og:image:type\" content=\"image\/jpeg\" \/>\n<meta name=\"author\" content=\"www.leprojecteurguinee.com\" \/>\n<meta name=\"twitter:card\" content=\"summary_large_image\" \/>\n<meta name=\"twitter:label1\" content=\"\u00c9crit par\" \/>\n\t<meta name=\"twitter:data1\" content=\"www.leprojecteurguinee.com\" \/>\n\t<meta name=\"twitter:label2\" content=\"Dur\u00e9e de lecture estim\u00e9e\" \/>\n\t<meta name=\"twitter:data2\" content=\"2 minutes\" \/>\n<script type=\"application\/ld+json\" class=\"yoast-schema-graph\">{\"@context\":\"https:\/\/schema.org\",\"@graph\":[{\"@type\":\"Article\",\"@id\":\"https:\/\/www.leprojecteurguinee.com\/index.php\/2024\/10\/01\/abidjan-cellou-dalein-et-sidya-toure-echangent-autour-de-la-transition-guineenne\/#article\",\"isPartOf\":{\"@id\":\"https:\/\/www.leprojecteurguinee.com\/index.php\/2024\/10\/01\/abidjan-cellou-dalein-et-sidya-toure-echangent-autour-de-la-transition-guineenne\/\"},\"author\":{\"name\":\"www.leprojecteurguinee.com\",\"@id\":\"https:\/\/www.leprojecteurguinee.com\/#\/schema\/person\/c9d1602e593b11af0b295bdf5e12a59a\"},\"headline\":\"Abidjan: Cellou Dalein et Sidya Tour\u00e9 \u00e9changent autour de la transition Guin\u00e9enne\",\"datePublished\":\"2024-10-01T10:23:04+00:00\",\"dateModified\":\"2024-10-01T10:23:06+00:00\",\"mainEntityOfPage\":{\"@id\":\"https:\/\/www.leprojecteurguinee.com\/index.php\/2024\/10\/01\/abidjan-cellou-dalein-et-sidya-toure-echangent-autour-de-la-transition-guineenne\/\"},\"wordCount\":243,\"commentCount\":0,\"image\":{\"@id\":\"https:\/\/www.leprojecteurguinee.com\/index.php\/2024\/10\/01\/abidjan-cellou-dalein-et-sidya-toure-echangent-autour-de-la-transition-guineenne\/#primaryimage\"},\"thumbnailUrl\":\"https:\/\/www.leprojecteurguinee.com\/wp-content\/uploads\/2024\/10\/Screenshot_2024-10-01-10-14-32-63.jpg\",\"articleSection\":[\"Actualit\u00e9s\",\"Politique\"],\"inLanguage\":\"fr-FR\",\"potentialAction\":[{\"@type\":\"CommentAction\",\"name\":\"Comment\",\"target\":[\"https:\/\/www.leprojecteurguinee.com\/index.php\/2024\/10\/01\/abidjan-cellou-dalein-et-sidya-toure-echangent-autour-de-la-transition-guineenne\/#respond\"]}]},{\"@type\":\"WebPage\",\"@id\":\"https:\/\/www.leprojecteurguinee.com\/index.php\/2024\/10\/01\/abidjan-cellou-dalein-et-sidya-toure-echangent-autour-de-la-transition-guineenne\/\",\"url\":\"https:\/\/www.leprojecteurguinee.com\/index.php\/2024\/10\/01\/abidjan-cellou-dalein-et-sidya-toure-echangent-autour-de-la-transition-guineenne\/\",\"name\":\"Abidjan: Cellou Dalein et Sidya Tour\u00e9 \u00e9changent autour de la transition Guin\u00e9enne - leprojecteurguinee\",\"isPartOf\":{\"@id\":\"https:\/\/www.leprojecteurguinee.com\/#website\"},\"primaryImageOfPage\":{\"@id\":\"https:\/\/www.leprojecteurguinee.com\/index.php\/2024\/10\/01\/abidjan-cellou-dalein-et-sidya-toure-echangent-autour-de-la-transition-guineenne\/#primaryimage\"},\"image\":{\"@id\":\"https:\/\/www.leprojecteurguinee.com\/index.php\/2024\/10\/01\/abidjan-cellou-dalein-et-sidya-toure-echangent-autour-de-la-transition-guineenne\/#primaryimage\"},\"thumbnailUrl\":\"https:\/\/www.leprojecteurguinee.com\/wp-content\/uploads\/2024\/10\/Screenshot_2024-10-01-10-14-32-63.jpg\",\"datePublished\":\"2024-10-01T10:23:04+00:00\",\"dateModified\":\"2024-10-01T10:23:06+00:00\",\"author\":{\"@id\":\"https:\/\/www.leprojecteurguinee.com\/#\/schema\/person\/c9d1602e593b11af0b295bdf5e12a59a\"},\"breadcrumb\":{\"@id\":\"https:\/\/www.leprojecteurguinee.com\/index.php\/2024\/10\/01\/abidjan-cellou-dalein-et-sidya-toure-echangent-autour-de-la-transition-guineenne\/#breadcrumb\"},\"inLanguage\":\"fr-FR\",\"potentialAction\":[{\"@type\":\"ReadAction\",\"target\":[\"https:\/\/www.leprojecteurguinee.com\/index.php\/2024\/10\/01\/abidjan-cellou-dalein-et-sidya-toure-echangent-autour-de-la-transition-guineenne\/\"]}]},{\"@type\":\"ImageObject\",\"inLanguage\":\"fr-FR\",\"@id\":\"https:\/\/www.leprojecteurguinee.com\/index.php\/2024\/10\/01\/abidjan-cellou-dalein-et-sidya-toure-echangent-autour-de-la-transition-guineenne\/#primaryimage\",\"url\":\"https:\/\/www.leprojecteurguinee.com\/wp-content\/uploads\/2024\/10\/Screenshot_2024-10-01-10-14-32-63.jpg\",\"contentUrl\":\"https:\/\/www.leprojecteurguinee.com\/wp-content\/uploads\/2024\/10\/Screenshot_2024-10-01-10-14-32-63.jpg\",\"width\":652,\"height\":479},{\"@type\":\"BreadcrumbList\",\"@id\":\"https:\/\/www.leprojecteurguinee.com\/index.php\/2024\/10\/01\/abidjan-cellou-dalein-et-sidya-toure-echangent-autour-de-la-transition-guineenne\/#breadcrumb\",\"itemListElement\":[{\"@type\":\"ListItem\",\"position\":1,\"name\":\"Accueil\",\"item\":\"https:\/\/www.leprojecteurguinee.com\/\"},{\"@type\":\"ListItem\",\"position\":2,\"name\":\"Abidjan: Cellou Dalein et Sidya Tour\u00e9 \u00e9changent autour de la transition Guin\u00e9enne\"}]},{\"@type\":\"WebSite\",\"@id\":\"https:\/\/www.leprojecteurguinee.com\/#website\",\"url\":\"https:\/\/www.leprojecteurguinee.com\/\",\"name\":\"leprojecteurguinee\",\"description\":\"Nous luttons contre les pratiques obscures\",\"potentialAction\":[{\"@type\":\"SearchAction\",\"target\":{\"@type\":\"EntryPoint\",\"urlTemplate\":\"https:\/\/www.leprojecteurguinee.com\/?s={search_term_string}\"},\"query-input\":{\"@type\":\"PropertyValueSpecification\",\"valueRequired\":true,\"valueName\":\"search_term_string\"}}],\"inLanguage\":\"fr-FR\"},{\"@type\":\"Person\",\"@id\":\"https:\/\/www.leprojecteurguinee.com\/#\/schema\/person\/c9d1602e593b11af0b295bdf5e12a59a\",\"name\":\"www.leprojecteurguinee.com\",\"image\":{\"@type\":\"ImageObject\",\"inLanguage\":\"fr-FR\",\"@id\":\"https:\/\/www.leprojecteurguinee.com\/#\/schema\/person\/image\/\",\"url\":\"https:\/\/secure.gravatar.com\/avatar\/d73703fcd03dcba36d2bb23326e491935423a46800f1ebf8f61b70e62b70e55a?s=96&d=mm&r=g\",\"contentUrl\":\"https:\/\/secure.gravatar.com\/avatar\/d73703fcd03dcba36d2bb23326e491935423a46800f1ebf8f61b70e62b70e55a?s=96&d=mm&r=g\",\"caption\":\"www.leprojecteurguinee.com\"},\"description\":\"Administrateur G\u00e9n\u00e9ral\",\"sameAs\":[\"http:\/\/www.leprojeceteurguinee.com\"],\"url\":\"https:\/\/www.leprojecteurguinee.com\/index.php\/author\/fadigagn\/\"}]}<\/script>\n<!-- \/ Yoast SEO plugin. -->","yoast_head_json":{"title":"Abidjan: Cellou Dalein et Sidya Tour\u00e9 \u00e9changent autour de la transition Guin\u00e9enne - leprojecteurguinee","robots":{"index":"index","follow":"follow","max-snippet":"max-snippet:-1","max-image-preview":"max-image-preview:large","max-video-preview":"max-video-preview:-1"},"canonical":"https:\/\/www.leprojecteurguinee.com\/index.php\/2024\/10\/01\/abidjan-cellou-dalein-et-sidya-toure-echangent-autour-de-la-transition-guineenne\/","og_locale":"fr_FR","og_type":"article","og_title":"Abidjan: Cellou Dalein et Sidya Tour\u00e9 \u00e9changent autour de la transition Guin\u00e9enne - leprojecteurguinee","og_description":"Les pr\u00e9sidents de l\u2019Union des Forces d\u00e9mocratiques de Guin\u00e9e (UFDG) et l\u2019Union des Forces r\u00e9publicaines (UFR) se sont rencontr\u00e9s ce lundi 30 septembre \u00e0 Abidjan au domicile de Sidya Tour\u00e9. Au menu des discussions des deux anciens premiers ministres, la conduite de la transition guin\u00e9enne. Mais qu\u2019est ce qu\u2019ils se sont dit ? \u00abNous avons [&hellip;]","og_url":"https:\/\/www.leprojecteurguinee.com\/index.php\/2024\/10\/01\/abidjan-cellou-dalein-et-sidya-toure-echangent-autour-de-la-transition-guineenne\/","og_site_name":"leprojecteurguinee","article_published_time":"2024-10-01T10:23:04+00:00","article_modified_time":"2024-10-01T10:23:06+00:00","og_image":[{"width":652,"height":479,"url":"https:\/\/www.leprojecteurguinee.com\/wp-content\/uploads\/2024\/10\/Screenshot_2024-10-01-10-14-32-63.jpg","type":"image\/jpeg"}],"author":"www.leprojecteurguinee.com","twitter_card":"summary_large_image","twitter_misc":{"\u00c9crit par":"www.leprojecteurguinee.com","Dur\u00e9e de lecture estim\u00e9e":"2 minutes"},"schema":{"@context":"https:\/\/schema.org","@graph":[{"@type":"Article","@id":"https:\/\/www.leprojecteurguinee.com\/index.php\/2024\/10\/01\/abidjan-cellou-dalein-et-sidya-toure-echangent-autour-de-la-transition-guineenne\/#article","isPartOf":{"@id":"https:\/\/www.leprojecteurguinee.com\/index.php\/2024\/10\/01\/abidjan-cellou-dalein-et-sidya-toure-echangent-autour-de-la-transition-guineenne\/"},"author":{"name":"www.leprojecteurguinee.com","@id":"https:\/\/www.leprojecteurguinee.com\/#\/schema\/person\/c9d1602e593b11af0b295bdf5e12a59a"},"headline":"Abidjan: Cellou Dalein et Sidya Tour\u00e9 \u00e9changent autour de la transition Guin\u00e9enne","datePublished":"2024-10-01T10:23:04+00:00","dateModified":"2024-10-01T10:23:06+00:00","mainEntityOfPage":{"@id":"https:\/\/www.leprojecteurguinee.com\/index.php\/2024\/10\/01\/abidjan-cellou-dalein-et-sidya-toure-echangent-autour-de-la-transition-guineenne\/"},"wordCount":243,"commentCount":0,"image":{"@id":"https:\/\/www.leprojecteurguinee.com\/index.php\/2024\/10\/01\/abidjan-cellou-dalein-et-sidya-toure-echangent-autour-de-la-transition-guineenne\/#primaryimage"},"thumbnailUrl":"https:\/\/www.leprojecteurguinee.com\/wp-content\/uploads\/2024\/10\/Screenshot_2024-10-01-10-14-32-63.jpg","articleSection":["Actualit\u00e9s","Politique"],"inLanguage":"fr-FR","potentialAction":[{"@type":"CommentAction","name":"Comment","target":["https:\/\/www.leprojecteurguinee.com\/index.php\/2024\/10\/01\/abidjan-cellou-dalein-et-sidya-toure-echangent-autour-de-la-transition-guineenne\/#respond"]}]},{"@type":"WebPage","@id":"https:\/\/www.leprojecteurguinee.com\/index.php\/2024\/10\/01\/abidjan-cellou-dalein-et-sidya-toure-echangent-autour-de-la-transition-guineenne\/","url":"https:\/\/www.leprojecteurguinee.com\/index.php\/2024\/10\/01\/abidjan-cellou-dalein-et-sidya-toure-echangent-autour-de-la-transition-guineenne\/","name":"Abidjan: Cellou Dalein et Sidya Tour\u00e9 \u00e9changent autour de la transition Guin\u00e9enne - leprojecteurguinee","isPartOf":{"@id":"https:\/\/www.leprojecteurguinee.com\/#website"},"primaryImageOfPage":{"@id":"https:\/\/www.leprojecteurguinee.com\/index.php\/2024\/10\/01\/abidjan-cellou-dalein-et-sidya-toure-echangent-autour-de-la-transition-guineenne\/#primaryimage"},"image":{"@id":"https:\/\/www.leprojecteurguinee.com\/index.php\/2024\/10\/01\/abidjan-cellou-dalein-et-sidya-toure-echangent-autour-de-la-transition-guineenne\/#primaryimage"},"thumbnailUrl":"https:\/\/www.leprojecteurguinee.com\/wp-content\/uploads\/2024\/10\/Screenshot_2024-10-01-10-14-32-63.jpg","datePublished":"2024-10-01T10:23:04+00:00","dateModified":"2024-10-01T10:23:06+00:00","author":{"@id":"https:\/\/www.leprojecteurguinee.com\/#\/schema\/person\/c9d1602e593b11af0b295bdf5e12a59a"},"breadcrumb":{"@id":"https:\/\/www.leprojecteurguinee.com\/index.php\/2024\/10\/01\/abidjan-cellou-dalein-et-sidya-toure-echangent-autour-de-la-transition-guineenne\/#breadcrumb"},"inLanguage":"fr-FR","potentialAction":[{"@type":"ReadAction","target":["https:\/\/www.leprojecteurguinee.com\/index.php\/2024\/10\/01\/abidjan-cellou-dalein-et-sidya-toure-echangent-autour-de-la-transition-guineenne\/"]}]},{"@type":"ImageObject","inLanguage":"fr-FR","@id":"https:\/\/www.leprojecteurguinee.com\/index.php\/2024\/10\/01\/abidjan-cellou-dalein-et-sidya-toure-echangent-autour-de-la-transition-guineenne\/#primaryimage","url":"https:\/\/www.leprojecteurguinee.com\/wp-content\/uploads\/2024\/10\/Screenshot_2024-10-01-10-14-32-63.jpg","contentUrl":"https:\/\/www.leprojecteurguinee.com\/wp-content\/uploads\/2024\/10\/Screenshot_2024-10-01-10-14-32-63.jpg","width":652,"height":479},{"@type":"BreadcrumbList","@id":"https:\/\/www.leprojecteurguinee.com\/index.php\/2024\/10\/01\/abidjan-cellou-dalein-et-sidya-toure-echangent-autour-de-la-transition-guineenne\/#breadcrumb","itemListElement":[{"@type":"ListItem","position":1,"name":"Accueil","item":"https:\/\/www.leprojecteurguinee.com\/"},{"@type":"ListItem","position":2,"name":"Abidjan: Cellou Dalein et Sidya Tour\u00e9 \u00e9changent autour de la transition Guin\u00e9enne"}]},{"@type":"WebSite","@id":"https:\/\/www.leprojecteurguinee.com\/#website","url":"https:\/\/www.leprojecteurguinee.com\/","name":"leprojecteurguinee","description":"Nous luttons contre les pratiques obscures","potentialAction":[{"@type":"SearchAction","target":{"@type":"EntryPoint","urlTemplate":"https:\/\/www.leprojecteurguinee.com\/?s={search_term_string}"},"query-input":{"@type":"PropertyValueSpecification","valueRequired":true,"valueName":"search_term_string"}}],"inLanguage":"fr-FR"},{"@type":"Person","@id":"https:\/\/www.leprojecteurguinee.com\/#\/schema\/person\/c9d1602e593b11af0b295bdf5e12a59a","name":"www.leprojecteurguinee.com","image":{"@type":"ImageObject","inLanguage":"fr-FR","@id":"https:\/\/www.leprojecteurguinee.com\/#\/schema\/person\/image\/","url":"https:\/\/secure.gravatar.com\/avatar\/d73703fcd03dcba36d2bb23326e491935423a46800f1ebf8f61b70e62b70e55a?s=96&d=mm&r=g","contentUrl":"https:\/\/secure.gravatar.com\/avatar\/d73703fcd03dcba36d2bb23326e491935423a46800f1ebf8f61b70e62b70e55a?s=96&d=mm&r=g","caption":"www.leprojecteurguinee.com"},"description":"Administrateur G\u00e9n\u00e9ral","sameAs":["http:\/\/www.leprojeceteurguinee.com"],"url":"https:\/\/www.leprojecteurguinee.com\/index.php\/author\/fadigagn\/"}]}},"_links":{"self":[{"href":"https:\/\/www.leprojecteurguinee.com\/index.php\/wp-json\/wp\/v2\/posts\/4451","targetHints":{"allow":["GET"]}}],"collection":[{"href":"https:\/\/www.leprojecteurguinee.com\/index.php\/wp-json\/wp\/v2\/posts"}],"about":[{"href":"https:\/\/www.leprojecteurguinee.com\/index.php\/wp-json\/wp\/v2\/types\/post"}],"author":[{"embeddable":true,"href":"https:\/\/www.leprojecteurguinee.com\/index.php\/wp-json\/wp\/v2\/users\/2"}],"replies":[{"embeddable":true,"href":"https:\/\/www.leprojecteurguinee.com\/index.php\/wp-json\/wp\/v2\/comments?post=4451"}],"version-history":[{"count":0,"href":"https:\/\/www.leprojecteurguinee.com\/index.php\/wp-json\/wp\/v2\/posts\/4451\/revisions"}],"wp:featuredmedia":[{"embeddable":true,"href":"https:\/\/www.leprojecteurguinee.com\/index.php\/wp-json\/wp\/v2\/media\/4452"}],"wp:attachment":[{"href":"https:\/\/www.leprojecteurguinee.com\/index.php\/wp-json\/wp\/v2\/media?parent=4451"}],"wp:term":[{"taxonomy":"category","embeddable":true,"href":"https:\/\/www.leprojecteurguinee.com\/index.php\/wp-json\/wp\/v2\/categories?post=4451"},{"taxonomy":"post_tag","embeddable":true,"href":"https:\/\/www.leprojecteurguinee.com\/index.php\/wp-json\/wp\/v2\/tags?post=4451"}],"curies":[{"name":"wp","href":"https:\/\/api.w.org\/{rel}","templated":true}]}}