{"id":4335,"date":"2024-09-21T00:29:40","date_gmt":"2024-09-21T00:29:40","guid":{"rendered":"https:\/\/www.leprojecteurguinee.com\/?p=4335"},"modified":"2024-09-21T00:29:41","modified_gmt":"2024-09-21T00:29:41","slug":"ministere-de-lenvironnement-nomination-de-plusieurs-cadres","status":"publish","type":"post","link":"https:\/\/www.leprojecteurguinee.com\/index.php\/2024\/09\/21\/ministere-de-lenvironnement-nomination-de-plusieurs-cadres\/","title":{"rendered":"Minist\u00e9re de l&rsquo;Environnement : Nomination de plusieurs cadres"},"content":{"rendered":"\n<p>Dans un d\u00e9cret diffus\u00e9 dans la soir\u00e9e de ce vendredi, 20 septembre 2024 \u00e0 la t\u00e9l\u00e9vision nationale, le pr\u00e9sident de la transition guin\u00e9enne, le G\u00e9n\u00e9ral Mamadi Doumbouya, a proc\u00e9d\u00e9 \u00e0 la nomination de plusieurs hauts cadres au d\u00e9partement en charge de l\u2019Environnement et du D\u00e9veloppement Durable. Ce sont :<br>1- Conseiller principal : Dr Sa\u00efdou Barry Sidib\u00e9 ;<br>2- Conseiller juridique : M. Cyril Aboly ;<br>3- Conseiller charg\u00e9 de l\u2019Environnement : M. Bangaly Djoumessy , pr\u00e9c\u00e9demment secr\u00e9taire ex\u00e9cutif du Conseil national de gestion des produits et substances chimiques.<br>4- Conseill\u00e8re charg\u00e9e du D\u00e9veloppement Durable : Mme Wata Camara, pr\u00e9c\u00e9demment Directrice g\u00e9n\u00e9rale adjointe de l\u2019office guin\u00e9en des parcs nationaux et r\u00e9serves de faune;<br>5- Conseiller charg\u00e9 de mission : M. Bangaly Sangar\u00e9, pr\u00e9c\u00e9demment attach\u00e9 de cabinet du ministre de l\u2019Environnement et du D\u00e9veloppement Durable.<\/p>\n\n\n\n<p><\/p>\n","protected":false},"excerpt":{"rendered":"<p>Dans un d\u00e9cret diffus\u00e9 dans la soir\u00e9e de ce vendredi, 20 septembre 2024 \u00e0 la t\u00e9l\u00e9vision nationale, le pr\u00e9sident de la transition guin\u00e9enne, le G\u00e9n\u00e9ral Mamadi Doumbouya, a proc\u00e9d\u00e9 \u00e0 la nomination de plusieurs hauts cadres au d\u00e9partement en charge de l\u2019Environnement et du D\u00e9veloppement Durable. Ce sont :1- Conseiller principal : Dr Sa\u00efdou Barry [&hellip;]<\/p>\n","protected":false},"author":2,"featured_media":3325,"comment_status":"open","ping_status":"open","sticky":false,"template":"","format":"standard","meta":{"footnotes":""},"categories":[16],"tags":[],"class_list":["post-4335","post","type-post","status-publish","format-standard","has-post-thumbnail","hentry","category-actualites"],"yoast_head":"<!-- This site is optimized with the Yoast SEO plugin v26.8 - https:\/\/yoast.com\/product\/yoast-seo-wordpress\/ -->\n<title>Minist\u00e9re de l&#039;Environnement : Nomination de plusieurs cadres - leprojecteurguinee<\/title>\n<meta name=\"robots\" content=\"index, follow, max-snippet:-1, max-image-preview:large, max-video-preview:-1\" \/>\n<link rel=\"canonical\" href=\"https:\/\/www.leprojecteurguinee.com\/index.php\/2024\/09\/21\/ministere-de-lenvironnement-nomination-de-plusieurs-cadres\/\" \/>\n<meta property=\"og:locale\" content=\"fr_FR\" \/>\n<meta property=\"og:type\" content=\"article\" \/>\n<meta property=\"og:title\" content=\"Minist\u00e9re de l&#039;Environnement : Nomination de plusieurs cadres - leprojecteurguinee\" \/>\n<meta property=\"og:description\" content=\"Dans un d\u00e9cret diffus\u00e9 dans la soir\u00e9e de ce vendredi, 20 septembre 2024 \u00e0 la t\u00e9l\u00e9vision nationale, le pr\u00e9sident de la transition guin\u00e9enne, le G\u00e9n\u00e9ral Mamadi Doumbouya, a proc\u00e9d\u00e9 \u00e0 la nomination de plusieurs hauts cadres au d\u00e9partement en charge de l\u2019Environnement et du D\u00e9veloppement Durable. Ce sont :1- Conseiller principal : Dr Sa\u00efdou Barry [&hellip;]\" \/>\n<meta property=\"og:url\" content=\"https:\/\/www.leprojecteurguinee.com\/index.php\/2024\/09\/21\/ministere-de-lenvironnement-nomination-de-plusieurs-cadres\/\" \/>\n<meta property=\"og:site_name\" content=\"leprojecteurguinee\" \/>\n<meta property=\"article:published_time\" content=\"2024-09-21T00:29:40+00:00\" \/>\n<meta property=\"article:modified_time\" content=\"2024-09-21T00:29:41+00:00\" \/>\n<meta property=\"og:image\" content=\"https:\/\/www.leprojecteurguinee.com\/wp-content\/uploads\/2024\/03\/colonel_mamadi_doumbouya-GN.jpg\" \/>\n\t<meta property=\"og:image:width\" content=\"450\" \/>\n\t<meta property=\"og:image:height\" content=\"300\" \/>\n\t<meta property=\"og:image:type\" content=\"image\/jpeg\" \/>\n<meta name=\"author\" content=\"www.leprojecteurguinee.com\" \/>\n<meta name=\"twitter:card\" content=\"summary_large_image\" \/>\n<meta name=\"twitter:label1\" content=\"\u00c9crit par\" \/>\n\t<meta name=\"twitter:data1\" content=\"www.leprojecteurguinee.com\" \/>\n\t<meta name=\"twitter:label2\" content=\"Dur\u00e9e de lecture estim\u00e9e\" \/>\n\t<meta name=\"twitter:data2\" content=\"1 minute\" \/>\n<script type=\"application\/ld+json\" class=\"yoast-schema-graph\">{\"@context\":\"https:\/\/schema.org\",\"@graph\":[{\"@type\":\"Article\",\"@id\":\"https:\/\/www.leprojecteurguinee.com\/index.php\/2024\/09\/21\/ministere-de-lenvironnement-nomination-de-plusieurs-cadres\/#article\",\"isPartOf\":{\"@id\":\"https:\/\/www.leprojecteurguinee.com\/index.php\/2024\/09\/21\/ministere-de-lenvironnement-nomination-de-plusieurs-cadres\/\"},\"author\":{\"name\":\"www.leprojecteurguinee.com\",\"@id\":\"https:\/\/www.leprojecteurguinee.com\/#\/schema\/person\/c9d1602e593b11af0b295bdf5e12a59a\"},\"headline\":\"Minist\u00e9re de l&rsquo;Environnement : Nomination de plusieurs cadres\",\"datePublished\":\"2024-09-21T00:29:40+00:00\",\"dateModified\":\"2024-09-21T00:29:41+00:00\",\"mainEntityOfPage\":{\"@id\":\"https:\/\/www.leprojecteurguinee.com\/index.php\/2024\/09\/21\/ministere-de-lenvironnement-nomination-de-plusieurs-cadres\/\"},\"wordCount\":162,\"commentCount\":0,\"image\":{\"@id\":\"https:\/\/www.leprojecteurguinee.com\/index.php\/2024\/09\/21\/ministere-de-lenvironnement-nomination-de-plusieurs-cadres\/#primaryimage\"},\"thumbnailUrl\":\"https:\/\/www.leprojecteurguinee.com\/wp-content\/uploads\/2024\/03\/colonel_mamadi_doumbouya-GN.jpg\",\"articleSection\":[\"Actualit\u00e9s\"],\"inLanguage\":\"fr-FR\",\"potentialAction\":[{\"@type\":\"CommentAction\",\"name\":\"Comment\",\"target\":[\"https:\/\/www.leprojecteurguinee.com\/index.php\/2024\/09\/21\/ministere-de-lenvironnement-nomination-de-plusieurs-cadres\/#respond\"]}]},{\"@type\":\"WebPage\",\"@id\":\"https:\/\/www.leprojecteurguinee.com\/index.php\/2024\/09\/21\/ministere-de-lenvironnement-nomination-de-plusieurs-cadres\/\",\"url\":\"https:\/\/www.leprojecteurguinee.com\/index.php\/2024\/09\/21\/ministere-de-lenvironnement-nomination-de-plusieurs-cadres\/\",\"name\":\"Minist\u00e9re de l'Environnement : Nomination de plusieurs cadres - leprojecteurguinee\",\"isPartOf\":{\"@id\":\"https:\/\/www.leprojecteurguinee.com\/#website\"},\"primaryImageOfPage\":{\"@id\":\"https:\/\/www.leprojecteurguinee.com\/index.php\/2024\/09\/21\/ministere-de-lenvironnement-nomination-de-plusieurs-cadres\/#primaryimage\"},\"image\":{\"@id\":\"https:\/\/www.leprojecteurguinee.com\/index.php\/2024\/09\/21\/ministere-de-lenvironnement-nomination-de-plusieurs-cadres\/#primaryimage\"},\"thumbnailUrl\":\"https:\/\/www.leprojecteurguinee.com\/wp-content\/uploads\/2024\/03\/colonel_mamadi_doumbouya-GN.jpg\",\"datePublished\":\"2024-09-21T00:29:40+00:00\",\"dateModified\":\"2024-09-21T00:29:41+00:00\",\"author\":{\"@id\":\"https:\/\/www.leprojecteurguinee.com\/#\/schema\/person\/c9d1602e593b11af0b295bdf5e12a59a\"},\"breadcrumb\":{\"@id\":\"https:\/\/www.leprojecteurguinee.com\/index.php\/2024\/09\/21\/ministere-de-lenvironnement-nomination-de-plusieurs-cadres\/#breadcrumb\"},\"inLanguage\":\"fr-FR\",\"potentialAction\":[{\"@type\":\"ReadAction\",\"target\":[\"https:\/\/www.leprojecteurguinee.com\/index.php\/2024\/09\/21\/ministere-de-lenvironnement-nomination-de-plusieurs-cadres\/\"]}]},{\"@type\":\"ImageObject\",\"inLanguage\":\"fr-FR\",\"@id\":\"https:\/\/www.leprojecteurguinee.com\/index.php\/2024\/09\/21\/ministere-de-lenvironnement-nomination-de-plusieurs-cadres\/#primaryimage\",\"url\":\"https:\/\/www.leprojecteurguinee.com\/wp-content\/uploads\/2024\/03\/colonel_mamadi_doumbouya-GN.jpg\",\"contentUrl\":\"https:\/\/www.leprojecteurguinee.com\/wp-content\/uploads\/2024\/03\/colonel_mamadi_doumbouya-GN.jpg\",\"width\":450,\"height\":300},{\"@type\":\"BreadcrumbList\",\"@id\":\"https:\/\/www.leprojecteurguinee.com\/index.php\/2024\/09\/21\/ministere-de-lenvironnement-nomination-de-plusieurs-cadres\/#breadcrumb\",\"itemListElement\":[{\"@type\":\"ListItem\",\"position\":1,\"name\":\"Accueil\",\"item\":\"https:\/\/www.leprojecteurguinee.com\/\"},{\"@type\":\"ListItem\",\"position\":2,\"name\":\"Minist\u00e9re de l&rsquo;Environnement : Nomination de plusieurs cadres\"}]},{\"@type\":\"WebSite\",\"@id\":\"https:\/\/www.leprojecteurguinee.com\/#website\",\"url\":\"https:\/\/www.leprojecteurguinee.com\/\",\"name\":\"leprojecteurguinee\",\"description\":\"Nous luttons contre les pratiques obscures\",\"potentialAction\":[{\"@type\":\"SearchAction\",\"target\":{\"@type\":\"EntryPoint\",\"urlTemplate\":\"https:\/\/www.leprojecteurguinee.com\/?s={search_term_string}\"},\"query-input\":{\"@type\":\"PropertyValueSpecification\",\"valueRequired\":true,\"valueName\":\"search_term_string\"}}],\"inLanguage\":\"fr-FR\"},{\"@type\":\"Person\",\"@id\":\"https:\/\/www.leprojecteurguinee.com\/#\/schema\/person\/c9d1602e593b11af0b295bdf5e12a59a\",\"name\":\"www.leprojecteurguinee.com\",\"image\":{\"@type\":\"ImageObject\",\"inLanguage\":\"fr-FR\",\"@id\":\"https:\/\/www.leprojecteurguinee.com\/#\/schema\/person\/image\/\",\"url\":\"https:\/\/secure.gravatar.com\/avatar\/d73703fcd03dcba36d2bb23326e491935423a46800f1ebf8f61b70e62b70e55a?s=96&d=mm&r=g\",\"contentUrl\":\"https:\/\/secure.gravatar.com\/avatar\/d73703fcd03dcba36d2bb23326e491935423a46800f1ebf8f61b70e62b70e55a?s=96&d=mm&r=g\",\"caption\":\"www.leprojecteurguinee.com\"},\"description\":\"Administrateur G\u00e9n\u00e9ral\",\"sameAs\":[\"http:\/\/www.leprojeceteurguinee.com\"],\"url\":\"https:\/\/www.leprojecteurguinee.com\/index.php\/author\/fadigagn\/\"}]}<\/script>\n<!-- \/ Yoast SEO plugin. -->","yoast_head_json":{"title":"Minist\u00e9re de l'Environnement : Nomination de plusieurs cadres - leprojecteurguinee","robots":{"index":"index","follow":"follow","max-snippet":"max-snippet:-1","max-image-preview":"max-image-preview:large","max-video-preview":"max-video-preview:-1"},"canonical":"https:\/\/www.leprojecteurguinee.com\/index.php\/2024\/09\/21\/ministere-de-lenvironnement-nomination-de-plusieurs-cadres\/","og_locale":"fr_FR","og_type":"article","og_title":"Minist\u00e9re de l'Environnement : Nomination de plusieurs cadres - leprojecteurguinee","og_description":"Dans un d\u00e9cret diffus\u00e9 dans la soir\u00e9e de ce vendredi, 20 septembre 2024 \u00e0 la t\u00e9l\u00e9vision nationale, le pr\u00e9sident de la transition guin\u00e9enne, le G\u00e9n\u00e9ral Mamadi Doumbouya, a proc\u00e9d\u00e9 \u00e0 la nomination de plusieurs hauts cadres au d\u00e9partement en charge de l\u2019Environnement et du D\u00e9veloppement Durable. Ce sont :1- Conseiller principal : Dr Sa\u00efdou Barry [&hellip;]","og_url":"https:\/\/www.leprojecteurguinee.com\/index.php\/2024\/09\/21\/ministere-de-lenvironnement-nomination-de-plusieurs-cadres\/","og_site_name":"leprojecteurguinee","article_published_time":"2024-09-21T00:29:40+00:00","article_modified_time":"2024-09-21T00:29:41+00:00","og_image":[{"width":450,"height":300,"url":"https:\/\/www.leprojecteurguinee.com\/wp-content\/uploads\/2024\/03\/colonel_mamadi_doumbouya-GN.jpg","type":"image\/jpeg"}],"author":"www.leprojecteurguinee.com","twitter_card":"summary_large_image","twitter_misc":{"\u00c9crit par":"www.leprojecteurguinee.com","Dur\u00e9e de lecture estim\u00e9e":"1 minute"},"schema":{"@context":"https:\/\/schema.org","@graph":[{"@type":"Article","@id":"https:\/\/www.leprojecteurguinee.com\/index.php\/2024\/09\/21\/ministere-de-lenvironnement-nomination-de-plusieurs-cadres\/#article","isPartOf":{"@id":"https:\/\/www.leprojecteurguinee.com\/index.php\/2024\/09\/21\/ministere-de-lenvironnement-nomination-de-plusieurs-cadres\/"},"author":{"name":"www.leprojecteurguinee.com","@id":"https:\/\/www.leprojecteurguinee.com\/#\/schema\/person\/c9d1602e593b11af0b295bdf5e12a59a"},"headline":"Minist\u00e9re de l&rsquo;Environnement : Nomination de plusieurs cadres","datePublished":"2024-09-21T00:29:40+00:00","dateModified":"2024-09-21T00:29:41+00:00","mainEntityOfPage":{"@id":"https:\/\/www.leprojecteurguinee.com\/index.php\/2024\/09\/21\/ministere-de-lenvironnement-nomination-de-plusieurs-cadres\/"},"wordCount":162,"commentCount":0,"image":{"@id":"https:\/\/www.leprojecteurguinee.com\/index.php\/2024\/09\/21\/ministere-de-lenvironnement-nomination-de-plusieurs-cadres\/#primaryimage"},"thumbnailUrl":"https:\/\/www.leprojecteurguinee.com\/wp-content\/uploads\/2024\/03\/colonel_mamadi_doumbouya-GN.jpg","articleSection":["Actualit\u00e9s"],"inLanguage":"fr-FR","potentialAction":[{"@type":"CommentAction","name":"Comment","target":["https:\/\/www.leprojecteurguinee.com\/index.php\/2024\/09\/21\/ministere-de-lenvironnement-nomination-de-plusieurs-cadres\/#respond"]}]},{"@type":"WebPage","@id":"https:\/\/www.leprojecteurguinee.com\/index.php\/2024\/09\/21\/ministere-de-lenvironnement-nomination-de-plusieurs-cadres\/","url":"https:\/\/www.leprojecteurguinee.com\/index.php\/2024\/09\/21\/ministere-de-lenvironnement-nomination-de-plusieurs-cadres\/","name":"Minist\u00e9re de l'Environnement : Nomination de plusieurs cadres - leprojecteurguinee","isPartOf":{"@id":"https:\/\/www.leprojecteurguinee.com\/#website"},"primaryImageOfPage":{"@id":"https:\/\/www.leprojecteurguinee.com\/index.php\/2024\/09\/21\/ministere-de-lenvironnement-nomination-de-plusieurs-cadres\/#primaryimage"},"image":{"@id":"https:\/\/www.leprojecteurguinee.com\/index.php\/2024\/09\/21\/ministere-de-lenvironnement-nomination-de-plusieurs-cadres\/#primaryimage"},"thumbnailUrl":"https:\/\/www.leprojecteurguinee.com\/wp-content\/uploads\/2024\/03\/colonel_mamadi_doumbouya-GN.jpg","datePublished":"2024-09-21T00:29:40+00:00","dateModified":"2024-09-21T00:29:41+00:00","author":{"@id":"https:\/\/www.leprojecteurguinee.com\/#\/schema\/person\/c9d1602e593b11af0b295bdf5e12a59a"},"breadcrumb":{"@id":"https:\/\/www.leprojecteurguinee.com\/index.php\/2024\/09\/21\/ministere-de-lenvironnement-nomination-de-plusieurs-cadres\/#breadcrumb"},"inLanguage":"fr-FR","potentialAction":[{"@type":"ReadAction","target":["https:\/\/www.leprojecteurguinee.com\/index.php\/2024\/09\/21\/ministere-de-lenvironnement-nomination-de-plusieurs-cadres\/"]}]},{"@type":"ImageObject","inLanguage":"fr-FR","@id":"https:\/\/www.leprojecteurguinee.com\/index.php\/2024\/09\/21\/ministere-de-lenvironnement-nomination-de-plusieurs-cadres\/#primaryimage","url":"https:\/\/www.leprojecteurguinee.com\/wp-content\/uploads\/2024\/03\/colonel_mamadi_doumbouya-GN.jpg","contentUrl":"https:\/\/www.leprojecteurguinee.com\/wp-content\/uploads\/2024\/03\/colonel_mamadi_doumbouya-GN.jpg","width":450,"height":300},{"@type":"BreadcrumbList","@id":"https:\/\/www.leprojecteurguinee.com\/index.php\/2024\/09\/21\/ministere-de-lenvironnement-nomination-de-plusieurs-cadres\/#breadcrumb","itemListElement":[{"@type":"ListItem","position":1,"name":"Accueil","item":"https:\/\/www.leprojecteurguinee.com\/"},{"@type":"ListItem","position":2,"name":"Minist\u00e9re de l&rsquo;Environnement : Nomination de plusieurs cadres"}]},{"@type":"WebSite","@id":"https:\/\/www.leprojecteurguinee.com\/#website","url":"https:\/\/www.leprojecteurguinee.com\/","name":"leprojecteurguinee","description":"Nous luttons contre les pratiques obscures","potentialAction":[{"@type":"SearchAction","target":{"@type":"EntryPoint","urlTemplate":"https:\/\/www.leprojecteurguinee.com\/?s={search_term_string}"},"query-input":{"@type":"PropertyValueSpecification","valueRequired":true,"valueName":"search_term_string"}}],"inLanguage":"fr-FR"},{"@type":"Person","@id":"https:\/\/www.leprojecteurguinee.com\/#\/schema\/person\/c9d1602e593b11af0b295bdf5e12a59a","name":"www.leprojecteurguinee.com","image":{"@type":"ImageObject","inLanguage":"fr-FR","@id":"https:\/\/www.leprojecteurguinee.com\/#\/schema\/person\/image\/","url":"https:\/\/secure.gravatar.com\/avatar\/d73703fcd03dcba36d2bb23326e491935423a46800f1ebf8f61b70e62b70e55a?s=96&d=mm&r=g","contentUrl":"https:\/\/secure.gravatar.com\/avatar\/d73703fcd03dcba36d2bb23326e491935423a46800f1ebf8f61b70e62b70e55a?s=96&d=mm&r=g","caption":"www.leprojecteurguinee.com"},"description":"Administrateur G\u00e9n\u00e9ral","sameAs":["http:\/\/www.leprojeceteurguinee.com"],"url":"https:\/\/www.leprojecteurguinee.com\/index.php\/author\/fadigagn\/"}]}},"_links":{"self":[{"href":"https:\/\/www.leprojecteurguinee.com\/index.php\/wp-json\/wp\/v2\/posts\/4335","targetHints":{"allow":["GET"]}}],"collection":[{"href":"https:\/\/www.leprojecteurguinee.com\/index.php\/wp-json\/wp\/v2\/posts"}],"about":[{"href":"https:\/\/www.leprojecteurguinee.com\/index.php\/wp-json\/wp\/v2\/types\/post"}],"author":[{"embeddable":true,"href":"https:\/\/www.leprojecteurguinee.com\/index.php\/wp-json\/wp\/v2\/users\/2"}],"replies":[{"embeddable":true,"href":"https:\/\/www.leprojecteurguinee.com\/index.php\/wp-json\/wp\/v2\/comments?post=4335"}],"version-history":[{"count":0,"href":"https:\/\/www.leprojecteurguinee.com\/index.php\/wp-json\/wp\/v2\/posts\/4335\/revisions"}],"wp:featuredmedia":[{"embeddable":true,"href":"https:\/\/www.leprojecteurguinee.com\/index.php\/wp-json\/wp\/v2\/media\/3325"}],"wp:attachment":[{"href":"https:\/\/www.leprojecteurguinee.com\/index.php\/wp-json\/wp\/v2\/media?parent=4335"}],"wp:term":[{"taxonomy":"category","embeddable":true,"href":"https:\/\/www.leprojecteurguinee.com\/index.php\/wp-json\/wp\/v2\/categories?post=4335"},{"taxonomy":"post_tag","embeddable":true,"href":"https:\/\/www.leprojecteurguinee.com\/index.php\/wp-json\/wp\/v2\/tags?post=4335"}],"curies":[{"name":"wp","href":"https:\/\/api.w.org\/{rel}","templated":true}]}}