{"id":4254,"date":"2024-08-23T20:02:54","date_gmt":"2024-08-23T20:02:54","guid":{"rendered":"https:\/\/www.leprojecteurguinee.com\/?p=4254"},"modified":"2024-08-23T20:03:22","modified_gmt":"2024-08-23T20:03:22","slug":"youssouf-camara-lappel-a-manifester-du-5-septembre-2024-est-un-droit-legitime","status":"publish","type":"post","link":"https:\/\/www.leprojecteurguinee.com\/index.php\/2024\/08\/23\/youssouf-camara-lappel-a-manifester-du-5-septembre-2024-est-un-droit-legitime\/","title":{"rendered":"Youssouf Camara : \u00ab\u00a0l\u2019appel \u00e0 manifester du 5 septembre 2024 est un droit l\u00e9gitime\u2026\u00a0\u00bb"},"content":{"rendered":"\n<p><strong>Apr\u00e8s la journ\u00e9e ville morte des forces vives du lundi 12 ao\u00fbt 2024 dans le grand Conakry, les forces vives de Guin\u00e9e ont une nouvelle fois appel\u00e9 \u00e0 une journ\u00e9e de manifestation en pr\u00e9lude \u00e0 l\u2019an 3 de la prise du pouvoir par le CNRD , le 5 septembre 2024 .\u00a0<\/strong><\/p>\n\n\n\n<p>Le peuple opprim\u00e9 de Guin\u00e9e doit ouvrir les yeux sur la perte des acquis d\u00e9mocratiques dans notre pays il y\u2019a de cela 30 ans , aujourd\u2019hui rien ne vas en Guin\u00e9e notamment la chert\u00e9 de la vie, la fermeture des m\u00e9dias priv\u00e9s, les&nbsp;&nbsp;arrestations arbitraires des activistes, politiques et ceux de la soci\u00e9t\u00e9 civile; la r\u00e9pression des manifestations ; le manque de dialogue ; la volont\u00e9 ferme du CNRD de confisquer le pouvoir&nbsp;&nbsp;sont entre autres les probl\u00e8mes dont souffrent&nbsp;&nbsp;le pays. C\u2019est pourquoi, il est tout \u00e0 fait l\u00e9gitime pour le peuple martyris\u00e9 de prendre en mains son destin en s\u2019exprimant par voie de protestation d\u00e9mocratique que la chert\u00e9 de la transition lui garantit . Nous lan\u00e7ons une fois encore un appel aux autorit\u00e9s de la junte&nbsp;&nbsp;que leur volont\u00e9 de confiscation du pouvoir constituerait un mauvais pr\u00e9c\u00e9dent pour la construction d\u2019un \u00e9tat . Nos voisins de la sous r\u00e9gion se d\u00e9veloppent \u00e0 grand pas dont l\u2019exemple ivoirien est le plus illustratif pour un pays qui avait connu 10 ans de guerre civile .&nbsp;<\/p>\n\n\n\n<p>Nous interpellons les institutions de la R\u00e9publique et les forces de d\u00e9fense et de s\u00e9curit\u00e9 de rester du c\u00f4t\u00e9 de l\u2019histoire soutenant ainsi le peuple.&nbsp;<\/p>\n\n\n\n<p><strong>Youssouf Camara, membre du bureau ex\u00e9cutif et secr\u00e9taire f\u00e9d\u00e9ral de matam 2.<\/strong><\/p>\n","protected":false},"excerpt":{"rendered":"<p>Apr\u00e8s la journ\u00e9e ville morte des forces vives du lundi 12 ao\u00fbt 2024 dans le grand Conakry, les forces vives de Guin\u00e9e ont une nouvelle fois appel\u00e9 \u00e0 une journ\u00e9e de manifestation en pr\u00e9lude \u00e0 l\u2019an 3 de la prise du pouvoir par le CNRD , le 5 septembre 2024 .\u00a0 Le peuple opprim\u00e9 de [&hellip;]<\/p>\n","protected":false},"author":2,"featured_media":4256,"comment_status":"open","ping_status":"open","sticky":false,"template":"","format":"standard","meta":{"footnotes":""},"categories":[20],"tags":[],"class_list":["post-4254","post","type-post","status-publish","format-standard","has-post-thumbnail","hentry","category-societe"],"yoast_head":"<!-- This site is optimized with the Yoast SEO plugin v26.8 - https:\/\/yoast.com\/product\/yoast-seo-wordpress\/ -->\n<title>Youssouf Camara : \u00ab\u00a0l\u2019appel \u00e0 manifester du 5 septembre 2024 est un droit l\u00e9gitime\u2026\u00a0\u00bb - leprojecteurguinee<\/title>\n<meta name=\"robots\" content=\"index, follow, max-snippet:-1, max-image-preview:large, max-video-preview:-1\" \/>\n<link rel=\"canonical\" href=\"https:\/\/www.leprojecteurguinee.com\/index.php\/2024\/08\/23\/youssouf-camara-lappel-a-manifester-du-5-septembre-2024-est-un-droit-legitime\/\" \/>\n<meta property=\"og:locale\" content=\"fr_FR\" \/>\n<meta property=\"og:type\" content=\"article\" \/>\n<meta property=\"og:title\" content=\"Youssouf Camara : \u00ab\u00a0l\u2019appel \u00e0 manifester du 5 septembre 2024 est un droit l\u00e9gitime\u2026\u00a0\u00bb - leprojecteurguinee\" \/>\n<meta property=\"og:description\" content=\"Apr\u00e8s la journ\u00e9e ville morte des forces vives du lundi 12 ao\u00fbt 2024 dans le grand Conakry, les forces vives de Guin\u00e9e ont une nouvelle fois appel\u00e9 \u00e0 une journ\u00e9e de manifestation en pr\u00e9lude \u00e0 l\u2019an 3 de la prise du pouvoir par le CNRD , le 5 septembre 2024 .\u00a0 Le peuple opprim\u00e9 de [&hellip;]\" \/>\n<meta property=\"og:url\" content=\"https:\/\/www.leprojecteurguinee.com\/index.php\/2024\/08\/23\/youssouf-camara-lappel-a-manifester-du-5-septembre-2024-est-un-droit-legitime\/\" \/>\n<meta property=\"og:site_name\" content=\"leprojecteurguinee\" \/>\n<meta property=\"article:published_time\" content=\"2024-08-23T20:02:54+00:00\" \/>\n<meta property=\"article:modified_time\" content=\"2024-08-23T20:03:22+00:00\" \/>\n<meta property=\"og:image\" content=\"https:\/\/www.leprojecteurguinee.com\/wp-content\/uploads\/2024\/08\/454617641_1031925218628936_1514541963875027874_n.jpg\" \/>\n\t<meta property=\"og:image:width\" content=\"720\" \/>\n\t<meta property=\"og:image:height\" content=\"538\" \/>\n\t<meta property=\"og:image:type\" content=\"image\/jpeg\" \/>\n<meta name=\"author\" content=\"www.leprojecteurguinee.com\" \/>\n<meta name=\"twitter:card\" content=\"summary_large_image\" \/>\n<meta name=\"twitter:label1\" content=\"\u00c9crit par\" \/>\n\t<meta name=\"twitter:data1\" content=\"www.leprojecteurguinee.com\" \/>\n\t<meta name=\"twitter:label2\" content=\"Dur\u00e9e de lecture estim\u00e9e\" \/>\n\t<meta name=\"twitter:data2\" content=\"2 minutes\" \/>\n<script type=\"application\/ld+json\" class=\"yoast-schema-graph\">{\"@context\":\"https:\/\/schema.org\",\"@graph\":[{\"@type\":\"Article\",\"@id\":\"https:\/\/www.leprojecteurguinee.com\/index.php\/2024\/08\/23\/youssouf-camara-lappel-a-manifester-du-5-septembre-2024-est-un-droit-legitime\/#article\",\"isPartOf\":{\"@id\":\"https:\/\/www.leprojecteurguinee.com\/index.php\/2024\/08\/23\/youssouf-camara-lappel-a-manifester-du-5-septembre-2024-est-un-droit-legitime\/\"},\"author\":{\"name\":\"www.leprojecteurguinee.com\",\"@id\":\"https:\/\/www.leprojecteurguinee.com\/#\/schema\/person\/c9d1602e593b11af0b295bdf5e12a59a\"},\"headline\":\"Youssouf Camara : \u00ab\u00a0l\u2019appel \u00e0 manifester du 5 septembre 2024 est un droit l\u00e9gitime\u2026\u00a0\u00bb\",\"datePublished\":\"2024-08-23T20:02:54+00:00\",\"dateModified\":\"2024-08-23T20:03:22+00:00\",\"mainEntityOfPage\":{\"@id\":\"https:\/\/www.leprojecteurguinee.com\/index.php\/2024\/08\/23\/youssouf-camara-lappel-a-manifester-du-5-septembre-2024-est-un-droit-legitime\/\"},\"wordCount\":303,\"commentCount\":0,\"image\":{\"@id\":\"https:\/\/www.leprojecteurguinee.com\/index.php\/2024\/08\/23\/youssouf-camara-lappel-a-manifester-du-5-septembre-2024-est-un-droit-legitime\/#primaryimage\"},\"thumbnailUrl\":\"https:\/\/www.leprojecteurguinee.com\/wp-content\/uploads\/2024\/08\/454617641_1031925218628936_1514541963875027874_n.jpg\",\"articleSection\":[\"Soci\u00e9t\u00e9\"],\"inLanguage\":\"fr-FR\",\"potentialAction\":[{\"@type\":\"CommentAction\",\"name\":\"Comment\",\"target\":[\"https:\/\/www.leprojecteurguinee.com\/index.php\/2024\/08\/23\/youssouf-camara-lappel-a-manifester-du-5-septembre-2024-est-un-droit-legitime\/#respond\"]}]},{\"@type\":\"WebPage\",\"@id\":\"https:\/\/www.leprojecteurguinee.com\/index.php\/2024\/08\/23\/youssouf-camara-lappel-a-manifester-du-5-septembre-2024-est-un-droit-legitime\/\",\"url\":\"https:\/\/www.leprojecteurguinee.com\/index.php\/2024\/08\/23\/youssouf-camara-lappel-a-manifester-du-5-septembre-2024-est-un-droit-legitime\/\",\"name\":\"Youssouf Camara : \u00ab\u00a0l\u2019appel \u00e0 manifester du 5 septembre 2024 est un droit l\u00e9gitime\u2026\u00a0\u00bb - leprojecteurguinee\",\"isPartOf\":{\"@id\":\"https:\/\/www.leprojecteurguinee.com\/#website\"},\"primaryImageOfPage\":{\"@id\":\"https:\/\/www.leprojecteurguinee.com\/index.php\/2024\/08\/23\/youssouf-camara-lappel-a-manifester-du-5-septembre-2024-est-un-droit-legitime\/#primaryimage\"},\"image\":{\"@id\":\"https:\/\/www.leprojecteurguinee.com\/index.php\/2024\/08\/23\/youssouf-camara-lappel-a-manifester-du-5-septembre-2024-est-un-droit-legitime\/#primaryimage\"},\"thumbnailUrl\":\"https:\/\/www.leprojecteurguinee.com\/wp-content\/uploads\/2024\/08\/454617641_1031925218628936_1514541963875027874_n.jpg\",\"datePublished\":\"2024-08-23T20:02:54+00:00\",\"dateModified\":\"2024-08-23T20:03:22+00:00\",\"author\":{\"@id\":\"https:\/\/www.leprojecteurguinee.com\/#\/schema\/person\/c9d1602e593b11af0b295bdf5e12a59a\"},\"breadcrumb\":{\"@id\":\"https:\/\/www.leprojecteurguinee.com\/index.php\/2024\/08\/23\/youssouf-camara-lappel-a-manifester-du-5-septembre-2024-est-un-droit-legitime\/#breadcrumb\"},\"inLanguage\":\"fr-FR\",\"potentialAction\":[{\"@type\":\"ReadAction\",\"target\":[\"https:\/\/www.leprojecteurguinee.com\/index.php\/2024\/08\/23\/youssouf-camara-lappel-a-manifester-du-5-septembre-2024-est-un-droit-legitime\/\"]}]},{\"@type\":\"ImageObject\",\"inLanguage\":\"fr-FR\",\"@id\":\"https:\/\/www.leprojecteurguinee.com\/index.php\/2024\/08\/23\/youssouf-camara-lappel-a-manifester-du-5-septembre-2024-est-un-droit-legitime\/#primaryimage\",\"url\":\"https:\/\/www.leprojecteurguinee.com\/wp-content\/uploads\/2024\/08\/454617641_1031925218628936_1514541963875027874_n.jpg\",\"contentUrl\":\"https:\/\/www.leprojecteurguinee.com\/wp-content\/uploads\/2024\/08\/454617641_1031925218628936_1514541963875027874_n.jpg\",\"width\":720,\"height\":538},{\"@type\":\"BreadcrumbList\",\"@id\":\"https:\/\/www.leprojecteurguinee.com\/index.php\/2024\/08\/23\/youssouf-camara-lappel-a-manifester-du-5-septembre-2024-est-un-droit-legitime\/#breadcrumb\",\"itemListElement\":[{\"@type\":\"ListItem\",\"position\":1,\"name\":\"Accueil\",\"item\":\"https:\/\/www.leprojecteurguinee.com\/\"},{\"@type\":\"ListItem\",\"position\":2,\"name\":\"Youssouf Camara : \u00ab\u00a0l\u2019appel \u00e0 manifester du 5 septembre 2024 est un droit l\u00e9gitime\u2026\u00a0\u00bb\"}]},{\"@type\":\"WebSite\",\"@id\":\"https:\/\/www.leprojecteurguinee.com\/#website\",\"url\":\"https:\/\/www.leprojecteurguinee.com\/\",\"name\":\"leprojecteurguinee\",\"description\":\"Nous luttons contre les pratiques obscures\",\"potentialAction\":[{\"@type\":\"SearchAction\",\"target\":{\"@type\":\"EntryPoint\",\"urlTemplate\":\"https:\/\/www.leprojecteurguinee.com\/?s={search_term_string}\"},\"query-input\":{\"@type\":\"PropertyValueSpecification\",\"valueRequired\":true,\"valueName\":\"search_term_string\"}}],\"inLanguage\":\"fr-FR\"},{\"@type\":\"Person\",\"@id\":\"https:\/\/www.leprojecteurguinee.com\/#\/schema\/person\/c9d1602e593b11af0b295bdf5e12a59a\",\"name\":\"www.leprojecteurguinee.com\",\"image\":{\"@type\":\"ImageObject\",\"inLanguage\":\"fr-FR\",\"@id\":\"https:\/\/www.leprojecteurguinee.com\/#\/schema\/person\/image\/\",\"url\":\"https:\/\/secure.gravatar.com\/avatar\/d73703fcd03dcba36d2bb23326e491935423a46800f1ebf8f61b70e62b70e55a?s=96&d=mm&r=g\",\"contentUrl\":\"https:\/\/secure.gravatar.com\/avatar\/d73703fcd03dcba36d2bb23326e491935423a46800f1ebf8f61b70e62b70e55a?s=96&d=mm&r=g\",\"caption\":\"www.leprojecteurguinee.com\"},\"description\":\"Administrateur G\u00e9n\u00e9ral\",\"sameAs\":[\"http:\/\/www.leprojeceteurguinee.com\"],\"url\":\"https:\/\/www.leprojecteurguinee.com\/index.php\/author\/fadigagn\/\"}]}<\/script>\n<!-- \/ Yoast SEO plugin. -->","yoast_head_json":{"title":"Youssouf Camara : \u00ab\u00a0l\u2019appel \u00e0 manifester du 5 septembre 2024 est un droit l\u00e9gitime\u2026\u00a0\u00bb - leprojecteurguinee","robots":{"index":"index","follow":"follow","max-snippet":"max-snippet:-1","max-image-preview":"max-image-preview:large","max-video-preview":"max-video-preview:-1"},"canonical":"https:\/\/www.leprojecteurguinee.com\/index.php\/2024\/08\/23\/youssouf-camara-lappel-a-manifester-du-5-septembre-2024-est-un-droit-legitime\/","og_locale":"fr_FR","og_type":"article","og_title":"Youssouf Camara : \u00ab\u00a0l\u2019appel \u00e0 manifester du 5 septembre 2024 est un droit l\u00e9gitime\u2026\u00a0\u00bb - leprojecteurguinee","og_description":"Apr\u00e8s la journ\u00e9e ville morte des forces vives du lundi 12 ao\u00fbt 2024 dans le grand Conakry, les forces vives de Guin\u00e9e ont une nouvelle fois appel\u00e9 \u00e0 une journ\u00e9e de manifestation en pr\u00e9lude \u00e0 l\u2019an 3 de la prise du pouvoir par le CNRD , le 5 septembre 2024 .\u00a0 Le peuple opprim\u00e9 de [&hellip;]","og_url":"https:\/\/www.leprojecteurguinee.com\/index.php\/2024\/08\/23\/youssouf-camara-lappel-a-manifester-du-5-septembre-2024-est-un-droit-legitime\/","og_site_name":"leprojecteurguinee","article_published_time":"2024-08-23T20:02:54+00:00","article_modified_time":"2024-08-23T20:03:22+00:00","og_image":[{"width":720,"height":538,"url":"https:\/\/www.leprojecteurguinee.com\/wp-content\/uploads\/2024\/08\/454617641_1031925218628936_1514541963875027874_n.jpg","type":"image\/jpeg"}],"author":"www.leprojecteurguinee.com","twitter_card":"summary_large_image","twitter_misc":{"\u00c9crit par":"www.leprojecteurguinee.com","Dur\u00e9e de lecture estim\u00e9e":"2 minutes"},"schema":{"@context":"https:\/\/schema.org","@graph":[{"@type":"Article","@id":"https:\/\/www.leprojecteurguinee.com\/index.php\/2024\/08\/23\/youssouf-camara-lappel-a-manifester-du-5-septembre-2024-est-un-droit-legitime\/#article","isPartOf":{"@id":"https:\/\/www.leprojecteurguinee.com\/index.php\/2024\/08\/23\/youssouf-camara-lappel-a-manifester-du-5-septembre-2024-est-un-droit-legitime\/"},"author":{"name":"www.leprojecteurguinee.com","@id":"https:\/\/www.leprojecteurguinee.com\/#\/schema\/person\/c9d1602e593b11af0b295bdf5e12a59a"},"headline":"Youssouf Camara : \u00ab\u00a0l\u2019appel \u00e0 manifester du 5 septembre 2024 est un droit l\u00e9gitime\u2026\u00a0\u00bb","datePublished":"2024-08-23T20:02:54+00:00","dateModified":"2024-08-23T20:03:22+00:00","mainEntityOfPage":{"@id":"https:\/\/www.leprojecteurguinee.com\/index.php\/2024\/08\/23\/youssouf-camara-lappel-a-manifester-du-5-septembre-2024-est-un-droit-legitime\/"},"wordCount":303,"commentCount":0,"image":{"@id":"https:\/\/www.leprojecteurguinee.com\/index.php\/2024\/08\/23\/youssouf-camara-lappel-a-manifester-du-5-septembre-2024-est-un-droit-legitime\/#primaryimage"},"thumbnailUrl":"https:\/\/www.leprojecteurguinee.com\/wp-content\/uploads\/2024\/08\/454617641_1031925218628936_1514541963875027874_n.jpg","articleSection":["Soci\u00e9t\u00e9"],"inLanguage":"fr-FR","potentialAction":[{"@type":"CommentAction","name":"Comment","target":["https:\/\/www.leprojecteurguinee.com\/index.php\/2024\/08\/23\/youssouf-camara-lappel-a-manifester-du-5-septembre-2024-est-un-droit-legitime\/#respond"]}]},{"@type":"WebPage","@id":"https:\/\/www.leprojecteurguinee.com\/index.php\/2024\/08\/23\/youssouf-camara-lappel-a-manifester-du-5-septembre-2024-est-un-droit-legitime\/","url":"https:\/\/www.leprojecteurguinee.com\/index.php\/2024\/08\/23\/youssouf-camara-lappel-a-manifester-du-5-septembre-2024-est-un-droit-legitime\/","name":"Youssouf Camara : \u00ab\u00a0l\u2019appel \u00e0 manifester du 5 septembre 2024 est un droit l\u00e9gitime\u2026\u00a0\u00bb - leprojecteurguinee","isPartOf":{"@id":"https:\/\/www.leprojecteurguinee.com\/#website"},"primaryImageOfPage":{"@id":"https:\/\/www.leprojecteurguinee.com\/index.php\/2024\/08\/23\/youssouf-camara-lappel-a-manifester-du-5-septembre-2024-est-un-droit-legitime\/#primaryimage"},"image":{"@id":"https:\/\/www.leprojecteurguinee.com\/index.php\/2024\/08\/23\/youssouf-camara-lappel-a-manifester-du-5-septembre-2024-est-un-droit-legitime\/#primaryimage"},"thumbnailUrl":"https:\/\/www.leprojecteurguinee.com\/wp-content\/uploads\/2024\/08\/454617641_1031925218628936_1514541963875027874_n.jpg","datePublished":"2024-08-23T20:02:54+00:00","dateModified":"2024-08-23T20:03:22+00:00","author":{"@id":"https:\/\/www.leprojecteurguinee.com\/#\/schema\/person\/c9d1602e593b11af0b295bdf5e12a59a"},"breadcrumb":{"@id":"https:\/\/www.leprojecteurguinee.com\/index.php\/2024\/08\/23\/youssouf-camara-lappel-a-manifester-du-5-septembre-2024-est-un-droit-legitime\/#breadcrumb"},"inLanguage":"fr-FR","potentialAction":[{"@type":"ReadAction","target":["https:\/\/www.leprojecteurguinee.com\/index.php\/2024\/08\/23\/youssouf-camara-lappel-a-manifester-du-5-septembre-2024-est-un-droit-legitime\/"]}]},{"@type":"ImageObject","inLanguage":"fr-FR","@id":"https:\/\/www.leprojecteurguinee.com\/index.php\/2024\/08\/23\/youssouf-camara-lappel-a-manifester-du-5-septembre-2024-est-un-droit-legitime\/#primaryimage","url":"https:\/\/www.leprojecteurguinee.com\/wp-content\/uploads\/2024\/08\/454617641_1031925218628936_1514541963875027874_n.jpg","contentUrl":"https:\/\/www.leprojecteurguinee.com\/wp-content\/uploads\/2024\/08\/454617641_1031925218628936_1514541963875027874_n.jpg","width":720,"height":538},{"@type":"BreadcrumbList","@id":"https:\/\/www.leprojecteurguinee.com\/index.php\/2024\/08\/23\/youssouf-camara-lappel-a-manifester-du-5-septembre-2024-est-un-droit-legitime\/#breadcrumb","itemListElement":[{"@type":"ListItem","position":1,"name":"Accueil","item":"https:\/\/www.leprojecteurguinee.com\/"},{"@type":"ListItem","position":2,"name":"Youssouf Camara : \u00ab\u00a0l\u2019appel \u00e0 manifester du 5 septembre 2024 est un droit l\u00e9gitime\u2026\u00a0\u00bb"}]},{"@type":"WebSite","@id":"https:\/\/www.leprojecteurguinee.com\/#website","url":"https:\/\/www.leprojecteurguinee.com\/","name":"leprojecteurguinee","description":"Nous luttons contre les pratiques obscures","potentialAction":[{"@type":"SearchAction","target":{"@type":"EntryPoint","urlTemplate":"https:\/\/www.leprojecteurguinee.com\/?s={search_term_string}"},"query-input":{"@type":"PropertyValueSpecification","valueRequired":true,"valueName":"search_term_string"}}],"inLanguage":"fr-FR"},{"@type":"Person","@id":"https:\/\/www.leprojecteurguinee.com\/#\/schema\/person\/c9d1602e593b11af0b295bdf5e12a59a","name":"www.leprojecteurguinee.com","image":{"@type":"ImageObject","inLanguage":"fr-FR","@id":"https:\/\/www.leprojecteurguinee.com\/#\/schema\/person\/image\/","url":"https:\/\/secure.gravatar.com\/avatar\/d73703fcd03dcba36d2bb23326e491935423a46800f1ebf8f61b70e62b70e55a?s=96&d=mm&r=g","contentUrl":"https:\/\/secure.gravatar.com\/avatar\/d73703fcd03dcba36d2bb23326e491935423a46800f1ebf8f61b70e62b70e55a?s=96&d=mm&r=g","caption":"www.leprojecteurguinee.com"},"description":"Administrateur G\u00e9n\u00e9ral","sameAs":["http:\/\/www.leprojeceteurguinee.com"],"url":"https:\/\/www.leprojecteurguinee.com\/index.php\/author\/fadigagn\/"}]}},"_links":{"self":[{"href":"https:\/\/www.leprojecteurguinee.com\/index.php\/wp-json\/wp\/v2\/posts\/4254","targetHints":{"allow":["GET"]}}],"collection":[{"href":"https:\/\/www.leprojecteurguinee.com\/index.php\/wp-json\/wp\/v2\/posts"}],"about":[{"href":"https:\/\/www.leprojecteurguinee.com\/index.php\/wp-json\/wp\/v2\/types\/post"}],"author":[{"embeddable":true,"href":"https:\/\/www.leprojecteurguinee.com\/index.php\/wp-json\/wp\/v2\/users\/2"}],"replies":[{"embeddable":true,"href":"https:\/\/www.leprojecteurguinee.com\/index.php\/wp-json\/wp\/v2\/comments?post=4254"}],"version-history":[{"count":0,"href":"https:\/\/www.leprojecteurguinee.com\/index.php\/wp-json\/wp\/v2\/posts\/4254\/revisions"}],"wp:featuredmedia":[{"embeddable":true,"href":"https:\/\/www.leprojecteurguinee.com\/index.php\/wp-json\/wp\/v2\/media\/4256"}],"wp:attachment":[{"href":"https:\/\/www.leprojecteurguinee.com\/index.php\/wp-json\/wp\/v2\/media?parent=4254"}],"wp:term":[{"taxonomy":"category","embeddable":true,"href":"https:\/\/www.leprojecteurguinee.com\/index.php\/wp-json\/wp\/v2\/categories?post=4254"},{"taxonomy":"post_tag","embeddable":true,"href":"https:\/\/www.leprojecteurguinee.com\/index.php\/wp-json\/wp\/v2\/tags?post=4254"}],"curies":[{"name":"wp","href":"https:\/\/api.w.org\/{rel}","templated":true}]}}