{"id":423,"date":"2023-07-19T09:59:32","date_gmt":"2023-07-19T07:59:32","guid":{"rendered":"https:\/\/www.leprojecteurguinee.com\/?p=423"},"modified":"2023-07-19T09:59:33","modified_gmt":"2023-07-19T07:59:33","slug":"patrice-talon-est-designe-pour-renouer-les-discussions-avec-les-trois-pays-en-transition","status":"publish","type":"post","link":"https:\/\/www.leprojecteurguinee.com\/index.php\/2023\/07\/19\/patrice-talon-est-designe-pour-renouer-les-discussions-avec-les-trois-pays-en-transition\/","title":{"rendered":"Patrice Talon est d\u00e9sign\u00e9 pour renouer les discussions avec les trois pays en transition"},"content":{"rendered":"\n<p>Le Pr\u00e9sident de la R\u00e9publique, Monsieur Patrice TALON, a pris part ce mardi 18 juillet 2023 \u00e0 Abuja (Nigeria), \u00e0 la premi\u00e8re r\u00e9union de la Tro\u00efka pr\u00e9sidentielle issue du dernier sommet de la CEDEAO pour des solutions concert\u00e9es \u00e0 la menace terroriste. Cette rencontre a \u00e9t\u00e9 \u00e9largie au Pr\u00e9sident nig\u00e9rien Mohamed BAZOUM, Pr\u00e9sident en exercice de l&rsquo;UEMOA.&nbsp;<br><br>Ayant pris la mesure de la situation politique et s\u00e9curitaire dans la sous-r\u00e9gion et plus particuli\u00e8rement au Burkina-Faso, au Mali et en Guin\u00e9e, les Chefs d\u2019Etat, lors des travaux de la 63\u00e8me Conf\u00e9rence des Chefs d&rsquo;\u00c9tat et de Gouvernement de la CEDEAO qui se sont d\u00e9roul\u00e9s le 09 juillet 2023 \u00e0 Bissau (Guin\u00e9e-Bissau), avec la participation de la quasi-totalit\u00e9 des Chefs d&rsquo;\u00c9tat de l&rsquo;organisation sous-r\u00e9gionale, ont d\u00e9cid\u00e9 de la mise en place d&rsquo;un Groupe de travail pr\u00e9sidentiel. Celui-ci est compos\u00e9 du B\u00e9nin, de la Guin\u00e9e-Bissau et du Nig\u00e9ria et a pour mission de r\u00e9fl\u00e9chir \u00e0 une solution communautaire efficace contre l&rsquo;ins\u00e9curit\u00e9, notamment le terrorisme dans la sous-r\u00e9gion ouest-africaine.&nbsp;<br><br>Au cours de leur premi\u00e8re r\u00e9union \u00e0 Abuja dans la capitale nig\u00e9riane, le Pr\u00e9sident Patrice TALON et ses pairs Umaro Sissoco EMBAL\u00d3 de la Guin\u00e9e-Bissau, Bola Ahmed TINUBU du Nigeria et ce, en pr\u00e9sence de Mohamed BAZOUM, Pr\u00e9sident du Niger et Pr\u00e9sident en exercice de l&rsquo;Union \u00c9conomique et Mon\u00e9taire Ouest-Africaine (UEMOA) ainsi que celle du pr\u00e9sident de la Commission de la CEDEAO, Monsieur Omar TOURAY, apr\u00e8s une analyse approfondie de la situation, ont d\u00e9cid\u00e9 de :&nbsp;<br><br>&#8211; Renouer les contacts au plus haut niveau avec les autorit\u00e9s du Burkina-Faso, du Mali et de la Guin\u00e9e. \u00c0 cet effet, le Pr\u00e9sident Patrice TALON a \u00e9t\u00e9 d\u00e9sign\u00e9 aux fins de renouer les discussions avec les autorit\u00e9s de ces trois pays et pr\u00e9parer une future rencontre avec la Tro\u00efka;&nbsp;<br><br>&#8211; R\u00e9affirmer l\u2019engagement de la CEDEAO en faveur des principes de transition d\u00e9mocratique et de retour \u00e0 l\u2019ordre constitutionnel conform\u00e9ment \u00e0 sa charte et aux calendriers de sortie de crise d\u00e9cid\u00e9s par les autorit\u00e9s de chaque pays;&nbsp;<br><br>&#8211; Confirmer la volont\u00e9 de la CEDEAO \u00e0 \u0153uvrer pour une acc\u00e9l\u00e9ration du processus de retour \u00e0 l&rsquo;ordre constitutionnel dans chacun des pays concern\u00e9s;&nbsp;<br><br>&#8211; Sur le plan s\u00e9curitaire, le groupe de travail pr\u00e9sidentiel confirme l\u2019engagement de finaliser le plus rapidement possible, le plan d\u2019actions prioritaires pour r\u00e9pondre efficacement avec ses propres forces et ses propres ressources financi\u00e8res \u00e0 la crise s\u00e9curitaire. Un comit\u00e9 technique compos\u00e9 des repr\u00e9sentants des pays membres de la Tro\u00efka \u00e9laborera un plan d\u00e9taill\u00e9 en liaison avec les pays en proie \u00e0 la menace.&nbsp;<br><br>Enfin, pour atteindre ces objectifs, les ressources domestiques seront mobilis\u00e9es rapidement pour financer le plan d\u2019actions et un soutien cons\u00e9quent sera apport\u00e9 aux pays concern\u00e9s par la crise s\u00e9curitaire.<\/p>\n","protected":false},"excerpt":{"rendered":"<p>Le Pr\u00e9sident de la R\u00e9publique, Monsieur Patrice TALON, a pris part ce mardi 18 juillet 2023 \u00e0 Abuja (Nigeria), \u00e0 la premi\u00e8re r\u00e9union de la Tro\u00efka pr\u00e9sidentielle issue du dernier sommet de la CEDEAO pour des solutions concert\u00e9es \u00e0 la menace terroriste. Cette rencontre a \u00e9t\u00e9 \u00e9largie au Pr\u00e9sident nig\u00e9rien Mohamed BAZOUM, Pr\u00e9sident en exercice [&hellip;]<\/p>\n","protected":false},"author":1,"featured_media":424,"comment_status":"open","ping_status":"open","sticky":true,"template":"","format":"standard","meta":{"footnotes":""},"categories":[9],"tags":[76,72,17],"class_list":["post-423","post","type-post","status-publish","format-standard","has-post-thumbnail","hentry","category-afrique","tag-benin","tag-cedeao","tag-guinee"],"yoast_head":"<!-- This site is optimized with the Yoast SEO plugin v26.8 - https:\/\/yoast.com\/product\/yoast-seo-wordpress\/ -->\n<title>Patrice Talon est d\u00e9sign\u00e9 pour renouer les discussions avec les trois pays en transition - leprojecteurguinee<\/title>\n<meta name=\"robots\" content=\"index, follow, max-snippet:-1, max-image-preview:large, max-video-preview:-1\" \/>\n<link rel=\"canonical\" href=\"https:\/\/www.leprojecteurguinee.com\/index.php\/2023\/07\/19\/patrice-talon-est-designe-pour-renouer-les-discussions-avec-les-trois-pays-en-transition\/\" \/>\n<meta property=\"og:locale\" content=\"fr_FR\" \/>\n<meta property=\"og:type\" content=\"article\" \/>\n<meta property=\"og:title\" content=\"Patrice Talon est d\u00e9sign\u00e9 pour renouer les discussions avec les trois pays en transition - leprojecteurguinee\" \/>\n<meta property=\"og:description\" content=\"Le Pr\u00e9sident de la R\u00e9publique, Monsieur Patrice TALON, a pris part ce mardi 18 juillet 2023 \u00e0 Abuja (Nigeria), \u00e0 la premi\u00e8re r\u00e9union de la Tro\u00efka pr\u00e9sidentielle issue du dernier sommet de la CEDEAO pour des solutions concert\u00e9es \u00e0 la menace terroriste. Cette rencontre a \u00e9t\u00e9 \u00e9largie au Pr\u00e9sident nig\u00e9rien Mohamed BAZOUM, Pr\u00e9sident en exercice [&hellip;]\" \/>\n<meta property=\"og:url\" content=\"https:\/\/www.leprojecteurguinee.com\/index.php\/2023\/07\/19\/patrice-talon-est-designe-pour-renouer-les-discussions-avec-les-trois-pays-en-transition\/\" \/>\n<meta property=\"og:site_name\" content=\"leprojecteurguinee\" \/>\n<meta property=\"article:published_time\" content=\"2023-07-19T07:59:32+00:00\" \/>\n<meta property=\"article:modified_time\" content=\"2023-07-19T07:59:33+00:00\" \/>\n<meta property=\"og:image\" content=\"https:\/\/www.leprojecteurguinee.com\/wp-content\/uploads\/2023\/07\/53055451664_c2c1041040_b.jpg\" \/>\n\t<meta property=\"og:image:width\" content=\"1024\" \/>\n\t<meta property=\"og:image:height\" content=\"557\" \/>\n\t<meta property=\"og:image:type\" content=\"image\/jpeg\" \/>\n<meta name=\"author\" content=\"Leprojecteurguinee\" \/>\n<meta name=\"twitter:card\" content=\"summary_large_image\" \/>\n<meta name=\"twitter:label1\" content=\"\u00c9crit par\" \/>\n\t<meta name=\"twitter:data1\" content=\"Leprojecteurguinee\" \/>\n\t<meta name=\"twitter:label2\" content=\"Dur\u00e9e de lecture estim\u00e9e\" \/>\n\t<meta name=\"twitter:data2\" content=\"3 minutes\" \/>\n<script type=\"application\/ld+json\" class=\"yoast-schema-graph\">{\"@context\":\"https:\/\/schema.org\",\"@graph\":[{\"@type\":\"Article\",\"@id\":\"https:\/\/www.leprojecteurguinee.com\/index.php\/2023\/07\/19\/patrice-talon-est-designe-pour-renouer-les-discussions-avec-les-trois-pays-en-transition\/#article\",\"isPartOf\":{\"@id\":\"https:\/\/www.leprojecteurguinee.com\/index.php\/2023\/07\/19\/patrice-talon-est-designe-pour-renouer-les-discussions-avec-les-trois-pays-en-transition\/\"},\"author\":{\"name\":\"Leprojecteurguinee\",\"@id\":\"https:\/\/www.leprojecteurguinee.com\/#\/schema\/person\/389671d1a3f0c66e6c91c4a765990c1b\"},\"headline\":\"Patrice Talon est d\u00e9sign\u00e9 pour renouer les discussions avec les trois pays en transition\",\"datePublished\":\"2023-07-19T07:59:32+00:00\",\"dateModified\":\"2023-07-19T07:59:33+00:00\",\"mainEntityOfPage\":{\"@id\":\"https:\/\/www.leprojecteurguinee.com\/index.php\/2023\/07\/19\/patrice-talon-est-designe-pour-renouer-les-discussions-avec-les-trois-pays-en-transition\/\"},\"wordCount\":531,\"commentCount\":0,\"image\":{\"@id\":\"https:\/\/www.leprojecteurguinee.com\/index.php\/2023\/07\/19\/patrice-talon-est-designe-pour-renouer-les-discussions-avec-les-trois-pays-en-transition\/#primaryimage\"},\"thumbnailUrl\":\"https:\/\/www.leprojecteurguinee.com\/wp-content\/uploads\/2023\/07\/53055451664_c2c1041040_b.jpg\",\"keywords\":[\"Benin\",\"C\u00e9d\u00e9ao\",\"Guin\u00e9e\"],\"articleSection\":[\"Afrique\"],\"inLanguage\":\"fr-FR\",\"potentialAction\":[{\"@type\":\"CommentAction\",\"name\":\"Comment\",\"target\":[\"https:\/\/www.leprojecteurguinee.com\/index.php\/2023\/07\/19\/patrice-talon-est-designe-pour-renouer-les-discussions-avec-les-trois-pays-en-transition\/#respond\"]}]},{\"@type\":\"WebPage\",\"@id\":\"https:\/\/www.leprojecteurguinee.com\/index.php\/2023\/07\/19\/patrice-talon-est-designe-pour-renouer-les-discussions-avec-les-trois-pays-en-transition\/\",\"url\":\"https:\/\/www.leprojecteurguinee.com\/index.php\/2023\/07\/19\/patrice-talon-est-designe-pour-renouer-les-discussions-avec-les-trois-pays-en-transition\/\",\"name\":\"Patrice Talon est d\u00e9sign\u00e9 pour renouer les discussions avec les trois pays en transition - leprojecteurguinee\",\"isPartOf\":{\"@id\":\"https:\/\/www.leprojecteurguinee.com\/#website\"},\"primaryImageOfPage\":{\"@id\":\"https:\/\/www.leprojecteurguinee.com\/index.php\/2023\/07\/19\/patrice-talon-est-designe-pour-renouer-les-discussions-avec-les-trois-pays-en-transition\/#primaryimage\"},\"image\":{\"@id\":\"https:\/\/www.leprojecteurguinee.com\/index.php\/2023\/07\/19\/patrice-talon-est-designe-pour-renouer-les-discussions-avec-les-trois-pays-en-transition\/#primaryimage\"},\"thumbnailUrl\":\"https:\/\/www.leprojecteurguinee.com\/wp-content\/uploads\/2023\/07\/53055451664_c2c1041040_b.jpg\",\"datePublished\":\"2023-07-19T07:59:32+00:00\",\"dateModified\":\"2023-07-19T07:59:33+00:00\",\"author\":{\"@id\":\"https:\/\/www.leprojecteurguinee.com\/#\/schema\/person\/389671d1a3f0c66e6c91c4a765990c1b\"},\"breadcrumb\":{\"@id\":\"https:\/\/www.leprojecteurguinee.com\/index.php\/2023\/07\/19\/patrice-talon-est-designe-pour-renouer-les-discussions-avec-les-trois-pays-en-transition\/#breadcrumb\"},\"inLanguage\":\"fr-FR\",\"potentialAction\":[{\"@type\":\"ReadAction\",\"target\":[\"https:\/\/www.leprojecteurguinee.com\/index.php\/2023\/07\/19\/patrice-talon-est-designe-pour-renouer-les-discussions-avec-les-trois-pays-en-transition\/\"]}]},{\"@type\":\"ImageObject\",\"inLanguage\":\"fr-FR\",\"@id\":\"https:\/\/www.leprojecteurguinee.com\/index.php\/2023\/07\/19\/patrice-talon-est-designe-pour-renouer-les-discussions-avec-les-trois-pays-en-transition\/#primaryimage\",\"url\":\"https:\/\/www.leprojecteurguinee.com\/wp-content\/uploads\/2023\/07\/53055451664_c2c1041040_b.jpg\",\"contentUrl\":\"https:\/\/www.leprojecteurguinee.com\/wp-content\/uploads\/2023\/07\/53055451664_c2c1041040_b.jpg\",\"width\":1024,\"height\":557},{\"@type\":\"BreadcrumbList\",\"@id\":\"https:\/\/www.leprojecteurguinee.com\/index.php\/2023\/07\/19\/patrice-talon-est-designe-pour-renouer-les-discussions-avec-les-trois-pays-en-transition\/#breadcrumb\",\"itemListElement\":[{\"@type\":\"ListItem\",\"position\":1,\"name\":\"Accueil\",\"item\":\"https:\/\/www.leprojecteurguinee.com\/\"},{\"@type\":\"ListItem\",\"position\":2,\"name\":\"Patrice Talon est d\u00e9sign\u00e9 pour renouer les discussions avec les trois pays en transition\"}]},{\"@type\":\"WebSite\",\"@id\":\"https:\/\/www.leprojecteurguinee.com\/#website\",\"url\":\"https:\/\/www.leprojecteurguinee.com\/\",\"name\":\"leprojecteurguinee\",\"description\":\"Nous luttons contre les pratiques obscures\",\"potentialAction\":[{\"@type\":\"SearchAction\",\"target\":{\"@type\":\"EntryPoint\",\"urlTemplate\":\"https:\/\/www.leprojecteurguinee.com\/?s={search_term_string}\"},\"query-input\":{\"@type\":\"PropertyValueSpecification\",\"valueRequired\":true,\"valueName\":\"search_term_string\"}}],\"inLanguage\":\"fr-FR\"},{\"@type\":\"Person\",\"@id\":\"https:\/\/www.leprojecteurguinee.com\/#\/schema\/person\/389671d1a3f0c66e6c91c4a765990c1b\",\"name\":\"Leprojecteurguinee\",\"image\":{\"@type\":\"ImageObject\",\"inLanguage\":\"fr-FR\",\"@id\":\"https:\/\/www.leprojecteurguinee.com\/#\/schema\/person\/image\/\",\"url\":\"https:\/\/secure.gravatar.com\/avatar\/c0faa0f472c43eff99fecb0bd2a1c6782e80a162c9fcb7ed2d48bb42ea619f30?s=96&d=mm&r=g\",\"contentUrl\":\"https:\/\/secure.gravatar.com\/avatar\/c0faa0f472c43eff99fecb0bd2a1c6782e80a162c9fcb7ed2d48bb42ea619f30?s=96&d=mm&r=g\",\"caption\":\"Leprojecteurguinee\"},\"sameAs\":[\"https:\/\/www.leprojecteurguinee.com\"],\"url\":\"https:\/\/www.leprojecteurguinee.com\/index.php\/author\/madame\/\"}]}<\/script>\n<!-- \/ Yoast SEO plugin. -->","yoast_head_json":{"title":"Patrice Talon est d\u00e9sign\u00e9 pour renouer les discussions avec les trois pays en transition - leprojecteurguinee","robots":{"index":"index","follow":"follow","max-snippet":"max-snippet:-1","max-image-preview":"max-image-preview:large","max-video-preview":"max-video-preview:-1"},"canonical":"https:\/\/www.leprojecteurguinee.com\/index.php\/2023\/07\/19\/patrice-talon-est-designe-pour-renouer-les-discussions-avec-les-trois-pays-en-transition\/","og_locale":"fr_FR","og_type":"article","og_title":"Patrice Talon est d\u00e9sign\u00e9 pour renouer les discussions avec les trois pays en transition - leprojecteurguinee","og_description":"Le Pr\u00e9sident de la R\u00e9publique, Monsieur Patrice TALON, a pris part ce mardi 18 juillet 2023 \u00e0 Abuja (Nigeria), \u00e0 la premi\u00e8re r\u00e9union de la Tro\u00efka pr\u00e9sidentielle issue du dernier sommet de la CEDEAO pour des solutions concert\u00e9es \u00e0 la menace terroriste. Cette rencontre a \u00e9t\u00e9 \u00e9largie au Pr\u00e9sident nig\u00e9rien Mohamed BAZOUM, Pr\u00e9sident en exercice [&hellip;]","og_url":"https:\/\/www.leprojecteurguinee.com\/index.php\/2023\/07\/19\/patrice-talon-est-designe-pour-renouer-les-discussions-avec-les-trois-pays-en-transition\/","og_site_name":"leprojecteurguinee","article_published_time":"2023-07-19T07:59:32+00:00","article_modified_time":"2023-07-19T07:59:33+00:00","og_image":[{"width":1024,"height":557,"url":"https:\/\/www.leprojecteurguinee.com\/wp-content\/uploads\/2023\/07\/53055451664_c2c1041040_b.jpg","type":"image\/jpeg"}],"author":"Leprojecteurguinee","twitter_card":"summary_large_image","twitter_misc":{"\u00c9crit par":"Leprojecteurguinee","Dur\u00e9e de lecture estim\u00e9e":"3 minutes"},"schema":{"@context":"https:\/\/schema.org","@graph":[{"@type":"Article","@id":"https:\/\/www.leprojecteurguinee.com\/index.php\/2023\/07\/19\/patrice-talon-est-designe-pour-renouer-les-discussions-avec-les-trois-pays-en-transition\/#article","isPartOf":{"@id":"https:\/\/www.leprojecteurguinee.com\/index.php\/2023\/07\/19\/patrice-talon-est-designe-pour-renouer-les-discussions-avec-les-trois-pays-en-transition\/"},"author":{"name":"Leprojecteurguinee","@id":"https:\/\/www.leprojecteurguinee.com\/#\/schema\/person\/389671d1a3f0c66e6c91c4a765990c1b"},"headline":"Patrice Talon est d\u00e9sign\u00e9 pour renouer les discussions avec les trois pays en transition","datePublished":"2023-07-19T07:59:32+00:00","dateModified":"2023-07-19T07:59:33+00:00","mainEntityOfPage":{"@id":"https:\/\/www.leprojecteurguinee.com\/index.php\/2023\/07\/19\/patrice-talon-est-designe-pour-renouer-les-discussions-avec-les-trois-pays-en-transition\/"},"wordCount":531,"commentCount":0,"image":{"@id":"https:\/\/www.leprojecteurguinee.com\/index.php\/2023\/07\/19\/patrice-talon-est-designe-pour-renouer-les-discussions-avec-les-trois-pays-en-transition\/#primaryimage"},"thumbnailUrl":"https:\/\/www.leprojecteurguinee.com\/wp-content\/uploads\/2023\/07\/53055451664_c2c1041040_b.jpg","keywords":["Benin","C\u00e9d\u00e9ao","Guin\u00e9e"],"articleSection":["Afrique"],"inLanguage":"fr-FR","potentialAction":[{"@type":"CommentAction","name":"Comment","target":["https:\/\/www.leprojecteurguinee.com\/index.php\/2023\/07\/19\/patrice-talon-est-designe-pour-renouer-les-discussions-avec-les-trois-pays-en-transition\/#respond"]}]},{"@type":"WebPage","@id":"https:\/\/www.leprojecteurguinee.com\/index.php\/2023\/07\/19\/patrice-talon-est-designe-pour-renouer-les-discussions-avec-les-trois-pays-en-transition\/","url":"https:\/\/www.leprojecteurguinee.com\/index.php\/2023\/07\/19\/patrice-talon-est-designe-pour-renouer-les-discussions-avec-les-trois-pays-en-transition\/","name":"Patrice Talon est d\u00e9sign\u00e9 pour renouer les discussions avec les trois pays en transition - leprojecteurguinee","isPartOf":{"@id":"https:\/\/www.leprojecteurguinee.com\/#website"},"primaryImageOfPage":{"@id":"https:\/\/www.leprojecteurguinee.com\/index.php\/2023\/07\/19\/patrice-talon-est-designe-pour-renouer-les-discussions-avec-les-trois-pays-en-transition\/#primaryimage"},"image":{"@id":"https:\/\/www.leprojecteurguinee.com\/index.php\/2023\/07\/19\/patrice-talon-est-designe-pour-renouer-les-discussions-avec-les-trois-pays-en-transition\/#primaryimage"},"thumbnailUrl":"https:\/\/www.leprojecteurguinee.com\/wp-content\/uploads\/2023\/07\/53055451664_c2c1041040_b.jpg","datePublished":"2023-07-19T07:59:32+00:00","dateModified":"2023-07-19T07:59:33+00:00","author":{"@id":"https:\/\/www.leprojecteurguinee.com\/#\/schema\/person\/389671d1a3f0c66e6c91c4a765990c1b"},"breadcrumb":{"@id":"https:\/\/www.leprojecteurguinee.com\/index.php\/2023\/07\/19\/patrice-talon-est-designe-pour-renouer-les-discussions-avec-les-trois-pays-en-transition\/#breadcrumb"},"inLanguage":"fr-FR","potentialAction":[{"@type":"ReadAction","target":["https:\/\/www.leprojecteurguinee.com\/index.php\/2023\/07\/19\/patrice-talon-est-designe-pour-renouer-les-discussions-avec-les-trois-pays-en-transition\/"]}]},{"@type":"ImageObject","inLanguage":"fr-FR","@id":"https:\/\/www.leprojecteurguinee.com\/index.php\/2023\/07\/19\/patrice-talon-est-designe-pour-renouer-les-discussions-avec-les-trois-pays-en-transition\/#primaryimage","url":"https:\/\/www.leprojecteurguinee.com\/wp-content\/uploads\/2023\/07\/53055451664_c2c1041040_b.jpg","contentUrl":"https:\/\/www.leprojecteurguinee.com\/wp-content\/uploads\/2023\/07\/53055451664_c2c1041040_b.jpg","width":1024,"height":557},{"@type":"BreadcrumbList","@id":"https:\/\/www.leprojecteurguinee.com\/index.php\/2023\/07\/19\/patrice-talon-est-designe-pour-renouer-les-discussions-avec-les-trois-pays-en-transition\/#breadcrumb","itemListElement":[{"@type":"ListItem","position":1,"name":"Accueil","item":"https:\/\/www.leprojecteurguinee.com\/"},{"@type":"ListItem","position":2,"name":"Patrice Talon est d\u00e9sign\u00e9 pour renouer les discussions avec les trois pays en transition"}]},{"@type":"WebSite","@id":"https:\/\/www.leprojecteurguinee.com\/#website","url":"https:\/\/www.leprojecteurguinee.com\/","name":"leprojecteurguinee","description":"Nous luttons contre les pratiques obscures","potentialAction":[{"@type":"SearchAction","target":{"@type":"EntryPoint","urlTemplate":"https:\/\/www.leprojecteurguinee.com\/?s={search_term_string}"},"query-input":{"@type":"PropertyValueSpecification","valueRequired":true,"valueName":"search_term_string"}}],"inLanguage":"fr-FR"},{"@type":"Person","@id":"https:\/\/www.leprojecteurguinee.com\/#\/schema\/person\/389671d1a3f0c66e6c91c4a765990c1b","name":"Leprojecteurguinee","image":{"@type":"ImageObject","inLanguage":"fr-FR","@id":"https:\/\/www.leprojecteurguinee.com\/#\/schema\/person\/image\/","url":"https:\/\/secure.gravatar.com\/avatar\/c0faa0f472c43eff99fecb0bd2a1c6782e80a162c9fcb7ed2d48bb42ea619f30?s=96&d=mm&r=g","contentUrl":"https:\/\/secure.gravatar.com\/avatar\/c0faa0f472c43eff99fecb0bd2a1c6782e80a162c9fcb7ed2d48bb42ea619f30?s=96&d=mm&r=g","caption":"Leprojecteurguinee"},"sameAs":["https:\/\/www.leprojecteurguinee.com"],"url":"https:\/\/www.leprojecteurguinee.com\/index.php\/author\/madame\/"}]}},"_links":{"self":[{"href":"https:\/\/www.leprojecteurguinee.com\/index.php\/wp-json\/wp\/v2\/posts\/423","targetHints":{"allow":["GET"]}}],"collection":[{"href":"https:\/\/www.leprojecteurguinee.com\/index.php\/wp-json\/wp\/v2\/posts"}],"about":[{"href":"https:\/\/www.leprojecteurguinee.com\/index.php\/wp-json\/wp\/v2\/types\/post"}],"author":[{"embeddable":true,"href":"https:\/\/www.leprojecteurguinee.com\/index.php\/wp-json\/wp\/v2\/users\/1"}],"replies":[{"embeddable":true,"href":"https:\/\/www.leprojecteurguinee.com\/index.php\/wp-json\/wp\/v2\/comments?post=423"}],"version-history":[{"count":0,"href":"https:\/\/www.leprojecteurguinee.com\/index.php\/wp-json\/wp\/v2\/posts\/423\/revisions"}],"wp:featuredmedia":[{"embeddable":true,"href":"https:\/\/www.leprojecteurguinee.com\/index.php\/wp-json\/wp\/v2\/media\/424"}],"wp:attachment":[{"href":"https:\/\/www.leprojecteurguinee.com\/index.php\/wp-json\/wp\/v2\/media?parent=423"}],"wp:term":[{"taxonomy":"category","embeddable":true,"href":"https:\/\/www.leprojecteurguinee.com\/index.php\/wp-json\/wp\/v2\/categories?post=423"},{"taxonomy":"post_tag","embeddable":true,"href":"https:\/\/www.leprojecteurguinee.com\/index.php\/wp-json\/wp\/v2\/tags?post=423"}],"curies":[{"name":"wp","href":"https:\/\/api.w.org\/{rel}","templated":true}]}}