{"id":4224,"date":"2023-02-23T15:17:00","date_gmt":"2023-02-23T15:17:00","guid":{"rendered":"https:\/\/www.leprojecteurguinee.com\/?p=4224"},"modified":"2024-08-15T23:18:50","modified_gmt":"2024-08-15T23:18:50","slug":"77eme-session-du-comite-special-de-la-charte-des-nations-unies-la-guinee-representee-par-charles-wright","status":"publish","type":"post","link":"https:\/\/www.leprojecteurguinee.com\/index.php\/2023\/02\/23\/77eme-session-du-comite-special-de-la-charte-des-nations-unies-la-guinee-representee-par-charles-wright\/","title":{"rendered":"77\u00e8me session du Comit\u00e9 Sp\u00e9cial de la Charte des Nations Unies : la Guin\u00e9e repr\u00e9sent\u00e9e par Charles Wright"},"content":{"rendered":"\n<p>Le Garde des Sceaux, Ministre de la Justice et des Droits de l\u2019Homme s\u00e9journe actuellement aux Etats Unis pour participer \u00e0 une double rencontre \u00e0 savoir : la conf\u00e9rence intergouvernementale charg\u00e9e d\u2019\u00e9laborer un instrument international juridiquement contraignant se rapportant \u00e0 la Convention des Nations Unies sur le Droit de la mer et portant sur la conservation et l\u2019utilisation durable de la biodiversit\u00e9 marine des zones ne relevant pas de la juridiction nationale d\u2019une part et d\u2019autre part au Comit\u00e9 Sp\u00e9cial de la Charte des Nations Unies et du raffermissement du r\u00f4le de l\u2019organisation.<\/p>\n\n\n\n<p><\/p>\n\n\n\n<p>Par rapport \u00e0&nbsp; la conf\u00e9rence intergouvernementale charg\u00e9e d\u2019\u00e9laborer un instrument international juridiquement contraignant se rapportant \u00e0 la Convention des Nations Unies sur le Droit de la mer et portant sur la conservation et l\u2019utilisation durable de la biodiversit\u00e9 marine des zones ne relevant pas de la juridiction nationale, la R\u00e9publique de Guin\u00e9e \u00e9tant un pays c\u00f4tier et ayant une l\u00e9gislation maritime a particip\u00e9 aux c\u00f4t\u00e9s de la Sierra L\u00e9one formant le Groupe Afrique \u00e0 l\u2019examen du nouvel avant-projet d\u2019accord actualis\u00e9 se rapportant \u00e0 la convention des Nations Unies sur le Droit de la mer en lien avec la conservation et l\u2019utilisation durable de la biodiversit\u00e9 des zones qui \u00e9chappent \u00e0 la comp\u00e9tence des juridictions nationales.<\/p>\n\n\n\n<p>Par rapport au Comit\u00e9 Sp\u00e9cial de la Charte des Nations Unies et du raffermissement du r\u00f4le de l\u2019organisation, apr\u00e8s l\u2019ouverture de la session, l\u2019\u00e9lection du bureau et l\u2019adoption de l\u2019ordre du jour, les d\u00e9bats ont \u00e9t\u00e9 port\u00e9s au sein des commissions de travail sur les principes fondamentaux relatifs aux r\u00e8glements pacifiques des diff\u00e9rends internationaux.<\/p>\n\n\n\n<p>Les d\u00e9bats se sont poursuivis au si\u00e8ge des Nations Unies \u00e0 New York.<\/p>\n\n\n\n<p><strong>Alhassane Koket Fadiga<\/strong><\/p>\n","protected":false},"excerpt":{"rendered":"<p>Le Garde des Sceaux, Ministre de la Justice et des Droits de l\u2019Homme s\u00e9journe actuellement aux Etats Unis pour participer \u00e0 une double rencontre \u00e0 savoir : la conf\u00e9rence intergouvernementale charg\u00e9e d\u2019\u00e9laborer un instrument international juridiquement contraignant se rapportant \u00e0 la Convention des Nations Unies sur le Droit de la mer et portant sur la [&hellip;]<\/p>\n","protected":false},"author":2,"featured_media":4226,"comment_status":"open","ping_status":"open","sticky":false,"template":"","format":"standard","meta":{"footnotes":""},"categories":[32],"tags":[],"class_list":["post-4224","post","type-post","status-publish","format-standard","has-post-thumbnail","hentry","category-monde"],"yoast_head":"<!-- This site is optimized with the Yoast SEO plugin v26.8 - https:\/\/yoast.com\/product\/yoast-seo-wordpress\/ -->\n<title>77\u00e8me session du Comit\u00e9 Sp\u00e9cial de la Charte des Nations Unies : la Guin\u00e9e repr\u00e9sent\u00e9e par Charles Wright - leprojecteurguinee<\/title>\n<meta name=\"robots\" content=\"index, follow, max-snippet:-1, max-image-preview:large, max-video-preview:-1\" \/>\n<link rel=\"canonical\" href=\"https:\/\/www.leprojecteurguinee.com\/index.php\/2023\/02\/23\/77eme-session-du-comite-special-de-la-charte-des-nations-unies-la-guinee-representee-par-charles-wright\/\" \/>\n<meta property=\"og:locale\" content=\"fr_FR\" \/>\n<meta property=\"og:type\" content=\"article\" \/>\n<meta property=\"og:title\" content=\"77\u00e8me session du Comit\u00e9 Sp\u00e9cial de la Charte des Nations Unies : la Guin\u00e9e repr\u00e9sent\u00e9e par Charles Wright - leprojecteurguinee\" \/>\n<meta property=\"og:description\" content=\"Le Garde des Sceaux, Ministre de la Justice et des Droits de l\u2019Homme s\u00e9journe actuellement aux Etats Unis pour participer \u00e0 une double rencontre \u00e0 savoir : la conf\u00e9rence intergouvernementale charg\u00e9e d\u2019\u00e9laborer un instrument international juridiquement contraignant se rapportant \u00e0 la Convention des Nations Unies sur le Droit de la mer et portant sur la [&hellip;]\" \/>\n<meta property=\"og:url\" content=\"https:\/\/www.leprojecteurguinee.com\/index.php\/2023\/02\/23\/77eme-session-du-comite-special-de-la-charte-des-nations-unies-la-guinee-representee-par-charles-wright\/\" \/>\n<meta property=\"og:site_name\" content=\"leprojecteurguinee\" \/>\n<meta property=\"article:published_time\" content=\"2023-02-23T15:17:00+00:00\" \/>\n<meta property=\"article:modified_time\" content=\"2024-08-15T23:18:50+00:00\" \/>\n<meta property=\"og:image\" content=\"https:\/\/www.leprojecteurguinee.com\/wp-content\/uploads\/2024\/08\/Charles-Wright-1-1.webp\" \/>\n\t<meta property=\"og:image:width\" content=\"700\" \/>\n\t<meta property=\"og:image:height\" content=\"375\" \/>\n\t<meta property=\"og:image:type\" content=\"image\/webp\" \/>\n<meta name=\"author\" content=\"www.leprojecteurguinee.com\" \/>\n<meta name=\"twitter:card\" content=\"summary_large_image\" \/>\n<meta name=\"twitter:label1\" content=\"\u00c9crit par\" \/>\n\t<meta name=\"twitter:data1\" content=\"www.leprojecteurguinee.com\" \/>\n\t<meta name=\"twitter:label2\" content=\"Dur\u00e9e de lecture estim\u00e9e\" \/>\n\t<meta name=\"twitter:data2\" content=\"2 minutes\" \/>\n<script type=\"application\/ld+json\" class=\"yoast-schema-graph\">{\"@context\":\"https:\/\/schema.org\",\"@graph\":[{\"@type\":\"Article\",\"@id\":\"https:\/\/www.leprojecteurguinee.com\/index.php\/2023\/02\/23\/77eme-session-du-comite-special-de-la-charte-des-nations-unies-la-guinee-representee-par-charles-wright\/#article\",\"isPartOf\":{\"@id\":\"https:\/\/www.leprojecteurguinee.com\/index.php\/2023\/02\/23\/77eme-session-du-comite-special-de-la-charte-des-nations-unies-la-guinee-representee-par-charles-wright\/\"},\"author\":{\"name\":\"www.leprojecteurguinee.com\",\"@id\":\"https:\/\/www.leprojecteurguinee.com\/#\/schema\/person\/c9d1602e593b11af0b295bdf5e12a59a\"},\"headline\":\"77\u00e8me session du Comit\u00e9 Sp\u00e9cial de la Charte des Nations Unies : la Guin\u00e9e repr\u00e9sent\u00e9e par Charles Wright\",\"datePublished\":\"2023-02-23T15:17:00+00:00\",\"dateModified\":\"2024-08-15T23:18:50+00:00\",\"mainEntityOfPage\":{\"@id\":\"https:\/\/www.leprojecteurguinee.com\/index.php\/2023\/02\/23\/77eme-session-du-comite-special-de-la-charte-des-nations-unies-la-guinee-representee-par-charles-wright\/\"},\"wordCount\":330,\"commentCount\":0,\"image\":{\"@id\":\"https:\/\/www.leprojecteurguinee.com\/index.php\/2023\/02\/23\/77eme-session-du-comite-special-de-la-charte-des-nations-unies-la-guinee-representee-par-charles-wright\/#primaryimage\"},\"thumbnailUrl\":\"https:\/\/www.leprojecteurguinee.com\/wp-content\/uploads\/2024\/08\/Charles-Wright-1-1.webp\",\"articleSection\":[\"Monde\"],\"inLanguage\":\"fr-FR\",\"potentialAction\":[{\"@type\":\"CommentAction\",\"name\":\"Comment\",\"target\":[\"https:\/\/www.leprojecteurguinee.com\/index.php\/2023\/02\/23\/77eme-session-du-comite-special-de-la-charte-des-nations-unies-la-guinee-representee-par-charles-wright\/#respond\"]}]},{\"@type\":\"WebPage\",\"@id\":\"https:\/\/www.leprojecteurguinee.com\/index.php\/2023\/02\/23\/77eme-session-du-comite-special-de-la-charte-des-nations-unies-la-guinee-representee-par-charles-wright\/\",\"url\":\"https:\/\/www.leprojecteurguinee.com\/index.php\/2023\/02\/23\/77eme-session-du-comite-special-de-la-charte-des-nations-unies-la-guinee-representee-par-charles-wright\/\",\"name\":\"77\u00e8me session du Comit\u00e9 Sp\u00e9cial de la Charte des Nations Unies : la Guin\u00e9e repr\u00e9sent\u00e9e par Charles Wright - leprojecteurguinee\",\"isPartOf\":{\"@id\":\"https:\/\/www.leprojecteurguinee.com\/#website\"},\"primaryImageOfPage\":{\"@id\":\"https:\/\/www.leprojecteurguinee.com\/index.php\/2023\/02\/23\/77eme-session-du-comite-special-de-la-charte-des-nations-unies-la-guinee-representee-par-charles-wright\/#primaryimage\"},\"image\":{\"@id\":\"https:\/\/www.leprojecteurguinee.com\/index.php\/2023\/02\/23\/77eme-session-du-comite-special-de-la-charte-des-nations-unies-la-guinee-representee-par-charles-wright\/#primaryimage\"},\"thumbnailUrl\":\"https:\/\/www.leprojecteurguinee.com\/wp-content\/uploads\/2024\/08\/Charles-Wright-1-1.webp\",\"datePublished\":\"2023-02-23T15:17:00+00:00\",\"dateModified\":\"2024-08-15T23:18:50+00:00\",\"author\":{\"@id\":\"https:\/\/www.leprojecteurguinee.com\/#\/schema\/person\/c9d1602e593b11af0b295bdf5e12a59a\"},\"breadcrumb\":{\"@id\":\"https:\/\/www.leprojecteurguinee.com\/index.php\/2023\/02\/23\/77eme-session-du-comite-special-de-la-charte-des-nations-unies-la-guinee-representee-par-charles-wright\/#breadcrumb\"},\"inLanguage\":\"fr-FR\",\"potentialAction\":[{\"@type\":\"ReadAction\",\"target\":[\"https:\/\/www.leprojecteurguinee.com\/index.php\/2023\/02\/23\/77eme-session-du-comite-special-de-la-charte-des-nations-unies-la-guinee-representee-par-charles-wright\/\"]}]},{\"@type\":\"ImageObject\",\"inLanguage\":\"fr-FR\",\"@id\":\"https:\/\/www.leprojecteurguinee.com\/index.php\/2023\/02\/23\/77eme-session-du-comite-special-de-la-charte-des-nations-unies-la-guinee-representee-par-charles-wright\/#primaryimage\",\"url\":\"https:\/\/www.leprojecteurguinee.com\/wp-content\/uploads\/2024\/08\/Charles-Wright-1-1.webp\",\"contentUrl\":\"https:\/\/www.leprojecteurguinee.com\/wp-content\/uploads\/2024\/08\/Charles-Wright-1-1.webp\",\"width\":700,\"height\":375},{\"@type\":\"BreadcrumbList\",\"@id\":\"https:\/\/www.leprojecteurguinee.com\/index.php\/2023\/02\/23\/77eme-session-du-comite-special-de-la-charte-des-nations-unies-la-guinee-representee-par-charles-wright\/#breadcrumb\",\"itemListElement\":[{\"@type\":\"ListItem\",\"position\":1,\"name\":\"Accueil\",\"item\":\"https:\/\/www.leprojecteurguinee.com\/\"},{\"@type\":\"ListItem\",\"position\":2,\"name\":\"77\u00e8me session du Comit\u00e9 Sp\u00e9cial de la Charte des Nations Unies : la Guin\u00e9e repr\u00e9sent\u00e9e par Charles Wright\"}]},{\"@type\":\"WebSite\",\"@id\":\"https:\/\/www.leprojecteurguinee.com\/#website\",\"url\":\"https:\/\/www.leprojecteurguinee.com\/\",\"name\":\"leprojecteurguinee\",\"description\":\"Nous luttons contre les pratiques obscures\",\"potentialAction\":[{\"@type\":\"SearchAction\",\"target\":{\"@type\":\"EntryPoint\",\"urlTemplate\":\"https:\/\/www.leprojecteurguinee.com\/?s={search_term_string}\"},\"query-input\":{\"@type\":\"PropertyValueSpecification\",\"valueRequired\":true,\"valueName\":\"search_term_string\"}}],\"inLanguage\":\"fr-FR\"},{\"@type\":\"Person\",\"@id\":\"https:\/\/www.leprojecteurguinee.com\/#\/schema\/person\/c9d1602e593b11af0b295bdf5e12a59a\",\"name\":\"www.leprojecteurguinee.com\",\"image\":{\"@type\":\"ImageObject\",\"inLanguage\":\"fr-FR\",\"@id\":\"https:\/\/www.leprojecteurguinee.com\/#\/schema\/person\/image\/\",\"url\":\"https:\/\/secure.gravatar.com\/avatar\/d73703fcd03dcba36d2bb23326e491935423a46800f1ebf8f61b70e62b70e55a?s=96&d=mm&r=g\",\"contentUrl\":\"https:\/\/secure.gravatar.com\/avatar\/d73703fcd03dcba36d2bb23326e491935423a46800f1ebf8f61b70e62b70e55a?s=96&d=mm&r=g\",\"caption\":\"www.leprojecteurguinee.com\"},\"description\":\"Administrateur G\u00e9n\u00e9ral\",\"sameAs\":[\"http:\/\/www.leprojeceteurguinee.com\"],\"url\":\"https:\/\/www.leprojecteurguinee.com\/index.php\/author\/fadigagn\/\"}]}<\/script>\n<!-- \/ Yoast SEO plugin. -->","yoast_head_json":{"title":"77\u00e8me session du Comit\u00e9 Sp\u00e9cial de la Charte des Nations Unies : la Guin\u00e9e repr\u00e9sent\u00e9e par Charles Wright - leprojecteurguinee","robots":{"index":"index","follow":"follow","max-snippet":"max-snippet:-1","max-image-preview":"max-image-preview:large","max-video-preview":"max-video-preview:-1"},"canonical":"https:\/\/www.leprojecteurguinee.com\/index.php\/2023\/02\/23\/77eme-session-du-comite-special-de-la-charte-des-nations-unies-la-guinee-representee-par-charles-wright\/","og_locale":"fr_FR","og_type":"article","og_title":"77\u00e8me session du Comit\u00e9 Sp\u00e9cial de la Charte des Nations Unies : la Guin\u00e9e repr\u00e9sent\u00e9e par Charles Wright - leprojecteurguinee","og_description":"Le Garde des Sceaux, Ministre de la Justice et des Droits de l\u2019Homme s\u00e9journe actuellement aux Etats Unis pour participer \u00e0 une double rencontre \u00e0 savoir : la conf\u00e9rence intergouvernementale charg\u00e9e d\u2019\u00e9laborer un instrument international juridiquement contraignant se rapportant \u00e0 la Convention des Nations Unies sur le Droit de la mer et portant sur la [&hellip;]","og_url":"https:\/\/www.leprojecteurguinee.com\/index.php\/2023\/02\/23\/77eme-session-du-comite-special-de-la-charte-des-nations-unies-la-guinee-representee-par-charles-wright\/","og_site_name":"leprojecteurguinee","article_published_time":"2023-02-23T15:17:00+00:00","article_modified_time":"2024-08-15T23:18:50+00:00","og_image":[{"width":700,"height":375,"url":"https:\/\/www.leprojecteurguinee.com\/wp-content\/uploads\/2024\/08\/Charles-Wright-1-1.webp","type":"image\/webp"}],"author":"www.leprojecteurguinee.com","twitter_card":"summary_large_image","twitter_misc":{"\u00c9crit par":"www.leprojecteurguinee.com","Dur\u00e9e de lecture estim\u00e9e":"2 minutes"},"schema":{"@context":"https:\/\/schema.org","@graph":[{"@type":"Article","@id":"https:\/\/www.leprojecteurguinee.com\/index.php\/2023\/02\/23\/77eme-session-du-comite-special-de-la-charte-des-nations-unies-la-guinee-representee-par-charles-wright\/#article","isPartOf":{"@id":"https:\/\/www.leprojecteurguinee.com\/index.php\/2023\/02\/23\/77eme-session-du-comite-special-de-la-charte-des-nations-unies-la-guinee-representee-par-charles-wright\/"},"author":{"name":"www.leprojecteurguinee.com","@id":"https:\/\/www.leprojecteurguinee.com\/#\/schema\/person\/c9d1602e593b11af0b295bdf5e12a59a"},"headline":"77\u00e8me session du Comit\u00e9 Sp\u00e9cial de la Charte des Nations Unies : la Guin\u00e9e repr\u00e9sent\u00e9e par Charles Wright","datePublished":"2023-02-23T15:17:00+00:00","dateModified":"2024-08-15T23:18:50+00:00","mainEntityOfPage":{"@id":"https:\/\/www.leprojecteurguinee.com\/index.php\/2023\/02\/23\/77eme-session-du-comite-special-de-la-charte-des-nations-unies-la-guinee-representee-par-charles-wright\/"},"wordCount":330,"commentCount":0,"image":{"@id":"https:\/\/www.leprojecteurguinee.com\/index.php\/2023\/02\/23\/77eme-session-du-comite-special-de-la-charte-des-nations-unies-la-guinee-representee-par-charles-wright\/#primaryimage"},"thumbnailUrl":"https:\/\/www.leprojecteurguinee.com\/wp-content\/uploads\/2024\/08\/Charles-Wright-1-1.webp","articleSection":["Monde"],"inLanguage":"fr-FR","potentialAction":[{"@type":"CommentAction","name":"Comment","target":["https:\/\/www.leprojecteurguinee.com\/index.php\/2023\/02\/23\/77eme-session-du-comite-special-de-la-charte-des-nations-unies-la-guinee-representee-par-charles-wright\/#respond"]}]},{"@type":"WebPage","@id":"https:\/\/www.leprojecteurguinee.com\/index.php\/2023\/02\/23\/77eme-session-du-comite-special-de-la-charte-des-nations-unies-la-guinee-representee-par-charles-wright\/","url":"https:\/\/www.leprojecteurguinee.com\/index.php\/2023\/02\/23\/77eme-session-du-comite-special-de-la-charte-des-nations-unies-la-guinee-representee-par-charles-wright\/","name":"77\u00e8me session du Comit\u00e9 Sp\u00e9cial de la Charte des Nations Unies : la Guin\u00e9e repr\u00e9sent\u00e9e par Charles Wright - leprojecteurguinee","isPartOf":{"@id":"https:\/\/www.leprojecteurguinee.com\/#website"},"primaryImageOfPage":{"@id":"https:\/\/www.leprojecteurguinee.com\/index.php\/2023\/02\/23\/77eme-session-du-comite-special-de-la-charte-des-nations-unies-la-guinee-representee-par-charles-wright\/#primaryimage"},"image":{"@id":"https:\/\/www.leprojecteurguinee.com\/index.php\/2023\/02\/23\/77eme-session-du-comite-special-de-la-charte-des-nations-unies-la-guinee-representee-par-charles-wright\/#primaryimage"},"thumbnailUrl":"https:\/\/www.leprojecteurguinee.com\/wp-content\/uploads\/2024\/08\/Charles-Wright-1-1.webp","datePublished":"2023-02-23T15:17:00+00:00","dateModified":"2024-08-15T23:18:50+00:00","author":{"@id":"https:\/\/www.leprojecteurguinee.com\/#\/schema\/person\/c9d1602e593b11af0b295bdf5e12a59a"},"breadcrumb":{"@id":"https:\/\/www.leprojecteurguinee.com\/index.php\/2023\/02\/23\/77eme-session-du-comite-special-de-la-charte-des-nations-unies-la-guinee-representee-par-charles-wright\/#breadcrumb"},"inLanguage":"fr-FR","potentialAction":[{"@type":"ReadAction","target":["https:\/\/www.leprojecteurguinee.com\/index.php\/2023\/02\/23\/77eme-session-du-comite-special-de-la-charte-des-nations-unies-la-guinee-representee-par-charles-wright\/"]}]},{"@type":"ImageObject","inLanguage":"fr-FR","@id":"https:\/\/www.leprojecteurguinee.com\/index.php\/2023\/02\/23\/77eme-session-du-comite-special-de-la-charte-des-nations-unies-la-guinee-representee-par-charles-wright\/#primaryimage","url":"https:\/\/www.leprojecteurguinee.com\/wp-content\/uploads\/2024\/08\/Charles-Wright-1-1.webp","contentUrl":"https:\/\/www.leprojecteurguinee.com\/wp-content\/uploads\/2024\/08\/Charles-Wright-1-1.webp","width":700,"height":375},{"@type":"BreadcrumbList","@id":"https:\/\/www.leprojecteurguinee.com\/index.php\/2023\/02\/23\/77eme-session-du-comite-special-de-la-charte-des-nations-unies-la-guinee-representee-par-charles-wright\/#breadcrumb","itemListElement":[{"@type":"ListItem","position":1,"name":"Accueil","item":"https:\/\/www.leprojecteurguinee.com\/"},{"@type":"ListItem","position":2,"name":"77\u00e8me session du Comit\u00e9 Sp\u00e9cial de la Charte des Nations Unies : la Guin\u00e9e repr\u00e9sent\u00e9e par Charles Wright"}]},{"@type":"WebSite","@id":"https:\/\/www.leprojecteurguinee.com\/#website","url":"https:\/\/www.leprojecteurguinee.com\/","name":"leprojecteurguinee","description":"Nous luttons contre les pratiques obscures","potentialAction":[{"@type":"SearchAction","target":{"@type":"EntryPoint","urlTemplate":"https:\/\/www.leprojecteurguinee.com\/?s={search_term_string}"},"query-input":{"@type":"PropertyValueSpecification","valueRequired":true,"valueName":"search_term_string"}}],"inLanguage":"fr-FR"},{"@type":"Person","@id":"https:\/\/www.leprojecteurguinee.com\/#\/schema\/person\/c9d1602e593b11af0b295bdf5e12a59a","name":"www.leprojecteurguinee.com","image":{"@type":"ImageObject","inLanguage":"fr-FR","@id":"https:\/\/www.leprojecteurguinee.com\/#\/schema\/person\/image\/","url":"https:\/\/secure.gravatar.com\/avatar\/d73703fcd03dcba36d2bb23326e491935423a46800f1ebf8f61b70e62b70e55a?s=96&d=mm&r=g","contentUrl":"https:\/\/secure.gravatar.com\/avatar\/d73703fcd03dcba36d2bb23326e491935423a46800f1ebf8f61b70e62b70e55a?s=96&d=mm&r=g","caption":"www.leprojecteurguinee.com"},"description":"Administrateur G\u00e9n\u00e9ral","sameAs":["http:\/\/www.leprojeceteurguinee.com"],"url":"https:\/\/www.leprojecteurguinee.com\/index.php\/author\/fadigagn\/"}]}},"_links":{"self":[{"href":"https:\/\/www.leprojecteurguinee.com\/index.php\/wp-json\/wp\/v2\/posts\/4224","targetHints":{"allow":["GET"]}}],"collection":[{"href":"https:\/\/www.leprojecteurguinee.com\/index.php\/wp-json\/wp\/v2\/posts"}],"about":[{"href":"https:\/\/www.leprojecteurguinee.com\/index.php\/wp-json\/wp\/v2\/types\/post"}],"author":[{"embeddable":true,"href":"https:\/\/www.leprojecteurguinee.com\/index.php\/wp-json\/wp\/v2\/users\/2"}],"replies":[{"embeddable":true,"href":"https:\/\/www.leprojecteurguinee.com\/index.php\/wp-json\/wp\/v2\/comments?post=4224"}],"version-history":[{"count":0,"href":"https:\/\/www.leprojecteurguinee.com\/index.php\/wp-json\/wp\/v2\/posts\/4224\/revisions"}],"wp:featuredmedia":[{"embeddable":true,"href":"https:\/\/www.leprojecteurguinee.com\/index.php\/wp-json\/wp\/v2\/media\/4226"}],"wp:attachment":[{"href":"https:\/\/www.leprojecteurguinee.com\/index.php\/wp-json\/wp\/v2\/media?parent=4224"}],"wp:term":[{"taxonomy":"category","embeddable":true,"href":"https:\/\/www.leprojecteurguinee.com\/index.php\/wp-json\/wp\/v2\/categories?post=4224"},{"taxonomy":"post_tag","embeddable":true,"href":"https:\/\/www.leprojecteurguinee.com\/index.php\/wp-json\/wp\/v2\/tags?post=4224"}],"curies":[{"name":"wp","href":"https:\/\/api.w.org\/{rel}","templated":true}]}}