{"id":41,"date":"2023-07-17T12:31:18","date_gmt":"2023-07-17T10:31:18","guid":{"rendered":"https:\/\/www.leprojecteurguinee.com\/?p=41"},"modified":"2023-07-17T12:31:18","modified_gmt":"2023-07-17T10:31:18","slug":"la-tunisie-et-lue-signent-un-partenariat-strategique-sur-leconomie-et-la-politique-migratoire","status":"publish","type":"post","link":"https:\/\/www.leprojecteurguinee.com\/index.php\/2023\/07\/17\/la-tunisie-et-lue-signent-un-partenariat-strategique-sur-leconomie-et-la-politique-migratoire\/","title":{"rendered":"La Tunisie et l&rsquo;UE signent un \u00abpartenariat strat\u00e9gique\u00bb sur l&rsquo;\u00e9conomie et la politique migratoire"},"content":{"rendered":"<p>L&rsquo;Union europ\u00e9enne et la Tunisie ont sign\u00e9 dimanche 16 juillet \u00e0 Tunis un protocole d&rsquo;accord pour un \u00ab\u00a0partenariat strat\u00e9gique complet\u00a0\u00bb portant sur la lutte contre l&rsquo;immigration irr\u00e9guli\u00e8re, le d\u00e9veloppement \u00e9conomique du pays et les \u00e9nergies renouvelables.\u00a0La pr\u00e9sidente de la Commission europ\u00e9enne Ursula von der Leyen s&rsquo;est r\u00e9jouie d&rsquo;un accord destin\u00e9 \u00e0 \u00ab\u00a0investir dans une prosp\u00e9rit\u00e9 partag\u00e9e\u00a0\u00bb, \u00e9voquant \u00ab\u00a0cinq piliers\u00a0\u00bb, dont les questions migratoires. La Tunisie est un point de d\u00e9part pour des milliers de migrants qui traversent la M\u00e9diterran\u00e9e vers l&rsquo;Europe.<\/p>\n","protected":false},"excerpt":{"rendered":"<p>L&rsquo;Union europ\u00e9enne et la Tunisie ont sign\u00e9 dimanche 16 juillet \u00e0 Tunis un protocole d&rsquo;accord pour un \u00ab\u00a0partenariat strat\u00e9gique complet\u00a0\u00bb portant sur la lutte contre l&rsquo;immigration irr\u00e9guli\u00e8re, le d\u00e9veloppement \u00e9conomique du pays et les \u00e9nergies renouvelables.\u00a0La pr\u00e9sidente de la Commission europ\u00e9enne Ursula von der Leyen s&rsquo;est r\u00e9jouie d&rsquo;un accord destin\u00e9 \u00e0 \u00ab\u00a0investir dans une prosp\u00e9rit\u00e9 [&hellip;]<\/p>\n","protected":false},"author":1,"featured_media":42,"comment_status":"open","ping_status":"open","sticky":false,"template":"","format":"standard","meta":{"footnotes":""},"categories":[16],"tags":[39,40],"class_list":["post-41","post","type-post","status-publish","format-standard","has-post-thumbnail","hentry","category-actualites","tag-tunisie","tag-union-europeenne"],"yoast_head":"<!-- This site is optimized with the Yoast SEO plugin v26.8 - https:\/\/yoast.com\/product\/yoast-seo-wordpress\/ -->\n<title>La Tunisie et l&#039;UE signent un \u00abpartenariat strat\u00e9gique\u00bb sur l&#039;\u00e9conomie et la politique migratoire - leprojecteurguinee<\/title>\n<meta name=\"robots\" content=\"index, follow, max-snippet:-1, max-image-preview:large, max-video-preview:-1\" \/>\n<link rel=\"canonical\" href=\"https:\/\/www.leprojecteurguinee.com\/index.php\/2023\/07\/17\/la-tunisie-et-lue-signent-un-partenariat-strategique-sur-leconomie-et-la-politique-migratoire\/\" \/>\n<meta property=\"og:locale\" content=\"fr_FR\" \/>\n<meta property=\"og:type\" content=\"article\" \/>\n<meta property=\"og:title\" content=\"La Tunisie et l&#039;UE signent un \u00abpartenariat strat\u00e9gique\u00bb sur l&#039;\u00e9conomie et la politique migratoire - leprojecteurguinee\" \/>\n<meta property=\"og:description\" content=\"L&rsquo;Union europ\u00e9enne et la Tunisie ont sign\u00e9 dimanche 16 juillet \u00e0 Tunis un protocole d&rsquo;accord pour un \u00ab\u00a0partenariat strat\u00e9gique complet\u00a0\u00bb portant sur la lutte contre l&rsquo;immigration irr\u00e9guli\u00e8re, le d\u00e9veloppement \u00e9conomique du pays et les \u00e9nergies renouvelables.\u00a0La pr\u00e9sidente de la Commission europ\u00e9enne Ursula von der Leyen s&rsquo;est r\u00e9jouie d&rsquo;un accord destin\u00e9 \u00e0 \u00ab\u00a0investir dans une prosp\u00e9rit\u00e9 [&hellip;]\" \/>\n<meta property=\"og:url\" content=\"https:\/\/www.leprojecteurguinee.com\/index.php\/2023\/07\/17\/la-tunisie-et-lue-signent-un-partenariat-strategique-sur-leconomie-et-la-politique-migratoire\/\" \/>\n<meta property=\"og:site_name\" content=\"leprojecteurguinee\" \/>\n<meta property=\"article:published_time\" content=\"2023-07-17T10:31:18+00:00\" \/>\n<meta property=\"og:image\" content=\"https:\/\/www.leprojecteurguinee.com\/wp-content\/uploads\/2023\/07\/80470000-c0a8-0242-9da2-08daaaabe5a1_w408_r1_s.jpg\" \/>\n\t<meta property=\"og:image:width\" content=\"408\" \/>\n\t<meta property=\"og:image:height\" content=\"230\" \/>\n\t<meta property=\"og:image:type\" content=\"image\/jpeg\" \/>\n<meta name=\"author\" content=\"Leprojecteurguinee\" \/>\n<meta name=\"twitter:card\" content=\"summary_large_image\" \/>\n<meta name=\"twitter:label1\" content=\"\u00c9crit par\" \/>\n\t<meta name=\"twitter:data1\" content=\"Leprojecteurguinee\" \/>\n<script type=\"application\/ld+json\" class=\"yoast-schema-graph\">{\"@context\":\"https:\/\/schema.org\",\"@graph\":[{\"@type\":\"Article\",\"@id\":\"https:\/\/www.leprojecteurguinee.com\/index.php\/2023\/07\/17\/la-tunisie-et-lue-signent-un-partenariat-strategique-sur-leconomie-et-la-politique-migratoire\/#article\",\"isPartOf\":{\"@id\":\"https:\/\/www.leprojecteurguinee.com\/index.php\/2023\/07\/17\/la-tunisie-et-lue-signent-un-partenariat-strategique-sur-leconomie-et-la-politique-migratoire\/\"},\"author\":{\"name\":\"Leprojecteurguinee\",\"@id\":\"https:\/\/www.leprojecteurguinee.com\/#\/schema\/person\/389671d1a3f0c66e6c91c4a765990c1b\"},\"headline\":\"La Tunisie et l&rsquo;UE signent un \u00abpartenariat strat\u00e9gique\u00bb sur l&rsquo;\u00e9conomie et la politique migratoire\",\"datePublished\":\"2023-07-17T10:31:18+00:00\",\"mainEntityOfPage\":{\"@id\":\"https:\/\/www.leprojecteurguinee.com\/index.php\/2023\/07\/17\/la-tunisie-et-lue-signent-un-partenariat-strategique-sur-leconomie-et-la-politique-migratoire\/\"},\"wordCount\":115,\"commentCount\":0,\"image\":{\"@id\":\"https:\/\/www.leprojecteurguinee.com\/index.php\/2023\/07\/17\/la-tunisie-et-lue-signent-un-partenariat-strategique-sur-leconomie-et-la-politique-migratoire\/#primaryimage\"},\"thumbnailUrl\":\"https:\/\/www.leprojecteurguinee.com\/wp-content\/uploads\/2023\/07\/80470000-c0a8-0242-9da2-08daaaabe5a1_w408_r1_s.jpg\",\"keywords\":[\"Tunisie\",\"Union Europ\u00e9enne\"],\"articleSection\":[\"Actualit\u00e9s\"],\"inLanguage\":\"fr-FR\",\"potentialAction\":[{\"@type\":\"CommentAction\",\"name\":\"Comment\",\"target\":[\"https:\/\/www.leprojecteurguinee.com\/index.php\/2023\/07\/17\/la-tunisie-et-lue-signent-un-partenariat-strategique-sur-leconomie-et-la-politique-migratoire\/#respond\"]}]},{\"@type\":\"WebPage\",\"@id\":\"https:\/\/www.leprojecteurguinee.com\/index.php\/2023\/07\/17\/la-tunisie-et-lue-signent-un-partenariat-strategique-sur-leconomie-et-la-politique-migratoire\/\",\"url\":\"https:\/\/www.leprojecteurguinee.com\/index.php\/2023\/07\/17\/la-tunisie-et-lue-signent-un-partenariat-strategique-sur-leconomie-et-la-politique-migratoire\/\",\"name\":\"La Tunisie et l'UE signent un \u00abpartenariat strat\u00e9gique\u00bb sur l'\u00e9conomie et la politique migratoire - leprojecteurguinee\",\"isPartOf\":{\"@id\":\"https:\/\/www.leprojecteurguinee.com\/#website\"},\"primaryImageOfPage\":{\"@id\":\"https:\/\/www.leprojecteurguinee.com\/index.php\/2023\/07\/17\/la-tunisie-et-lue-signent-un-partenariat-strategique-sur-leconomie-et-la-politique-migratoire\/#primaryimage\"},\"image\":{\"@id\":\"https:\/\/www.leprojecteurguinee.com\/index.php\/2023\/07\/17\/la-tunisie-et-lue-signent-un-partenariat-strategique-sur-leconomie-et-la-politique-migratoire\/#primaryimage\"},\"thumbnailUrl\":\"https:\/\/www.leprojecteurguinee.com\/wp-content\/uploads\/2023\/07\/80470000-c0a8-0242-9da2-08daaaabe5a1_w408_r1_s.jpg\",\"datePublished\":\"2023-07-17T10:31:18+00:00\",\"author\":{\"@id\":\"https:\/\/www.leprojecteurguinee.com\/#\/schema\/person\/389671d1a3f0c66e6c91c4a765990c1b\"},\"breadcrumb\":{\"@id\":\"https:\/\/www.leprojecteurguinee.com\/index.php\/2023\/07\/17\/la-tunisie-et-lue-signent-un-partenariat-strategique-sur-leconomie-et-la-politique-migratoire\/#breadcrumb\"},\"inLanguage\":\"fr-FR\",\"potentialAction\":[{\"@type\":\"ReadAction\",\"target\":[\"https:\/\/www.leprojecteurguinee.com\/index.php\/2023\/07\/17\/la-tunisie-et-lue-signent-un-partenariat-strategique-sur-leconomie-et-la-politique-migratoire\/\"]}]},{\"@type\":\"ImageObject\",\"inLanguage\":\"fr-FR\",\"@id\":\"https:\/\/www.leprojecteurguinee.com\/index.php\/2023\/07\/17\/la-tunisie-et-lue-signent-un-partenariat-strategique-sur-leconomie-et-la-politique-migratoire\/#primaryimage\",\"url\":\"https:\/\/www.leprojecteurguinee.com\/wp-content\/uploads\/2023\/07\/80470000-c0a8-0242-9da2-08daaaabe5a1_w408_r1_s.jpg\",\"contentUrl\":\"https:\/\/www.leprojecteurguinee.com\/wp-content\/uploads\/2023\/07\/80470000-c0a8-0242-9da2-08daaaabe5a1_w408_r1_s.jpg\",\"width\":408,\"height\":230},{\"@type\":\"BreadcrumbList\",\"@id\":\"https:\/\/www.leprojecteurguinee.com\/index.php\/2023\/07\/17\/la-tunisie-et-lue-signent-un-partenariat-strategique-sur-leconomie-et-la-politique-migratoire\/#breadcrumb\",\"itemListElement\":[{\"@type\":\"ListItem\",\"position\":1,\"name\":\"Accueil\",\"item\":\"https:\/\/www.leprojecteurguinee.com\/\"},{\"@type\":\"ListItem\",\"position\":2,\"name\":\"La Tunisie et l&rsquo;UE signent un \u00abpartenariat strat\u00e9gique\u00bb sur l&rsquo;\u00e9conomie et la politique migratoire\"}]},{\"@type\":\"WebSite\",\"@id\":\"https:\/\/www.leprojecteurguinee.com\/#website\",\"url\":\"https:\/\/www.leprojecteurguinee.com\/\",\"name\":\"leprojecteurguinee\",\"description\":\"Nous luttons contre les pratiques obscures\",\"potentialAction\":[{\"@type\":\"SearchAction\",\"target\":{\"@type\":\"EntryPoint\",\"urlTemplate\":\"https:\/\/www.leprojecteurguinee.com\/?s={search_term_string}\"},\"query-input\":{\"@type\":\"PropertyValueSpecification\",\"valueRequired\":true,\"valueName\":\"search_term_string\"}}],\"inLanguage\":\"fr-FR\"},{\"@type\":\"Person\",\"@id\":\"https:\/\/www.leprojecteurguinee.com\/#\/schema\/person\/389671d1a3f0c66e6c91c4a765990c1b\",\"name\":\"Leprojecteurguinee\",\"image\":{\"@type\":\"ImageObject\",\"inLanguage\":\"fr-FR\",\"@id\":\"https:\/\/www.leprojecteurguinee.com\/#\/schema\/person\/image\/\",\"url\":\"https:\/\/secure.gravatar.com\/avatar\/c0faa0f472c43eff99fecb0bd2a1c6782e80a162c9fcb7ed2d48bb42ea619f30?s=96&d=mm&r=g\",\"contentUrl\":\"https:\/\/secure.gravatar.com\/avatar\/c0faa0f472c43eff99fecb0bd2a1c6782e80a162c9fcb7ed2d48bb42ea619f30?s=96&d=mm&r=g\",\"caption\":\"Leprojecteurguinee\"},\"sameAs\":[\"https:\/\/www.leprojecteurguinee.com\"],\"url\":\"https:\/\/www.leprojecteurguinee.com\/index.php\/author\/madame\/\"}]}<\/script>\n<!-- \/ Yoast SEO plugin. -->","yoast_head_json":{"title":"La Tunisie et l'UE signent un \u00abpartenariat strat\u00e9gique\u00bb sur l'\u00e9conomie et la politique migratoire - leprojecteurguinee","robots":{"index":"index","follow":"follow","max-snippet":"max-snippet:-1","max-image-preview":"max-image-preview:large","max-video-preview":"max-video-preview:-1"},"canonical":"https:\/\/www.leprojecteurguinee.com\/index.php\/2023\/07\/17\/la-tunisie-et-lue-signent-un-partenariat-strategique-sur-leconomie-et-la-politique-migratoire\/","og_locale":"fr_FR","og_type":"article","og_title":"La Tunisie et l'UE signent un \u00abpartenariat strat\u00e9gique\u00bb sur l'\u00e9conomie et la politique migratoire - leprojecteurguinee","og_description":"L&rsquo;Union europ\u00e9enne et la Tunisie ont sign\u00e9 dimanche 16 juillet \u00e0 Tunis un protocole d&rsquo;accord pour un \u00ab\u00a0partenariat strat\u00e9gique complet\u00a0\u00bb portant sur la lutte contre l&rsquo;immigration irr\u00e9guli\u00e8re, le d\u00e9veloppement \u00e9conomique du pays et les \u00e9nergies renouvelables.\u00a0La pr\u00e9sidente de la Commission europ\u00e9enne Ursula von der Leyen s&rsquo;est r\u00e9jouie d&rsquo;un accord destin\u00e9 \u00e0 \u00ab\u00a0investir dans une prosp\u00e9rit\u00e9 [&hellip;]","og_url":"https:\/\/www.leprojecteurguinee.com\/index.php\/2023\/07\/17\/la-tunisie-et-lue-signent-un-partenariat-strategique-sur-leconomie-et-la-politique-migratoire\/","og_site_name":"leprojecteurguinee","article_published_time":"2023-07-17T10:31:18+00:00","og_image":[{"width":408,"height":230,"url":"https:\/\/www.leprojecteurguinee.com\/wp-content\/uploads\/2023\/07\/80470000-c0a8-0242-9da2-08daaaabe5a1_w408_r1_s.jpg","type":"image\/jpeg"}],"author":"Leprojecteurguinee","twitter_card":"summary_large_image","twitter_misc":{"\u00c9crit par":"Leprojecteurguinee"},"schema":{"@context":"https:\/\/schema.org","@graph":[{"@type":"Article","@id":"https:\/\/www.leprojecteurguinee.com\/index.php\/2023\/07\/17\/la-tunisie-et-lue-signent-un-partenariat-strategique-sur-leconomie-et-la-politique-migratoire\/#article","isPartOf":{"@id":"https:\/\/www.leprojecteurguinee.com\/index.php\/2023\/07\/17\/la-tunisie-et-lue-signent-un-partenariat-strategique-sur-leconomie-et-la-politique-migratoire\/"},"author":{"name":"Leprojecteurguinee","@id":"https:\/\/www.leprojecteurguinee.com\/#\/schema\/person\/389671d1a3f0c66e6c91c4a765990c1b"},"headline":"La Tunisie et l&rsquo;UE signent un \u00abpartenariat strat\u00e9gique\u00bb sur l&rsquo;\u00e9conomie et la politique migratoire","datePublished":"2023-07-17T10:31:18+00:00","mainEntityOfPage":{"@id":"https:\/\/www.leprojecteurguinee.com\/index.php\/2023\/07\/17\/la-tunisie-et-lue-signent-un-partenariat-strategique-sur-leconomie-et-la-politique-migratoire\/"},"wordCount":115,"commentCount":0,"image":{"@id":"https:\/\/www.leprojecteurguinee.com\/index.php\/2023\/07\/17\/la-tunisie-et-lue-signent-un-partenariat-strategique-sur-leconomie-et-la-politique-migratoire\/#primaryimage"},"thumbnailUrl":"https:\/\/www.leprojecteurguinee.com\/wp-content\/uploads\/2023\/07\/80470000-c0a8-0242-9da2-08daaaabe5a1_w408_r1_s.jpg","keywords":["Tunisie","Union Europ\u00e9enne"],"articleSection":["Actualit\u00e9s"],"inLanguage":"fr-FR","potentialAction":[{"@type":"CommentAction","name":"Comment","target":["https:\/\/www.leprojecteurguinee.com\/index.php\/2023\/07\/17\/la-tunisie-et-lue-signent-un-partenariat-strategique-sur-leconomie-et-la-politique-migratoire\/#respond"]}]},{"@type":"WebPage","@id":"https:\/\/www.leprojecteurguinee.com\/index.php\/2023\/07\/17\/la-tunisie-et-lue-signent-un-partenariat-strategique-sur-leconomie-et-la-politique-migratoire\/","url":"https:\/\/www.leprojecteurguinee.com\/index.php\/2023\/07\/17\/la-tunisie-et-lue-signent-un-partenariat-strategique-sur-leconomie-et-la-politique-migratoire\/","name":"La Tunisie et l'UE signent un \u00abpartenariat strat\u00e9gique\u00bb sur l'\u00e9conomie et la politique migratoire - leprojecteurguinee","isPartOf":{"@id":"https:\/\/www.leprojecteurguinee.com\/#website"},"primaryImageOfPage":{"@id":"https:\/\/www.leprojecteurguinee.com\/index.php\/2023\/07\/17\/la-tunisie-et-lue-signent-un-partenariat-strategique-sur-leconomie-et-la-politique-migratoire\/#primaryimage"},"image":{"@id":"https:\/\/www.leprojecteurguinee.com\/index.php\/2023\/07\/17\/la-tunisie-et-lue-signent-un-partenariat-strategique-sur-leconomie-et-la-politique-migratoire\/#primaryimage"},"thumbnailUrl":"https:\/\/www.leprojecteurguinee.com\/wp-content\/uploads\/2023\/07\/80470000-c0a8-0242-9da2-08daaaabe5a1_w408_r1_s.jpg","datePublished":"2023-07-17T10:31:18+00:00","author":{"@id":"https:\/\/www.leprojecteurguinee.com\/#\/schema\/person\/389671d1a3f0c66e6c91c4a765990c1b"},"breadcrumb":{"@id":"https:\/\/www.leprojecteurguinee.com\/index.php\/2023\/07\/17\/la-tunisie-et-lue-signent-un-partenariat-strategique-sur-leconomie-et-la-politique-migratoire\/#breadcrumb"},"inLanguage":"fr-FR","potentialAction":[{"@type":"ReadAction","target":["https:\/\/www.leprojecteurguinee.com\/index.php\/2023\/07\/17\/la-tunisie-et-lue-signent-un-partenariat-strategique-sur-leconomie-et-la-politique-migratoire\/"]}]},{"@type":"ImageObject","inLanguage":"fr-FR","@id":"https:\/\/www.leprojecteurguinee.com\/index.php\/2023\/07\/17\/la-tunisie-et-lue-signent-un-partenariat-strategique-sur-leconomie-et-la-politique-migratoire\/#primaryimage","url":"https:\/\/www.leprojecteurguinee.com\/wp-content\/uploads\/2023\/07\/80470000-c0a8-0242-9da2-08daaaabe5a1_w408_r1_s.jpg","contentUrl":"https:\/\/www.leprojecteurguinee.com\/wp-content\/uploads\/2023\/07\/80470000-c0a8-0242-9da2-08daaaabe5a1_w408_r1_s.jpg","width":408,"height":230},{"@type":"BreadcrumbList","@id":"https:\/\/www.leprojecteurguinee.com\/index.php\/2023\/07\/17\/la-tunisie-et-lue-signent-un-partenariat-strategique-sur-leconomie-et-la-politique-migratoire\/#breadcrumb","itemListElement":[{"@type":"ListItem","position":1,"name":"Accueil","item":"https:\/\/www.leprojecteurguinee.com\/"},{"@type":"ListItem","position":2,"name":"La Tunisie et l&rsquo;UE signent un \u00abpartenariat strat\u00e9gique\u00bb sur l&rsquo;\u00e9conomie et la politique migratoire"}]},{"@type":"WebSite","@id":"https:\/\/www.leprojecteurguinee.com\/#website","url":"https:\/\/www.leprojecteurguinee.com\/","name":"leprojecteurguinee","description":"Nous luttons contre les pratiques obscures","potentialAction":[{"@type":"SearchAction","target":{"@type":"EntryPoint","urlTemplate":"https:\/\/www.leprojecteurguinee.com\/?s={search_term_string}"},"query-input":{"@type":"PropertyValueSpecification","valueRequired":true,"valueName":"search_term_string"}}],"inLanguage":"fr-FR"},{"@type":"Person","@id":"https:\/\/www.leprojecteurguinee.com\/#\/schema\/person\/389671d1a3f0c66e6c91c4a765990c1b","name":"Leprojecteurguinee","image":{"@type":"ImageObject","inLanguage":"fr-FR","@id":"https:\/\/www.leprojecteurguinee.com\/#\/schema\/person\/image\/","url":"https:\/\/secure.gravatar.com\/avatar\/c0faa0f472c43eff99fecb0bd2a1c6782e80a162c9fcb7ed2d48bb42ea619f30?s=96&d=mm&r=g","contentUrl":"https:\/\/secure.gravatar.com\/avatar\/c0faa0f472c43eff99fecb0bd2a1c6782e80a162c9fcb7ed2d48bb42ea619f30?s=96&d=mm&r=g","caption":"Leprojecteurguinee"},"sameAs":["https:\/\/www.leprojecteurguinee.com"],"url":"https:\/\/www.leprojecteurguinee.com\/index.php\/author\/madame\/"}]}},"_links":{"self":[{"href":"https:\/\/www.leprojecteurguinee.com\/index.php\/wp-json\/wp\/v2\/posts\/41","targetHints":{"allow":["GET"]}}],"collection":[{"href":"https:\/\/www.leprojecteurguinee.com\/index.php\/wp-json\/wp\/v2\/posts"}],"about":[{"href":"https:\/\/www.leprojecteurguinee.com\/index.php\/wp-json\/wp\/v2\/types\/post"}],"author":[{"embeddable":true,"href":"https:\/\/www.leprojecteurguinee.com\/index.php\/wp-json\/wp\/v2\/users\/1"}],"replies":[{"embeddable":true,"href":"https:\/\/www.leprojecteurguinee.com\/index.php\/wp-json\/wp\/v2\/comments?post=41"}],"version-history":[{"count":0,"href":"https:\/\/www.leprojecteurguinee.com\/index.php\/wp-json\/wp\/v2\/posts\/41\/revisions"}],"wp:featuredmedia":[{"embeddable":true,"href":"https:\/\/www.leprojecteurguinee.com\/index.php\/wp-json\/wp\/v2\/media\/42"}],"wp:attachment":[{"href":"https:\/\/www.leprojecteurguinee.com\/index.php\/wp-json\/wp\/v2\/media?parent=41"}],"wp:term":[{"taxonomy":"category","embeddable":true,"href":"https:\/\/www.leprojecteurguinee.com\/index.php\/wp-json\/wp\/v2\/categories?post=41"},{"taxonomy":"post_tag","embeddable":true,"href":"https:\/\/www.leprojecteurguinee.com\/index.php\/wp-json\/wp\/v2\/tags?post=41"}],"curies":[{"name":"wp","href":"https:\/\/api.w.org\/{rel}","templated":true}]}}