{"id":3766,"date":"2024-05-15T13:32:22","date_gmt":"2024-05-15T13:32:22","guid":{"rendered":"https:\/\/www.leprojecteurguinee.com\/?p=3766"},"modified":"2024-05-15T13:33:25","modified_gmt":"2024-05-15T13:33:25","slug":"primature-le-premier-ministre-preside-une-reunion-sur-le-financement-des-secteurs-prioritaires-de-leducation","status":"publish","type":"post","link":"https:\/\/www.leprojecteurguinee.com\/index.php\/2024\/05\/15\/primature-le-premier-ministre-preside-une-reunion-sur-le-financement-des-secteurs-prioritaires-de-leducation\/","title":{"rendered":"Primature: Le premier ministre pr\u00e9side une r\u00e9union sur le financement des secteurs prioritaires de l&rsquo;\u00e9ducation"},"content":{"rendered":"\n<p>Le Premier ministre, Chef du Gouvernement, a pr\u00e9sid\u00e9 ce lundi 14 mai , une s\u00e9ance de travail entre les ministres du secteur de l\u2019\u00e9ducation. L&rsquo;objectif \u00e9tait d&rsquo;\u00e9valuer la qualit\u00e9 d&rsquo;ex\u00e9cution du budget d&rsquo;affectation du fonds commun de l&rsquo;\u00e9ducation BAS\/FCE, un budget sp\u00e9cial finan\u00e7ant le programme d\u00e9cennal de l&rsquo;\u00e9ducation en R\u00e9publique de Guin\u00e9e.<\/p>\n\n\n\n<figure class=\"wp-block-gallery has-nested-images columns-default is-cropped wp-block-gallery-1 is-layout-flex wp-block-gallery-is-layout-flex\"><div class=\"wp-block-image\">\n<figure class=\"aligncenter size-large\"><img loading=\"lazy\" decoding=\"async\" width=\"720\" height=\"336\" data-id=\"3767\" src=\"https:\/\/www.leprojecteurguinee.com\/wp-content\/uploads\/2024\/05\/FB_IMG_1715779628903.jpg\" alt=\"\" class=\"wp-image-3767\" srcset=\"https:\/\/www.leprojecteurguinee.com\/wp-content\/uploads\/2024\/05\/FB_IMG_1715779628903.jpg 720w, https:\/\/www.leprojecteurguinee.com\/wp-content\/uploads\/2024\/05\/FB_IMG_1715779628903-300x140.jpg 300w\" sizes=\"auto, (max-width: 720px) 100vw, 720px\" \/><\/figure>\n<\/div><\/figure>\n\n\n\n<p>\u00c0 la sortie de la r\u00e9union, Alpha Bacar BARRY, ministre de l&rsquo;Enseignement Sup\u00e9rieur et de la Recherche Scientifique, a soulign\u00e9 que les discussions ont port\u00e9 sur la coordination, la pertinence des d\u00e9penses et la fluidit\u00e9 des partenariats entre les institutions et les parties prenantes du projet afin d&rsquo;am\u00e9liorer le taux d&rsquo;absorption des fonds disponibles.<\/p>\n\n\n\n<p>\u00ab\u00a0Le secteur de l&rsquo;\u00e9ducation est une priorit\u00e9 pour le pr\u00e9sident de la r\u00e9publique, le Premier ministre et l&rsquo;ensemble du gouvernement. Chaque fois que nous abordons ces questions, notre objectif est de trouver des solutions pour progresser dans la mise en \u0153uvre du projet\u00a0\u00bb, a-t-il d\u00e9clar\u00e9.<\/p>\n\n\n\n<p>Les secteurs prioritaires dans ce projet incluent l&rsquo;enseignement de base, l&rsquo;enseignement technique et la formation professionnelle, ainsi que l&rsquo;enseignement sup\u00e9rieur avec un accent particulier sur les r\u00e9formes des programmes. Le ministre de l&rsquo;Enseignement sup\u00e9rieur a assur\u00e9 que le travail se poursuivra, notamment \u00e0 travers des partenariats bilat\u00e9raux entre les minist\u00e8res et avec la banque centrale, afin d&rsquo;am\u00e9liorer le taux d&rsquo;absorption des fonds.<\/p>\n\n\n\n<p>Rappelons que des partenaires techniques et financiers, ainsi que des ministres du pool financier et la banque centrale ont pris part \u00e0 cette r\u00e9union.<\/p>\n","protected":false},"excerpt":{"rendered":"<p>Le Premier ministre, Chef du Gouvernement, a pr\u00e9sid\u00e9 ce lundi 14 mai , une s\u00e9ance de travail entre les ministres du secteur de l\u2019\u00e9ducation. L&rsquo;objectif \u00e9tait d&rsquo;\u00e9valuer la qualit\u00e9 d&rsquo;ex\u00e9cution du budget d&rsquo;affectation du fonds commun de l&rsquo;\u00e9ducation BAS\/FCE, un budget sp\u00e9cial finan\u00e7ant le programme d\u00e9cennal de l&rsquo;\u00e9ducation en R\u00e9publique de Guin\u00e9e. \u00c0 la sortie [&hellip;]<\/p>\n","protected":false},"author":2,"featured_media":3768,"comment_status":"open","ping_status":"open","sticky":false,"template":"","format":"standard","meta":{"footnotes":""},"categories":[16,20],"tags":[],"class_list":["post-3766","post","type-post","status-publish","format-standard","has-post-thumbnail","hentry","category-actualites","category-societe"],"yoast_head":"<!-- This site is optimized with the Yoast SEO plugin v26.8 - https:\/\/yoast.com\/product\/yoast-seo-wordpress\/ -->\n<title>Primature: Le premier ministre pr\u00e9side une r\u00e9union sur le financement des secteurs prioritaires de l&#039;\u00e9ducation - leprojecteurguinee<\/title>\n<meta name=\"robots\" content=\"index, follow, max-snippet:-1, max-image-preview:large, max-video-preview:-1\" \/>\n<link rel=\"canonical\" href=\"https:\/\/www.leprojecteurguinee.com\/index.php\/2024\/05\/15\/primature-le-premier-ministre-preside-une-reunion-sur-le-financement-des-secteurs-prioritaires-de-leducation\/\" \/>\n<meta property=\"og:locale\" content=\"fr_FR\" \/>\n<meta property=\"og:type\" content=\"article\" \/>\n<meta property=\"og:title\" content=\"Primature: Le premier ministre pr\u00e9side une r\u00e9union sur le financement des secteurs prioritaires de l&#039;\u00e9ducation - leprojecteurguinee\" \/>\n<meta property=\"og:description\" content=\"Le Premier ministre, Chef du Gouvernement, a pr\u00e9sid\u00e9 ce lundi 14 mai , une s\u00e9ance de travail entre les ministres du secteur de l\u2019\u00e9ducation. L&rsquo;objectif \u00e9tait d&rsquo;\u00e9valuer la qualit\u00e9 d&rsquo;ex\u00e9cution du budget d&rsquo;affectation du fonds commun de l&rsquo;\u00e9ducation BAS\/FCE, un budget sp\u00e9cial finan\u00e7ant le programme d\u00e9cennal de l&rsquo;\u00e9ducation en R\u00e9publique de Guin\u00e9e. \u00c0 la sortie [&hellip;]\" \/>\n<meta property=\"og:url\" content=\"https:\/\/www.leprojecteurguinee.com\/index.php\/2024\/05\/15\/primature-le-premier-ministre-preside-une-reunion-sur-le-financement-des-secteurs-prioritaires-de-leducation\/\" \/>\n<meta property=\"og:site_name\" content=\"leprojecteurguinee\" \/>\n<meta property=\"article:published_time\" content=\"2024-05-15T13:32:22+00:00\" \/>\n<meta property=\"article:modified_time\" content=\"2024-05-15T13:33:25+00:00\" \/>\n<meta property=\"og:image\" content=\"https:\/\/www.leprojecteurguinee.com\/wp-content\/uploads\/2024\/05\/FB_IMG_1715779631406.jpg\" \/>\n\t<meta property=\"og:image:width\" content=\"720\" \/>\n\t<meta property=\"og:image:height\" content=\"522\" \/>\n\t<meta property=\"og:image:type\" content=\"image\/jpeg\" \/>\n<meta name=\"author\" content=\"www.leprojecteurguinee.com\" \/>\n<meta name=\"twitter:card\" content=\"summary_large_image\" \/>\n<meta name=\"twitter:label1\" content=\"\u00c9crit par\" \/>\n\t<meta name=\"twitter:data1\" content=\"www.leprojecteurguinee.com\" \/>\n\t<meta name=\"twitter:label2\" content=\"Dur\u00e9e de lecture estim\u00e9e\" \/>\n\t<meta name=\"twitter:data2\" content=\"2 minutes\" \/>\n<script type=\"application\/ld+json\" class=\"yoast-schema-graph\">{\"@context\":\"https:\/\/schema.org\",\"@graph\":[{\"@type\":\"Article\",\"@id\":\"https:\/\/www.leprojecteurguinee.com\/index.php\/2024\/05\/15\/primature-le-premier-ministre-preside-une-reunion-sur-le-financement-des-secteurs-prioritaires-de-leducation\/#article\",\"isPartOf\":{\"@id\":\"https:\/\/www.leprojecteurguinee.com\/index.php\/2024\/05\/15\/primature-le-premier-ministre-preside-une-reunion-sur-le-financement-des-secteurs-prioritaires-de-leducation\/\"},\"author\":{\"name\":\"www.leprojecteurguinee.com\",\"@id\":\"https:\/\/www.leprojecteurguinee.com\/#\/schema\/person\/c9d1602e593b11af0b295bdf5e12a59a\"},\"headline\":\"Primature: Le premier ministre pr\u00e9side une r\u00e9union sur le financement des secteurs prioritaires de l&rsquo;\u00e9ducation\",\"datePublished\":\"2024-05-15T13:32:22+00:00\",\"dateModified\":\"2024-05-15T13:33:25+00:00\",\"mainEntityOfPage\":{\"@id\":\"https:\/\/www.leprojecteurguinee.com\/index.php\/2024\/05\/15\/primature-le-premier-ministre-preside-une-reunion-sur-le-financement-des-secteurs-prioritaires-de-leducation\/\"},\"wordCount\":291,\"commentCount\":0,\"image\":{\"@id\":\"https:\/\/www.leprojecteurguinee.com\/index.php\/2024\/05\/15\/primature-le-premier-ministre-preside-une-reunion-sur-le-financement-des-secteurs-prioritaires-de-leducation\/#primaryimage\"},\"thumbnailUrl\":\"https:\/\/www.leprojecteurguinee.com\/wp-content\/uploads\/2024\/05\/FB_IMG_1715779631406.jpg\",\"articleSection\":[\"Actualit\u00e9s\",\"Soci\u00e9t\u00e9\"],\"inLanguage\":\"fr-FR\",\"potentialAction\":[{\"@type\":\"CommentAction\",\"name\":\"Comment\",\"target\":[\"https:\/\/www.leprojecteurguinee.com\/index.php\/2024\/05\/15\/primature-le-premier-ministre-preside-une-reunion-sur-le-financement-des-secteurs-prioritaires-de-leducation\/#respond\"]}]},{\"@type\":\"WebPage\",\"@id\":\"https:\/\/www.leprojecteurguinee.com\/index.php\/2024\/05\/15\/primature-le-premier-ministre-preside-une-reunion-sur-le-financement-des-secteurs-prioritaires-de-leducation\/\",\"url\":\"https:\/\/www.leprojecteurguinee.com\/index.php\/2024\/05\/15\/primature-le-premier-ministre-preside-une-reunion-sur-le-financement-des-secteurs-prioritaires-de-leducation\/\",\"name\":\"Primature: Le premier ministre pr\u00e9side une r\u00e9union sur le financement des secteurs prioritaires de l'\u00e9ducation - leprojecteurguinee\",\"isPartOf\":{\"@id\":\"https:\/\/www.leprojecteurguinee.com\/#website\"},\"primaryImageOfPage\":{\"@id\":\"https:\/\/www.leprojecteurguinee.com\/index.php\/2024\/05\/15\/primature-le-premier-ministre-preside-une-reunion-sur-le-financement-des-secteurs-prioritaires-de-leducation\/#primaryimage\"},\"image\":{\"@id\":\"https:\/\/www.leprojecteurguinee.com\/index.php\/2024\/05\/15\/primature-le-premier-ministre-preside-une-reunion-sur-le-financement-des-secteurs-prioritaires-de-leducation\/#primaryimage\"},\"thumbnailUrl\":\"https:\/\/www.leprojecteurguinee.com\/wp-content\/uploads\/2024\/05\/FB_IMG_1715779631406.jpg\",\"datePublished\":\"2024-05-15T13:32:22+00:00\",\"dateModified\":\"2024-05-15T13:33:25+00:00\",\"author\":{\"@id\":\"https:\/\/www.leprojecteurguinee.com\/#\/schema\/person\/c9d1602e593b11af0b295bdf5e12a59a\"},\"breadcrumb\":{\"@id\":\"https:\/\/www.leprojecteurguinee.com\/index.php\/2024\/05\/15\/primature-le-premier-ministre-preside-une-reunion-sur-le-financement-des-secteurs-prioritaires-de-leducation\/#breadcrumb\"},\"inLanguage\":\"fr-FR\",\"potentialAction\":[{\"@type\":\"ReadAction\",\"target\":[\"https:\/\/www.leprojecteurguinee.com\/index.php\/2024\/05\/15\/primature-le-premier-ministre-preside-une-reunion-sur-le-financement-des-secteurs-prioritaires-de-leducation\/\"]}]},{\"@type\":\"ImageObject\",\"inLanguage\":\"fr-FR\",\"@id\":\"https:\/\/www.leprojecteurguinee.com\/index.php\/2024\/05\/15\/primature-le-premier-ministre-preside-une-reunion-sur-le-financement-des-secteurs-prioritaires-de-leducation\/#primaryimage\",\"url\":\"https:\/\/www.leprojecteurguinee.com\/wp-content\/uploads\/2024\/05\/FB_IMG_1715779631406.jpg\",\"contentUrl\":\"https:\/\/www.leprojecteurguinee.com\/wp-content\/uploads\/2024\/05\/FB_IMG_1715779631406.jpg\",\"width\":720,\"height\":522},{\"@type\":\"BreadcrumbList\",\"@id\":\"https:\/\/www.leprojecteurguinee.com\/index.php\/2024\/05\/15\/primature-le-premier-ministre-preside-une-reunion-sur-le-financement-des-secteurs-prioritaires-de-leducation\/#breadcrumb\",\"itemListElement\":[{\"@type\":\"ListItem\",\"position\":1,\"name\":\"Accueil\",\"item\":\"https:\/\/www.leprojecteurguinee.com\/\"},{\"@type\":\"ListItem\",\"position\":2,\"name\":\"Primature: Le premier ministre pr\u00e9side une r\u00e9union sur le financement des secteurs prioritaires de l&rsquo;\u00e9ducation\"}]},{\"@type\":\"WebSite\",\"@id\":\"https:\/\/www.leprojecteurguinee.com\/#website\",\"url\":\"https:\/\/www.leprojecteurguinee.com\/\",\"name\":\"leprojecteurguinee\",\"description\":\"Nous luttons contre les pratiques obscures\",\"potentialAction\":[{\"@type\":\"SearchAction\",\"target\":{\"@type\":\"EntryPoint\",\"urlTemplate\":\"https:\/\/www.leprojecteurguinee.com\/?s={search_term_string}\"},\"query-input\":{\"@type\":\"PropertyValueSpecification\",\"valueRequired\":true,\"valueName\":\"search_term_string\"}}],\"inLanguage\":\"fr-FR\"},{\"@type\":\"Person\",\"@id\":\"https:\/\/www.leprojecteurguinee.com\/#\/schema\/person\/c9d1602e593b11af0b295bdf5e12a59a\",\"name\":\"www.leprojecteurguinee.com\",\"image\":{\"@type\":\"ImageObject\",\"inLanguage\":\"fr-FR\",\"@id\":\"https:\/\/www.leprojecteurguinee.com\/#\/schema\/person\/image\/\",\"url\":\"https:\/\/secure.gravatar.com\/avatar\/d73703fcd03dcba36d2bb23326e491935423a46800f1ebf8f61b70e62b70e55a?s=96&d=mm&r=g\",\"contentUrl\":\"https:\/\/secure.gravatar.com\/avatar\/d73703fcd03dcba36d2bb23326e491935423a46800f1ebf8f61b70e62b70e55a?s=96&d=mm&r=g\",\"caption\":\"www.leprojecteurguinee.com\"},\"description\":\"Administrateur G\u00e9n\u00e9ral\",\"sameAs\":[\"http:\/\/www.leprojeceteurguinee.com\"],\"url\":\"https:\/\/www.leprojecteurguinee.com\/index.php\/author\/fadigagn\/\"}]}<\/script>\n<!-- \/ Yoast SEO plugin. -->","yoast_head_json":{"title":"Primature: Le premier ministre pr\u00e9side une r\u00e9union sur le financement des secteurs prioritaires de l'\u00e9ducation - leprojecteurguinee","robots":{"index":"index","follow":"follow","max-snippet":"max-snippet:-1","max-image-preview":"max-image-preview:large","max-video-preview":"max-video-preview:-1"},"canonical":"https:\/\/www.leprojecteurguinee.com\/index.php\/2024\/05\/15\/primature-le-premier-ministre-preside-une-reunion-sur-le-financement-des-secteurs-prioritaires-de-leducation\/","og_locale":"fr_FR","og_type":"article","og_title":"Primature: Le premier ministre pr\u00e9side une r\u00e9union sur le financement des secteurs prioritaires de l'\u00e9ducation - leprojecteurguinee","og_description":"Le Premier ministre, Chef du Gouvernement, a pr\u00e9sid\u00e9 ce lundi 14 mai , une s\u00e9ance de travail entre les ministres du secteur de l\u2019\u00e9ducation. L&rsquo;objectif \u00e9tait d&rsquo;\u00e9valuer la qualit\u00e9 d&rsquo;ex\u00e9cution du budget d&rsquo;affectation du fonds commun de l&rsquo;\u00e9ducation BAS\/FCE, un budget sp\u00e9cial finan\u00e7ant le programme d\u00e9cennal de l&rsquo;\u00e9ducation en R\u00e9publique de Guin\u00e9e. \u00c0 la sortie [&hellip;]","og_url":"https:\/\/www.leprojecteurguinee.com\/index.php\/2024\/05\/15\/primature-le-premier-ministre-preside-une-reunion-sur-le-financement-des-secteurs-prioritaires-de-leducation\/","og_site_name":"leprojecteurguinee","article_published_time":"2024-05-15T13:32:22+00:00","article_modified_time":"2024-05-15T13:33:25+00:00","og_image":[{"width":720,"height":522,"url":"https:\/\/www.leprojecteurguinee.com\/wp-content\/uploads\/2024\/05\/FB_IMG_1715779631406.jpg","type":"image\/jpeg"}],"author":"www.leprojecteurguinee.com","twitter_card":"summary_large_image","twitter_misc":{"\u00c9crit par":"www.leprojecteurguinee.com","Dur\u00e9e de lecture estim\u00e9e":"2 minutes"},"schema":{"@context":"https:\/\/schema.org","@graph":[{"@type":"Article","@id":"https:\/\/www.leprojecteurguinee.com\/index.php\/2024\/05\/15\/primature-le-premier-ministre-preside-une-reunion-sur-le-financement-des-secteurs-prioritaires-de-leducation\/#article","isPartOf":{"@id":"https:\/\/www.leprojecteurguinee.com\/index.php\/2024\/05\/15\/primature-le-premier-ministre-preside-une-reunion-sur-le-financement-des-secteurs-prioritaires-de-leducation\/"},"author":{"name":"www.leprojecteurguinee.com","@id":"https:\/\/www.leprojecteurguinee.com\/#\/schema\/person\/c9d1602e593b11af0b295bdf5e12a59a"},"headline":"Primature: Le premier ministre pr\u00e9side une r\u00e9union sur le financement des secteurs prioritaires de l&rsquo;\u00e9ducation","datePublished":"2024-05-15T13:32:22+00:00","dateModified":"2024-05-15T13:33:25+00:00","mainEntityOfPage":{"@id":"https:\/\/www.leprojecteurguinee.com\/index.php\/2024\/05\/15\/primature-le-premier-ministre-preside-une-reunion-sur-le-financement-des-secteurs-prioritaires-de-leducation\/"},"wordCount":291,"commentCount":0,"image":{"@id":"https:\/\/www.leprojecteurguinee.com\/index.php\/2024\/05\/15\/primature-le-premier-ministre-preside-une-reunion-sur-le-financement-des-secteurs-prioritaires-de-leducation\/#primaryimage"},"thumbnailUrl":"https:\/\/www.leprojecteurguinee.com\/wp-content\/uploads\/2024\/05\/FB_IMG_1715779631406.jpg","articleSection":["Actualit\u00e9s","Soci\u00e9t\u00e9"],"inLanguage":"fr-FR","potentialAction":[{"@type":"CommentAction","name":"Comment","target":["https:\/\/www.leprojecteurguinee.com\/index.php\/2024\/05\/15\/primature-le-premier-ministre-preside-une-reunion-sur-le-financement-des-secteurs-prioritaires-de-leducation\/#respond"]}]},{"@type":"WebPage","@id":"https:\/\/www.leprojecteurguinee.com\/index.php\/2024\/05\/15\/primature-le-premier-ministre-preside-une-reunion-sur-le-financement-des-secteurs-prioritaires-de-leducation\/","url":"https:\/\/www.leprojecteurguinee.com\/index.php\/2024\/05\/15\/primature-le-premier-ministre-preside-une-reunion-sur-le-financement-des-secteurs-prioritaires-de-leducation\/","name":"Primature: Le premier ministre pr\u00e9side une r\u00e9union sur le financement des secteurs prioritaires de l'\u00e9ducation - leprojecteurguinee","isPartOf":{"@id":"https:\/\/www.leprojecteurguinee.com\/#website"},"primaryImageOfPage":{"@id":"https:\/\/www.leprojecteurguinee.com\/index.php\/2024\/05\/15\/primature-le-premier-ministre-preside-une-reunion-sur-le-financement-des-secteurs-prioritaires-de-leducation\/#primaryimage"},"image":{"@id":"https:\/\/www.leprojecteurguinee.com\/index.php\/2024\/05\/15\/primature-le-premier-ministre-preside-une-reunion-sur-le-financement-des-secteurs-prioritaires-de-leducation\/#primaryimage"},"thumbnailUrl":"https:\/\/www.leprojecteurguinee.com\/wp-content\/uploads\/2024\/05\/FB_IMG_1715779631406.jpg","datePublished":"2024-05-15T13:32:22+00:00","dateModified":"2024-05-15T13:33:25+00:00","author":{"@id":"https:\/\/www.leprojecteurguinee.com\/#\/schema\/person\/c9d1602e593b11af0b295bdf5e12a59a"},"breadcrumb":{"@id":"https:\/\/www.leprojecteurguinee.com\/index.php\/2024\/05\/15\/primature-le-premier-ministre-preside-une-reunion-sur-le-financement-des-secteurs-prioritaires-de-leducation\/#breadcrumb"},"inLanguage":"fr-FR","potentialAction":[{"@type":"ReadAction","target":["https:\/\/www.leprojecteurguinee.com\/index.php\/2024\/05\/15\/primature-le-premier-ministre-preside-une-reunion-sur-le-financement-des-secteurs-prioritaires-de-leducation\/"]}]},{"@type":"ImageObject","inLanguage":"fr-FR","@id":"https:\/\/www.leprojecteurguinee.com\/index.php\/2024\/05\/15\/primature-le-premier-ministre-preside-une-reunion-sur-le-financement-des-secteurs-prioritaires-de-leducation\/#primaryimage","url":"https:\/\/www.leprojecteurguinee.com\/wp-content\/uploads\/2024\/05\/FB_IMG_1715779631406.jpg","contentUrl":"https:\/\/www.leprojecteurguinee.com\/wp-content\/uploads\/2024\/05\/FB_IMG_1715779631406.jpg","width":720,"height":522},{"@type":"BreadcrumbList","@id":"https:\/\/www.leprojecteurguinee.com\/index.php\/2024\/05\/15\/primature-le-premier-ministre-preside-une-reunion-sur-le-financement-des-secteurs-prioritaires-de-leducation\/#breadcrumb","itemListElement":[{"@type":"ListItem","position":1,"name":"Accueil","item":"https:\/\/www.leprojecteurguinee.com\/"},{"@type":"ListItem","position":2,"name":"Primature: Le premier ministre pr\u00e9side une r\u00e9union sur le financement des secteurs prioritaires de l&rsquo;\u00e9ducation"}]},{"@type":"WebSite","@id":"https:\/\/www.leprojecteurguinee.com\/#website","url":"https:\/\/www.leprojecteurguinee.com\/","name":"leprojecteurguinee","description":"Nous luttons contre les pratiques obscures","potentialAction":[{"@type":"SearchAction","target":{"@type":"EntryPoint","urlTemplate":"https:\/\/www.leprojecteurguinee.com\/?s={search_term_string}"},"query-input":{"@type":"PropertyValueSpecification","valueRequired":true,"valueName":"search_term_string"}}],"inLanguage":"fr-FR"},{"@type":"Person","@id":"https:\/\/www.leprojecteurguinee.com\/#\/schema\/person\/c9d1602e593b11af0b295bdf5e12a59a","name":"www.leprojecteurguinee.com","image":{"@type":"ImageObject","inLanguage":"fr-FR","@id":"https:\/\/www.leprojecteurguinee.com\/#\/schema\/person\/image\/","url":"https:\/\/secure.gravatar.com\/avatar\/d73703fcd03dcba36d2bb23326e491935423a46800f1ebf8f61b70e62b70e55a?s=96&d=mm&r=g","contentUrl":"https:\/\/secure.gravatar.com\/avatar\/d73703fcd03dcba36d2bb23326e491935423a46800f1ebf8f61b70e62b70e55a?s=96&d=mm&r=g","caption":"www.leprojecteurguinee.com"},"description":"Administrateur G\u00e9n\u00e9ral","sameAs":["http:\/\/www.leprojeceteurguinee.com"],"url":"https:\/\/www.leprojecteurguinee.com\/index.php\/author\/fadigagn\/"}]}},"_links":{"self":[{"href":"https:\/\/www.leprojecteurguinee.com\/index.php\/wp-json\/wp\/v2\/posts\/3766","targetHints":{"allow":["GET"]}}],"collection":[{"href":"https:\/\/www.leprojecteurguinee.com\/index.php\/wp-json\/wp\/v2\/posts"}],"about":[{"href":"https:\/\/www.leprojecteurguinee.com\/index.php\/wp-json\/wp\/v2\/types\/post"}],"author":[{"embeddable":true,"href":"https:\/\/www.leprojecteurguinee.com\/index.php\/wp-json\/wp\/v2\/users\/2"}],"replies":[{"embeddable":true,"href":"https:\/\/www.leprojecteurguinee.com\/index.php\/wp-json\/wp\/v2\/comments?post=3766"}],"version-history":[{"count":0,"href":"https:\/\/www.leprojecteurguinee.com\/index.php\/wp-json\/wp\/v2\/posts\/3766\/revisions"}],"wp:featuredmedia":[{"embeddable":true,"href":"https:\/\/www.leprojecteurguinee.com\/index.php\/wp-json\/wp\/v2\/media\/3768"}],"wp:attachment":[{"href":"https:\/\/www.leprojecteurguinee.com\/index.php\/wp-json\/wp\/v2\/media?parent=3766"}],"wp:term":[{"taxonomy":"category","embeddable":true,"href":"https:\/\/www.leprojecteurguinee.com\/index.php\/wp-json\/wp\/v2\/categories?post=3766"},{"taxonomy":"post_tag","embeddable":true,"href":"https:\/\/www.leprojecteurguinee.com\/index.php\/wp-json\/wp\/v2\/tags?post=3766"}],"curies":[{"name":"wp","href":"https:\/\/api.w.org\/{rel}","templated":true}]}}