{"id":3762,"date":"2024-05-15T13:20:35","date_gmt":"2024-05-15T13:20:35","guid":{"rendered":"https:\/\/www.leprojecteurguinee.com\/?p=3762"},"modified":"2024-05-15T13:20:37","modified_gmt":"2024-05-15T13:20:37","slug":"guinee-les-victimes-dusage-illegal-de-la-force-en-attente-de-soins-et-de-justice-amnesty-international","status":"publish","type":"post","link":"https:\/\/www.leprojecteurguinee.com\/index.php\/2024\/05\/15\/guinee-les-victimes-dusage-illegal-de-la-force-en-attente-de-soins-et-de-justice-amnesty-international\/","title":{"rendered":"Guin\u00e9e : Les victimes d\u2019usage ill\u00e9gal de la force en attente de soins et de justice (Amnesty International)"},"content":{"rendered":"\n<h1 class=\"wp-block-heading\">Les autorit\u00e9s guin\u00e9ennes ont constamment viol\u00e9 depuis 2019 les droits humains \u00e0 la libert\u00e9 de r\u00e9union pacifique et \u00e0 la libert\u00e9 d\u2019expression, a d\u00e9clar\u00e9 Amnesty International dans un nouveau rapport documentant la r\u00e9pression continue des manifestations qui a fait plus d\u2019une centaine de morts et des centaines de bless\u00e9s graves, y compris des enfants, avec un acc\u00e8s insuffisant \u00e0 des soins de sant\u00e9 ad\u00e9quats et qui sont priv\u00e9s de justice et de r\u00e9paration.<\/h1>\n\n\n\n<p>Le rapport \u00ab&nbsp;Une jeunesse meurtrie&nbsp;: Urgence de soins et de justice pour les victimes d\u2019usage ill\u00e9gal de la force en Guin\u00e9e&nbsp;\u00bb met en \u00e9vidence les obstacles persistants aux soins de sant\u00e9 et \u00e0 la justice rencontr\u00e9s par les victimes d\u2019usage ill\u00e9gal de la force par les forces de d\u00e9fense et de s\u00e9curit\u00e9 dans le contexte des manifestations contre la modification de la Constitution sous la pr\u00e9sidence d\u2019Alpha Cond\u00e9, et depuis l\u2019arriv\u00e9e au pouvoir du Comit\u00e9 National du Rassemblement pour le D\u00e9veloppement (CNRD) en septembre 2021. Amnesty International a pr\u00e9c\u00e9demment document\u00e9 la r\u00e9pression entre octobre 2019 et juillet 2020.<\/p>\n\n\n\n<p>\u00ab&nbsp;Depuis 2019, au moins 113 personnes ont \u00e9t\u00e9 tu\u00e9es et des centaines gravement bless\u00e9es par des individus identifi\u00e9s comme membres des forces de d\u00e9fense et de s\u00e9curit\u00e9 lors de manifestations. Malgr\u00e9 les promesses du CNRD de s\u2019attaquer \u00e0 la probl\u00e9matique de l\u2019usage excessif de la force sous Alpha Cond\u00e9, y compris dans les cas d\u2019homicides ill\u00e9gaux, cette situation extr\u00eamement grave persiste, dans un contexte g\u00e9n\u00e9ral de r\u00e9pression des voix dissidentes&nbsp;\u00bb, a d\u00e9clar\u00e9 Samira Daoud, Directrice r\u00e9gionale d\u2019Amnesty International pour l\u2019Afrique de l\u2019Ouest et centrale.<\/p>\n\n\n\n<h2 class=\"wp-block-heading\">Enfants et jeunes traumatis\u00e9s<\/h2>\n\n\n\n<p>Sur un total d\u2019au moins 47 personnes tu\u00e9es lors de manifestations sous le CNRD \u00e0 la date du 22 avril 2024, plus de 75 % avaient moins de 25 ans, et 40 % avaient moins de 18 ans, selon un d\u00e9compte d\u2019Amnesty International. Une grande proportion des personnes bless\u00e9es interrog\u00e9es pour le rapport sont \u00e9galement des enfants et des jeunes. Parmi eux, Elhadj Bailo Diallo, 16 ans, a \u00e9t\u00e9 touch\u00e9 par une cartouche de gaz lacrymog\u00e8ne tir\u00e9e par des personnes qu\u2019il a identifi\u00e9es comme \u00e9tant des membres des forces de d\u00e9fense et de s\u00e9curit\u00e9, et a perdu la vue de son \u0153il droit. Thierno Madiou Diallo, \u00e9galement \u00e2g\u00e9 de 16 ans, a \u00e9t\u00e9 bless\u00e9 par balle et a d\u00fb subir une amputation de la jambe. La plus jeune parmi les bless\u00e9s \u00e9tait une fillette de neuf ans, touch\u00e9e \u00e0 son domicile par une balle perdue.<\/p>\n\n\n\n<blockquote class=\"wp-block-quote is-layout-flow wp-block-quote-is-layout-flow\">\n<p>Apr\u00e8s m\u2019avoir heurt\u00e9, ils sont descendus du v\u00e9hicule, m\u2019ont donn\u00e9 deux coups de pied, puis sont remont\u00e9s dans le v\u00e9hicule et sont partis.&nbsp;Mamadou Sadjo Bald\u00e9<\/p>\n<\/blockquote>\n\n\n\n<blockquote class=\"wp-block-quote is-layout-flow wp-block-quote-is-layout-flow\">\n<p>Le traumatisme psychologique pour ceux qui ont \u00e9t\u00e9 bless\u00e9s a oblig\u00e9 bon nombre d\u2019entre eux \u00e0 abandonner l\u2019\u00e9cole et les a rendus inaptes au travail, comme Souleymane Diallo, qui a \u00e9t\u00e9 bless\u00e9 par balle en 2024. \u00ab&nbsp;La douleur persiste et je ne peux pas me tenir debout longtemps. Je reste au lit \u00e0 regarder ma m\u00e8re travailler pour joindre les deux bouts&nbsp;\u00bb, a-t-il d\u00e9clar\u00e9.<\/p>\n<\/blockquote>\n\n\n\n<h2 class=\"wp-block-heading\">Les victimes emp\u00each\u00e9es d\u2019acc\u00e9der \u00e0 des soins de sant\u00e9 ad\u00e9quats<\/h2>\n\n\n\n<p>Le rapport d\u00e9montre que les victimes de blessures graves inflig\u00e9es par les forces de d\u00e9fense et de s\u00e9curit\u00e9 lors des manifestations ont re\u00e7u des soins m\u00e9dicaux tardifs, apr\u00e8s que ces derni\u00e8res ont emp\u00each\u00e9 ou retard\u00e9 l\u2019\u00e9vacuation m\u00e9dicale, en violation du droit guin\u00e9en et international. Selon les t\u00e9moignages recueillis par Amnesty International, les forces de l\u2019ordre ont d\u00e9lib\u00e9r\u00e9ment laiss\u00e9 sur place des victimes gri\u00e8vement bless\u00e9es au lieu de leur porter assistance. Des victimes ont \u00e9galement \u00e9t\u00e9 arr\u00eat\u00e9es et d\u00e9tenues sans soins m\u00e9dicaux, parfois pendant plusieurs jours.<\/p>\n\n\n\n<p>Mamadou Sadjo Bald\u00e9 a \u00e9t\u00e9 gri\u00e8vement bless\u00e9 lors d\u2019une manifestation apr\u00e8s avoir \u00e9t\u00e9 heurt\u00e9 par un v\u00e9hicule conduit par des personnes qu\u2019il a identifi\u00e9es comme \u00e9tant des membres des forces de d\u00e9fense et de s\u00e9curit\u00e9. \u00ab Apr\u00e8s m\u2019avoir heurt\u00e9, ils sont descendus du v\u00e9hicule, m\u2019ont donn\u00e9 deux coups de pied, puis sont remont\u00e9s dans le v\u00e9hicule et sont partis \u00bb, a-t-il d\u00e9clar\u00e9 \u00e0 Amnesty International.<\/p>\n\n\n\n<p>Selon plusieurs t\u00e9moignages, certains membres du personnel m\u00e9dical des centres de sant\u00e9 publics et priv\u00e9s ont refus\u00e9 de traiter les personnes bless\u00e9es par crainte de repr\u00e9sailles des autorit\u00e9s, qui ont constamment cherch\u00e9 \u00e0 minimiser la r\u00e9pression.<\/p>\n\n\n\n<p>Enfin, alors que les autorit\u00e9s doivent garantir le principe de l\u2019accessibilit\u00e9 afin de prot\u00e9ger le droit \u00e0 la sant\u00e9, et en l\u2019absence de toute indemnisation pour les personnes bless\u00e9es, de nombreuses personnes issues de milieux modestes n\u2019avaient pas les moyens de se payer des soins de sant\u00e9 ad\u00e9quats, avec des cons\u00e9quences souvent dramatiques. Parmi elles, Alpha Oumar Diallo, devenu parapl\u00e9gique apr\u00e8s avoir \u00e9t\u00e9 bless\u00e9 par balle lors d\u2019une manifestation en 2019, est d\u00e9c\u00e9d\u00e9 en septembre 2023, n\u2019ayant pas pu payer pour des soins ad\u00e9quats.<\/p>\n\n\n\n<p>Les autorit\u00e9s guin\u00e9ennes doivent respecter strictement les principes du droit international sur l\u2019usage de la force et des armes \u00e0 feu par les forces de l\u2019ordre.<\/p>\n\n\n\n<p>Samira Daoud, Directrice r\u00e9gionale d\u2019Amnesty International pour l\u2019Afrique de l\u2019Ouest et centrale<\/p>\n\n\n\n<p>Impunit\u00e9 des auteurs<\/p>\n\n\n\n<p>Depuis 2019, il y a eu peu de condamnations de membres des forces de d\u00e9fense et de s\u00e9curit\u00e9 pour usage ill\u00e9gal de la force. Plusieurs proc\u00e9dures judiciaires ont \u00e9t\u00e9 annonc\u00e9es ou effectivement engag\u00e9es par le CNRD, mais peu d\u2019informations publiques sont disponibles sur leur \u00e9volution, et elles concernent principalement des cas d\u2019homicides ill\u00e9gaux. Ceux qui ont surv\u00e9cu sont g\u00e9n\u00e9ralement priv\u00e9s d\u2019acc\u00e8s \u00e0 la justice et \u00e0 la r\u00e9paration.<\/p>\n\n\n\n<p>Les bless\u00e9s et les familles des victimes ont tr\u00e8s majoritairement renonc\u00e9 \u00e0 d\u00e9poser des plaintes, en raison de leur manque de confiance dans le syst\u00e8me judiciaire, de la crainte de repr\u00e9sailles ou du manque de moyens financiers.<\/p>\n\n\n\n<p>\u00c0 ce jour, les rassemblements sont toujours ill\u00e9galement interdits, les forces de d\u00e9fense et de s\u00e9curit\u00e9 continuent d\u2019\u00eatre d\u00e9ploy\u00e9es avec des armes l\u00e9tales, et des morts et des bless\u00e9s r\u00e9sultant d\u2019usage ill\u00e9gal de la force continuent d\u2019\u00eatre recens\u00e9s par des organisations de la soci\u00e9t\u00e9 civile et les m\u00e9dias.<\/p>\n\n\n\n<p>\u00ab Les autorit\u00e9s guin\u00e9ennes doivent garantir les droits \u00e0 la libert\u00e9 d\u2019expression et de r\u00e9union pacifique, respecter strictement les principes du droit international sur l\u2019usage de la force et des armes \u00e0 feu par les forces de l\u2019ordre et veiller \u00e0 ce que toute personne bless\u00e9e lors de manifestations soit prise en charge rapidement par les services m\u00e9dicaux, sans condition de paiement des frais m\u00e9dicaux \u00e0 l\u2019avance \u00bb, a d\u00e9clar\u00e9 Samira Daoud.<\/p>\n","protected":false},"excerpt":{"rendered":"<p>Les autorit\u00e9s guin\u00e9ennes ont constamment viol\u00e9 depuis 2019 les droits humains \u00e0 la libert\u00e9 de r\u00e9union pacifique et \u00e0 la libert\u00e9 d\u2019expression, a d\u00e9clar\u00e9 Amnesty International dans un nouveau rapport documentant la r\u00e9pression continue des manifestations qui a fait plus d\u2019une centaine de morts et des centaines de bless\u00e9s graves, y compris des enfants, avec [&hellip;]<\/p>\n","protected":false},"author":2,"featured_media":3763,"comment_status":"open","ping_status":"open","sticky":false,"template":"","format":"standard","meta":{"footnotes":""},"categories":[16,20],"tags":[],"class_list":["post-3762","post","type-post","status-publish","format-standard","has-post-thumbnail","hentry","category-actualites","category-societe"],"yoast_head":"<!-- This site is optimized with the Yoast SEO plugin v26.8 - https:\/\/yoast.com\/product\/yoast-seo-wordpress\/ -->\n<title>Guin\u00e9e : Les victimes d\u2019usage ill\u00e9gal de la force en attente de soins et de justice (Amnesty International) - leprojecteurguinee<\/title>\n<meta name=\"robots\" content=\"index, follow, max-snippet:-1, max-image-preview:large, max-video-preview:-1\" \/>\n<link rel=\"canonical\" href=\"https:\/\/www.leprojecteurguinee.com\/index.php\/2024\/05\/15\/guinee-les-victimes-dusage-illegal-de-la-force-en-attente-de-soins-et-de-justice-amnesty-international\/\" \/>\n<meta property=\"og:locale\" content=\"fr_FR\" \/>\n<meta property=\"og:type\" content=\"article\" \/>\n<meta property=\"og:title\" content=\"Guin\u00e9e : Les victimes d\u2019usage ill\u00e9gal de la force en attente de soins et de justice (Amnesty International) - leprojecteurguinee\" \/>\n<meta property=\"og:description\" content=\"Les autorit\u00e9s guin\u00e9ennes ont constamment viol\u00e9 depuis 2019 les droits humains \u00e0 la libert\u00e9 de r\u00e9union pacifique et \u00e0 la libert\u00e9 d\u2019expression, a d\u00e9clar\u00e9 Amnesty International dans un nouveau rapport documentant la r\u00e9pression continue des manifestations qui a fait plus d\u2019une centaine de morts et des centaines de bless\u00e9s graves, y compris des enfants, avec [&hellip;]\" \/>\n<meta property=\"og:url\" content=\"https:\/\/www.leprojecteurguinee.com\/index.php\/2024\/05\/15\/guinee-les-victimes-dusage-illegal-de-la-force-en-attente-de-soins-et-de-justice-amnesty-international\/\" \/>\n<meta property=\"og:site_name\" content=\"leprojecteurguinee\" \/>\n<meta property=\"article:published_time\" content=\"2024-05-15T13:20:35+00:00\" \/>\n<meta property=\"article:modified_time\" content=\"2024-05-15T13:20:37+00:00\" \/>\n<meta property=\"og:image\" content=\"https:\/\/www.leprojecteurguinee.com\/wp-content\/uploads\/2024\/05\/Amnesty_International_logo.svg.png\" \/>\n\t<meta property=\"og:image:width\" content=\"1200\" \/>\n\t<meta property=\"og:image:height\" content=\"504\" \/>\n\t<meta property=\"og:image:type\" content=\"image\/png\" \/>\n<meta name=\"author\" content=\"www.leprojecteurguinee.com\" \/>\n<meta name=\"twitter:card\" content=\"summary_large_image\" \/>\n<meta name=\"twitter:label1\" content=\"\u00c9crit par\" \/>\n\t<meta name=\"twitter:data1\" content=\"www.leprojecteurguinee.com\" \/>\n\t<meta name=\"twitter:label2\" content=\"Dur\u00e9e de lecture estim\u00e9e\" \/>\n\t<meta name=\"twitter:data2\" content=\"6 minutes\" \/>\n<script type=\"application\/ld+json\" class=\"yoast-schema-graph\">{\"@context\":\"https:\/\/schema.org\",\"@graph\":[{\"@type\":\"Article\",\"@id\":\"https:\/\/www.leprojecteurguinee.com\/index.php\/2024\/05\/15\/guinee-les-victimes-dusage-illegal-de-la-force-en-attente-de-soins-et-de-justice-amnesty-international\/#article\",\"isPartOf\":{\"@id\":\"https:\/\/www.leprojecteurguinee.com\/index.php\/2024\/05\/15\/guinee-les-victimes-dusage-illegal-de-la-force-en-attente-de-soins-et-de-justice-amnesty-international\/\"},\"author\":{\"name\":\"www.leprojecteurguinee.com\",\"@id\":\"https:\/\/www.leprojecteurguinee.com\/#\/schema\/person\/c9d1602e593b11af0b295bdf5e12a59a\"},\"headline\":\"Guin\u00e9e : Les victimes d\u2019usage ill\u00e9gal de la force en attente de soins et de justice (Amnesty International)\",\"datePublished\":\"2024-05-15T13:20:35+00:00\",\"dateModified\":\"2024-05-15T13:20:37+00:00\",\"mainEntityOfPage\":{\"@id\":\"https:\/\/www.leprojecteurguinee.com\/index.php\/2024\/05\/15\/guinee-les-victimes-dusage-illegal-de-la-force-en-attente-de-soins-et-de-justice-amnesty-international\/\"},\"wordCount\":1214,\"commentCount\":0,\"image\":{\"@id\":\"https:\/\/www.leprojecteurguinee.com\/index.php\/2024\/05\/15\/guinee-les-victimes-dusage-illegal-de-la-force-en-attente-de-soins-et-de-justice-amnesty-international\/#primaryimage\"},\"thumbnailUrl\":\"https:\/\/www.leprojecteurguinee.com\/wp-content\/uploads\/2024\/05\/Amnesty_International_logo.svg.png\",\"articleSection\":[\"Actualit\u00e9s\",\"Soci\u00e9t\u00e9\"],\"inLanguage\":\"fr-FR\",\"potentialAction\":[{\"@type\":\"CommentAction\",\"name\":\"Comment\",\"target\":[\"https:\/\/www.leprojecteurguinee.com\/index.php\/2024\/05\/15\/guinee-les-victimes-dusage-illegal-de-la-force-en-attente-de-soins-et-de-justice-amnesty-international\/#respond\"]}]},{\"@type\":\"WebPage\",\"@id\":\"https:\/\/www.leprojecteurguinee.com\/index.php\/2024\/05\/15\/guinee-les-victimes-dusage-illegal-de-la-force-en-attente-de-soins-et-de-justice-amnesty-international\/\",\"url\":\"https:\/\/www.leprojecteurguinee.com\/index.php\/2024\/05\/15\/guinee-les-victimes-dusage-illegal-de-la-force-en-attente-de-soins-et-de-justice-amnesty-international\/\",\"name\":\"Guin\u00e9e : Les victimes d\u2019usage ill\u00e9gal de la force en attente de soins et de justice (Amnesty International) - leprojecteurguinee\",\"isPartOf\":{\"@id\":\"https:\/\/www.leprojecteurguinee.com\/#website\"},\"primaryImageOfPage\":{\"@id\":\"https:\/\/www.leprojecteurguinee.com\/index.php\/2024\/05\/15\/guinee-les-victimes-dusage-illegal-de-la-force-en-attente-de-soins-et-de-justice-amnesty-international\/#primaryimage\"},\"image\":{\"@id\":\"https:\/\/www.leprojecteurguinee.com\/index.php\/2024\/05\/15\/guinee-les-victimes-dusage-illegal-de-la-force-en-attente-de-soins-et-de-justice-amnesty-international\/#primaryimage\"},\"thumbnailUrl\":\"https:\/\/www.leprojecteurguinee.com\/wp-content\/uploads\/2024\/05\/Amnesty_International_logo.svg.png\",\"datePublished\":\"2024-05-15T13:20:35+00:00\",\"dateModified\":\"2024-05-15T13:20:37+00:00\",\"author\":{\"@id\":\"https:\/\/www.leprojecteurguinee.com\/#\/schema\/person\/c9d1602e593b11af0b295bdf5e12a59a\"},\"breadcrumb\":{\"@id\":\"https:\/\/www.leprojecteurguinee.com\/index.php\/2024\/05\/15\/guinee-les-victimes-dusage-illegal-de-la-force-en-attente-de-soins-et-de-justice-amnesty-international\/#breadcrumb\"},\"inLanguage\":\"fr-FR\",\"potentialAction\":[{\"@type\":\"ReadAction\",\"target\":[\"https:\/\/www.leprojecteurguinee.com\/index.php\/2024\/05\/15\/guinee-les-victimes-dusage-illegal-de-la-force-en-attente-de-soins-et-de-justice-amnesty-international\/\"]}]},{\"@type\":\"ImageObject\",\"inLanguage\":\"fr-FR\",\"@id\":\"https:\/\/www.leprojecteurguinee.com\/index.php\/2024\/05\/15\/guinee-les-victimes-dusage-illegal-de-la-force-en-attente-de-soins-et-de-justice-amnesty-international\/#primaryimage\",\"url\":\"https:\/\/www.leprojecteurguinee.com\/wp-content\/uploads\/2024\/05\/Amnesty_International_logo.svg.png\",\"contentUrl\":\"https:\/\/www.leprojecteurguinee.com\/wp-content\/uploads\/2024\/05\/Amnesty_International_logo.svg.png\",\"width\":1200,\"height\":504},{\"@type\":\"BreadcrumbList\",\"@id\":\"https:\/\/www.leprojecteurguinee.com\/index.php\/2024\/05\/15\/guinee-les-victimes-dusage-illegal-de-la-force-en-attente-de-soins-et-de-justice-amnesty-international\/#breadcrumb\",\"itemListElement\":[{\"@type\":\"ListItem\",\"position\":1,\"name\":\"Accueil\",\"item\":\"https:\/\/www.leprojecteurguinee.com\/\"},{\"@type\":\"ListItem\",\"position\":2,\"name\":\"Guin\u00e9e : Les victimes d\u2019usage ill\u00e9gal de la force en attente de soins et de justice (Amnesty International)\"}]},{\"@type\":\"WebSite\",\"@id\":\"https:\/\/www.leprojecteurguinee.com\/#website\",\"url\":\"https:\/\/www.leprojecteurguinee.com\/\",\"name\":\"leprojecteurguinee\",\"description\":\"Nous luttons contre les pratiques obscures\",\"potentialAction\":[{\"@type\":\"SearchAction\",\"target\":{\"@type\":\"EntryPoint\",\"urlTemplate\":\"https:\/\/www.leprojecteurguinee.com\/?s={search_term_string}\"},\"query-input\":{\"@type\":\"PropertyValueSpecification\",\"valueRequired\":true,\"valueName\":\"search_term_string\"}}],\"inLanguage\":\"fr-FR\"},{\"@type\":\"Person\",\"@id\":\"https:\/\/www.leprojecteurguinee.com\/#\/schema\/person\/c9d1602e593b11af0b295bdf5e12a59a\",\"name\":\"www.leprojecteurguinee.com\",\"image\":{\"@type\":\"ImageObject\",\"inLanguage\":\"fr-FR\",\"@id\":\"https:\/\/www.leprojecteurguinee.com\/#\/schema\/person\/image\/\",\"url\":\"https:\/\/secure.gravatar.com\/avatar\/d73703fcd03dcba36d2bb23326e491935423a46800f1ebf8f61b70e62b70e55a?s=96&d=mm&r=g\",\"contentUrl\":\"https:\/\/secure.gravatar.com\/avatar\/d73703fcd03dcba36d2bb23326e491935423a46800f1ebf8f61b70e62b70e55a?s=96&d=mm&r=g\",\"caption\":\"www.leprojecteurguinee.com\"},\"description\":\"Administrateur G\u00e9n\u00e9ral\",\"sameAs\":[\"http:\/\/www.leprojeceteurguinee.com\"],\"url\":\"https:\/\/www.leprojecteurguinee.com\/index.php\/author\/fadigagn\/\"}]}<\/script>\n<!-- \/ Yoast SEO plugin. -->","yoast_head_json":{"title":"Guin\u00e9e : Les victimes d\u2019usage ill\u00e9gal de la force en attente de soins et de justice (Amnesty International) - leprojecteurguinee","robots":{"index":"index","follow":"follow","max-snippet":"max-snippet:-1","max-image-preview":"max-image-preview:large","max-video-preview":"max-video-preview:-1"},"canonical":"https:\/\/www.leprojecteurguinee.com\/index.php\/2024\/05\/15\/guinee-les-victimes-dusage-illegal-de-la-force-en-attente-de-soins-et-de-justice-amnesty-international\/","og_locale":"fr_FR","og_type":"article","og_title":"Guin\u00e9e : Les victimes d\u2019usage ill\u00e9gal de la force en attente de soins et de justice (Amnesty International) - leprojecteurguinee","og_description":"Les autorit\u00e9s guin\u00e9ennes ont constamment viol\u00e9 depuis 2019 les droits humains \u00e0 la libert\u00e9 de r\u00e9union pacifique et \u00e0 la libert\u00e9 d\u2019expression, a d\u00e9clar\u00e9 Amnesty International dans un nouveau rapport documentant la r\u00e9pression continue des manifestations qui a fait plus d\u2019une centaine de morts et des centaines de bless\u00e9s graves, y compris des enfants, avec [&hellip;]","og_url":"https:\/\/www.leprojecteurguinee.com\/index.php\/2024\/05\/15\/guinee-les-victimes-dusage-illegal-de-la-force-en-attente-de-soins-et-de-justice-amnesty-international\/","og_site_name":"leprojecteurguinee","article_published_time":"2024-05-15T13:20:35+00:00","article_modified_time":"2024-05-15T13:20:37+00:00","og_image":[{"width":1200,"height":504,"url":"https:\/\/www.leprojecteurguinee.com\/wp-content\/uploads\/2024\/05\/Amnesty_International_logo.svg.png","type":"image\/png"}],"author":"www.leprojecteurguinee.com","twitter_card":"summary_large_image","twitter_misc":{"\u00c9crit par":"www.leprojecteurguinee.com","Dur\u00e9e de lecture estim\u00e9e":"6 minutes"},"schema":{"@context":"https:\/\/schema.org","@graph":[{"@type":"Article","@id":"https:\/\/www.leprojecteurguinee.com\/index.php\/2024\/05\/15\/guinee-les-victimes-dusage-illegal-de-la-force-en-attente-de-soins-et-de-justice-amnesty-international\/#article","isPartOf":{"@id":"https:\/\/www.leprojecteurguinee.com\/index.php\/2024\/05\/15\/guinee-les-victimes-dusage-illegal-de-la-force-en-attente-de-soins-et-de-justice-amnesty-international\/"},"author":{"name":"www.leprojecteurguinee.com","@id":"https:\/\/www.leprojecteurguinee.com\/#\/schema\/person\/c9d1602e593b11af0b295bdf5e12a59a"},"headline":"Guin\u00e9e : Les victimes d\u2019usage ill\u00e9gal de la force en attente de soins et de justice (Amnesty International)","datePublished":"2024-05-15T13:20:35+00:00","dateModified":"2024-05-15T13:20:37+00:00","mainEntityOfPage":{"@id":"https:\/\/www.leprojecteurguinee.com\/index.php\/2024\/05\/15\/guinee-les-victimes-dusage-illegal-de-la-force-en-attente-de-soins-et-de-justice-amnesty-international\/"},"wordCount":1214,"commentCount":0,"image":{"@id":"https:\/\/www.leprojecteurguinee.com\/index.php\/2024\/05\/15\/guinee-les-victimes-dusage-illegal-de-la-force-en-attente-de-soins-et-de-justice-amnesty-international\/#primaryimage"},"thumbnailUrl":"https:\/\/www.leprojecteurguinee.com\/wp-content\/uploads\/2024\/05\/Amnesty_International_logo.svg.png","articleSection":["Actualit\u00e9s","Soci\u00e9t\u00e9"],"inLanguage":"fr-FR","potentialAction":[{"@type":"CommentAction","name":"Comment","target":["https:\/\/www.leprojecteurguinee.com\/index.php\/2024\/05\/15\/guinee-les-victimes-dusage-illegal-de-la-force-en-attente-de-soins-et-de-justice-amnesty-international\/#respond"]}]},{"@type":"WebPage","@id":"https:\/\/www.leprojecteurguinee.com\/index.php\/2024\/05\/15\/guinee-les-victimes-dusage-illegal-de-la-force-en-attente-de-soins-et-de-justice-amnesty-international\/","url":"https:\/\/www.leprojecteurguinee.com\/index.php\/2024\/05\/15\/guinee-les-victimes-dusage-illegal-de-la-force-en-attente-de-soins-et-de-justice-amnesty-international\/","name":"Guin\u00e9e : Les victimes d\u2019usage ill\u00e9gal de la force en attente de soins et de justice (Amnesty International) - leprojecteurguinee","isPartOf":{"@id":"https:\/\/www.leprojecteurguinee.com\/#website"},"primaryImageOfPage":{"@id":"https:\/\/www.leprojecteurguinee.com\/index.php\/2024\/05\/15\/guinee-les-victimes-dusage-illegal-de-la-force-en-attente-de-soins-et-de-justice-amnesty-international\/#primaryimage"},"image":{"@id":"https:\/\/www.leprojecteurguinee.com\/index.php\/2024\/05\/15\/guinee-les-victimes-dusage-illegal-de-la-force-en-attente-de-soins-et-de-justice-amnesty-international\/#primaryimage"},"thumbnailUrl":"https:\/\/www.leprojecteurguinee.com\/wp-content\/uploads\/2024\/05\/Amnesty_International_logo.svg.png","datePublished":"2024-05-15T13:20:35+00:00","dateModified":"2024-05-15T13:20:37+00:00","author":{"@id":"https:\/\/www.leprojecteurguinee.com\/#\/schema\/person\/c9d1602e593b11af0b295bdf5e12a59a"},"breadcrumb":{"@id":"https:\/\/www.leprojecteurguinee.com\/index.php\/2024\/05\/15\/guinee-les-victimes-dusage-illegal-de-la-force-en-attente-de-soins-et-de-justice-amnesty-international\/#breadcrumb"},"inLanguage":"fr-FR","potentialAction":[{"@type":"ReadAction","target":["https:\/\/www.leprojecteurguinee.com\/index.php\/2024\/05\/15\/guinee-les-victimes-dusage-illegal-de-la-force-en-attente-de-soins-et-de-justice-amnesty-international\/"]}]},{"@type":"ImageObject","inLanguage":"fr-FR","@id":"https:\/\/www.leprojecteurguinee.com\/index.php\/2024\/05\/15\/guinee-les-victimes-dusage-illegal-de-la-force-en-attente-de-soins-et-de-justice-amnesty-international\/#primaryimage","url":"https:\/\/www.leprojecteurguinee.com\/wp-content\/uploads\/2024\/05\/Amnesty_International_logo.svg.png","contentUrl":"https:\/\/www.leprojecteurguinee.com\/wp-content\/uploads\/2024\/05\/Amnesty_International_logo.svg.png","width":1200,"height":504},{"@type":"BreadcrumbList","@id":"https:\/\/www.leprojecteurguinee.com\/index.php\/2024\/05\/15\/guinee-les-victimes-dusage-illegal-de-la-force-en-attente-de-soins-et-de-justice-amnesty-international\/#breadcrumb","itemListElement":[{"@type":"ListItem","position":1,"name":"Accueil","item":"https:\/\/www.leprojecteurguinee.com\/"},{"@type":"ListItem","position":2,"name":"Guin\u00e9e : Les victimes d\u2019usage ill\u00e9gal de la force en attente de soins et de justice (Amnesty International)"}]},{"@type":"WebSite","@id":"https:\/\/www.leprojecteurguinee.com\/#website","url":"https:\/\/www.leprojecteurguinee.com\/","name":"leprojecteurguinee","description":"Nous luttons contre les pratiques obscures","potentialAction":[{"@type":"SearchAction","target":{"@type":"EntryPoint","urlTemplate":"https:\/\/www.leprojecteurguinee.com\/?s={search_term_string}"},"query-input":{"@type":"PropertyValueSpecification","valueRequired":true,"valueName":"search_term_string"}}],"inLanguage":"fr-FR"},{"@type":"Person","@id":"https:\/\/www.leprojecteurguinee.com\/#\/schema\/person\/c9d1602e593b11af0b295bdf5e12a59a","name":"www.leprojecteurguinee.com","image":{"@type":"ImageObject","inLanguage":"fr-FR","@id":"https:\/\/www.leprojecteurguinee.com\/#\/schema\/person\/image\/","url":"https:\/\/secure.gravatar.com\/avatar\/d73703fcd03dcba36d2bb23326e491935423a46800f1ebf8f61b70e62b70e55a?s=96&d=mm&r=g","contentUrl":"https:\/\/secure.gravatar.com\/avatar\/d73703fcd03dcba36d2bb23326e491935423a46800f1ebf8f61b70e62b70e55a?s=96&d=mm&r=g","caption":"www.leprojecteurguinee.com"},"description":"Administrateur G\u00e9n\u00e9ral","sameAs":["http:\/\/www.leprojeceteurguinee.com"],"url":"https:\/\/www.leprojecteurguinee.com\/index.php\/author\/fadigagn\/"}]}},"_links":{"self":[{"href":"https:\/\/www.leprojecteurguinee.com\/index.php\/wp-json\/wp\/v2\/posts\/3762","targetHints":{"allow":["GET"]}}],"collection":[{"href":"https:\/\/www.leprojecteurguinee.com\/index.php\/wp-json\/wp\/v2\/posts"}],"about":[{"href":"https:\/\/www.leprojecteurguinee.com\/index.php\/wp-json\/wp\/v2\/types\/post"}],"author":[{"embeddable":true,"href":"https:\/\/www.leprojecteurguinee.com\/index.php\/wp-json\/wp\/v2\/users\/2"}],"replies":[{"embeddable":true,"href":"https:\/\/www.leprojecteurguinee.com\/index.php\/wp-json\/wp\/v2\/comments?post=3762"}],"version-history":[{"count":0,"href":"https:\/\/www.leprojecteurguinee.com\/index.php\/wp-json\/wp\/v2\/posts\/3762\/revisions"}],"wp:featuredmedia":[{"embeddable":true,"href":"https:\/\/www.leprojecteurguinee.com\/index.php\/wp-json\/wp\/v2\/media\/3763"}],"wp:attachment":[{"href":"https:\/\/www.leprojecteurguinee.com\/index.php\/wp-json\/wp\/v2\/media?parent=3762"}],"wp:term":[{"taxonomy":"category","embeddable":true,"href":"https:\/\/www.leprojecteurguinee.com\/index.php\/wp-json\/wp\/v2\/categories?post=3762"},{"taxonomy":"post_tag","embeddable":true,"href":"https:\/\/www.leprojecteurguinee.com\/index.php\/wp-json\/wp\/v2\/tags?post=3762"}],"curies":[{"name":"wp","href":"https:\/\/api.w.org\/{rel}","templated":true}]}}