{"id":3718,"date":"2024-05-13T21:37:03","date_gmt":"2024-05-13T21:37:03","guid":{"rendered":"https:\/\/www.leprojecteurguinee.com\/?p=3718"},"modified":"2024-05-13T21:37:05","modified_gmt":"2024-05-13T21:37:05","slug":"allemagne-le-coordinateur-du-fndc-fonike-mangue-distingue-par-le-prix-from-laxe-events-honor","status":"publish","type":"post","link":"https:\/\/www.leprojecteurguinee.com\/index.php\/2024\/05\/13\/allemagne-le-coordinateur-du-fndc-fonike-mangue-distingue-par-le-prix-from-laxe-events-honor\/","title":{"rendered":"Allemagne : le coordinateur du FNDC Fonik\u00e9 Mangu\u00e8 distingu\u00e9 par le prix From l\u2019Axe \u00c9vents HONOR"},"content":{"rendered":"\n<p>Le coordinateur du Front national pour la d\u00e9fense de la Constitution (FNDC) Oumar Sylla alias Fonik\u00e9 a \u00e9t\u00e9 gratifi\u00e9 le samedi 11 mai en Allemagne. Il s\u2019agit du prix From l\u2019Axe \u00c9vents HONOR qui a d\u00e9cid\u00e9 de c\u00e9l\u00e9brer l\u2019activiste cette ann\u00e9e.<\/p>\n\n\n<div class=\"wp-block-image\">\n<figure class=\"aligncenter is-resized\"><img decoding=\"async\" src=\"https:\/\/i0.wp.com\/mosaiqueguinee.com\/wp-content\/uploads\/2024\/05\/Fonike-Mengue-2.jpg?resize=700%2C664&amp;ssl=1\" alt=\"\" class=\"wp-image-290531\" style=\"width:700px;height:auto\"\/><\/figure>\n<\/div>\n\n\n<p>Cette distinction est une r\u00e9compense de l\u2019engagement en faveur de la libert\u00e9 et de l\u2019\u00e9tat de droit en Afrique et en Guin\u00e9e de Fonik\u00e9 Mangu\u00e8, depuis de nombreuses ann\u00e9es maintenant.<\/p>\n\n\n<div class=\"wp-block-image\">\n<figure class=\"aligncenter\"><img decoding=\"async\" src=\"https:\/\/i0.wp.com\/mosaiqueguinee.com\/wp-content\/uploads\/2024\/05\/Fonike-Mengue-Prix.jpg?resize=700%2C806&amp;ssl=1\" alt=\"\" class=\"wp-image-290529\"\/><\/figure>\n<\/div>\n\n\n<p>Le r\u00e9cipiendaire de ce prestigieux prix le \u00ab&nbsp;d\u00e9die \u00e0 tous les camarades militants pro-d\u00e9mocratie, les victimes et leurs familles tomb\u00e9es sous les balles assassines de l\u2019arm\u00e9e guin\u00e9enne&nbsp;\u00bb.<\/p>\n\n\n<div class=\"wp-block-image\">\n<figure class=\"aligncenter\"><img decoding=\"async\" src=\"https:\/\/i0.wp.com\/mosaiqueguinee.com\/wp-content\/uploads\/2024\/05\/Fonike-Mengue-1.jpg?resize=700%2C602&amp;ssl=1\" alt=\"\" class=\"wp-image-290530\"\/><\/figure>\n<\/div>\n\n\n<p>\u00c0 la structure par le prix From l\u2019Axe \u00c9vents HONOR, Fonik\u00e9 Mangu\u00e8 exprime toute sa gratitude et sa reconnaissance.<\/p>\n\n\n\n<p><strong>Mosaiqueguinee.com<\/strong><\/p>\n","protected":false},"excerpt":{"rendered":"<p>Le coordinateur du Front national pour la d\u00e9fense de la Constitution (FNDC) Oumar Sylla alias Fonik\u00e9 a \u00e9t\u00e9 gratifi\u00e9 le samedi 11 mai en Allemagne. Il s\u2019agit du prix From l\u2019Axe \u00c9vents HONOR qui a d\u00e9cid\u00e9 de c\u00e9l\u00e9brer l\u2019activiste cette ann\u00e9e. Cette distinction est une r\u00e9compense de l\u2019engagement en faveur de la libert\u00e9 et de [&hellip;]<\/p>\n","protected":false},"author":2,"featured_media":3719,"comment_status":"open","ping_status":"open","sticky":false,"template":"","format":"standard","meta":{"footnotes":""},"categories":[618],"tags":[],"class_list":["post-3718","post","type-post","status-publish","format-standard","has-post-thumbnail","hentry","category-merite"],"yoast_head":"<!-- This site is optimized with the Yoast SEO plugin v26.8 - https:\/\/yoast.com\/product\/yoast-seo-wordpress\/ -->\n<title>Allemagne : le coordinateur du FNDC Fonik\u00e9 Mangu\u00e8 distingu\u00e9 par le prix From l\u2019Axe \u00c9vents HONOR - leprojecteurguinee<\/title>\n<meta name=\"robots\" content=\"index, follow, max-snippet:-1, max-image-preview:large, max-video-preview:-1\" \/>\n<link rel=\"canonical\" href=\"https:\/\/www.leprojecteurguinee.com\/index.php\/2024\/05\/13\/allemagne-le-coordinateur-du-fndc-fonike-mangue-distingue-par-le-prix-from-laxe-events-honor\/\" \/>\n<meta property=\"og:locale\" content=\"fr_FR\" \/>\n<meta property=\"og:type\" content=\"article\" \/>\n<meta property=\"og:title\" content=\"Allemagne : le coordinateur du FNDC Fonik\u00e9 Mangu\u00e8 distingu\u00e9 par le prix From l\u2019Axe \u00c9vents HONOR - leprojecteurguinee\" \/>\n<meta property=\"og:description\" content=\"Le coordinateur du Front national pour la d\u00e9fense de la Constitution (FNDC) Oumar Sylla alias Fonik\u00e9 a \u00e9t\u00e9 gratifi\u00e9 le samedi 11 mai en Allemagne. Il s\u2019agit du prix From l\u2019Axe \u00c9vents HONOR qui a d\u00e9cid\u00e9 de c\u00e9l\u00e9brer l\u2019activiste cette ann\u00e9e. Cette distinction est une r\u00e9compense de l\u2019engagement en faveur de la libert\u00e9 et de [&hellip;]\" \/>\n<meta property=\"og:url\" content=\"https:\/\/www.leprojecteurguinee.com\/index.php\/2024\/05\/13\/allemagne-le-coordinateur-du-fndc-fonike-mangue-distingue-par-le-prix-from-laxe-events-honor\/\" \/>\n<meta property=\"og:site_name\" content=\"leprojecteurguinee\" \/>\n<meta property=\"article:published_time\" content=\"2024-05-13T21:37:03+00:00\" \/>\n<meta property=\"article:modified_time\" content=\"2024-05-13T21:37:05+00:00\" \/>\n<meta property=\"og:image\" content=\"https:\/\/www.leprojecteurguinee.com\/wp-content\/uploads\/2024\/05\/Fonike-Mengue.webp\" \/>\n\t<meta property=\"og:image:width\" content=\"700\" \/>\n\t<meta property=\"og:image:height\" content=\"375\" \/>\n\t<meta property=\"og:image:type\" content=\"image\/webp\" \/>\n<meta name=\"author\" content=\"www.leprojecteurguinee.com\" \/>\n<meta name=\"twitter:card\" content=\"summary_large_image\" \/>\n<meta name=\"twitter:label1\" content=\"\u00c9crit par\" \/>\n\t<meta name=\"twitter:data1\" content=\"www.leprojecteurguinee.com\" \/>\n\t<meta name=\"twitter:label2\" content=\"Dur\u00e9e de lecture estim\u00e9e\" \/>\n\t<meta name=\"twitter:data2\" content=\"2 minutes\" \/>\n<script type=\"application\/ld+json\" class=\"yoast-schema-graph\">{\"@context\":\"https:\/\/schema.org\",\"@graph\":[{\"@type\":\"Article\",\"@id\":\"https:\/\/www.leprojecteurguinee.com\/index.php\/2024\/05\/13\/allemagne-le-coordinateur-du-fndc-fonike-mangue-distingue-par-le-prix-from-laxe-events-honor\/#article\",\"isPartOf\":{\"@id\":\"https:\/\/www.leprojecteurguinee.com\/index.php\/2024\/05\/13\/allemagne-le-coordinateur-du-fndc-fonike-mangue-distingue-par-le-prix-from-laxe-events-honor\/\"},\"author\":{\"name\":\"www.leprojecteurguinee.com\",\"@id\":\"https:\/\/www.leprojecteurguinee.com\/#\/schema\/person\/c9d1602e593b11af0b295bdf5e12a59a\"},\"headline\":\"Allemagne : le coordinateur du FNDC Fonik\u00e9 Mangu\u00e8 distingu\u00e9 par le prix From l\u2019Axe \u00c9vents HONOR\",\"datePublished\":\"2024-05-13T21:37:03+00:00\",\"dateModified\":\"2024-05-13T21:37:05+00:00\",\"mainEntityOfPage\":{\"@id\":\"https:\/\/www.leprojecteurguinee.com\/index.php\/2024\/05\/13\/allemagne-le-coordinateur-du-fndc-fonike-mangue-distingue-par-le-prix-from-laxe-events-honor\/\"},\"wordCount\":155,\"commentCount\":0,\"image\":{\"@id\":\"https:\/\/www.leprojecteurguinee.com\/index.php\/2024\/05\/13\/allemagne-le-coordinateur-du-fndc-fonike-mangue-distingue-par-le-prix-from-laxe-events-honor\/#primaryimage\"},\"thumbnailUrl\":\"https:\/\/www.leprojecteurguinee.com\/wp-content\/uploads\/2024\/05\/Fonike-Mengue.webp\",\"articleSection\":[\"M\u00e9rite\"],\"inLanguage\":\"fr-FR\",\"potentialAction\":[{\"@type\":\"CommentAction\",\"name\":\"Comment\",\"target\":[\"https:\/\/www.leprojecteurguinee.com\/index.php\/2024\/05\/13\/allemagne-le-coordinateur-du-fndc-fonike-mangue-distingue-par-le-prix-from-laxe-events-honor\/#respond\"]}]},{\"@type\":\"WebPage\",\"@id\":\"https:\/\/www.leprojecteurguinee.com\/index.php\/2024\/05\/13\/allemagne-le-coordinateur-du-fndc-fonike-mangue-distingue-par-le-prix-from-laxe-events-honor\/\",\"url\":\"https:\/\/www.leprojecteurguinee.com\/index.php\/2024\/05\/13\/allemagne-le-coordinateur-du-fndc-fonike-mangue-distingue-par-le-prix-from-laxe-events-honor\/\",\"name\":\"Allemagne : le coordinateur du FNDC Fonik\u00e9 Mangu\u00e8 distingu\u00e9 par le prix From l\u2019Axe \u00c9vents HONOR - leprojecteurguinee\",\"isPartOf\":{\"@id\":\"https:\/\/www.leprojecteurguinee.com\/#website\"},\"primaryImageOfPage\":{\"@id\":\"https:\/\/www.leprojecteurguinee.com\/index.php\/2024\/05\/13\/allemagne-le-coordinateur-du-fndc-fonike-mangue-distingue-par-le-prix-from-laxe-events-honor\/#primaryimage\"},\"image\":{\"@id\":\"https:\/\/www.leprojecteurguinee.com\/index.php\/2024\/05\/13\/allemagne-le-coordinateur-du-fndc-fonike-mangue-distingue-par-le-prix-from-laxe-events-honor\/#primaryimage\"},\"thumbnailUrl\":\"https:\/\/www.leprojecteurguinee.com\/wp-content\/uploads\/2024\/05\/Fonike-Mengue.webp\",\"datePublished\":\"2024-05-13T21:37:03+00:00\",\"dateModified\":\"2024-05-13T21:37:05+00:00\",\"author\":{\"@id\":\"https:\/\/www.leprojecteurguinee.com\/#\/schema\/person\/c9d1602e593b11af0b295bdf5e12a59a\"},\"breadcrumb\":{\"@id\":\"https:\/\/www.leprojecteurguinee.com\/index.php\/2024\/05\/13\/allemagne-le-coordinateur-du-fndc-fonike-mangue-distingue-par-le-prix-from-laxe-events-honor\/#breadcrumb\"},\"inLanguage\":\"fr-FR\",\"potentialAction\":[{\"@type\":\"ReadAction\",\"target\":[\"https:\/\/www.leprojecteurguinee.com\/index.php\/2024\/05\/13\/allemagne-le-coordinateur-du-fndc-fonike-mangue-distingue-par-le-prix-from-laxe-events-honor\/\"]}]},{\"@type\":\"ImageObject\",\"inLanguage\":\"fr-FR\",\"@id\":\"https:\/\/www.leprojecteurguinee.com\/index.php\/2024\/05\/13\/allemagne-le-coordinateur-du-fndc-fonike-mangue-distingue-par-le-prix-from-laxe-events-honor\/#primaryimage\",\"url\":\"https:\/\/www.leprojecteurguinee.com\/wp-content\/uploads\/2024\/05\/Fonike-Mengue.webp\",\"contentUrl\":\"https:\/\/www.leprojecteurguinee.com\/wp-content\/uploads\/2024\/05\/Fonike-Mengue.webp\",\"width\":700,\"height\":375},{\"@type\":\"BreadcrumbList\",\"@id\":\"https:\/\/www.leprojecteurguinee.com\/index.php\/2024\/05\/13\/allemagne-le-coordinateur-du-fndc-fonike-mangue-distingue-par-le-prix-from-laxe-events-honor\/#breadcrumb\",\"itemListElement\":[{\"@type\":\"ListItem\",\"position\":1,\"name\":\"Accueil\",\"item\":\"https:\/\/www.leprojecteurguinee.com\/\"},{\"@type\":\"ListItem\",\"position\":2,\"name\":\"Allemagne : le coordinateur du FNDC Fonik\u00e9 Mangu\u00e8 distingu\u00e9 par le prix From l\u2019Axe \u00c9vents HONOR\"}]},{\"@type\":\"WebSite\",\"@id\":\"https:\/\/www.leprojecteurguinee.com\/#website\",\"url\":\"https:\/\/www.leprojecteurguinee.com\/\",\"name\":\"leprojecteurguinee\",\"description\":\"Nous luttons contre les pratiques obscures\",\"potentialAction\":[{\"@type\":\"SearchAction\",\"target\":{\"@type\":\"EntryPoint\",\"urlTemplate\":\"https:\/\/www.leprojecteurguinee.com\/?s={search_term_string}\"},\"query-input\":{\"@type\":\"PropertyValueSpecification\",\"valueRequired\":true,\"valueName\":\"search_term_string\"}}],\"inLanguage\":\"fr-FR\"},{\"@type\":\"Person\",\"@id\":\"https:\/\/www.leprojecteurguinee.com\/#\/schema\/person\/c9d1602e593b11af0b295bdf5e12a59a\",\"name\":\"www.leprojecteurguinee.com\",\"image\":{\"@type\":\"ImageObject\",\"inLanguage\":\"fr-FR\",\"@id\":\"https:\/\/www.leprojecteurguinee.com\/#\/schema\/person\/image\/\",\"url\":\"https:\/\/secure.gravatar.com\/avatar\/d73703fcd03dcba36d2bb23326e491935423a46800f1ebf8f61b70e62b70e55a?s=96&d=mm&r=g\",\"contentUrl\":\"https:\/\/secure.gravatar.com\/avatar\/d73703fcd03dcba36d2bb23326e491935423a46800f1ebf8f61b70e62b70e55a?s=96&d=mm&r=g\",\"caption\":\"www.leprojecteurguinee.com\"},\"description\":\"Administrateur G\u00e9n\u00e9ral\",\"sameAs\":[\"http:\/\/www.leprojeceteurguinee.com\"],\"url\":\"https:\/\/www.leprojecteurguinee.com\/index.php\/author\/fadigagn\/\"}]}<\/script>\n<!-- \/ Yoast SEO plugin. -->","yoast_head_json":{"title":"Allemagne : le coordinateur du FNDC Fonik\u00e9 Mangu\u00e8 distingu\u00e9 par le prix From l\u2019Axe \u00c9vents HONOR - leprojecteurguinee","robots":{"index":"index","follow":"follow","max-snippet":"max-snippet:-1","max-image-preview":"max-image-preview:large","max-video-preview":"max-video-preview:-1"},"canonical":"https:\/\/www.leprojecteurguinee.com\/index.php\/2024\/05\/13\/allemagne-le-coordinateur-du-fndc-fonike-mangue-distingue-par-le-prix-from-laxe-events-honor\/","og_locale":"fr_FR","og_type":"article","og_title":"Allemagne : le coordinateur du FNDC Fonik\u00e9 Mangu\u00e8 distingu\u00e9 par le prix From l\u2019Axe \u00c9vents HONOR - leprojecteurguinee","og_description":"Le coordinateur du Front national pour la d\u00e9fense de la Constitution (FNDC) Oumar Sylla alias Fonik\u00e9 a \u00e9t\u00e9 gratifi\u00e9 le samedi 11 mai en Allemagne. Il s\u2019agit du prix From l\u2019Axe \u00c9vents HONOR qui a d\u00e9cid\u00e9 de c\u00e9l\u00e9brer l\u2019activiste cette ann\u00e9e. Cette distinction est une r\u00e9compense de l\u2019engagement en faveur de la libert\u00e9 et de [&hellip;]","og_url":"https:\/\/www.leprojecteurguinee.com\/index.php\/2024\/05\/13\/allemagne-le-coordinateur-du-fndc-fonike-mangue-distingue-par-le-prix-from-laxe-events-honor\/","og_site_name":"leprojecteurguinee","article_published_time":"2024-05-13T21:37:03+00:00","article_modified_time":"2024-05-13T21:37:05+00:00","og_image":[{"width":700,"height":375,"url":"https:\/\/www.leprojecteurguinee.com\/wp-content\/uploads\/2024\/05\/Fonike-Mengue.webp","type":"image\/webp"}],"author":"www.leprojecteurguinee.com","twitter_card":"summary_large_image","twitter_misc":{"\u00c9crit par":"www.leprojecteurguinee.com","Dur\u00e9e de lecture estim\u00e9e":"2 minutes"},"schema":{"@context":"https:\/\/schema.org","@graph":[{"@type":"Article","@id":"https:\/\/www.leprojecteurguinee.com\/index.php\/2024\/05\/13\/allemagne-le-coordinateur-du-fndc-fonike-mangue-distingue-par-le-prix-from-laxe-events-honor\/#article","isPartOf":{"@id":"https:\/\/www.leprojecteurguinee.com\/index.php\/2024\/05\/13\/allemagne-le-coordinateur-du-fndc-fonike-mangue-distingue-par-le-prix-from-laxe-events-honor\/"},"author":{"name":"www.leprojecteurguinee.com","@id":"https:\/\/www.leprojecteurguinee.com\/#\/schema\/person\/c9d1602e593b11af0b295bdf5e12a59a"},"headline":"Allemagne : le coordinateur du FNDC Fonik\u00e9 Mangu\u00e8 distingu\u00e9 par le prix From l\u2019Axe \u00c9vents HONOR","datePublished":"2024-05-13T21:37:03+00:00","dateModified":"2024-05-13T21:37:05+00:00","mainEntityOfPage":{"@id":"https:\/\/www.leprojecteurguinee.com\/index.php\/2024\/05\/13\/allemagne-le-coordinateur-du-fndc-fonike-mangue-distingue-par-le-prix-from-laxe-events-honor\/"},"wordCount":155,"commentCount":0,"image":{"@id":"https:\/\/www.leprojecteurguinee.com\/index.php\/2024\/05\/13\/allemagne-le-coordinateur-du-fndc-fonike-mangue-distingue-par-le-prix-from-laxe-events-honor\/#primaryimage"},"thumbnailUrl":"https:\/\/www.leprojecteurguinee.com\/wp-content\/uploads\/2024\/05\/Fonike-Mengue.webp","articleSection":["M\u00e9rite"],"inLanguage":"fr-FR","potentialAction":[{"@type":"CommentAction","name":"Comment","target":["https:\/\/www.leprojecteurguinee.com\/index.php\/2024\/05\/13\/allemagne-le-coordinateur-du-fndc-fonike-mangue-distingue-par-le-prix-from-laxe-events-honor\/#respond"]}]},{"@type":"WebPage","@id":"https:\/\/www.leprojecteurguinee.com\/index.php\/2024\/05\/13\/allemagne-le-coordinateur-du-fndc-fonike-mangue-distingue-par-le-prix-from-laxe-events-honor\/","url":"https:\/\/www.leprojecteurguinee.com\/index.php\/2024\/05\/13\/allemagne-le-coordinateur-du-fndc-fonike-mangue-distingue-par-le-prix-from-laxe-events-honor\/","name":"Allemagne : le coordinateur du FNDC Fonik\u00e9 Mangu\u00e8 distingu\u00e9 par le prix From l\u2019Axe \u00c9vents HONOR - leprojecteurguinee","isPartOf":{"@id":"https:\/\/www.leprojecteurguinee.com\/#website"},"primaryImageOfPage":{"@id":"https:\/\/www.leprojecteurguinee.com\/index.php\/2024\/05\/13\/allemagne-le-coordinateur-du-fndc-fonike-mangue-distingue-par-le-prix-from-laxe-events-honor\/#primaryimage"},"image":{"@id":"https:\/\/www.leprojecteurguinee.com\/index.php\/2024\/05\/13\/allemagne-le-coordinateur-du-fndc-fonike-mangue-distingue-par-le-prix-from-laxe-events-honor\/#primaryimage"},"thumbnailUrl":"https:\/\/www.leprojecteurguinee.com\/wp-content\/uploads\/2024\/05\/Fonike-Mengue.webp","datePublished":"2024-05-13T21:37:03+00:00","dateModified":"2024-05-13T21:37:05+00:00","author":{"@id":"https:\/\/www.leprojecteurguinee.com\/#\/schema\/person\/c9d1602e593b11af0b295bdf5e12a59a"},"breadcrumb":{"@id":"https:\/\/www.leprojecteurguinee.com\/index.php\/2024\/05\/13\/allemagne-le-coordinateur-du-fndc-fonike-mangue-distingue-par-le-prix-from-laxe-events-honor\/#breadcrumb"},"inLanguage":"fr-FR","potentialAction":[{"@type":"ReadAction","target":["https:\/\/www.leprojecteurguinee.com\/index.php\/2024\/05\/13\/allemagne-le-coordinateur-du-fndc-fonike-mangue-distingue-par-le-prix-from-laxe-events-honor\/"]}]},{"@type":"ImageObject","inLanguage":"fr-FR","@id":"https:\/\/www.leprojecteurguinee.com\/index.php\/2024\/05\/13\/allemagne-le-coordinateur-du-fndc-fonike-mangue-distingue-par-le-prix-from-laxe-events-honor\/#primaryimage","url":"https:\/\/www.leprojecteurguinee.com\/wp-content\/uploads\/2024\/05\/Fonike-Mengue.webp","contentUrl":"https:\/\/www.leprojecteurguinee.com\/wp-content\/uploads\/2024\/05\/Fonike-Mengue.webp","width":700,"height":375},{"@type":"BreadcrumbList","@id":"https:\/\/www.leprojecteurguinee.com\/index.php\/2024\/05\/13\/allemagne-le-coordinateur-du-fndc-fonike-mangue-distingue-par-le-prix-from-laxe-events-honor\/#breadcrumb","itemListElement":[{"@type":"ListItem","position":1,"name":"Accueil","item":"https:\/\/www.leprojecteurguinee.com\/"},{"@type":"ListItem","position":2,"name":"Allemagne : le coordinateur du FNDC Fonik\u00e9 Mangu\u00e8 distingu\u00e9 par le prix From l\u2019Axe \u00c9vents HONOR"}]},{"@type":"WebSite","@id":"https:\/\/www.leprojecteurguinee.com\/#website","url":"https:\/\/www.leprojecteurguinee.com\/","name":"leprojecteurguinee","description":"Nous luttons contre les pratiques obscures","potentialAction":[{"@type":"SearchAction","target":{"@type":"EntryPoint","urlTemplate":"https:\/\/www.leprojecteurguinee.com\/?s={search_term_string}"},"query-input":{"@type":"PropertyValueSpecification","valueRequired":true,"valueName":"search_term_string"}}],"inLanguage":"fr-FR"},{"@type":"Person","@id":"https:\/\/www.leprojecteurguinee.com\/#\/schema\/person\/c9d1602e593b11af0b295bdf5e12a59a","name":"www.leprojecteurguinee.com","image":{"@type":"ImageObject","inLanguage":"fr-FR","@id":"https:\/\/www.leprojecteurguinee.com\/#\/schema\/person\/image\/","url":"https:\/\/secure.gravatar.com\/avatar\/d73703fcd03dcba36d2bb23326e491935423a46800f1ebf8f61b70e62b70e55a?s=96&d=mm&r=g","contentUrl":"https:\/\/secure.gravatar.com\/avatar\/d73703fcd03dcba36d2bb23326e491935423a46800f1ebf8f61b70e62b70e55a?s=96&d=mm&r=g","caption":"www.leprojecteurguinee.com"},"description":"Administrateur G\u00e9n\u00e9ral","sameAs":["http:\/\/www.leprojeceteurguinee.com"],"url":"https:\/\/www.leprojecteurguinee.com\/index.php\/author\/fadigagn\/"}]}},"_links":{"self":[{"href":"https:\/\/www.leprojecteurguinee.com\/index.php\/wp-json\/wp\/v2\/posts\/3718","targetHints":{"allow":["GET"]}}],"collection":[{"href":"https:\/\/www.leprojecteurguinee.com\/index.php\/wp-json\/wp\/v2\/posts"}],"about":[{"href":"https:\/\/www.leprojecteurguinee.com\/index.php\/wp-json\/wp\/v2\/types\/post"}],"author":[{"embeddable":true,"href":"https:\/\/www.leprojecteurguinee.com\/index.php\/wp-json\/wp\/v2\/users\/2"}],"replies":[{"embeddable":true,"href":"https:\/\/www.leprojecteurguinee.com\/index.php\/wp-json\/wp\/v2\/comments?post=3718"}],"version-history":[{"count":0,"href":"https:\/\/www.leprojecteurguinee.com\/index.php\/wp-json\/wp\/v2\/posts\/3718\/revisions"}],"wp:featuredmedia":[{"embeddable":true,"href":"https:\/\/www.leprojecteurguinee.com\/index.php\/wp-json\/wp\/v2\/media\/3719"}],"wp:attachment":[{"href":"https:\/\/www.leprojecteurguinee.com\/index.php\/wp-json\/wp\/v2\/media?parent=3718"}],"wp:term":[{"taxonomy":"category","embeddable":true,"href":"https:\/\/www.leprojecteurguinee.com\/index.php\/wp-json\/wp\/v2\/categories?post=3718"},{"taxonomy":"post_tag","embeddable":true,"href":"https:\/\/www.leprojecteurguinee.com\/index.php\/wp-json\/wp\/v2\/tags?post=3718"}],"curies":[{"name":"wp","href":"https:\/\/api.w.org\/{rel}","templated":true}]}}