{"id":3713,"date":"2024-05-13T19:44:34","date_gmt":"2024-05-13T19:44:34","guid":{"rendered":"https:\/\/www.leprojecteurguinee.com\/?p=3713"},"modified":"2024-05-13T19:44:35","modified_gmt":"2024-05-13T19:44:35","slug":"dansa-kourouma-nous-ne-sommes-pas-la-pour-le-general-doumbouya-et-son-groupe-nous-sommes-la-pour-la-guinee","status":"publish","type":"post","link":"https:\/\/www.leprojecteurguinee.com\/index.php\/2024\/05\/13\/dansa-kourouma-nous-ne-sommes-pas-la-pour-le-general-doumbouya-et-son-groupe-nous-sommes-la-pour-la-guinee\/","title":{"rendered":"Dansa Kourouma : \u00ab\u00a0Nous ne sommes pas l\u00e0 pour le G\u00e9n\u00e9ral Doumbouya et son groupe. Nous sommes l\u00e0 pour la Guin\u00e9e\u2026\u00a0\u00bb"},"content":{"rendered":"\n<p><strong>Dans une courte vid\u00e9o, Dr Dansa Kourouma, Pr\u00e9sident du Conseil National de la Transition (CNT) s\u2019est exprim\u00e9 sur l\u2019\u00e9laboration d\u2019une nouvelle constitution devant aboutir \u00e0 l\u2019\u00e9lection pr\u00e9sidentielle en Guin\u00e9e, en langue soussou, s\u2019est exprim\u00e9 en ces termes :&nbsp;<\/strong><\/p>\n\n\n\n<p><strong>\u00ab&nbsp;c\u2019est la v\u00e9rit\u00e9 qui est difficile plus que toutes les choses au monde. Les guin\u00e9ens doivent savoir que nous, nous avons pris serment sur le Coran de ne pas trahir le pays. Nous ne sommes pas l\u00e0 pour une seule personne, pour la lutte pour une seule personne, pour un groupe, une ethnie ou pour une r\u00e9gion. Nous sommes l\u00e0 pour la Guin\u00e9e. Nous luttons pour la Guin\u00e9e pour qu\u2019au sortir de cette transition et qu\u2019on parle d\u2019\u00e9lections pour que la cour constitutionnelle puisse d\u00e9clarer celui qui a \u00e9t\u00e9 \u00e9lu par les guin\u00e9ens mais que cela soit possible il faut que les lois soient appliqu\u00e9es \u00e0 la lettre dans la sinc\u00e9rit\u00e9 et la v\u00e9rit\u00e9.&nbsp;\u00bb.<\/strong><\/p>\n\n\n\n<p>Aboubacar Fall<\/p>\n","protected":false},"excerpt":{"rendered":"<p>Dans une courte vid\u00e9o, Dr Dansa Kourouma, Pr\u00e9sident du Conseil National de la Transition (CNT) s\u2019est exprim\u00e9 sur l\u2019\u00e9laboration d\u2019une nouvelle constitution devant aboutir \u00e0 l\u2019\u00e9lection pr\u00e9sidentielle en Guin\u00e9e, en langue soussou, s\u2019est exprim\u00e9 en ces termes :&nbsp; \u00ab&nbsp;c\u2019est la v\u00e9rit\u00e9 qui est difficile plus que toutes les choses au monde. Les guin\u00e9ens doivent savoir [&hellip;]<\/p>\n","protected":false},"author":2,"featured_media":3714,"comment_status":"open","ping_status":"open","sticky":false,"template":"","format":"standard","meta":{"footnotes":""},"categories":[20],"tags":[],"class_list":["post-3713","post","type-post","status-publish","format-standard","has-post-thumbnail","hentry","category-societe"],"yoast_head":"<!-- This site is optimized with the Yoast SEO plugin v26.8 - https:\/\/yoast.com\/product\/yoast-seo-wordpress\/ -->\n<title>Dansa Kourouma : \u00ab\u00a0Nous ne sommes pas l\u00e0 pour le G\u00e9n\u00e9ral Doumbouya et son groupe. Nous sommes l\u00e0 pour la Guin\u00e9e\u2026\u00a0\u00bb - leprojecteurguinee<\/title>\n<meta name=\"robots\" content=\"index, follow, max-snippet:-1, max-image-preview:large, max-video-preview:-1\" \/>\n<link rel=\"canonical\" href=\"https:\/\/www.leprojecteurguinee.com\/index.php\/2024\/05\/13\/dansa-kourouma-nous-ne-sommes-pas-la-pour-le-general-doumbouya-et-son-groupe-nous-sommes-la-pour-la-guinee\/\" \/>\n<meta property=\"og:locale\" content=\"fr_FR\" \/>\n<meta property=\"og:type\" content=\"article\" \/>\n<meta property=\"og:title\" content=\"Dansa Kourouma : \u00ab\u00a0Nous ne sommes pas l\u00e0 pour le G\u00e9n\u00e9ral Doumbouya et son groupe. Nous sommes l\u00e0 pour la Guin\u00e9e\u2026\u00a0\u00bb - leprojecteurguinee\" \/>\n<meta property=\"og:description\" content=\"Dans une courte vid\u00e9o, Dr Dansa Kourouma, Pr\u00e9sident du Conseil National de la Transition (CNT) s\u2019est exprim\u00e9 sur l\u2019\u00e9laboration d\u2019une nouvelle constitution devant aboutir \u00e0 l\u2019\u00e9lection pr\u00e9sidentielle en Guin\u00e9e, en langue soussou, s\u2019est exprim\u00e9 en ces termes :&nbsp; \u00ab&nbsp;c\u2019est la v\u00e9rit\u00e9 qui est difficile plus que toutes les choses au monde. Les guin\u00e9ens doivent savoir [&hellip;]\" \/>\n<meta property=\"og:url\" content=\"https:\/\/www.leprojecteurguinee.com\/index.php\/2024\/05\/13\/dansa-kourouma-nous-ne-sommes-pas-la-pour-le-general-doumbouya-et-son-groupe-nous-sommes-la-pour-la-guinee\/\" \/>\n<meta property=\"og:site_name\" content=\"leprojecteurguinee\" \/>\n<meta property=\"article:published_time\" content=\"2024-05-13T19:44:34+00:00\" \/>\n<meta property=\"article:modified_time\" content=\"2024-05-13T19:44:35+00:00\" \/>\n<meta property=\"og:image\" content=\"https:\/\/www.leprojecteurguinee.com\/wp-content\/uploads\/2024\/05\/9465B37E-3A46-4451-91DC-1806C3DCC750.jpeg\" \/>\n\t<meta property=\"og:image:width\" content=\"719\" \/>\n\t<meta property=\"og:image:height\" content=\"480\" \/>\n\t<meta property=\"og:image:type\" content=\"image\/jpeg\" \/>\n<meta name=\"author\" content=\"www.leprojecteurguinee.com\" \/>\n<meta name=\"twitter:card\" content=\"summary_large_image\" \/>\n<meta name=\"twitter:label1\" content=\"\u00c9crit par\" \/>\n\t<meta name=\"twitter:data1\" content=\"www.leprojecteurguinee.com\" \/>\n\t<meta name=\"twitter:label2\" content=\"Dur\u00e9e de lecture estim\u00e9e\" \/>\n\t<meta name=\"twitter:data2\" content=\"1 minute\" \/>\n<script type=\"application\/ld+json\" class=\"yoast-schema-graph\">{\"@context\":\"https:\/\/schema.org\",\"@graph\":[{\"@type\":\"Article\",\"@id\":\"https:\/\/www.leprojecteurguinee.com\/index.php\/2024\/05\/13\/dansa-kourouma-nous-ne-sommes-pas-la-pour-le-general-doumbouya-et-son-groupe-nous-sommes-la-pour-la-guinee\/#article\",\"isPartOf\":{\"@id\":\"https:\/\/www.leprojecteurguinee.com\/index.php\/2024\/05\/13\/dansa-kourouma-nous-ne-sommes-pas-la-pour-le-general-doumbouya-et-son-groupe-nous-sommes-la-pour-la-guinee\/\"},\"author\":{\"name\":\"www.leprojecteurguinee.com\",\"@id\":\"https:\/\/www.leprojecteurguinee.com\/#\/schema\/person\/c9d1602e593b11af0b295bdf5e12a59a\"},\"headline\":\"Dansa Kourouma : \u00ab\u00a0Nous ne sommes pas l\u00e0 pour le G\u00e9n\u00e9ral Doumbouya et son groupe. Nous sommes l\u00e0 pour la Guin\u00e9e\u2026\u00a0\u00bb\",\"datePublished\":\"2024-05-13T19:44:34+00:00\",\"dateModified\":\"2024-05-13T19:44:35+00:00\",\"mainEntityOfPage\":{\"@id\":\"https:\/\/www.leprojecteurguinee.com\/index.php\/2024\/05\/13\/dansa-kourouma-nous-ne-sommes-pas-la-pour-le-general-doumbouya-et-son-groupe-nous-sommes-la-pour-la-guinee\/\"},\"wordCount\":200,\"commentCount\":0,\"image\":{\"@id\":\"https:\/\/www.leprojecteurguinee.com\/index.php\/2024\/05\/13\/dansa-kourouma-nous-ne-sommes-pas-la-pour-le-general-doumbouya-et-son-groupe-nous-sommes-la-pour-la-guinee\/#primaryimage\"},\"thumbnailUrl\":\"https:\/\/www.leprojecteurguinee.com\/wp-content\/uploads\/2024\/05\/9465B37E-3A46-4451-91DC-1806C3DCC750.jpeg\",\"articleSection\":[\"Soci\u00e9t\u00e9\"],\"inLanguage\":\"fr-FR\",\"potentialAction\":[{\"@type\":\"CommentAction\",\"name\":\"Comment\",\"target\":[\"https:\/\/www.leprojecteurguinee.com\/index.php\/2024\/05\/13\/dansa-kourouma-nous-ne-sommes-pas-la-pour-le-general-doumbouya-et-son-groupe-nous-sommes-la-pour-la-guinee\/#respond\"]}]},{\"@type\":\"WebPage\",\"@id\":\"https:\/\/www.leprojecteurguinee.com\/index.php\/2024\/05\/13\/dansa-kourouma-nous-ne-sommes-pas-la-pour-le-general-doumbouya-et-son-groupe-nous-sommes-la-pour-la-guinee\/\",\"url\":\"https:\/\/www.leprojecteurguinee.com\/index.php\/2024\/05\/13\/dansa-kourouma-nous-ne-sommes-pas-la-pour-le-general-doumbouya-et-son-groupe-nous-sommes-la-pour-la-guinee\/\",\"name\":\"Dansa Kourouma : \u00ab\u00a0Nous ne sommes pas l\u00e0 pour le G\u00e9n\u00e9ral Doumbouya et son groupe. Nous sommes l\u00e0 pour la Guin\u00e9e\u2026\u00a0\u00bb - leprojecteurguinee\",\"isPartOf\":{\"@id\":\"https:\/\/www.leprojecteurguinee.com\/#website\"},\"primaryImageOfPage\":{\"@id\":\"https:\/\/www.leprojecteurguinee.com\/index.php\/2024\/05\/13\/dansa-kourouma-nous-ne-sommes-pas-la-pour-le-general-doumbouya-et-son-groupe-nous-sommes-la-pour-la-guinee\/#primaryimage\"},\"image\":{\"@id\":\"https:\/\/www.leprojecteurguinee.com\/index.php\/2024\/05\/13\/dansa-kourouma-nous-ne-sommes-pas-la-pour-le-general-doumbouya-et-son-groupe-nous-sommes-la-pour-la-guinee\/#primaryimage\"},\"thumbnailUrl\":\"https:\/\/www.leprojecteurguinee.com\/wp-content\/uploads\/2024\/05\/9465B37E-3A46-4451-91DC-1806C3DCC750.jpeg\",\"datePublished\":\"2024-05-13T19:44:34+00:00\",\"dateModified\":\"2024-05-13T19:44:35+00:00\",\"author\":{\"@id\":\"https:\/\/www.leprojecteurguinee.com\/#\/schema\/person\/c9d1602e593b11af0b295bdf5e12a59a\"},\"breadcrumb\":{\"@id\":\"https:\/\/www.leprojecteurguinee.com\/index.php\/2024\/05\/13\/dansa-kourouma-nous-ne-sommes-pas-la-pour-le-general-doumbouya-et-son-groupe-nous-sommes-la-pour-la-guinee\/#breadcrumb\"},\"inLanguage\":\"fr-FR\",\"potentialAction\":[{\"@type\":\"ReadAction\",\"target\":[\"https:\/\/www.leprojecteurguinee.com\/index.php\/2024\/05\/13\/dansa-kourouma-nous-ne-sommes-pas-la-pour-le-general-doumbouya-et-son-groupe-nous-sommes-la-pour-la-guinee\/\"]}]},{\"@type\":\"ImageObject\",\"inLanguage\":\"fr-FR\",\"@id\":\"https:\/\/www.leprojecteurguinee.com\/index.php\/2024\/05\/13\/dansa-kourouma-nous-ne-sommes-pas-la-pour-le-general-doumbouya-et-son-groupe-nous-sommes-la-pour-la-guinee\/#primaryimage\",\"url\":\"https:\/\/www.leprojecteurguinee.com\/wp-content\/uploads\/2024\/05\/9465B37E-3A46-4451-91DC-1806C3DCC750.jpeg\",\"contentUrl\":\"https:\/\/www.leprojecteurguinee.com\/wp-content\/uploads\/2024\/05\/9465B37E-3A46-4451-91DC-1806C3DCC750.jpeg\",\"width\":719,\"height\":480},{\"@type\":\"BreadcrumbList\",\"@id\":\"https:\/\/www.leprojecteurguinee.com\/index.php\/2024\/05\/13\/dansa-kourouma-nous-ne-sommes-pas-la-pour-le-general-doumbouya-et-son-groupe-nous-sommes-la-pour-la-guinee\/#breadcrumb\",\"itemListElement\":[{\"@type\":\"ListItem\",\"position\":1,\"name\":\"Accueil\",\"item\":\"https:\/\/www.leprojecteurguinee.com\/\"},{\"@type\":\"ListItem\",\"position\":2,\"name\":\"Dansa Kourouma : \u00ab\u00a0Nous ne sommes pas l\u00e0 pour le G\u00e9n\u00e9ral Doumbouya et son groupe. Nous sommes l\u00e0 pour la Guin\u00e9e\u2026\u00a0\u00bb\"}]},{\"@type\":\"WebSite\",\"@id\":\"https:\/\/www.leprojecteurguinee.com\/#website\",\"url\":\"https:\/\/www.leprojecteurguinee.com\/\",\"name\":\"leprojecteurguinee\",\"description\":\"Nous luttons contre les pratiques obscures\",\"potentialAction\":[{\"@type\":\"SearchAction\",\"target\":{\"@type\":\"EntryPoint\",\"urlTemplate\":\"https:\/\/www.leprojecteurguinee.com\/?s={search_term_string}\"},\"query-input\":{\"@type\":\"PropertyValueSpecification\",\"valueRequired\":true,\"valueName\":\"search_term_string\"}}],\"inLanguage\":\"fr-FR\"},{\"@type\":\"Person\",\"@id\":\"https:\/\/www.leprojecteurguinee.com\/#\/schema\/person\/c9d1602e593b11af0b295bdf5e12a59a\",\"name\":\"www.leprojecteurguinee.com\",\"image\":{\"@type\":\"ImageObject\",\"inLanguage\":\"fr-FR\",\"@id\":\"https:\/\/www.leprojecteurguinee.com\/#\/schema\/person\/image\/\",\"url\":\"https:\/\/secure.gravatar.com\/avatar\/d73703fcd03dcba36d2bb23326e491935423a46800f1ebf8f61b70e62b70e55a?s=96&d=mm&r=g\",\"contentUrl\":\"https:\/\/secure.gravatar.com\/avatar\/d73703fcd03dcba36d2bb23326e491935423a46800f1ebf8f61b70e62b70e55a?s=96&d=mm&r=g\",\"caption\":\"www.leprojecteurguinee.com\"},\"description\":\"Administrateur G\u00e9n\u00e9ral\",\"sameAs\":[\"http:\/\/www.leprojeceteurguinee.com\"],\"url\":\"https:\/\/www.leprojecteurguinee.com\/index.php\/author\/fadigagn\/\"}]}<\/script>\n<!-- \/ Yoast SEO plugin. -->","yoast_head_json":{"title":"Dansa Kourouma : \u00ab\u00a0Nous ne sommes pas l\u00e0 pour le G\u00e9n\u00e9ral Doumbouya et son groupe. Nous sommes l\u00e0 pour la Guin\u00e9e\u2026\u00a0\u00bb - leprojecteurguinee","robots":{"index":"index","follow":"follow","max-snippet":"max-snippet:-1","max-image-preview":"max-image-preview:large","max-video-preview":"max-video-preview:-1"},"canonical":"https:\/\/www.leprojecteurguinee.com\/index.php\/2024\/05\/13\/dansa-kourouma-nous-ne-sommes-pas-la-pour-le-general-doumbouya-et-son-groupe-nous-sommes-la-pour-la-guinee\/","og_locale":"fr_FR","og_type":"article","og_title":"Dansa Kourouma : \u00ab\u00a0Nous ne sommes pas l\u00e0 pour le G\u00e9n\u00e9ral Doumbouya et son groupe. Nous sommes l\u00e0 pour la Guin\u00e9e\u2026\u00a0\u00bb - leprojecteurguinee","og_description":"Dans une courte vid\u00e9o, Dr Dansa Kourouma, Pr\u00e9sident du Conseil National de la Transition (CNT) s\u2019est exprim\u00e9 sur l\u2019\u00e9laboration d\u2019une nouvelle constitution devant aboutir \u00e0 l\u2019\u00e9lection pr\u00e9sidentielle en Guin\u00e9e, en langue soussou, s\u2019est exprim\u00e9 en ces termes :&nbsp; \u00ab&nbsp;c\u2019est la v\u00e9rit\u00e9 qui est difficile plus que toutes les choses au monde. Les guin\u00e9ens doivent savoir [&hellip;]","og_url":"https:\/\/www.leprojecteurguinee.com\/index.php\/2024\/05\/13\/dansa-kourouma-nous-ne-sommes-pas-la-pour-le-general-doumbouya-et-son-groupe-nous-sommes-la-pour-la-guinee\/","og_site_name":"leprojecteurguinee","article_published_time":"2024-05-13T19:44:34+00:00","article_modified_time":"2024-05-13T19:44:35+00:00","og_image":[{"width":719,"height":480,"url":"https:\/\/www.leprojecteurguinee.com\/wp-content\/uploads\/2024\/05\/9465B37E-3A46-4451-91DC-1806C3DCC750.jpeg","type":"image\/jpeg"}],"author":"www.leprojecteurguinee.com","twitter_card":"summary_large_image","twitter_misc":{"\u00c9crit par":"www.leprojecteurguinee.com","Dur\u00e9e de lecture estim\u00e9e":"1 minute"},"schema":{"@context":"https:\/\/schema.org","@graph":[{"@type":"Article","@id":"https:\/\/www.leprojecteurguinee.com\/index.php\/2024\/05\/13\/dansa-kourouma-nous-ne-sommes-pas-la-pour-le-general-doumbouya-et-son-groupe-nous-sommes-la-pour-la-guinee\/#article","isPartOf":{"@id":"https:\/\/www.leprojecteurguinee.com\/index.php\/2024\/05\/13\/dansa-kourouma-nous-ne-sommes-pas-la-pour-le-general-doumbouya-et-son-groupe-nous-sommes-la-pour-la-guinee\/"},"author":{"name":"www.leprojecteurguinee.com","@id":"https:\/\/www.leprojecteurguinee.com\/#\/schema\/person\/c9d1602e593b11af0b295bdf5e12a59a"},"headline":"Dansa Kourouma : \u00ab\u00a0Nous ne sommes pas l\u00e0 pour le G\u00e9n\u00e9ral Doumbouya et son groupe. Nous sommes l\u00e0 pour la Guin\u00e9e\u2026\u00a0\u00bb","datePublished":"2024-05-13T19:44:34+00:00","dateModified":"2024-05-13T19:44:35+00:00","mainEntityOfPage":{"@id":"https:\/\/www.leprojecteurguinee.com\/index.php\/2024\/05\/13\/dansa-kourouma-nous-ne-sommes-pas-la-pour-le-general-doumbouya-et-son-groupe-nous-sommes-la-pour-la-guinee\/"},"wordCount":200,"commentCount":0,"image":{"@id":"https:\/\/www.leprojecteurguinee.com\/index.php\/2024\/05\/13\/dansa-kourouma-nous-ne-sommes-pas-la-pour-le-general-doumbouya-et-son-groupe-nous-sommes-la-pour-la-guinee\/#primaryimage"},"thumbnailUrl":"https:\/\/www.leprojecteurguinee.com\/wp-content\/uploads\/2024\/05\/9465B37E-3A46-4451-91DC-1806C3DCC750.jpeg","articleSection":["Soci\u00e9t\u00e9"],"inLanguage":"fr-FR","potentialAction":[{"@type":"CommentAction","name":"Comment","target":["https:\/\/www.leprojecteurguinee.com\/index.php\/2024\/05\/13\/dansa-kourouma-nous-ne-sommes-pas-la-pour-le-general-doumbouya-et-son-groupe-nous-sommes-la-pour-la-guinee\/#respond"]}]},{"@type":"WebPage","@id":"https:\/\/www.leprojecteurguinee.com\/index.php\/2024\/05\/13\/dansa-kourouma-nous-ne-sommes-pas-la-pour-le-general-doumbouya-et-son-groupe-nous-sommes-la-pour-la-guinee\/","url":"https:\/\/www.leprojecteurguinee.com\/index.php\/2024\/05\/13\/dansa-kourouma-nous-ne-sommes-pas-la-pour-le-general-doumbouya-et-son-groupe-nous-sommes-la-pour-la-guinee\/","name":"Dansa Kourouma : \u00ab\u00a0Nous ne sommes pas l\u00e0 pour le G\u00e9n\u00e9ral Doumbouya et son groupe. Nous sommes l\u00e0 pour la Guin\u00e9e\u2026\u00a0\u00bb - leprojecteurguinee","isPartOf":{"@id":"https:\/\/www.leprojecteurguinee.com\/#website"},"primaryImageOfPage":{"@id":"https:\/\/www.leprojecteurguinee.com\/index.php\/2024\/05\/13\/dansa-kourouma-nous-ne-sommes-pas-la-pour-le-general-doumbouya-et-son-groupe-nous-sommes-la-pour-la-guinee\/#primaryimage"},"image":{"@id":"https:\/\/www.leprojecteurguinee.com\/index.php\/2024\/05\/13\/dansa-kourouma-nous-ne-sommes-pas-la-pour-le-general-doumbouya-et-son-groupe-nous-sommes-la-pour-la-guinee\/#primaryimage"},"thumbnailUrl":"https:\/\/www.leprojecteurguinee.com\/wp-content\/uploads\/2024\/05\/9465B37E-3A46-4451-91DC-1806C3DCC750.jpeg","datePublished":"2024-05-13T19:44:34+00:00","dateModified":"2024-05-13T19:44:35+00:00","author":{"@id":"https:\/\/www.leprojecteurguinee.com\/#\/schema\/person\/c9d1602e593b11af0b295bdf5e12a59a"},"breadcrumb":{"@id":"https:\/\/www.leprojecteurguinee.com\/index.php\/2024\/05\/13\/dansa-kourouma-nous-ne-sommes-pas-la-pour-le-general-doumbouya-et-son-groupe-nous-sommes-la-pour-la-guinee\/#breadcrumb"},"inLanguage":"fr-FR","potentialAction":[{"@type":"ReadAction","target":["https:\/\/www.leprojecteurguinee.com\/index.php\/2024\/05\/13\/dansa-kourouma-nous-ne-sommes-pas-la-pour-le-general-doumbouya-et-son-groupe-nous-sommes-la-pour-la-guinee\/"]}]},{"@type":"ImageObject","inLanguage":"fr-FR","@id":"https:\/\/www.leprojecteurguinee.com\/index.php\/2024\/05\/13\/dansa-kourouma-nous-ne-sommes-pas-la-pour-le-general-doumbouya-et-son-groupe-nous-sommes-la-pour-la-guinee\/#primaryimage","url":"https:\/\/www.leprojecteurguinee.com\/wp-content\/uploads\/2024\/05\/9465B37E-3A46-4451-91DC-1806C3DCC750.jpeg","contentUrl":"https:\/\/www.leprojecteurguinee.com\/wp-content\/uploads\/2024\/05\/9465B37E-3A46-4451-91DC-1806C3DCC750.jpeg","width":719,"height":480},{"@type":"BreadcrumbList","@id":"https:\/\/www.leprojecteurguinee.com\/index.php\/2024\/05\/13\/dansa-kourouma-nous-ne-sommes-pas-la-pour-le-general-doumbouya-et-son-groupe-nous-sommes-la-pour-la-guinee\/#breadcrumb","itemListElement":[{"@type":"ListItem","position":1,"name":"Accueil","item":"https:\/\/www.leprojecteurguinee.com\/"},{"@type":"ListItem","position":2,"name":"Dansa Kourouma : \u00ab\u00a0Nous ne sommes pas l\u00e0 pour le G\u00e9n\u00e9ral Doumbouya et son groupe. Nous sommes l\u00e0 pour la Guin\u00e9e\u2026\u00a0\u00bb"}]},{"@type":"WebSite","@id":"https:\/\/www.leprojecteurguinee.com\/#website","url":"https:\/\/www.leprojecteurguinee.com\/","name":"leprojecteurguinee","description":"Nous luttons contre les pratiques obscures","potentialAction":[{"@type":"SearchAction","target":{"@type":"EntryPoint","urlTemplate":"https:\/\/www.leprojecteurguinee.com\/?s={search_term_string}"},"query-input":{"@type":"PropertyValueSpecification","valueRequired":true,"valueName":"search_term_string"}}],"inLanguage":"fr-FR"},{"@type":"Person","@id":"https:\/\/www.leprojecteurguinee.com\/#\/schema\/person\/c9d1602e593b11af0b295bdf5e12a59a","name":"www.leprojecteurguinee.com","image":{"@type":"ImageObject","inLanguage":"fr-FR","@id":"https:\/\/www.leprojecteurguinee.com\/#\/schema\/person\/image\/","url":"https:\/\/secure.gravatar.com\/avatar\/d73703fcd03dcba36d2bb23326e491935423a46800f1ebf8f61b70e62b70e55a?s=96&d=mm&r=g","contentUrl":"https:\/\/secure.gravatar.com\/avatar\/d73703fcd03dcba36d2bb23326e491935423a46800f1ebf8f61b70e62b70e55a?s=96&d=mm&r=g","caption":"www.leprojecteurguinee.com"},"description":"Administrateur G\u00e9n\u00e9ral","sameAs":["http:\/\/www.leprojeceteurguinee.com"],"url":"https:\/\/www.leprojecteurguinee.com\/index.php\/author\/fadigagn\/"}]}},"_links":{"self":[{"href":"https:\/\/www.leprojecteurguinee.com\/index.php\/wp-json\/wp\/v2\/posts\/3713","targetHints":{"allow":["GET"]}}],"collection":[{"href":"https:\/\/www.leprojecteurguinee.com\/index.php\/wp-json\/wp\/v2\/posts"}],"about":[{"href":"https:\/\/www.leprojecteurguinee.com\/index.php\/wp-json\/wp\/v2\/types\/post"}],"author":[{"embeddable":true,"href":"https:\/\/www.leprojecteurguinee.com\/index.php\/wp-json\/wp\/v2\/users\/2"}],"replies":[{"embeddable":true,"href":"https:\/\/www.leprojecteurguinee.com\/index.php\/wp-json\/wp\/v2\/comments?post=3713"}],"version-history":[{"count":0,"href":"https:\/\/www.leprojecteurguinee.com\/index.php\/wp-json\/wp\/v2\/posts\/3713\/revisions"}],"wp:featuredmedia":[{"embeddable":true,"href":"https:\/\/www.leprojecteurguinee.com\/index.php\/wp-json\/wp\/v2\/media\/3714"}],"wp:attachment":[{"href":"https:\/\/www.leprojecteurguinee.com\/index.php\/wp-json\/wp\/v2\/media?parent=3713"}],"wp:term":[{"taxonomy":"category","embeddable":true,"href":"https:\/\/www.leprojecteurguinee.com\/index.php\/wp-json\/wp\/v2\/categories?post=3713"},{"taxonomy":"post_tag","embeddable":true,"href":"https:\/\/www.leprojecteurguinee.com\/index.php\/wp-json\/wp\/v2\/tags?post=3713"}],"curies":[{"name":"wp","href":"https:\/\/api.w.org\/{rel}","templated":true}]}}