{"id":3693,"date":"2024-05-10T23:21:37","date_gmt":"2024-05-10T23:21:37","guid":{"rendered":"https:\/\/www.leprojecteurguinee.com\/?p=3693"},"modified":"2024-05-10T23:24:45","modified_gmt":"2024-05-10T23:24:45","slug":"guinee-designation-des-secretaires-generaux-des-departements-ministeriels-par-amara-camara-liste","status":"publish","type":"post","link":"https:\/\/www.leprojecteurguinee.com\/index.php\/2024\/05\/10\/guinee-designation-des-secretaires-generaux-des-departements-ministeriels-par-amara-camara-liste\/","title":{"rendered":"Guin\u00e9e : D\u00e9signation des Secr\u00e9taires G\u00e9n\u00e9raux des d\u00e9partements minist\u00e9riels par Amara Camara (Liste)"},"content":{"rendered":"\n<p><strong>L&rsquo;annonce a \u00e9t\u00e9 faite ce vendredi, 10 mai 2024 \u00e0 la t\u00e9l\u00e9vision nationale par le ministre secr\u00e9taire g\u00e9n\u00e9ral \u00e0 la pr\u00e9sidence. Le g\u00e9n\u00e9ral Amara Camara a rendu public sa propre d\u00e9signation. Il s\u2019agit de :<\/strong><\/p>\n\n\n\n<p>1- Secr\u00e9taire g\u00e9n\u00e9ral du Minist\u00e8re de la Justice et des Droits de l\u2019Homme : Mme Ir\u00e8ne Marie Hadjimalis<br>2- Secr\u00e9taire g\u00e9n\u00e9ral du Minist\u00e8re de l\u2019Administration du territoire et de la d\u00e9centralisation : M. Mohamed Sikh\u00e9 Camara, pr\u00e9c\u00e9demment Directeur g\u00e9n\u00e9ral adjoint de l\u2019ANAFIC<br>3- Secr\u00e9taire g\u00e9n\u00e9ral du Minist\u00e8re de la S\u00e9curit\u00e9 et de la Protection Civile : M. Moustapha Kob\u00e9l\u00e9 Keita, pr\u00e9c\u00e9demment Secr\u00e9taire g\u00e9n\u00e9ral du Minist\u00e8re de l\u2019Administration du territoire et de la d\u00e9centralisation<br>4- Secr\u00e9taire g\u00e9n\u00e9ral du Minist\u00e8re des Affaires \u00c9trang\u00e8res, de l\u2019Int\u00e9gration Africaine et des Guin\u00e9ens \u00e9tablis \u00e0 l\u2019Etranger : M. Abdoulaye Youla, pr\u00e9c\u00e9demment premier conseiller charg\u00e9 des Affaires politiques \u00e0 l\u2019ambassade de la R\u00e9publique de Guin\u00e9e aupr\u00e8s des pays de B\u00e9n\u00e9luxe et de l\u2019union Europ\u00e9enne<br>5- Secr\u00e9taire g\u00e9n\u00e9ral du Minist\u00e8re de l\u2019Economie et des Finances : Dr Mamoudou Tour\u00e9, pr\u00e9c\u00e9demment Secr\u00e9taire g\u00e9n\u00e9ral du Minist\u00e8re du Plan et de la Coop\u00e9ration Internationale<br>6- Secr\u00e9taire g\u00e9n\u00e9ral du Minist\u00e8re du Budget : M. Thierno Amadou Bah<br>7- Secr\u00e9taire g\u00e9n\u00e9ral du Minist\u00e8re du Plan et de la Coop\u00e9ration Internationale : M. Kab\u00e9l\u00e8 Soumah, pr\u00e9c\u00e9demment Secr\u00e9taire g\u00e9n\u00e9ral du Minist\u00e8re des Affaires \u00c9trang\u00e8res, de l\u2019Int\u00e9gration Africaine et des Guin\u00e9ens \u00e9tablis \u00e0 l\u2019\u00c9tranger<br>8- Secr\u00e9taire g\u00e9n\u00e9ral du Minist\u00e8re du Travail et de la Fonction publique : M. Aboubacar Kourouma<br>9- Secr\u00e9taire g\u00e9n\u00e9ral du Minist\u00e8re de l\u2019Environnement et du D\u00e9veloppement Durable : M. Karim Samoura<br>10- Secr\u00e9taire g\u00e9n\u00e9ral du Minist\u00e8re de l\u2019Agriculture et de l\u2019Elevage : M. Oumar Barry, pr\u00e9c\u00e9demment chef de mission du programme de renforcement des capacit\u00e9s commerciales et entrepreneurial Union Europ\u00e9enne au Congo Brazzaville<br>11- Secr\u00e9taire g\u00e9n\u00e9ral du Minist\u00e8re de l\u2019Energie, de l\u2019Hydraulique et des Hydrocarbures : M. Bachir Camara, pr\u00e9c\u00e9demment Secr\u00e9taire g\u00e9n\u00e9ral du Minist\u00e8re des Mines et de la G\u00e9ologie<br>12- Secr\u00e9taire g\u00e9n\u00e9ral du Minist\u00e8re des Mines et de la G\u00e9ologie : M. Aboubacar Kourouma, pr\u00e9c\u00e9demment Secr\u00e9taire g\u00e9n\u00e9ral du Minist\u00e8re de l\u2019Urbanisme, de l\u2019Habitat et de l\u2019Am\u00e9nagement du Territoire charg\u00e9 de la r\u00e9cup\u00e9ration des domaines spoli\u00e9s de l\u2019Etat<br>13- Secr\u00e9taire g\u00e9n\u00e9ral du Minist\u00e8re de l\u2019Enseignement sup\u00e9rieur, de la Recherche Scientifique et de l\u2019innovation : Dr Facinet Cont\u00e9<br>14- Secr\u00e9taire du Minist\u00e8re des Transports : M. Mohamed Bakayoko, pr\u00e9c\u00e9demment Secr\u00e9taire g\u00e9n\u00e9ral du Minist\u00e8re du Commerce, de l\u2019Industrie et des PME<br>15- Secr\u00e9taire g\u00e9n\u00e9ral du Minist\u00e8re de l\u2019Urbanisme, de l\u2019Habitat et de l\u2019Am\u00e9nagement du Territoire charg\u00e9 de la r\u00e9cup\u00e9ration des domaines spoli\u00e9s de l\u2019Etat : M. Mamadou Saliou Sylla, pr\u00e9c\u00e9demment inspecteur g\u00e9n\u00e9ral du Minist\u00e8re de l\u2019Urbanisme, de l\u2019Habitat et de l\u2019Am\u00e9nagement du Territoire charg\u00e9 de la r\u00e9cup\u00e9ration des domaines spoli\u00e9s de l\u2019Etat<br>16- Secr\u00e9taire g\u00e9n\u00e9ral du Minist\u00e8re de la P\u00eache et de l\u2019Economie Maritime : M. Mohamed Lamine Camara, pr\u00e9c\u00e9demment Directeur g\u00e9n\u00e9ral du Bureau de strat\u00e9gie et de D\u00e9veloppement du e la P\u00eache et de l\u2019Economie Maritime<br>17- secr\u00e9taire g\u00e9n\u00e9ral du Minist\u00e8re du Commerce, de l\u2019Industrie et des PME : M. Mamadou Saliou Diaby, pr\u00e9c\u00e9demment secr\u00e9taire g\u00e9n\u00e9ral du Minist\u00e8re des Transports<br>18- Secr\u00e9taire g\u00e9n\u00e9ral du Minist\u00e8re des Infrastructures et des Travaux Publics : M. Ibrahima Camara<br>19- Scr\u00e9taire g\u00e9n\u00e9ral du Minist\u00e8re de l\u2019Enseignement Pr\u00e9-universitire et de l\u2019Alphab\u00e9tisation : M. Youssouf Boundou Sylla, pr\u00e9c\u00e9demment secr\u00e9taire g\u00e9n\u00e9ral du Minist\u00e8re de l\u2019Enseignement Technique, de la Formation Professionnelle et de l\u2019Emploi<br>20- Secr\u00e9taire g\u00e9n\u00e9ral du Minist\u00e8re des Postes, des T\u00e9l\u00e9communications et de l\u2019Economie Num\u00e9rique : M. Nouhan Traor\u00e9, pr\u00e9c\u00e9demment secr\u00e9taire g\u00e9n\u00e9ral du Minist\u00e8re de la S\u00e9curit\u00e9 et de Protection Civile<br>21- Secr\u00e9taire g\u00e9n\u00e9ral du Minist\u00e8re de l\u2019Enseignement Technique, de la Formation Professionnelle et de l\u2019Emploi : M. Julien Bongono, pr\u00e9c\u00e9demment Secr\u00e9taire g\u00e9n\u00e9ral du Minist\u00e8re de l\u2019Enseignement Pr\u00e9-universitire et de l\u2019Alphab\u00e9tisation<br>22- Secr\u00e9taire g\u00e9n\u00e9rale du Minist\u00e8re de la Sant\u00e9 et de l\u2019Hygi\u00e8ne Publique : Mme Kait\u00e9 Sall<br>23- secr\u00e9taire g\u00e9n\u00e9ral du Minist\u00e8re de l\u2019Information et de la Communication : M. Souleymane Bah<br>24- Secr\u00e9taire du Minist\u00e8re de la Jeunesse et des Sports : Mohamed Billy Kaba<br>25- Secr\u00e9taire g\u00e9n\u00e9ral du Minist\u00e8re de la Promotion F\u00e9minine, de l\u2019Enfance et des Personnes Vuln\u00e9rables : M. Roger Yaci<br>26- Secr\u00e9taire g\u00e9n\u00e9ral du Minist\u00e8re de la Culture, du Tourisme et de l\u2019Artisanat : M. Elhadj Ibrahima Kob\u00e9l\u00e9 Keita, consultant en finance<br>27- Secr\u00e9taire g\u00e9n\u00e9ral adjoint des Affaires Religieuses : Elhadj Ibrahima Ousmane Bah<br><\/p>\n\n\n\n<p><strong>Leprojecteurguinee.com<\/strong><\/p>\n","protected":false},"excerpt":{"rendered":"<p>L&rsquo;annonce a \u00e9t\u00e9 faite ce vendredi, 10 mai 2024 \u00e0 la t\u00e9l\u00e9vision nationale par le ministre secr\u00e9taire g\u00e9n\u00e9ral \u00e0 la pr\u00e9sidence. Le g\u00e9n\u00e9ral Amara Camara a rendu public sa propre d\u00e9signation. Il s\u2019agit de : 1- Secr\u00e9taire g\u00e9n\u00e9ral du Minist\u00e8re de la Justice et des Droits de l\u2019Homme : Mme Ir\u00e8ne Marie Hadjimalis2- Secr\u00e9taire g\u00e9n\u00e9ral [&hellip;]<\/p>\n","protected":false},"author":2,"featured_media":3696,"comment_status":"open","ping_status":"open","sticky":false,"template":"","format":"standard","meta":{"footnotes":""},"categories":[16],"tags":[],"class_list":["post-3693","post","type-post","status-publish","format-standard","has-post-thumbnail","hentry","category-actualites"],"yoast_head":"<!-- This site is optimized with the Yoast SEO plugin v26.8 - https:\/\/yoast.com\/product\/yoast-seo-wordpress\/ -->\n<title>Guin\u00e9e : D\u00e9signation des Secr\u00e9taires G\u00e9n\u00e9raux des d\u00e9partements minist\u00e9riels par Amara Camara (Liste) - leprojecteurguinee<\/title>\n<meta name=\"robots\" content=\"index, follow, max-snippet:-1, max-image-preview:large, max-video-preview:-1\" \/>\n<link rel=\"canonical\" href=\"https:\/\/www.leprojecteurguinee.com\/index.php\/2024\/05\/10\/guinee-designation-des-secretaires-generaux-des-departements-ministeriels-par-amara-camara-liste\/\" \/>\n<meta property=\"og:locale\" content=\"fr_FR\" \/>\n<meta property=\"og:type\" content=\"article\" \/>\n<meta property=\"og:title\" content=\"Guin\u00e9e : D\u00e9signation des Secr\u00e9taires G\u00e9n\u00e9raux des d\u00e9partements minist\u00e9riels par Amara Camara (Liste) - leprojecteurguinee\" \/>\n<meta property=\"og:description\" content=\"L&rsquo;annonce a \u00e9t\u00e9 faite ce vendredi, 10 mai 2024 \u00e0 la t\u00e9l\u00e9vision nationale par le ministre secr\u00e9taire g\u00e9n\u00e9ral \u00e0 la pr\u00e9sidence. Le g\u00e9n\u00e9ral Amara Camara a rendu public sa propre d\u00e9signation. Il s\u2019agit de : 1- Secr\u00e9taire g\u00e9n\u00e9ral du Minist\u00e8re de la Justice et des Droits de l\u2019Homme : Mme Ir\u00e8ne Marie Hadjimalis2- Secr\u00e9taire g\u00e9n\u00e9ral [&hellip;]\" \/>\n<meta property=\"og:url\" content=\"https:\/\/www.leprojecteurguinee.com\/index.php\/2024\/05\/10\/guinee-designation-des-secretaires-generaux-des-departements-ministeriels-par-amara-camara-liste\/\" \/>\n<meta property=\"og:site_name\" content=\"leprojecteurguinee\" \/>\n<meta property=\"article:published_time\" content=\"2024-05-10T23:21:37+00:00\" \/>\n<meta property=\"article:modified_time\" content=\"2024-05-10T23:24:45+00:00\" \/>\n<meta property=\"og:image\" content=\"https:\/\/www.leprojecteurguinee.com\/wp-content\/uploads\/2024\/05\/AMARA-CAMARA-GUINEA-750x375-1.jpg\" \/>\n\t<meta property=\"og:image:width\" content=\"750\" \/>\n\t<meta property=\"og:image:height\" content=\"375\" \/>\n\t<meta property=\"og:image:type\" content=\"image\/jpeg\" \/>\n<meta name=\"author\" content=\"www.leprojecteurguinee.com\" \/>\n<meta name=\"twitter:card\" content=\"summary_large_image\" \/>\n<meta name=\"twitter:label1\" content=\"\u00c9crit par\" \/>\n\t<meta name=\"twitter:data1\" content=\"www.leprojecteurguinee.com\" \/>\n\t<meta name=\"twitter:label2\" content=\"Dur\u00e9e de lecture estim\u00e9e\" \/>\n\t<meta name=\"twitter:data2\" content=\"4 minutes\" \/>\n<script type=\"application\/ld+json\" class=\"yoast-schema-graph\">{\"@context\":\"https:\/\/schema.org\",\"@graph\":[{\"@type\":\"Article\",\"@id\":\"https:\/\/www.leprojecteurguinee.com\/index.php\/2024\/05\/10\/guinee-designation-des-secretaires-generaux-des-departements-ministeriels-par-amara-camara-liste\/#article\",\"isPartOf\":{\"@id\":\"https:\/\/www.leprojecteurguinee.com\/index.php\/2024\/05\/10\/guinee-designation-des-secretaires-generaux-des-departements-ministeriels-par-amara-camara-liste\/\"},\"author\":{\"name\":\"www.leprojecteurguinee.com\",\"@id\":\"https:\/\/www.leprojecteurguinee.com\/#\/schema\/person\/c9d1602e593b11af0b295bdf5e12a59a\"},\"headline\":\"Guin\u00e9e : D\u00e9signation des Secr\u00e9taires G\u00e9n\u00e9raux des d\u00e9partements minist\u00e9riels par Amara Camara (Liste)\",\"datePublished\":\"2024-05-10T23:21:37+00:00\",\"dateModified\":\"2024-05-10T23:24:45+00:00\",\"mainEntityOfPage\":{\"@id\":\"https:\/\/www.leprojecteurguinee.com\/index.php\/2024\/05\/10\/guinee-designation-des-secretaires-generaux-des-departements-ministeriels-par-amara-camara-liste\/\"},\"wordCount\":983,\"commentCount\":0,\"image\":{\"@id\":\"https:\/\/www.leprojecteurguinee.com\/index.php\/2024\/05\/10\/guinee-designation-des-secretaires-generaux-des-departements-ministeriels-par-amara-camara-liste\/#primaryimage\"},\"thumbnailUrl\":\"https:\/\/www.leprojecteurguinee.com\/wp-content\/uploads\/2024\/05\/AMARA-CAMARA-GUINEA-750x375-1.jpg\",\"articleSection\":[\"Actualit\u00e9s\"],\"inLanguage\":\"fr-FR\",\"potentialAction\":[{\"@type\":\"CommentAction\",\"name\":\"Comment\",\"target\":[\"https:\/\/www.leprojecteurguinee.com\/index.php\/2024\/05\/10\/guinee-designation-des-secretaires-generaux-des-departements-ministeriels-par-amara-camara-liste\/#respond\"]}]},{\"@type\":\"WebPage\",\"@id\":\"https:\/\/www.leprojecteurguinee.com\/index.php\/2024\/05\/10\/guinee-designation-des-secretaires-generaux-des-departements-ministeriels-par-amara-camara-liste\/\",\"url\":\"https:\/\/www.leprojecteurguinee.com\/index.php\/2024\/05\/10\/guinee-designation-des-secretaires-generaux-des-departements-ministeriels-par-amara-camara-liste\/\",\"name\":\"Guin\u00e9e : D\u00e9signation des Secr\u00e9taires G\u00e9n\u00e9raux des d\u00e9partements minist\u00e9riels par Amara Camara (Liste) - leprojecteurguinee\",\"isPartOf\":{\"@id\":\"https:\/\/www.leprojecteurguinee.com\/#website\"},\"primaryImageOfPage\":{\"@id\":\"https:\/\/www.leprojecteurguinee.com\/index.php\/2024\/05\/10\/guinee-designation-des-secretaires-generaux-des-departements-ministeriels-par-amara-camara-liste\/#primaryimage\"},\"image\":{\"@id\":\"https:\/\/www.leprojecteurguinee.com\/index.php\/2024\/05\/10\/guinee-designation-des-secretaires-generaux-des-departements-ministeriels-par-amara-camara-liste\/#primaryimage\"},\"thumbnailUrl\":\"https:\/\/www.leprojecteurguinee.com\/wp-content\/uploads\/2024\/05\/AMARA-CAMARA-GUINEA-750x375-1.jpg\",\"datePublished\":\"2024-05-10T23:21:37+00:00\",\"dateModified\":\"2024-05-10T23:24:45+00:00\",\"author\":{\"@id\":\"https:\/\/www.leprojecteurguinee.com\/#\/schema\/person\/c9d1602e593b11af0b295bdf5e12a59a\"},\"breadcrumb\":{\"@id\":\"https:\/\/www.leprojecteurguinee.com\/index.php\/2024\/05\/10\/guinee-designation-des-secretaires-generaux-des-departements-ministeriels-par-amara-camara-liste\/#breadcrumb\"},\"inLanguage\":\"fr-FR\",\"potentialAction\":[{\"@type\":\"ReadAction\",\"target\":[\"https:\/\/www.leprojecteurguinee.com\/index.php\/2024\/05\/10\/guinee-designation-des-secretaires-generaux-des-departements-ministeriels-par-amara-camara-liste\/\"]}]},{\"@type\":\"ImageObject\",\"inLanguage\":\"fr-FR\",\"@id\":\"https:\/\/www.leprojecteurguinee.com\/index.php\/2024\/05\/10\/guinee-designation-des-secretaires-generaux-des-departements-ministeriels-par-amara-camara-liste\/#primaryimage\",\"url\":\"https:\/\/www.leprojecteurguinee.com\/wp-content\/uploads\/2024\/05\/AMARA-CAMARA-GUINEA-750x375-1.jpg\",\"contentUrl\":\"https:\/\/www.leprojecteurguinee.com\/wp-content\/uploads\/2024\/05\/AMARA-CAMARA-GUINEA-750x375-1.jpg\",\"width\":750,\"height\":375},{\"@type\":\"BreadcrumbList\",\"@id\":\"https:\/\/www.leprojecteurguinee.com\/index.php\/2024\/05\/10\/guinee-designation-des-secretaires-generaux-des-departements-ministeriels-par-amara-camara-liste\/#breadcrumb\",\"itemListElement\":[{\"@type\":\"ListItem\",\"position\":1,\"name\":\"Accueil\",\"item\":\"https:\/\/www.leprojecteurguinee.com\/\"},{\"@type\":\"ListItem\",\"position\":2,\"name\":\"Guin\u00e9e : D\u00e9signation des Secr\u00e9taires G\u00e9n\u00e9raux des d\u00e9partements minist\u00e9riels par Amara Camara (Liste)\"}]},{\"@type\":\"WebSite\",\"@id\":\"https:\/\/www.leprojecteurguinee.com\/#website\",\"url\":\"https:\/\/www.leprojecteurguinee.com\/\",\"name\":\"leprojecteurguinee\",\"description\":\"Nous luttons contre les pratiques obscures\",\"potentialAction\":[{\"@type\":\"SearchAction\",\"target\":{\"@type\":\"EntryPoint\",\"urlTemplate\":\"https:\/\/www.leprojecteurguinee.com\/?s={search_term_string}\"},\"query-input\":{\"@type\":\"PropertyValueSpecification\",\"valueRequired\":true,\"valueName\":\"search_term_string\"}}],\"inLanguage\":\"fr-FR\"},{\"@type\":\"Person\",\"@id\":\"https:\/\/www.leprojecteurguinee.com\/#\/schema\/person\/c9d1602e593b11af0b295bdf5e12a59a\",\"name\":\"www.leprojecteurguinee.com\",\"image\":{\"@type\":\"ImageObject\",\"inLanguage\":\"fr-FR\",\"@id\":\"https:\/\/www.leprojecteurguinee.com\/#\/schema\/person\/image\/\",\"url\":\"https:\/\/secure.gravatar.com\/avatar\/d73703fcd03dcba36d2bb23326e491935423a46800f1ebf8f61b70e62b70e55a?s=96&d=mm&r=g\",\"contentUrl\":\"https:\/\/secure.gravatar.com\/avatar\/d73703fcd03dcba36d2bb23326e491935423a46800f1ebf8f61b70e62b70e55a?s=96&d=mm&r=g\",\"caption\":\"www.leprojecteurguinee.com\"},\"description\":\"Administrateur G\u00e9n\u00e9ral\",\"sameAs\":[\"http:\/\/www.leprojeceteurguinee.com\"],\"url\":\"https:\/\/www.leprojecteurguinee.com\/index.php\/author\/fadigagn\/\"}]}<\/script>\n<!-- \/ Yoast SEO plugin. -->","yoast_head_json":{"title":"Guin\u00e9e : D\u00e9signation des Secr\u00e9taires G\u00e9n\u00e9raux des d\u00e9partements minist\u00e9riels par Amara Camara (Liste) - leprojecteurguinee","robots":{"index":"index","follow":"follow","max-snippet":"max-snippet:-1","max-image-preview":"max-image-preview:large","max-video-preview":"max-video-preview:-1"},"canonical":"https:\/\/www.leprojecteurguinee.com\/index.php\/2024\/05\/10\/guinee-designation-des-secretaires-generaux-des-departements-ministeriels-par-amara-camara-liste\/","og_locale":"fr_FR","og_type":"article","og_title":"Guin\u00e9e : D\u00e9signation des Secr\u00e9taires G\u00e9n\u00e9raux des d\u00e9partements minist\u00e9riels par Amara Camara (Liste) - leprojecteurguinee","og_description":"L&rsquo;annonce a \u00e9t\u00e9 faite ce vendredi, 10 mai 2024 \u00e0 la t\u00e9l\u00e9vision nationale par le ministre secr\u00e9taire g\u00e9n\u00e9ral \u00e0 la pr\u00e9sidence. Le g\u00e9n\u00e9ral Amara Camara a rendu public sa propre d\u00e9signation. Il s\u2019agit de : 1- Secr\u00e9taire g\u00e9n\u00e9ral du Minist\u00e8re de la Justice et des Droits de l\u2019Homme : Mme Ir\u00e8ne Marie Hadjimalis2- Secr\u00e9taire g\u00e9n\u00e9ral [&hellip;]","og_url":"https:\/\/www.leprojecteurguinee.com\/index.php\/2024\/05\/10\/guinee-designation-des-secretaires-generaux-des-departements-ministeriels-par-amara-camara-liste\/","og_site_name":"leprojecteurguinee","article_published_time":"2024-05-10T23:21:37+00:00","article_modified_time":"2024-05-10T23:24:45+00:00","og_image":[{"width":750,"height":375,"url":"https:\/\/www.leprojecteurguinee.com\/wp-content\/uploads\/2024\/05\/AMARA-CAMARA-GUINEA-750x375-1.jpg","type":"image\/jpeg"}],"author":"www.leprojecteurguinee.com","twitter_card":"summary_large_image","twitter_misc":{"\u00c9crit par":"www.leprojecteurguinee.com","Dur\u00e9e de lecture estim\u00e9e":"4 minutes"},"schema":{"@context":"https:\/\/schema.org","@graph":[{"@type":"Article","@id":"https:\/\/www.leprojecteurguinee.com\/index.php\/2024\/05\/10\/guinee-designation-des-secretaires-generaux-des-departements-ministeriels-par-amara-camara-liste\/#article","isPartOf":{"@id":"https:\/\/www.leprojecteurguinee.com\/index.php\/2024\/05\/10\/guinee-designation-des-secretaires-generaux-des-departements-ministeriels-par-amara-camara-liste\/"},"author":{"name":"www.leprojecteurguinee.com","@id":"https:\/\/www.leprojecteurguinee.com\/#\/schema\/person\/c9d1602e593b11af0b295bdf5e12a59a"},"headline":"Guin\u00e9e : D\u00e9signation des Secr\u00e9taires G\u00e9n\u00e9raux des d\u00e9partements minist\u00e9riels par Amara Camara (Liste)","datePublished":"2024-05-10T23:21:37+00:00","dateModified":"2024-05-10T23:24:45+00:00","mainEntityOfPage":{"@id":"https:\/\/www.leprojecteurguinee.com\/index.php\/2024\/05\/10\/guinee-designation-des-secretaires-generaux-des-departements-ministeriels-par-amara-camara-liste\/"},"wordCount":983,"commentCount":0,"image":{"@id":"https:\/\/www.leprojecteurguinee.com\/index.php\/2024\/05\/10\/guinee-designation-des-secretaires-generaux-des-departements-ministeriels-par-amara-camara-liste\/#primaryimage"},"thumbnailUrl":"https:\/\/www.leprojecteurguinee.com\/wp-content\/uploads\/2024\/05\/AMARA-CAMARA-GUINEA-750x375-1.jpg","articleSection":["Actualit\u00e9s"],"inLanguage":"fr-FR","potentialAction":[{"@type":"CommentAction","name":"Comment","target":["https:\/\/www.leprojecteurguinee.com\/index.php\/2024\/05\/10\/guinee-designation-des-secretaires-generaux-des-departements-ministeriels-par-amara-camara-liste\/#respond"]}]},{"@type":"WebPage","@id":"https:\/\/www.leprojecteurguinee.com\/index.php\/2024\/05\/10\/guinee-designation-des-secretaires-generaux-des-departements-ministeriels-par-amara-camara-liste\/","url":"https:\/\/www.leprojecteurguinee.com\/index.php\/2024\/05\/10\/guinee-designation-des-secretaires-generaux-des-departements-ministeriels-par-amara-camara-liste\/","name":"Guin\u00e9e : D\u00e9signation des Secr\u00e9taires G\u00e9n\u00e9raux des d\u00e9partements minist\u00e9riels par Amara Camara (Liste) - leprojecteurguinee","isPartOf":{"@id":"https:\/\/www.leprojecteurguinee.com\/#website"},"primaryImageOfPage":{"@id":"https:\/\/www.leprojecteurguinee.com\/index.php\/2024\/05\/10\/guinee-designation-des-secretaires-generaux-des-departements-ministeriels-par-amara-camara-liste\/#primaryimage"},"image":{"@id":"https:\/\/www.leprojecteurguinee.com\/index.php\/2024\/05\/10\/guinee-designation-des-secretaires-generaux-des-departements-ministeriels-par-amara-camara-liste\/#primaryimage"},"thumbnailUrl":"https:\/\/www.leprojecteurguinee.com\/wp-content\/uploads\/2024\/05\/AMARA-CAMARA-GUINEA-750x375-1.jpg","datePublished":"2024-05-10T23:21:37+00:00","dateModified":"2024-05-10T23:24:45+00:00","author":{"@id":"https:\/\/www.leprojecteurguinee.com\/#\/schema\/person\/c9d1602e593b11af0b295bdf5e12a59a"},"breadcrumb":{"@id":"https:\/\/www.leprojecteurguinee.com\/index.php\/2024\/05\/10\/guinee-designation-des-secretaires-generaux-des-departements-ministeriels-par-amara-camara-liste\/#breadcrumb"},"inLanguage":"fr-FR","potentialAction":[{"@type":"ReadAction","target":["https:\/\/www.leprojecteurguinee.com\/index.php\/2024\/05\/10\/guinee-designation-des-secretaires-generaux-des-departements-ministeriels-par-amara-camara-liste\/"]}]},{"@type":"ImageObject","inLanguage":"fr-FR","@id":"https:\/\/www.leprojecteurguinee.com\/index.php\/2024\/05\/10\/guinee-designation-des-secretaires-generaux-des-departements-ministeriels-par-amara-camara-liste\/#primaryimage","url":"https:\/\/www.leprojecteurguinee.com\/wp-content\/uploads\/2024\/05\/AMARA-CAMARA-GUINEA-750x375-1.jpg","contentUrl":"https:\/\/www.leprojecteurguinee.com\/wp-content\/uploads\/2024\/05\/AMARA-CAMARA-GUINEA-750x375-1.jpg","width":750,"height":375},{"@type":"BreadcrumbList","@id":"https:\/\/www.leprojecteurguinee.com\/index.php\/2024\/05\/10\/guinee-designation-des-secretaires-generaux-des-departements-ministeriels-par-amara-camara-liste\/#breadcrumb","itemListElement":[{"@type":"ListItem","position":1,"name":"Accueil","item":"https:\/\/www.leprojecteurguinee.com\/"},{"@type":"ListItem","position":2,"name":"Guin\u00e9e : D\u00e9signation des Secr\u00e9taires G\u00e9n\u00e9raux des d\u00e9partements minist\u00e9riels par Amara Camara (Liste)"}]},{"@type":"WebSite","@id":"https:\/\/www.leprojecteurguinee.com\/#website","url":"https:\/\/www.leprojecteurguinee.com\/","name":"leprojecteurguinee","description":"Nous luttons contre les pratiques obscures","potentialAction":[{"@type":"SearchAction","target":{"@type":"EntryPoint","urlTemplate":"https:\/\/www.leprojecteurguinee.com\/?s={search_term_string}"},"query-input":{"@type":"PropertyValueSpecification","valueRequired":true,"valueName":"search_term_string"}}],"inLanguage":"fr-FR"},{"@type":"Person","@id":"https:\/\/www.leprojecteurguinee.com\/#\/schema\/person\/c9d1602e593b11af0b295bdf5e12a59a","name":"www.leprojecteurguinee.com","image":{"@type":"ImageObject","inLanguage":"fr-FR","@id":"https:\/\/www.leprojecteurguinee.com\/#\/schema\/person\/image\/","url":"https:\/\/secure.gravatar.com\/avatar\/d73703fcd03dcba36d2bb23326e491935423a46800f1ebf8f61b70e62b70e55a?s=96&d=mm&r=g","contentUrl":"https:\/\/secure.gravatar.com\/avatar\/d73703fcd03dcba36d2bb23326e491935423a46800f1ebf8f61b70e62b70e55a?s=96&d=mm&r=g","caption":"www.leprojecteurguinee.com"},"description":"Administrateur G\u00e9n\u00e9ral","sameAs":["http:\/\/www.leprojeceteurguinee.com"],"url":"https:\/\/www.leprojecteurguinee.com\/index.php\/author\/fadigagn\/"}]}},"_links":{"self":[{"href":"https:\/\/www.leprojecteurguinee.com\/index.php\/wp-json\/wp\/v2\/posts\/3693","targetHints":{"allow":["GET"]}}],"collection":[{"href":"https:\/\/www.leprojecteurguinee.com\/index.php\/wp-json\/wp\/v2\/posts"}],"about":[{"href":"https:\/\/www.leprojecteurguinee.com\/index.php\/wp-json\/wp\/v2\/types\/post"}],"author":[{"embeddable":true,"href":"https:\/\/www.leprojecteurguinee.com\/index.php\/wp-json\/wp\/v2\/users\/2"}],"replies":[{"embeddable":true,"href":"https:\/\/www.leprojecteurguinee.com\/index.php\/wp-json\/wp\/v2\/comments?post=3693"}],"version-history":[{"count":0,"href":"https:\/\/www.leprojecteurguinee.com\/index.php\/wp-json\/wp\/v2\/posts\/3693\/revisions"}],"wp:featuredmedia":[{"embeddable":true,"href":"https:\/\/www.leprojecteurguinee.com\/index.php\/wp-json\/wp\/v2\/media\/3696"}],"wp:attachment":[{"href":"https:\/\/www.leprojecteurguinee.com\/index.php\/wp-json\/wp\/v2\/media?parent=3693"}],"wp:term":[{"taxonomy":"category","embeddable":true,"href":"https:\/\/www.leprojecteurguinee.com\/index.php\/wp-json\/wp\/v2\/categories?post=3693"},{"taxonomy":"post_tag","embeddable":true,"href":"https:\/\/www.leprojecteurguinee.com\/index.php\/wp-json\/wp\/v2\/tags?post=3693"}],"curies":[{"name":"wp","href":"https:\/\/api.w.org\/{rel}","templated":true}]}}