{"id":3689,"date":"2024-05-10T19:11:44","date_gmt":"2024-05-10T19:11:44","guid":{"rendered":"https:\/\/www.leprojecteurguinee.com\/?p=3689"},"modified":"2024-05-10T19:11:46","modified_gmt":"2024-05-10T19:11:46","slug":"radio-continental-fm-sekou-djatto-fofana-et-alia-bondy-demissionnent","status":"publish","type":"post","link":"https:\/\/www.leprojecteurguinee.com\/index.php\/2024\/05\/10\/radio-continental-fm-sekou-djatto-fofana-et-alia-bondy-demissionnent\/","title":{"rendered":"Radio Continental FM : Sekou Djatto Fofana et Alia Bondy d\u00e9missionnent\u2026"},"content":{"rendered":"\n<p><strong>De sources concordantes Confient \u00e0 notre R\u00e9daction que les chroniqueurs de l&rsquo;\u00e9mission\u00a0\u00a0Bountoungny ont mis\u00a0\u00a0un terme \u00e0 toutes collaborations avec la radio<\/strong> Continental Fm.<\/p>\n\n\n\n<p><strong>Toutes nos tentatives pour joindre les deux chroniqueurs, Sekouba Djatto Fofana et Alia Bondy ont \u00e9t\u00e9 vaines.<\/strong><\/p>\n\n\n\n<p>Nous y reviendrons.<\/p>\n","protected":false},"excerpt":{"rendered":"<p>De sources concordantes Confient \u00e0 notre R\u00e9daction que les chroniqueurs de l&rsquo;\u00e9mission\u00a0\u00a0Bountoungny ont mis\u00a0\u00a0un terme \u00e0 toutes collaborations avec la radio Continental Fm. Toutes nos tentatives pour joindre les deux chroniqueurs, Sekouba Djatto Fofana et Alia Bondy ont \u00e9t\u00e9 vaines. Nous y reviendrons.<\/p>\n","protected":false},"author":2,"featured_media":3690,"comment_status":"open","ping_status":"open","sticky":false,"template":"","format":"standard","meta":{"footnotes":""},"categories":[16],"tags":[],"class_list":["post-3689","post","type-post","status-publish","format-standard","has-post-thumbnail","hentry","category-actualites"],"yoast_head":"<!-- This site is optimized with the Yoast SEO plugin v26.8 - https:\/\/yoast.com\/product\/yoast-seo-wordpress\/ -->\n<title>Radio Continental FM : Sekou Djatto Fofana et Alia Bondy d\u00e9missionnent\u2026 - leprojecteurguinee<\/title>\n<meta name=\"robots\" content=\"index, follow, max-snippet:-1, max-image-preview:large, max-video-preview:-1\" \/>\n<link rel=\"canonical\" href=\"https:\/\/www.leprojecteurguinee.com\/index.php\/2024\/05\/10\/radio-continental-fm-sekou-djatto-fofana-et-alia-bondy-demissionnent\/\" \/>\n<meta property=\"og:locale\" content=\"fr_FR\" \/>\n<meta property=\"og:type\" content=\"article\" \/>\n<meta property=\"og:title\" content=\"Radio Continental FM : Sekou Djatto Fofana et Alia Bondy d\u00e9missionnent\u2026 - leprojecteurguinee\" \/>\n<meta property=\"og:description\" content=\"De sources concordantes Confient \u00e0 notre R\u00e9daction que les chroniqueurs de l&rsquo;\u00e9mission\u00a0\u00a0Bountoungny ont mis\u00a0\u00a0un terme \u00e0 toutes collaborations avec la radio Continental Fm. Toutes nos tentatives pour joindre les deux chroniqueurs, Sekouba Djatto Fofana et Alia Bondy ont \u00e9t\u00e9 vaines. Nous y reviendrons.\" \/>\n<meta property=\"og:url\" content=\"https:\/\/www.leprojecteurguinee.com\/index.php\/2024\/05\/10\/radio-continental-fm-sekou-djatto-fofana-et-alia-bondy-demissionnent\/\" \/>\n<meta property=\"og:site_name\" content=\"leprojecteurguinee\" \/>\n<meta property=\"article:published_time\" content=\"2024-05-10T19:11:44+00:00\" \/>\n<meta property=\"article:modified_time\" content=\"2024-05-10T19:11:46+00:00\" \/>\n<meta property=\"og:image\" content=\"https:\/\/www.leprojecteurguinee.com\/wp-content\/uploads\/2024\/05\/6762D741-D078-4026-9650-088644ACB746.jpeg\" \/>\n\t<meta property=\"og:image:width\" content=\"1536\" \/>\n\t<meta property=\"og:image:height\" content=\"1413\" \/>\n\t<meta property=\"og:image:type\" content=\"image\/jpeg\" \/>\n<meta name=\"author\" content=\"www.leprojecteurguinee.com\" \/>\n<meta name=\"twitter:card\" content=\"summary_large_image\" \/>\n<meta name=\"twitter:label1\" content=\"\u00c9crit par\" \/>\n\t<meta name=\"twitter:data1\" content=\"www.leprojecteurguinee.com\" \/>\n\t<meta name=\"twitter:label2\" content=\"Dur\u00e9e de lecture estim\u00e9e\" \/>\n\t<meta name=\"twitter:data2\" content=\"1 minute\" \/>\n<script type=\"application\/ld+json\" class=\"yoast-schema-graph\">{\"@context\":\"https:\/\/schema.org\",\"@graph\":[{\"@type\":\"Article\",\"@id\":\"https:\/\/www.leprojecteurguinee.com\/index.php\/2024\/05\/10\/radio-continental-fm-sekou-djatto-fofana-et-alia-bondy-demissionnent\/#article\",\"isPartOf\":{\"@id\":\"https:\/\/www.leprojecteurguinee.com\/index.php\/2024\/05\/10\/radio-continental-fm-sekou-djatto-fofana-et-alia-bondy-demissionnent\/\"},\"author\":{\"name\":\"www.leprojecteurguinee.com\",\"@id\":\"https:\/\/www.leprojecteurguinee.com\/#\/schema\/person\/c9d1602e593b11af0b295bdf5e12a59a\"},\"headline\":\"Radio Continental FM : Sekou Djatto Fofana et Alia Bondy d\u00e9missionnent\u2026\",\"datePublished\":\"2024-05-10T19:11:44+00:00\",\"dateModified\":\"2024-05-10T19:11:46+00:00\",\"mainEntityOfPage\":{\"@id\":\"https:\/\/www.leprojecteurguinee.com\/index.php\/2024\/05\/10\/radio-continental-fm-sekou-djatto-fofana-et-alia-bondy-demissionnent\/\"},\"wordCount\":56,\"commentCount\":0,\"image\":{\"@id\":\"https:\/\/www.leprojecteurguinee.com\/index.php\/2024\/05\/10\/radio-continental-fm-sekou-djatto-fofana-et-alia-bondy-demissionnent\/#primaryimage\"},\"thumbnailUrl\":\"https:\/\/www.leprojecteurguinee.com\/wp-content\/uploads\/2024\/05\/6762D741-D078-4026-9650-088644ACB746.jpeg\",\"articleSection\":[\"Actualit\u00e9s\"],\"inLanguage\":\"fr-FR\",\"potentialAction\":[{\"@type\":\"CommentAction\",\"name\":\"Comment\",\"target\":[\"https:\/\/www.leprojecteurguinee.com\/index.php\/2024\/05\/10\/radio-continental-fm-sekou-djatto-fofana-et-alia-bondy-demissionnent\/#respond\"]}]},{\"@type\":\"WebPage\",\"@id\":\"https:\/\/www.leprojecteurguinee.com\/index.php\/2024\/05\/10\/radio-continental-fm-sekou-djatto-fofana-et-alia-bondy-demissionnent\/\",\"url\":\"https:\/\/www.leprojecteurguinee.com\/index.php\/2024\/05\/10\/radio-continental-fm-sekou-djatto-fofana-et-alia-bondy-demissionnent\/\",\"name\":\"Radio Continental FM : Sekou Djatto Fofana et Alia Bondy d\u00e9missionnent\u2026 - leprojecteurguinee\",\"isPartOf\":{\"@id\":\"https:\/\/www.leprojecteurguinee.com\/#website\"},\"primaryImageOfPage\":{\"@id\":\"https:\/\/www.leprojecteurguinee.com\/index.php\/2024\/05\/10\/radio-continental-fm-sekou-djatto-fofana-et-alia-bondy-demissionnent\/#primaryimage\"},\"image\":{\"@id\":\"https:\/\/www.leprojecteurguinee.com\/index.php\/2024\/05\/10\/radio-continental-fm-sekou-djatto-fofana-et-alia-bondy-demissionnent\/#primaryimage\"},\"thumbnailUrl\":\"https:\/\/www.leprojecteurguinee.com\/wp-content\/uploads\/2024\/05\/6762D741-D078-4026-9650-088644ACB746.jpeg\",\"datePublished\":\"2024-05-10T19:11:44+00:00\",\"dateModified\":\"2024-05-10T19:11:46+00:00\",\"author\":{\"@id\":\"https:\/\/www.leprojecteurguinee.com\/#\/schema\/person\/c9d1602e593b11af0b295bdf5e12a59a\"},\"breadcrumb\":{\"@id\":\"https:\/\/www.leprojecteurguinee.com\/index.php\/2024\/05\/10\/radio-continental-fm-sekou-djatto-fofana-et-alia-bondy-demissionnent\/#breadcrumb\"},\"inLanguage\":\"fr-FR\",\"potentialAction\":[{\"@type\":\"ReadAction\",\"target\":[\"https:\/\/www.leprojecteurguinee.com\/index.php\/2024\/05\/10\/radio-continental-fm-sekou-djatto-fofana-et-alia-bondy-demissionnent\/\"]}]},{\"@type\":\"ImageObject\",\"inLanguage\":\"fr-FR\",\"@id\":\"https:\/\/www.leprojecteurguinee.com\/index.php\/2024\/05\/10\/radio-continental-fm-sekou-djatto-fofana-et-alia-bondy-demissionnent\/#primaryimage\",\"url\":\"https:\/\/www.leprojecteurguinee.com\/wp-content\/uploads\/2024\/05\/6762D741-D078-4026-9650-088644ACB746.jpeg\",\"contentUrl\":\"https:\/\/www.leprojecteurguinee.com\/wp-content\/uploads\/2024\/05\/6762D741-D078-4026-9650-088644ACB746.jpeg\",\"width\":1536,\"height\":1413},{\"@type\":\"BreadcrumbList\",\"@id\":\"https:\/\/www.leprojecteurguinee.com\/index.php\/2024\/05\/10\/radio-continental-fm-sekou-djatto-fofana-et-alia-bondy-demissionnent\/#breadcrumb\",\"itemListElement\":[{\"@type\":\"ListItem\",\"position\":1,\"name\":\"Accueil\",\"item\":\"https:\/\/www.leprojecteurguinee.com\/\"},{\"@type\":\"ListItem\",\"position\":2,\"name\":\"Radio Continental FM : Sekou Djatto Fofana et Alia Bondy d\u00e9missionnent\u2026\"}]},{\"@type\":\"WebSite\",\"@id\":\"https:\/\/www.leprojecteurguinee.com\/#website\",\"url\":\"https:\/\/www.leprojecteurguinee.com\/\",\"name\":\"leprojecteurguinee\",\"description\":\"Nous luttons contre les pratiques obscures\",\"potentialAction\":[{\"@type\":\"SearchAction\",\"target\":{\"@type\":\"EntryPoint\",\"urlTemplate\":\"https:\/\/www.leprojecteurguinee.com\/?s={search_term_string}\"},\"query-input\":{\"@type\":\"PropertyValueSpecification\",\"valueRequired\":true,\"valueName\":\"search_term_string\"}}],\"inLanguage\":\"fr-FR\"},{\"@type\":\"Person\",\"@id\":\"https:\/\/www.leprojecteurguinee.com\/#\/schema\/person\/c9d1602e593b11af0b295bdf5e12a59a\",\"name\":\"www.leprojecteurguinee.com\",\"image\":{\"@type\":\"ImageObject\",\"inLanguage\":\"fr-FR\",\"@id\":\"https:\/\/www.leprojecteurguinee.com\/#\/schema\/person\/image\/\",\"url\":\"https:\/\/secure.gravatar.com\/avatar\/d73703fcd03dcba36d2bb23326e491935423a46800f1ebf8f61b70e62b70e55a?s=96&d=mm&r=g\",\"contentUrl\":\"https:\/\/secure.gravatar.com\/avatar\/d73703fcd03dcba36d2bb23326e491935423a46800f1ebf8f61b70e62b70e55a?s=96&d=mm&r=g\",\"caption\":\"www.leprojecteurguinee.com\"},\"description\":\"Administrateur G\u00e9n\u00e9ral\",\"sameAs\":[\"http:\/\/www.leprojeceteurguinee.com\"],\"url\":\"https:\/\/www.leprojecteurguinee.com\/index.php\/author\/fadigagn\/\"}]}<\/script>\n<!-- \/ Yoast SEO plugin. -->","yoast_head_json":{"title":"Radio Continental FM : Sekou Djatto Fofana et Alia Bondy d\u00e9missionnent\u2026 - leprojecteurguinee","robots":{"index":"index","follow":"follow","max-snippet":"max-snippet:-1","max-image-preview":"max-image-preview:large","max-video-preview":"max-video-preview:-1"},"canonical":"https:\/\/www.leprojecteurguinee.com\/index.php\/2024\/05\/10\/radio-continental-fm-sekou-djatto-fofana-et-alia-bondy-demissionnent\/","og_locale":"fr_FR","og_type":"article","og_title":"Radio Continental FM : Sekou Djatto Fofana et Alia Bondy d\u00e9missionnent\u2026 - leprojecteurguinee","og_description":"De sources concordantes Confient \u00e0 notre R\u00e9daction que les chroniqueurs de l&rsquo;\u00e9mission\u00a0\u00a0Bountoungny ont mis\u00a0\u00a0un terme \u00e0 toutes collaborations avec la radio Continental Fm. Toutes nos tentatives pour joindre les deux chroniqueurs, Sekouba Djatto Fofana et Alia Bondy ont \u00e9t\u00e9 vaines. Nous y reviendrons.","og_url":"https:\/\/www.leprojecteurguinee.com\/index.php\/2024\/05\/10\/radio-continental-fm-sekou-djatto-fofana-et-alia-bondy-demissionnent\/","og_site_name":"leprojecteurguinee","article_published_time":"2024-05-10T19:11:44+00:00","article_modified_time":"2024-05-10T19:11:46+00:00","og_image":[{"width":1536,"height":1413,"url":"https:\/\/www.leprojecteurguinee.com\/wp-content\/uploads\/2024\/05\/6762D741-D078-4026-9650-088644ACB746.jpeg","type":"image\/jpeg"}],"author":"www.leprojecteurguinee.com","twitter_card":"summary_large_image","twitter_misc":{"\u00c9crit par":"www.leprojecteurguinee.com","Dur\u00e9e de lecture estim\u00e9e":"1 minute"},"schema":{"@context":"https:\/\/schema.org","@graph":[{"@type":"Article","@id":"https:\/\/www.leprojecteurguinee.com\/index.php\/2024\/05\/10\/radio-continental-fm-sekou-djatto-fofana-et-alia-bondy-demissionnent\/#article","isPartOf":{"@id":"https:\/\/www.leprojecteurguinee.com\/index.php\/2024\/05\/10\/radio-continental-fm-sekou-djatto-fofana-et-alia-bondy-demissionnent\/"},"author":{"name":"www.leprojecteurguinee.com","@id":"https:\/\/www.leprojecteurguinee.com\/#\/schema\/person\/c9d1602e593b11af0b295bdf5e12a59a"},"headline":"Radio Continental FM : Sekou Djatto Fofana et Alia Bondy d\u00e9missionnent\u2026","datePublished":"2024-05-10T19:11:44+00:00","dateModified":"2024-05-10T19:11:46+00:00","mainEntityOfPage":{"@id":"https:\/\/www.leprojecteurguinee.com\/index.php\/2024\/05\/10\/radio-continental-fm-sekou-djatto-fofana-et-alia-bondy-demissionnent\/"},"wordCount":56,"commentCount":0,"image":{"@id":"https:\/\/www.leprojecteurguinee.com\/index.php\/2024\/05\/10\/radio-continental-fm-sekou-djatto-fofana-et-alia-bondy-demissionnent\/#primaryimage"},"thumbnailUrl":"https:\/\/www.leprojecteurguinee.com\/wp-content\/uploads\/2024\/05\/6762D741-D078-4026-9650-088644ACB746.jpeg","articleSection":["Actualit\u00e9s"],"inLanguage":"fr-FR","potentialAction":[{"@type":"CommentAction","name":"Comment","target":["https:\/\/www.leprojecteurguinee.com\/index.php\/2024\/05\/10\/radio-continental-fm-sekou-djatto-fofana-et-alia-bondy-demissionnent\/#respond"]}]},{"@type":"WebPage","@id":"https:\/\/www.leprojecteurguinee.com\/index.php\/2024\/05\/10\/radio-continental-fm-sekou-djatto-fofana-et-alia-bondy-demissionnent\/","url":"https:\/\/www.leprojecteurguinee.com\/index.php\/2024\/05\/10\/radio-continental-fm-sekou-djatto-fofana-et-alia-bondy-demissionnent\/","name":"Radio Continental FM : Sekou Djatto Fofana et Alia Bondy d\u00e9missionnent\u2026 - leprojecteurguinee","isPartOf":{"@id":"https:\/\/www.leprojecteurguinee.com\/#website"},"primaryImageOfPage":{"@id":"https:\/\/www.leprojecteurguinee.com\/index.php\/2024\/05\/10\/radio-continental-fm-sekou-djatto-fofana-et-alia-bondy-demissionnent\/#primaryimage"},"image":{"@id":"https:\/\/www.leprojecteurguinee.com\/index.php\/2024\/05\/10\/radio-continental-fm-sekou-djatto-fofana-et-alia-bondy-demissionnent\/#primaryimage"},"thumbnailUrl":"https:\/\/www.leprojecteurguinee.com\/wp-content\/uploads\/2024\/05\/6762D741-D078-4026-9650-088644ACB746.jpeg","datePublished":"2024-05-10T19:11:44+00:00","dateModified":"2024-05-10T19:11:46+00:00","author":{"@id":"https:\/\/www.leprojecteurguinee.com\/#\/schema\/person\/c9d1602e593b11af0b295bdf5e12a59a"},"breadcrumb":{"@id":"https:\/\/www.leprojecteurguinee.com\/index.php\/2024\/05\/10\/radio-continental-fm-sekou-djatto-fofana-et-alia-bondy-demissionnent\/#breadcrumb"},"inLanguage":"fr-FR","potentialAction":[{"@type":"ReadAction","target":["https:\/\/www.leprojecteurguinee.com\/index.php\/2024\/05\/10\/radio-continental-fm-sekou-djatto-fofana-et-alia-bondy-demissionnent\/"]}]},{"@type":"ImageObject","inLanguage":"fr-FR","@id":"https:\/\/www.leprojecteurguinee.com\/index.php\/2024\/05\/10\/radio-continental-fm-sekou-djatto-fofana-et-alia-bondy-demissionnent\/#primaryimage","url":"https:\/\/www.leprojecteurguinee.com\/wp-content\/uploads\/2024\/05\/6762D741-D078-4026-9650-088644ACB746.jpeg","contentUrl":"https:\/\/www.leprojecteurguinee.com\/wp-content\/uploads\/2024\/05\/6762D741-D078-4026-9650-088644ACB746.jpeg","width":1536,"height":1413},{"@type":"BreadcrumbList","@id":"https:\/\/www.leprojecteurguinee.com\/index.php\/2024\/05\/10\/radio-continental-fm-sekou-djatto-fofana-et-alia-bondy-demissionnent\/#breadcrumb","itemListElement":[{"@type":"ListItem","position":1,"name":"Accueil","item":"https:\/\/www.leprojecteurguinee.com\/"},{"@type":"ListItem","position":2,"name":"Radio Continental FM : Sekou Djatto Fofana et Alia Bondy d\u00e9missionnent\u2026"}]},{"@type":"WebSite","@id":"https:\/\/www.leprojecteurguinee.com\/#website","url":"https:\/\/www.leprojecteurguinee.com\/","name":"leprojecteurguinee","description":"Nous luttons contre les pratiques obscures","potentialAction":[{"@type":"SearchAction","target":{"@type":"EntryPoint","urlTemplate":"https:\/\/www.leprojecteurguinee.com\/?s={search_term_string}"},"query-input":{"@type":"PropertyValueSpecification","valueRequired":true,"valueName":"search_term_string"}}],"inLanguage":"fr-FR"},{"@type":"Person","@id":"https:\/\/www.leprojecteurguinee.com\/#\/schema\/person\/c9d1602e593b11af0b295bdf5e12a59a","name":"www.leprojecteurguinee.com","image":{"@type":"ImageObject","inLanguage":"fr-FR","@id":"https:\/\/www.leprojecteurguinee.com\/#\/schema\/person\/image\/","url":"https:\/\/secure.gravatar.com\/avatar\/d73703fcd03dcba36d2bb23326e491935423a46800f1ebf8f61b70e62b70e55a?s=96&d=mm&r=g","contentUrl":"https:\/\/secure.gravatar.com\/avatar\/d73703fcd03dcba36d2bb23326e491935423a46800f1ebf8f61b70e62b70e55a?s=96&d=mm&r=g","caption":"www.leprojecteurguinee.com"},"description":"Administrateur G\u00e9n\u00e9ral","sameAs":["http:\/\/www.leprojeceteurguinee.com"],"url":"https:\/\/www.leprojecteurguinee.com\/index.php\/author\/fadigagn\/"}]}},"_links":{"self":[{"href":"https:\/\/www.leprojecteurguinee.com\/index.php\/wp-json\/wp\/v2\/posts\/3689","targetHints":{"allow":["GET"]}}],"collection":[{"href":"https:\/\/www.leprojecteurguinee.com\/index.php\/wp-json\/wp\/v2\/posts"}],"about":[{"href":"https:\/\/www.leprojecteurguinee.com\/index.php\/wp-json\/wp\/v2\/types\/post"}],"author":[{"embeddable":true,"href":"https:\/\/www.leprojecteurguinee.com\/index.php\/wp-json\/wp\/v2\/users\/2"}],"replies":[{"embeddable":true,"href":"https:\/\/www.leprojecteurguinee.com\/index.php\/wp-json\/wp\/v2\/comments?post=3689"}],"version-history":[{"count":0,"href":"https:\/\/www.leprojecteurguinee.com\/index.php\/wp-json\/wp\/v2\/posts\/3689\/revisions"}],"wp:featuredmedia":[{"embeddable":true,"href":"https:\/\/www.leprojecteurguinee.com\/index.php\/wp-json\/wp\/v2\/media\/3690"}],"wp:attachment":[{"href":"https:\/\/www.leprojecteurguinee.com\/index.php\/wp-json\/wp\/v2\/media?parent=3689"}],"wp:term":[{"taxonomy":"category","embeddable":true,"href":"https:\/\/www.leprojecteurguinee.com\/index.php\/wp-json\/wp\/v2\/categories?post=3689"},{"taxonomy":"post_tag","embeddable":true,"href":"https:\/\/www.leprojecteurguinee.com\/index.php\/wp-json\/wp\/v2\/tags?post=3689"}],"curies":[{"name":"wp","href":"https:\/\/api.w.org\/{rel}","templated":true}]}}