{"id":3416,"date":"2024-04-02T15:03:39","date_gmt":"2024-04-02T15:03:39","guid":{"rendered":"https:\/\/www.leprojecteurguinee.com\/?p=3416"},"modified":"2024-04-02T15:05:28","modified_gmt":"2024-04-02T15:05:28","slug":"guinee-les-forces-vives-reiterent-leur-volonte-de-chasser-le-general-mamadi-doumbouya-du-pouvoir","status":"publish","type":"post","link":"https:\/\/www.leprojecteurguinee.com\/index.php\/2024\/04\/02\/guinee-les-forces-vives-reiterent-leur-volonte-de-chasser-le-general-mamadi-doumbouya-du-pouvoir\/","title":{"rendered":"Guin\u00e9e : Les Forces Vives r\u00e9it\u00e8rent leur volont\u00e9 de chasser le G\u00e9neral Mamadi Doumbouya du pouvoir&#8230;"},"content":{"rendered":"\n<p>Les Forces vives de Guin\u00e9e (FVG), dans une d\u00e9claration en date du 2 avril, ont condamn\u00e9 vivement la d\u00e9cision de la junte de ne pas organiser la pr\u00e9sidentielle en d\u00e9cembre de cette ann\u00e9e. Elles r\u00e9it\u00e8rent par la suite la formation d\u2019une \u00ab large coalition patriotique pour exiger la rectification de la transition et chasser le G\u00e9n\u00e9ral Mamadi Doumbouya du pouvoir \u00bb. <strong>Lire ci-dessous la d\u00e9claration des FVG :<\/strong><\/p>\n\n\n\n<figure class=\"wp-block-image size-large\"><img loading=\"lazy\" decoding=\"async\" width=\"516\" height=\"1024\" src=\"https:\/\/www.leprojecteurguinee.com\/wp-content\/uploads\/2024\/04\/image-516x1024.png\" alt=\"\" class=\"wp-image-3417\" srcset=\"https:\/\/www.leprojecteurguinee.com\/wp-content\/uploads\/2024\/04\/image-516x1024.png 516w, https:\/\/www.leprojecteurguinee.com\/wp-content\/uploads\/2024\/04\/image-151x300.png 151w, https:\/\/www.leprojecteurguinee.com\/wp-content\/uploads\/2024\/04\/image.png 700w\" sizes=\"auto, (max-width: 516px) 100vw, 516px\" \/><\/figure>\n\n\n\n<p><\/p>\n","protected":false},"excerpt":{"rendered":"<p>Les Forces vives de Guin\u00e9e (FVG), dans une d\u00e9claration en date du 2 avril, ont condamn\u00e9 vivement la d\u00e9cision de la junte de ne pas organiser la pr\u00e9sidentielle en d\u00e9cembre de cette ann\u00e9e. Elles r\u00e9it\u00e8rent par la suite la formation d\u2019une \u00ab large coalition patriotique pour exiger la rectification de la transition et chasser le [&hellip;]<\/p>\n","protected":false},"author":2,"featured_media":3420,"comment_status":"open","ping_status":"open","sticky":false,"template":"","format":"standard","meta":{"footnotes":""},"categories":[16],"tags":[],"class_list":["post-3416","post","type-post","status-publish","format-standard","has-post-thumbnail","hentry","category-actualites"],"yoast_head":"<!-- This site is optimized with the Yoast SEO plugin v26.8 - https:\/\/yoast.com\/product\/yoast-seo-wordpress\/ -->\n<title>Guin\u00e9e : Les Forces Vives r\u00e9it\u00e8rent leur volont\u00e9 de chasser le G\u00e9neral Mamadi Doumbouya du pouvoir... - leprojecteurguinee<\/title>\n<meta name=\"robots\" content=\"index, follow, max-snippet:-1, max-image-preview:large, max-video-preview:-1\" \/>\n<link rel=\"canonical\" href=\"https:\/\/www.leprojecteurguinee.com\/index.php\/2024\/04\/02\/guinee-les-forces-vives-reiterent-leur-volonte-de-chasser-le-general-mamadi-doumbouya-du-pouvoir\/\" \/>\n<meta property=\"og:locale\" content=\"fr_FR\" \/>\n<meta property=\"og:type\" content=\"article\" \/>\n<meta property=\"og:title\" content=\"Guin\u00e9e : Les Forces Vives r\u00e9it\u00e8rent leur volont\u00e9 de chasser le G\u00e9neral Mamadi Doumbouya du pouvoir... - leprojecteurguinee\" \/>\n<meta property=\"og:description\" content=\"Les Forces vives de Guin\u00e9e (FVG), dans une d\u00e9claration en date du 2 avril, ont condamn\u00e9 vivement la d\u00e9cision de la junte de ne pas organiser la pr\u00e9sidentielle en d\u00e9cembre de cette ann\u00e9e. Elles r\u00e9it\u00e8rent par la suite la formation d\u2019une \u00ab large coalition patriotique pour exiger la rectification de la transition et chasser le [&hellip;]\" \/>\n<meta property=\"og:url\" content=\"https:\/\/www.leprojecteurguinee.com\/index.php\/2024\/04\/02\/guinee-les-forces-vives-reiterent-leur-volonte-de-chasser-le-general-mamadi-doumbouya-du-pouvoir\/\" \/>\n<meta property=\"og:site_name\" content=\"leprojecteurguinee\" \/>\n<meta property=\"article:published_time\" content=\"2024-04-02T15:03:39+00:00\" \/>\n<meta property=\"article:modified_time\" content=\"2024-04-02T15:05:28+00:00\" \/>\n<meta property=\"og:image\" content=\"https:\/\/www.leprojecteurguinee.com\/wp-content\/uploads\/2024\/04\/FVG-forces-vives.webp\" \/>\n\t<meta property=\"og:image:width\" content=\"1079\" \/>\n\t<meta property=\"og:image:height\" content=\"756\" \/>\n\t<meta property=\"og:image:type\" content=\"image\/webp\" \/>\n<meta name=\"author\" content=\"www.leprojecteurguinee.com\" \/>\n<meta name=\"twitter:card\" content=\"summary_large_image\" \/>\n<meta name=\"twitter:label1\" content=\"\u00c9crit par\" \/>\n\t<meta name=\"twitter:data1\" content=\"www.leprojecteurguinee.com\" \/>\n\t<meta name=\"twitter:label2\" content=\"Dur\u00e9e de lecture estim\u00e9e\" \/>\n\t<meta name=\"twitter:data2\" content=\"1 minute\" \/>\n<script type=\"application\/ld+json\" class=\"yoast-schema-graph\">{\"@context\":\"https:\/\/schema.org\",\"@graph\":[{\"@type\":\"Article\",\"@id\":\"https:\/\/www.leprojecteurguinee.com\/index.php\/2024\/04\/02\/guinee-les-forces-vives-reiterent-leur-volonte-de-chasser-le-general-mamadi-doumbouya-du-pouvoir\/#article\",\"isPartOf\":{\"@id\":\"https:\/\/www.leprojecteurguinee.com\/index.php\/2024\/04\/02\/guinee-les-forces-vives-reiterent-leur-volonte-de-chasser-le-general-mamadi-doumbouya-du-pouvoir\/\"},\"author\":{\"name\":\"www.leprojecteurguinee.com\",\"@id\":\"https:\/\/www.leprojecteurguinee.com\/#\/schema\/person\/c9d1602e593b11af0b295bdf5e12a59a\"},\"headline\":\"Guin\u00e9e : Les Forces Vives r\u00e9it\u00e8rent leur volont\u00e9 de chasser le G\u00e9neral Mamadi Doumbouya du pouvoir&#8230;\",\"datePublished\":\"2024-04-02T15:03:39+00:00\",\"dateModified\":\"2024-04-02T15:05:28+00:00\",\"mainEntityOfPage\":{\"@id\":\"https:\/\/www.leprojecteurguinee.com\/index.php\/2024\/04\/02\/guinee-les-forces-vives-reiterent-leur-volonte-de-chasser-le-general-mamadi-doumbouya-du-pouvoir\/\"},\"wordCount\":95,\"commentCount\":0,\"image\":{\"@id\":\"https:\/\/www.leprojecteurguinee.com\/index.php\/2024\/04\/02\/guinee-les-forces-vives-reiterent-leur-volonte-de-chasser-le-general-mamadi-doumbouya-du-pouvoir\/#primaryimage\"},\"thumbnailUrl\":\"https:\/\/www.leprojecteurguinee.com\/wp-content\/uploads\/2024\/04\/FVG-forces-vives.webp\",\"articleSection\":[\"Actualit\u00e9s\"],\"inLanguage\":\"fr-FR\",\"potentialAction\":[{\"@type\":\"CommentAction\",\"name\":\"Comment\",\"target\":[\"https:\/\/www.leprojecteurguinee.com\/index.php\/2024\/04\/02\/guinee-les-forces-vives-reiterent-leur-volonte-de-chasser-le-general-mamadi-doumbouya-du-pouvoir\/#respond\"]}]},{\"@type\":\"WebPage\",\"@id\":\"https:\/\/www.leprojecteurguinee.com\/index.php\/2024\/04\/02\/guinee-les-forces-vives-reiterent-leur-volonte-de-chasser-le-general-mamadi-doumbouya-du-pouvoir\/\",\"url\":\"https:\/\/www.leprojecteurguinee.com\/index.php\/2024\/04\/02\/guinee-les-forces-vives-reiterent-leur-volonte-de-chasser-le-general-mamadi-doumbouya-du-pouvoir\/\",\"name\":\"Guin\u00e9e : Les Forces Vives r\u00e9it\u00e8rent leur volont\u00e9 de chasser le G\u00e9neral Mamadi Doumbouya du pouvoir... - leprojecteurguinee\",\"isPartOf\":{\"@id\":\"https:\/\/www.leprojecteurguinee.com\/#website\"},\"primaryImageOfPage\":{\"@id\":\"https:\/\/www.leprojecteurguinee.com\/index.php\/2024\/04\/02\/guinee-les-forces-vives-reiterent-leur-volonte-de-chasser-le-general-mamadi-doumbouya-du-pouvoir\/#primaryimage\"},\"image\":{\"@id\":\"https:\/\/www.leprojecteurguinee.com\/index.php\/2024\/04\/02\/guinee-les-forces-vives-reiterent-leur-volonte-de-chasser-le-general-mamadi-doumbouya-du-pouvoir\/#primaryimage\"},\"thumbnailUrl\":\"https:\/\/www.leprojecteurguinee.com\/wp-content\/uploads\/2024\/04\/FVG-forces-vives.webp\",\"datePublished\":\"2024-04-02T15:03:39+00:00\",\"dateModified\":\"2024-04-02T15:05:28+00:00\",\"author\":{\"@id\":\"https:\/\/www.leprojecteurguinee.com\/#\/schema\/person\/c9d1602e593b11af0b295bdf5e12a59a\"},\"breadcrumb\":{\"@id\":\"https:\/\/www.leprojecteurguinee.com\/index.php\/2024\/04\/02\/guinee-les-forces-vives-reiterent-leur-volonte-de-chasser-le-general-mamadi-doumbouya-du-pouvoir\/#breadcrumb\"},\"inLanguage\":\"fr-FR\",\"potentialAction\":[{\"@type\":\"ReadAction\",\"target\":[\"https:\/\/www.leprojecteurguinee.com\/index.php\/2024\/04\/02\/guinee-les-forces-vives-reiterent-leur-volonte-de-chasser-le-general-mamadi-doumbouya-du-pouvoir\/\"]}]},{\"@type\":\"ImageObject\",\"inLanguage\":\"fr-FR\",\"@id\":\"https:\/\/www.leprojecteurguinee.com\/index.php\/2024\/04\/02\/guinee-les-forces-vives-reiterent-leur-volonte-de-chasser-le-general-mamadi-doumbouya-du-pouvoir\/#primaryimage\",\"url\":\"https:\/\/www.leprojecteurguinee.com\/wp-content\/uploads\/2024\/04\/FVG-forces-vives.webp\",\"contentUrl\":\"https:\/\/www.leprojecteurguinee.com\/wp-content\/uploads\/2024\/04\/FVG-forces-vives.webp\",\"width\":1079,\"height\":756},{\"@type\":\"BreadcrumbList\",\"@id\":\"https:\/\/www.leprojecteurguinee.com\/index.php\/2024\/04\/02\/guinee-les-forces-vives-reiterent-leur-volonte-de-chasser-le-general-mamadi-doumbouya-du-pouvoir\/#breadcrumb\",\"itemListElement\":[{\"@type\":\"ListItem\",\"position\":1,\"name\":\"Accueil\",\"item\":\"https:\/\/www.leprojecteurguinee.com\/\"},{\"@type\":\"ListItem\",\"position\":2,\"name\":\"Guin\u00e9e : Les Forces Vives r\u00e9it\u00e8rent leur volont\u00e9 de chasser le G\u00e9neral Mamadi Doumbouya du pouvoir&#8230;\"}]},{\"@type\":\"WebSite\",\"@id\":\"https:\/\/www.leprojecteurguinee.com\/#website\",\"url\":\"https:\/\/www.leprojecteurguinee.com\/\",\"name\":\"leprojecteurguinee\",\"description\":\"Nous luttons contre les pratiques obscures\",\"potentialAction\":[{\"@type\":\"SearchAction\",\"target\":{\"@type\":\"EntryPoint\",\"urlTemplate\":\"https:\/\/www.leprojecteurguinee.com\/?s={search_term_string}\"},\"query-input\":{\"@type\":\"PropertyValueSpecification\",\"valueRequired\":true,\"valueName\":\"search_term_string\"}}],\"inLanguage\":\"fr-FR\"},{\"@type\":\"Person\",\"@id\":\"https:\/\/www.leprojecteurguinee.com\/#\/schema\/person\/c9d1602e593b11af0b295bdf5e12a59a\",\"name\":\"www.leprojecteurguinee.com\",\"image\":{\"@type\":\"ImageObject\",\"inLanguage\":\"fr-FR\",\"@id\":\"https:\/\/www.leprojecteurguinee.com\/#\/schema\/person\/image\/\",\"url\":\"https:\/\/secure.gravatar.com\/avatar\/d73703fcd03dcba36d2bb23326e491935423a46800f1ebf8f61b70e62b70e55a?s=96&d=mm&r=g\",\"contentUrl\":\"https:\/\/secure.gravatar.com\/avatar\/d73703fcd03dcba36d2bb23326e491935423a46800f1ebf8f61b70e62b70e55a?s=96&d=mm&r=g\",\"caption\":\"www.leprojecteurguinee.com\"},\"description\":\"Administrateur G\u00e9n\u00e9ral\",\"sameAs\":[\"http:\/\/www.leprojeceteurguinee.com\"],\"url\":\"https:\/\/www.leprojecteurguinee.com\/index.php\/author\/fadigagn\/\"}]}<\/script>\n<!-- \/ Yoast SEO plugin. -->","yoast_head_json":{"title":"Guin\u00e9e : Les Forces Vives r\u00e9it\u00e8rent leur volont\u00e9 de chasser le G\u00e9neral Mamadi Doumbouya du pouvoir... - leprojecteurguinee","robots":{"index":"index","follow":"follow","max-snippet":"max-snippet:-1","max-image-preview":"max-image-preview:large","max-video-preview":"max-video-preview:-1"},"canonical":"https:\/\/www.leprojecteurguinee.com\/index.php\/2024\/04\/02\/guinee-les-forces-vives-reiterent-leur-volonte-de-chasser-le-general-mamadi-doumbouya-du-pouvoir\/","og_locale":"fr_FR","og_type":"article","og_title":"Guin\u00e9e : Les Forces Vives r\u00e9it\u00e8rent leur volont\u00e9 de chasser le G\u00e9neral Mamadi Doumbouya du pouvoir... - leprojecteurguinee","og_description":"Les Forces vives de Guin\u00e9e (FVG), dans une d\u00e9claration en date du 2 avril, ont condamn\u00e9 vivement la d\u00e9cision de la junte de ne pas organiser la pr\u00e9sidentielle en d\u00e9cembre de cette ann\u00e9e. Elles r\u00e9it\u00e8rent par la suite la formation d\u2019une \u00ab large coalition patriotique pour exiger la rectification de la transition et chasser le [&hellip;]","og_url":"https:\/\/www.leprojecteurguinee.com\/index.php\/2024\/04\/02\/guinee-les-forces-vives-reiterent-leur-volonte-de-chasser-le-general-mamadi-doumbouya-du-pouvoir\/","og_site_name":"leprojecteurguinee","article_published_time":"2024-04-02T15:03:39+00:00","article_modified_time":"2024-04-02T15:05:28+00:00","og_image":[{"width":1079,"height":756,"url":"https:\/\/www.leprojecteurguinee.com\/wp-content\/uploads\/2024\/04\/FVG-forces-vives.webp","type":"image\/webp"}],"author":"www.leprojecteurguinee.com","twitter_card":"summary_large_image","twitter_misc":{"\u00c9crit par":"www.leprojecteurguinee.com","Dur\u00e9e de lecture estim\u00e9e":"1 minute"},"schema":{"@context":"https:\/\/schema.org","@graph":[{"@type":"Article","@id":"https:\/\/www.leprojecteurguinee.com\/index.php\/2024\/04\/02\/guinee-les-forces-vives-reiterent-leur-volonte-de-chasser-le-general-mamadi-doumbouya-du-pouvoir\/#article","isPartOf":{"@id":"https:\/\/www.leprojecteurguinee.com\/index.php\/2024\/04\/02\/guinee-les-forces-vives-reiterent-leur-volonte-de-chasser-le-general-mamadi-doumbouya-du-pouvoir\/"},"author":{"name":"www.leprojecteurguinee.com","@id":"https:\/\/www.leprojecteurguinee.com\/#\/schema\/person\/c9d1602e593b11af0b295bdf5e12a59a"},"headline":"Guin\u00e9e : Les Forces Vives r\u00e9it\u00e8rent leur volont\u00e9 de chasser le G\u00e9neral Mamadi Doumbouya du pouvoir&#8230;","datePublished":"2024-04-02T15:03:39+00:00","dateModified":"2024-04-02T15:05:28+00:00","mainEntityOfPage":{"@id":"https:\/\/www.leprojecteurguinee.com\/index.php\/2024\/04\/02\/guinee-les-forces-vives-reiterent-leur-volonte-de-chasser-le-general-mamadi-doumbouya-du-pouvoir\/"},"wordCount":95,"commentCount":0,"image":{"@id":"https:\/\/www.leprojecteurguinee.com\/index.php\/2024\/04\/02\/guinee-les-forces-vives-reiterent-leur-volonte-de-chasser-le-general-mamadi-doumbouya-du-pouvoir\/#primaryimage"},"thumbnailUrl":"https:\/\/www.leprojecteurguinee.com\/wp-content\/uploads\/2024\/04\/FVG-forces-vives.webp","articleSection":["Actualit\u00e9s"],"inLanguage":"fr-FR","potentialAction":[{"@type":"CommentAction","name":"Comment","target":["https:\/\/www.leprojecteurguinee.com\/index.php\/2024\/04\/02\/guinee-les-forces-vives-reiterent-leur-volonte-de-chasser-le-general-mamadi-doumbouya-du-pouvoir\/#respond"]}]},{"@type":"WebPage","@id":"https:\/\/www.leprojecteurguinee.com\/index.php\/2024\/04\/02\/guinee-les-forces-vives-reiterent-leur-volonte-de-chasser-le-general-mamadi-doumbouya-du-pouvoir\/","url":"https:\/\/www.leprojecteurguinee.com\/index.php\/2024\/04\/02\/guinee-les-forces-vives-reiterent-leur-volonte-de-chasser-le-general-mamadi-doumbouya-du-pouvoir\/","name":"Guin\u00e9e : Les Forces Vives r\u00e9it\u00e8rent leur volont\u00e9 de chasser le G\u00e9neral Mamadi Doumbouya du pouvoir... - leprojecteurguinee","isPartOf":{"@id":"https:\/\/www.leprojecteurguinee.com\/#website"},"primaryImageOfPage":{"@id":"https:\/\/www.leprojecteurguinee.com\/index.php\/2024\/04\/02\/guinee-les-forces-vives-reiterent-leur-volonte-de-chasser-le-general-mamadi-doumbouya-du-pouvoir\/#primaryimage"},"image":{"@id":"https:\/\/www.leprojecteurguinee.com\/index.php\/2024\/04\/02\/guinee-les-forces-vives-reiterent-leur-volonte-de-chasser-le-general-mamadi-doumbouya-du-pouvoir\/#primaryimage"},"thumbnailUrl":"https:\/\/www.leprojecteurguinee.com\/wp-content\/uploads\/2024\/04\/FVG-forces-vives.webp","datePublished":"2024-04-02T15:03:39+00:00","dateModified":"2024-04-02T15:05:28+00:00","author":{"@id":"https:\/\/www.leprojecteurguinee.com\/#\/schema\/person\/c9d1602e593b11af0b295bdf5e12a59a"},"breadcrumb":{"@id":"https:\/\/www.leprojecteurguinee.com\/index.php\/2024\/04\/02\/guinee-les-forces-vives-reiterent-leur-volonte-de-chasser-le-general-mamadi-doumbouya-du-pouvoir\/#breadcrumb"},"inLanguage":"fr-FR","potentialAction":[{"@type":"ReadAction","target":["https:\/\/www.leprojecteurguinee.com\/index.php\/2024\/04\/02\/guinee-les-forces-vives-reiterent-leur-volonte-de-chasser-le-general-mamadi-doumbouya-du-pouvoir\/"]}]},{"@type":"ImageObject","inLanguage":"fr-FR","@id":"https:\/\/www.leprojecteurguinee.com\/index.php\/2024\/04\/02\/guinee-les-forces-vives-reiterent-leur-volonte-de-chasser-le-general-mamadi-doumbouya-du-pouvoir\/#primaryimage","url":"https:\/\/www.leprojecteurguinee.com\/wp-content\/uploads\/2024\/04\/FVG-forces-vives.webp","contentUrl":"https:\/\/www.leprojecteurguinee.com\/wp-content\/uploads\/2024\/04\/FVG-forces-vives.webp","width":1079,"height":756},{"@type":"BreadcrumbList","@id":"https:\/\/www.leprojecteurguinee.com\/index.php\/2024\/04\/02\/guinee-les-forces-vives-reiterent-leur-volonte-de-chasser-le-general-mamadi-doumbouya-du-pouvoir\/#breadcrumb","itemListElement":[{"@type":"ListItem","position":1,"name":"Accueil","item":"https:\/\/www.leprojecteurguinee.com\/"},{"@type":"ListItem","position":2,"name":"Guin\u00e9e : Les Forces Vives r\u00e9it\u00e8rent leur volont\u00e9 de chasser le G\u00e9neral Mamadi Doumbouya du pouvoir&#8230;"}]},{"@type":"WebSite","@id":"https:\/\/www.leprojecteurguinee.com\/#website","url":"https:\/\/www.leprojecteurguinee.com\/","name":"leprojecteurguinee","description":"Nous luttons contre les pratiques obscures","potentialAction":[{"@type":"SearchAction","target":{"@type":"EntryPoint","urlTemplate":"https:\/\/www.leprojecteurguinee.com\/?s={search_term_string}"},"query-input":{"@type":"PropertyValueSpecification","valueRequired":true,"valueName":"search_term_string"}}],"inLanguage":"fr-FR"},{"@type":"Person","@id":"https:\/\/www.leprojecteurguinee.com\/#\/schema\/person\/c9d1602e593b11af0b295bdf5e12a59a","name":"www.leprojecteurguinee.com","image":{"@type":"ImageObject","inLanguage":"fr-FR","@id":"https:\/\/www.leprojecteurguinee.com\/#\/schema\/person\/image\/","url":"https:\/\/secure.gravatar.com\/avatar\/d73703fcd03dcba36d2bb23326e491935423a46800f1ebf8f61b70e62b70e55a?s=96&d=mm&r=g","contentUrl":"https:\/\/secure.gravatar.com\/avatar\/d73703fcd03dcba36d2bb23326e491935423a46800f1ebf8f61b70e62b70e55a?s=96&d=mm&r=g","caption":"www.leprojecteurguinee.com"},"description":"Administrateur G\u00e9n\u00e9ral","sameAs":["http:\/\/www.leprojeceteurguinee.com"],"url":"https:\/\/www.leprojecteurguinee.com\/index.php\/author\/fadigagn\/"}]}},"_links":{"self":[{"href":"https:\/\/www.leprojecteurguinee.com\/index.php\/wp-json\/wp\/v2\/posts\/3416","targetHints":{"allow":["GET"]}}],"collection":[{"href":"https:\/\/www.leprojecteurguinee.com\/index.php\/wp-json\/wp\/v2\/posts"}],"about":[{"href":"https:\/\/www.leprojecteurguinee.com\/index.php\/wp-json\/wp\/v2\/types\/post"}],"author":[{"embeddable":true,"href":"https:\/\/www.leprojecteurguinee.com\/index.php\/wp-json\/wp\/v2\/users\/2"}],"replies":[{"embeddable":true,"href":"https:\/\/www.leprojecteurguinee.com\/index.php\/wp-json\/wp\/v2\/comments?post=3416"}],"version-history":[{"count":0,"href":"https:\/\/www.leprojecteurguinee.com\/index.php\/wp-json\/wp\/v2\/posts\/3416\/revisions"}],"wp:featuredmedia":[{"embeddable":true,"href":"https:\/\/www.leprojecteurguinee.com\/index.php\/wp-json\/wp\/v2\/media\/3420"}],"wp:attachment":[{"href":"https:\/\/www.leprojecteurguinee.com\/index.php\/wp-json\/wp\/v2\/media?parent=3416"}],"wp:term":[{"taxonomy":"category","embeddable":true,"href":"https:\/\/www.leprojecteurguinee.com\/index.php\/wp-json\/wp\/v2\/categories?post=3416"},{"taxonomy":"post_tag","embeddable":true,"href":"https:\/\/www.leprojecteurguinee.com\/index.php\/wp-json\/wp\/v2\/tags?post=3416"}],"curies":[{"name":"wp","href":"https:\/\/api.w.org\/{rel}","templated":true}]}}