{"id":3299,"date":"2024-03-27T14:48:01","date_gmt":"2024-03-27T14:48:01","guid":{"rendered":"https:\/\/www.leprojecteurguinee.com\/?p=3299"},"modified":"2024-03-27T14:48:02","modified_gmt":"2024-03-27T14:48:02","slug":"la-cedeao-reitere-son-soutien-a-la-guinee","status":"publish","type":"post","link":"https:\/\/www.leprojecteurguinee.com\/index.php\/2024\/03\/27\/la-cedeao-reitere-son-soutien-a-la-guinee\/","title":{"rendered":"La CEDEAO r\u00e9it\u00e8re son soutien \u00e0 la Guin\u00e9e"},"content":{"rendered":"\n<p>Le Premier ministre, Chef du Gouvernement, Amadou Oury BAH a re\u00e7u au palais de la Colombe, une d\u00e9l\u00e9gation de la CEDEAO, conduite par son Ambassadeur, Repr\u00e9sentant R\u00e9sident en Guin\u00e9e, S.E.M Louis Blaise AKA-BROU.<\/p>\n\n\n\n<p>Au nom du Pr\u00e9sident de la Commission de la CEDEAO, la d\u00e9l\u00e9gation a exprim\u00e9 au Premier ministre les sinc\u00e8res f\u00e9licitations ainsi que le plein soutien de la CEDEAO pour sa nomination \u00e0 la t\u00eate du gouvernement de la Republique de Guin\u00e9e.<\/p>\n\n\n\n<p>L&rsquo;ambassadeur Louis Blaise AKA-BROU a rappel\u00e9 que la Guin\u00e9e est membre fondateur de la CEDEAO, par cons\u00e9quent, \u00ab\u00a0tout ce qui concerne la Guin\u00e9e, concerne \u00e9galement la CEDEAO. Nous sommes venus lui traduire tout notre soutien  pour que la transition se fasse de mani\u00e8re apais\u00e9e et que le processus mis en place conjointement soit mis en \u0153uvre \u00bb.<\/p>\n\n\n\n<p>La Primature<\/p>\n","protected":false},"excerpt":{"rendered":"<p>Le Premier ministre, Chef du Gouvernement, Amadou Oury BAH a re\u00e7u au palais de la Colombe, une d\u00e9l\u00e9gation de la CEDEAO, conduite par son Ambassadeur, Repr\u00e9sentant R\u00e9sident en Guin\u00e9e, S.E.M Louis Blaise AKA-BROU. Au nom du Pr\u00e9sident de la Commission de la CEDEAO, la d\u00e9l\u00e9gation a exprim\u00e9 au Premier ministre les sinc\u00e8res f\u00e9licitations ainsi que [&hellip;]<\/p>\n","protected":false},"author":2,"featured_media":3300,"comment_status":"open","ping_status":"open","sticky":false,"template":"","format":"standard","meta":{"footnotes":""},"categories":[16,80],"tags":[],"class_list":["post-3299","post","type-post","status-publish","format-standard","has-post-thumbnail","hentry","category-actualites","category-politique"],"yoast_head":"<!-- This site is optimized with the Yoast SEO plugin v26.8 - https:\/\/yoast.com\/product\/yoast-seo-wordpress\/ -->\n<title>La CEDEAO r\u00e9it\u00e8re son soutien \u00e0 la Guin\u00e9e - leprojecteurguinee<\/title>\n<meta name=\"robots\" content=\"index, follow, max-snippet:-1, max-image-preview:large, max-video-preview:-1\" \/>\n<link rel=\"canonical\" href=\"https:\/\/www.leprojecteurguinee.com\/index.php\/2024\/03\/27\/la-cedeao-reitere-son-soutien-a-la-guinee\/\" \/>\n<meta property=\"og:locale\" content=\"fr_FR\" \/>\n<meta property=\"og:type\" content=\"article\" \/>\n<meta property=\"og:title\" content=\"La CEDEAO r\u00e9it\u00e8re son soutien \u00e0 la Guin\u00e9e - leprojecteurguinee\" \/>\n<meta property=\"og:description\" content=\"Le Premier ministre, Chef du Gouvernement, Amadou Oury BAH a re\u00e7u au palais de la Colombe, une d\u00e9l\u00e9gation de la CEDEAO, conduite par son Ambassadeur, Repr\u00e9sentant R\u00e9sident en Guin\u00e9e, S.E.M Louis Blaise AKA-BROU. Au nom du Pr\u00e9sident de la Commission de la CEDEAO, la d\u00e9l\u00e9gation a exprim\u00e9 au Premier ministre les sinc\u00e8res f\u00e9licitations ainsi que [&hellip;]\" \/>\n<meta property=\"og:url\" content=\"https:\/\/www.leprojecteurguinee.com\/index.php\/2024\/03\/27\/la-cedeao-reitere-son-soutien-a-la-guinee\/\" \/>\n<meta property=\"og:site_name\" content=\"leprojecteurguinee\" \/>\n<meta property=\"article:published_time\" content=\"2024-03-27T14:48:01+00:00\" \/>\n<meta property=\"article:modified_time\" content=\"2024-03-27T14:48:02+00:00\" \/>\n<meta property=\"og:image\" content=\"https:\/\/www.leprojecteurguinee.com\/wp-content\/uploads\/2024\/03\/FB_IMG_1711550638585.jpg\" \/>\n\t<meta property=\"og:image:width\" content=\"720\" \/>\n\t<meta property=\"og:image:height\" content=\"462\" \/>\n\t<meta property=\"og:image:type\" content=\"image\/jpeg\" \/>\n<meta name=\"author\" content=\"www.leprojecteurguinee.com\" \/>\n<meta name=\"twitter:card\" content=\"summary_large_image\" \/>\n<meta name=\"twitter:label1\" content=\"\u00c9crit par\" \/>\n\t<meta name=\"twitter:data1\" content=\"www.leprojecteurguinee.com\" \/>\n\t<meta name=\"twitter:label2\" content=\"Dur\u00e9e de lecture estim\u00e9e\" \/>\n\t<meta name=\"twitter:data2\" content=\"1 minute\" \/>\n<script type=\"application\/ld+json\" class=\"yoast-schema-graph\">{\"@context\":\"https:\/\/schema.org\",\"@graph\":[{\"@type\":\"Article\",\"@id\":\"https:\/\/www.leprojecteurguinee.com\/index.php\/2024\/03\/27\/la-cedeao-reitere-son-soutien-a-la-guinee\/#article\",\"isPartOf\":{\"@id\":\"https:\/\/www.leprojecteurguinee.com\/index.php\/2024\/03\/27\/la-cedeao-reitere-son-soutien-a-la-guinee\/\"},\"author\":{\"name\":\"www.leprojecteurguinee.com\",\"@id\":\"https:\/\/www.leprojecteurguinee.com\/#\/schema\/person\/c9d1602e593b11af0b295bdf5e12a59a\"},\"headline\":\"La CEDEAO r\u00e9it\u00e8re son soutien \u00e0 la Guin\u00e9e\",\"datePublished\":\"2024-03-27T14:48:01+00:00\",\"dateModified\":\"2024-03-27T14:48:02+00:00\",\"mainEntityOfPage\":{\"@id\":\"https:\/\/www.leprojecteurguinee.com\/index.php\/2024\/03\/27\/la-cedeao-reitere-son-soutien-a-la-guinee\/\"},\"wordCount\":162,\"commentCount\":0,\"image\":{\"@id\":\"https:\/\/www.leprojecteurguinee.com\/index.php\/2024\/03\/27\/la-cedeao-reitere-son-soutien-a-la-guinee\/#primaryimage\"},\"thumbnailUrl\":\"https:\/\/www.leprojecteurguinee.com\/wp-content\/uploads\/2024\/03\/FB_IMG_1711550638585.jpg\",\"articleSection\":[\"Actualit\u00e9s\",\"Politique\"],\"inLanguage\":\"fr-FR\",\"potentialAction\":[{\"@type\":\"CommentAction\",\"name\":\"Comment\",\"target\":[\"https:\/\/www.leprojecteurguinee.com\/index.php\/2024\/03\/27\/la-cedeao-reitere-son-soutien-a-la-guinee\/#respond\"]}]},{\"@type\":\"WebPage\",\"@id\":\"https:\/\/www.leprojecteurguinee.com\/index.php\/2024\/03\/27\/la-cedeao-reitere-son-soutien-a-la-guinee\/\",\"url\":\"https:\/\/www.leprojecteurguinee.com\/index.php\/2024\/03\/27\/la-cedeao-reitere-son-soutien-a-la-guinee\/\",\"name\":\"La CEDEAO r\u00e9it\u00e8re son soutien \u00e0 la Guin\u00e9e - leprojecteurguinee\",\"isPartOf\":{\"@id\":\"https:\/\/www.leprojecteurguinee.com\/#website\"},\"primaryImageOfPage\":{\"@id\":\"https:\/\/www.leprojecteurguinee.com\/index.php\/2024\/03\/27\/la-cedeao-reitere-son-soutien-a-la-guinee\/#primaryimage\"},\"image\":{\"@id\":\"https:\/\/www.leprojecteurguinee.com\/index.php\/2024\/03\/27\/la-cedeao-reitere-son-soutien-a-la-guinee\/#primaryimage\"},\"thumbnailUrl\":\"https:\/\/www.leprojecteurguinee.com\/wp-content\/uploads\/2024\/03\/FB_IMG_1711550638585.jpg\",\"datePublished\":\"2024-03-27T14:48:01+00:00\",\"dateModified\":\"2024-03-27T14:48:02+00:00\",\"author\":{\"@id\":\"https:\/\/www.leprojecteurguinee.com\/#\/schema\/person\/c9d1602e593b11af0b295bdf5e12a59a\"},\"breadcrumb\":{\"@id\":\"https:\/\/www.leprojecteurguinee.com\/index.php\/2024\/03\/27\/la-cedeao-reitere-son-soutien-a-la-guinee\/#breadcrumb\"},\"inLanguage\":\"fr-FR\",\"potentialAction\":[{\"@type\":\"ReadAction\",\"target\":[\"https:\/\/www.leprojecteurguinee.com\/index.php\/2024\/03\/27\/la-cedeao-reitere-son-soutien-a-la-guinee\/\"]}]},{\"@type\":\"ImageObject\",\"inLanguage\":\"fr-FR\",\"@id\":\"https:\/\/www.leprojecteurguinee.com\/index.php\/2024\/03\/27\/la-cedeao-reitere-son-soutien-a-la-guinee\/#primaryimage\",\"url\":\"https:\/\/www.leprojecteurguinee.com\/wp-content\/uploads\/2024\/03\/FB_IMG_1711550638585.jpg\",\"contentUrl\":\"https:\/\/www.leprojecteurguinee.com\/wp-content\/uploads\/2024\/03\/FB_IMG_1711550638585.jpg\",\"width\":720,\"height\":462},{\"@type\":\"BreadcrumbList\",\"@id\":\"https:\/\/www.leprojecteurguinee.com\/index.php\/2024\/03\/27\/la-cedeao-reitere-son-soutien-a-la-guinee\/#breadcrumb\",\"itemListElement\":[{\"@type\":\"ListItem\",\"position\":1,\"name\":\"Accueil\",\"item\":\"https:\/\/www.leprojecteurguinee.com\/\"},{\"@type\":\"ListItem\",\"position\":2,\"name\":\"La CEDEAO r\u00e9it\u00e8re son soutien \u00e0 la Guin\u00e9e\"}]},{\"@type\":\"WebSite\",\"@id\":\"https:\/\/www.leprojecteurguinee.com\/#website\",\"url\":\"https:\/\/www.leprojecteurguinee.com\/\",\"name\":\"leprojecteurguinee\",\"description\":\"Nous luttons contre les pratiques obscures\",\"potentialAction\":[{\"@type\":\"SearchAction\",\"target\":{\"@type\":\"EntryPoint\",\"urlTemplate\":\"https:\/\/www.leprojecteurguinee.com\/?s={search_term_string}\"},\"query-input\":{\"@type\":\"PropertyValueSpecification\",\"valueRequired\":true,\"valueName\":\"search_term_string\"}}],\"inLanguage\":\"fr-FR\"},{\"@type\":\"Person\",\"@id\":\"https:\/\/www.leprojecteurguinee.com\/#\/schema\/person\/c9d1602e593b11af0b295bdf5e12a59a\",\"name\":\"www.leprojecteurguinee.com\",\"image\":{\"@type\":\"ImageObject\",\"inLanguage\":\"fr-FR\",\"@id\":\"https:\/\/www.leprojecteurguinee.com\/#\/schema\/person\/image\/\",\"url\":\"https:\/\/secure.gravatar.com\/avatar\/d73703fcd03dcba36d2bb23326e491935423a46800f1ebf8f61b70e62b70e55a?s=96&d=mm&r=g\",\"contentUrl\":\"https:\/\/secure.gravatar.com\/avatar\/d73703fcd03dcba36d2bb23326e491935423a46800f1ebf8f61b70e62b70e55a?s=96&d=mm&r=g\",\"caption\":\"www.leprojecteurguinee.com\"},\"description\":\"Administrateur G\u00e9n\u00e9ral\",\"sameAs\":[\"http:\/\/www.leprojeceteurguinee.com\"],\"url\":\"https:\/\/www.leprojecteurguinee.com\/index.php\/author\/fadigagn\/\"}]}<\/script>\n<!-- \/ Yoast SEO plugin. -->","yoast_head_json":{"title":"La CEDEAO r\u00e9it\u00e8re son soutien \u00e0 la Guin\u00e9e - leprojecteurguinee","robots":{"index":"index","follow":"follow","max-snippet":"max-snippet:-1","max-image-preview":"max-image-preview:large","max-video-preview":"max-video-preview:-1"},"canonical":"https:\/\/www.leprojecteurguinee.com\/index.php\/2024\/03\/27\/la-cedeao-reitere-son-soutien-a-la-guinee\/","og_locale":"fr_FR","og_type":"article","og_title":"La CEDEAO r\u00e9it\u00e8re son soutien \u00e0 la Guin\u00e9e - leprojecteurguinee","og_description":"Le Premier ministre, Chef du Gouvernement, Amadou Oury BAH a re\u00e7u au palais de la Colombe, une d\u00e9l\u00e9gation de la CEDEAO, conduite par son Ambassadeur, Repr\u00e9sentant R\u00e9sident en Guin\u00e9e, S.E.M Louis Blaise AKA-BROU. Au nom du Pr\u00e9sident de la Commission de la CEDEAO, la d\u00e9l\u00e9gation a exprim\u00e9 au Premier ministre les sinc\u00e8res f\u00e9licitations ainsi que [&hellip;]","og_url":"https:\/\/www.leprojecteurguinee.com\/index.php\/2024\/03\/27\/la-cedeao-reitere-son-soutien-a-la-guinee\/","og_site_name":"leprojecteurguinee","article_published_time":"2024-03-27T14:48:01+00:00","article_modified_time":"2024-03-27T14:48:02+00:00","og_image":[{"width":720,"height":462,"url":"https:\/\/www.leprojecteurguinee.com\/wp-content\/uploads\/2024\/03\/FB_IMG_1711550638585.jpg","type":"image\/jpeg"}],"author":"www.leprojecteurguinee.com","twitter_card":"summary_large_image","twitter_misc":{"\u00c9crit par":"www.leprojecteurguinee.com","Dur\u00e9e de lecture estim\u00e9e":"1 minute"},"schema":{"@context":"https:\/\/schema.org","@graph":[{"@type":"Article","@id":"https:\/\/www.leprojecteurguinee.com\/index.php\/2024\/03\/27\/la-cedeao-reitere-son-soutien-a-la-guinee\/#article","isPartOf":{"@id":"https:\/\/www.leprojecteurguinee.com\/index.php\/2024\/03\/27\/la-cedeao-reitere-son-soutien-a-la-guinee\/"},"author":{"name":"www.leprojecteurguinee.com","@id":"https:\/\/www.leprojecteurguinee.com\/#\/schema\/person\/c9d1602e593b11af0b295bdf5e12a59a"},"headline":"La CEDEAO r\u00e9it\u00e8re son soutien \u00e0 la Guin\u00e9e","datePublished":"2024-03-27T14:48:01+00:00","dateModified":"2024-03-27T14:48:02+00:00","mainEntityOfPage":{"@id":"https:\/\/www.leprojecteurguinee.com\/index.php\/2024\/03\/27\/la-cedeao-reitere-son-soutien-a-la-guinee\/"},"wordCount":162,"commentCount":0,"image":{"@id":"https:\/\/www.leprojecteurguinee.com\/index.php\/2024\/03\/27\/la-cedeao-reitere-son-soutien-a-la-guinee\/#primaryimage"},"thumbnailUrl":"https:\/\/www.leprojecteurguinee.com\/wp-content\/uploads\/2024\/03\/FB_IMG_1711550638585.jpg","articleSection":["Actualit\u00e9s","Politique"],"inLanguage":"fr-FR","potentialAction":[{"@type":"CommentAction","name":"Comment","target":["https:\/\/www.leprojecteurguinee.com\/index.php\/2024\/03\/27\/la-cedeao-reitere-son-soutien-a-la-guinee\/#respond"]}]},{"@type":"WebPage","@id":"https:\/\/www.leprojecteurguinee.com\/index.php\/2024\/03\/27\/la-cedeao-reitere-son-soutien-a-la-guinee\/","url":"https:\/\/www.leprojecteurguinee.com\/index.php\/2024\/03\/27\/la-cedeao-reitere-son-soutien-a-la-guinee\/","name":"La CEDEAO r\u00e9it\u00e8re son soutien \u00e0 la Guin\u00e9e - leprojecteurguinee","isPartOf":{"@id":"https:\/\/www.leprojecteurguinee.com\/#website"},"primaryImageOfPage":{"@id":"https:\/\/www.leprojecteurguinee.com\/index.php\/2024\/03\/27\/la-cedeao-reitere-son-soutien-a-la-guinee\/#primaryimage"},"image":{"@id":"https:\/\/www.leprojecteurguinee.com\/index.php\/2024\/03\/27\/la-cedeao-reitere-son-soutien-a-la-guinee\/#primaryimage"},"thumbnailUrl":"https:\/\/www.leprojecteurguinee.com\/wp-content\/uploads\/2024\/03\/FB_IMG_1711550638585.jpg","datePublished":"2024-03-27T14:48:01+00:00","dateModified":"2024-03-27T14:48:02+00:00","author":{"@id":"https:\/\/www.leprojecteurguinee.com\/#\/schema\/person\/c9d1602e593b11af0b295bdf5e12a59a"},"breadcrumb":{"@id":"https:\/\/www.leprojecteurguinee.com\/index.php\/2024\/03\/27\/la-cedeao-reitere-son-soutien-a-la-guinee\/#breadcrumb"},"inLanguage":"fr-FR","potentialAction":[{"@type":"ReadAction","target":["https:\/\/www.leprojecteurguinee.com\/index.php\/2024\/03\/27\/la-cedeao-reitere-son-soutien-a-la-guinee\/"]}]},{"@type":"ImageObject","inLanguage":"fr-FR","@id":"https:\/\/www.leprojecteurguinee.com\/index.php\/2024\/03\/27\/la-cedeao-reitere-son-soutien-a-la-guinee\/#primaryimage","url":"https:\/\/www.leprojecteurguinee.com\/wp-content\/uploads\/2024\/03\/FB_IMG_1711550638585.jpg","contentUrl":"https:\/\/www.leprojecteurguinee.com\/wp-content\/uploads\/2024\/03\/FB_IMG_1711550638585.jpg","width":720,"height":462},{"@type":"BreadcrumbList","@id":"https:\/\/www.leprojecteurguinee.com\/index.php\/2024\/03\/27\/la-cedeao-reitere-son-soutien-a-la-guinee\/#breadcrumb","itemListElement":[{"@type":"ListItem","position":1,"name":"Accueil","item":"https:\/\/www.leprojecteurguinee.com\/"},{"@type":"ListItem","position":2,"name":"La CEDEAO r\u00e9it\u00e8re son soutien \u00e0 la Guin\u00e9e"}]},{"@type":"WebSite","@id":"https:\/\/www.leprojecteurguinee.com\/#website","url":"https:\/\/www.leprojecteurguinee.com\/","name":"leprojecteurguinee","description":"Nous luttons contre les pratiques obscures","potentialAction":[{"@type":"SearchAction","target":{"@type":"EntryPoint","urlTemplate":"https:\/\/www.leprojecteurguinee.com\/?s={search_term_string}"},"query-input":{"@type":"PropertyValueSpecification","valueRequired":true,"valueName":"search_term_string"}}],"inLanguage":"fr-FR"},{"@type":"Person","@id":"https:\/\/www.leprojecteurguinee.com\/#\/schema\/person\/c9d1602e593b11af0b295bdf5e12a59a","name":"www.leprojecteurguinee.com","image":{"@type":"ImageObject","inLanguage":"fr-FR","@id":"https:\/\/www.leprojecteurguinee.com\/#\/schema\/person\/image\/","url":"https:\/\/secure.gravatar.com\/avatar\/d73703fcd03dcba36d2bb23326e491935423a46800f1ebf8f61b70e62b70e55a?s=96&d=mm&r=g","contentUrl":"https:\/\/secure.gravatar.com\/avatar\/d73703fcd03dcba36d2bb23326e491935423a46800f1ebf8f61b70e62b70e55a?s=96&d=mm&r=g","caption":"www.leprojecteurguinee.com"},"description":"Administrateur G\u00e9n\u00e9ral","sameAs":["http:\/\/www.leprojeceteurguinee.com"],"url":"https:\/\/www.leprojecteurguinee.com\/index.php\/author\/fadigagn\/"}]}},"_links":{"self":[{"href":"https:\/\/www.leprojecteurguinee.com\/index.php\/wp-json\/wp\/v2\/posts\/3299","targetHints":{"allow":["GET"]}}],"collection":[{"href":"https:\/\/www.leprojecteurguinee.com\/index.php\/wp-json\/wp\/v2\/posts"}],"about":[{"href":"https:\/\/www.leprojecteurguinee.com\/index.php\/wp-json\/wp\/v2\/types\/post"}],"author":[{"embeddable":true,"href":"https:\/\/www.leprojecteurguinee.com\/index.php\/wp-json\/wp\/v2\/users\/2"}],"replies":[{"embeddable":true,"href":"https:\/\/www.leprojecteurguinee.com\/index.php\/wp-json\/wp\/v2\/comments?post=3299"}],"version-history":[{"count":0,"href":"https:\/\/www.leprojecteurguinee.com\/index.php\/wp-json\/wp\/v2\/posts\/3299\/revisions"}],"wp:featuredmedia":[{"embeddable":true,"href":"https:\/\/www.leprojecteurguinee.com\/index.php\/wp-json\/wp\/v2\/media\/3300"}],"wp:attachment":[{"href":"https:\/\/www.leprojecteurguinee.com\/index.php\/wp-json\/wp\/v2\/media?parent=3299"}],"wp:term":[{"taxonomy":"category","embeddable":true,"href":"https:\/\/www.leprojecteurguinee.com\/index.php\/wp-json\/wp\/v2\/categories?post=3299"},{"taxonomy":"post_tag","embeddable":true,"href":"https:\/\/www.leprojecteurguinee.com\/index.php\/wp-json\/wp\/v2\/tags?post=3299"}],"curies":[{"name":"wp","href":"https:\/\/api.w.org\/{rel}","templated":true}]}}