{"id":3210,"date":"2024-03-23T14:28:14","date_gmt":"2024-03-23T14:28:14","guid":{"rendered":"https:\/\/www.leprojecteurguinee.com\/?p=3210"},"modified":"2024-03-23T14:28:16","modified_gmt":"2024-03-23T14:28:16","slug":"derniere-minute-le-coordinateur-de-la-maog-a-ete-relache","status":"publish","type":"post","link":"https:\/\/www.leprojecteurguinee.com\/index.php\/2024\/03\/23\/derniere-minute-le-coordinateur-de-la-maog-a-ete-relache\/","title":{"rendered":"Derni\u00e8re minute: Le coordinateur de la MAOG a \u00e9t\u00e9 rel\u00e2ch\u00e9"},"content":{"rendered":"\n<p>C&rsquo;est une information qui vient de nous parvenir dans l&rsquo;apr\u00e8s-midi de ce samedi, 23 mars 2024. Le coordinateur de la maison des associations et ONG de Guin\u00e9e (MAOG) recouvre finalement sa libert\u00e9 apr\u00e8s plusieurs heures pass\u00e9es dans les locaux du GFS sis au palais dans la commune de Kaloum. <\/p>\n\n\n\n<p>Alpha Bayo, puisqu&rsquo;il s&rsquo;agit de lui, a \u00e9t\u00e9 arr\u00eat\u00e9 hier vendredi par les \u00e9l\u00e9ments du groupement des forces sp\u00e9ciales.<\/p>\n\n\n\n<p>Selon plusieurs sources, cette arrestation n&rsquo;a rien avoir avec la d\u00e9claration de la convergence des acteurs socio-politiques engag\u00e9s dans le cadre du dialogue inclusif Inter-Guin\u00e9en le 19 mars dernier, comme estimaient plusieurs personnes.<\/p>\n\n\n\n<p>A suivre !<\/p>\n\n\n\n<p>Mohamed Camara pour Leprojecteurguinee.com<\/p>\n","protected":false},"excerpt":{"rendered":"<p>C&rsquo;est une information qui vient de nous parvenir dans l&rsquo;apr\u00e8s-midi de ce samedi, 23 mars 2024. Le coordinateur de la maison des associations et ONG de Guin\u00e9e (MAOG) recouvre finalement sa libert\u00e9 apr\u00e8s plusieurs heures pass\u00e9es dans les locaux du GFS sis au palais dans la commune de Kaloum. Alpha Bayo, puisqu&rsquo;il s&rsquo;agit de lui, [&hellip;]<\/p>\n","protected":false},"author":2,"featured_media":3211,"comment_status":"open","ping_status":"open","sticky":false,"template":"","format":"standard","meta":{"footnotes":""},"categories":[16,20],"tags":[],"class_list":["post-3210","post","type-post","status-publish","format-standard","has-post-thumbnail","hentry","category-actualites","category-societe"],"yoast_head":"<!-- This site is optimized with the Yoast SEO plugin v26.8 - https:\/\/yoast.com\/product\/yoast-seo-wordpress\/ -->\n<title>Derni\u00e8re minute: Le coordinateur de la MAOG a \u00e9t\u00e9 rel\u00e2ch\u00e9 - leprojecteurguinee<\/title>\n<meta name=\"robots\" content=\"index, follow, max-snippet:-1, max-image-preview:large, max-video-preview:-1\" \/>\n<link rel=\"canonical\" href=\"https:\/\/www.leprojecteurguinee.com\/index.php\/2024\/03\/23\/derniere-minute-le-coordinateur-de-la-maog-a-ete-relache\/\" \/>\n<meta property=\"og:locale\" content=\"fr_FR\" \/>\n<meta property=\"og:type\" content=\"article\" \/>\n<meta property=\"og:title\" content=\"Derni\u00e8re minute: Le coordinateur de la MAOG a \u00e9t\u00e9 rel\u00e2ch\u00e9 - leprojecteurguinee\" \/>\n<meta property=\"og:description\" content=\"C&rsquo;est une information qui vient de nous parvenir dans l&rsquo;apr\u00e8s-midi de ce samedi, 23 mars 2024. Le coordinateur de la maison des associations et ONG de Guin\u00e9e (MAOG) recouvre finalement sa libert\u00e9 apr\u00e8s plusieurs heures pass\u00e9es dans les locaux du GFS sis au palais dans la commune de Kaloum. Alpha Bayo, puisqu&rsquo;il s&rsquo;agit de lui, [&hellip;]\" \/>\n<meta property=\"og:url\" content=\"https:\/\/www.leprojecteurguinee.com\/index.php\/2024\/03\/23\/derniere-minute-le-coordinateur-de-la-maog-a-ete-relache\/\" \/>\n<meta property=\"og:site_name\" content=\"leprojecteurguinee\" \/>\n<meta property=\"article:published_time\" content=\"2024-03-23T14:28:14+00:00\" \/>\n<meta property=\"article:modified_time\" content=\"2024-03-23T14:28:16+00:00\" \/>\n<meta property=\"og:image\" content=\"https:\/\/www.leprojecteurguinee.com\/wp-content\/uploads\/2024\/03\/ALPHA-BAYO-696x464-2.jpg\" \/>\n\t<meta property=\"og:image:width\" content=\"696\" \/>\n\t<meta property=\"og:image:height\" content=\"464\" \/>\n\t<meta property=\"og:image:type\" content=\"image\/jpeg\" \/>\n<meta name=\"author\" content=\"www.leprojecteurguinee.com\" \/>\n<meta name=\"twitter:card\" content=\"summary_large_image\" \/>\n<meta name=\"twitter:label1\" content=\"\u00c9crit par\" \/>\n\t<meta name=\"twitter:data1\" content=\"www.leprojecteurguinee.com\" \/>\n\t<meta name=\"twitter:label2\" content=\"Dur\u00e9e de lecture estim\u00e9e\" \/>\n\t<meta name=\"twitter:data2\" content=\"1 minute\" \/>\n<script type=\"application\/ld+json\" class=\"yoast-schema-graph\">{\"@context\":\"https:\/\/schema.org\",\"@graph\":[{\"@type\":\"Article\",\"@id\":\"https:\/\/www.leprojecteurguinee.com\/index.php\/2024\/03\/23\/derniere-minute-le-coordinateur-de-la-maog-a-ete-relache\/#article\",\"isPartOf\":{\"@id\":\"https:\/\/www.leprojecteurguinee.com\/index.php\/2024\/03\/23\/derniere-minute-le-coordinateur-de-la-maog-a-ete-relache\/\"},\"author\":{\"name\":\"www.leprojecteurguinee.com\",\"@id\":\"https:\/\/www.leprojecteurguinee.com\/#\/schema\/person\/c9d1602e593b11af0b295bdf5e12a59a\"},\"headline\":\"Derni\u00e8re minute: Le coordinateur de la MAOG a \u00e9t\u00e9 rel\u00e2ch\u00e9\",\"datePublished\":\"2024-03-23T14:28:14+00:00\",\"dateModified\":\"2024-03-23T14:28:16+00:00\",\"mainEntityOfPage\":{\"@id\":\"https:\/\/www.leprojecteurguinee.com\/index.php\/2024\/03\/23\/derniere-minute-le-coordinateur-de-la-maog-a-ete-relache\/\"},\"wordCount\":132,\"commentCount\":0,\"image\":{\"@id\":\"https:\/\/www.leprojecteurguinee.com\/index.php\/2024\/03\/23\/derniere-minute-le-coordinateur-de-la-maog-a-ete-relache\/#primaryimage\"},\"thumbnailUrl\":\"https:\/\/www.leprojecteurguinee.com\/wp-content\/uploads\/2024\/03\/ALPHA-BAYO-696x464-2.jpg\",\"articleSection\":[\"Actualit\u00e9s\",\"Soci\u00e9t\u00e9\"],\"inLanguage\":\"fr-FR\",\"potentialAction\":[{\"@type\":\"CommentAction\",\"name\":\"Comment\",\"target\":[\"https:\/\/www.leprojecteurguinee.com\/index.php\/2024\/03\/23\/derniere-minute-le-coordinateur-de-la-maog-a-ete-relache\/#respond\"]}]},{\"@type\":\"WebPage\",\"@id\":\"https:\/\/www.leprojecteurguinee.com\/index.php\/2024\/03\/23\/derniere-minute-le-coordinateur-de-la-maog-a-ete-relache\/\",\"url\":\"https:\/\/www.leprojecteurguinee.com\/index.php\/2024\/03\/23\/derniere-minute-le-coordinateur-de-la-maog-a-ete-relache\/\",\"name\":\"Derni\u00e8re minute: Le coordinateur de la MAOG a \u00e9t\u00e9 rel\u00e2ch\u00e9 - leprojecteurguinee\",\"isPartOf\":{\"@id\":\"https:\/\/www.leprojecteurguinee.com\/#website\"},\"primaryImageOfPage\":{\"@id\":\"https:\/\/www.leprojecteurguinee.com\/index.php\/2024\/03\/23\/derniere-minute-le-coordinateur-de-la-maog-a-ete-relache\/#primaryimage\"},\"image\":{\"@id\":\"https:\/\/www.leprojecteurguinee.com\/index.php\/2024\/03\/23\/derniere-minute-le-coordinateur-de-la-maog-a-ete-relache\/#primaryimage\"},\"thumbnailUrl\":\"https:\/\/www.leprojecteurguinee.com\/wp-content\/uploads\/2024\/03\/ALPHA-BAYO-696x464-2.jpg\",\"datePublished\":\"2024-03-23T14:28:14+00:00\",\"dateModified\":\"2024-03-23T14:28:16+00:00\",\"author\":{\"@id\":\"https:\/\/www.leprojecteurguinee.com\/#\/schema\/person\/c9d1602e593b11af0b295bdf5e12a59a\"},\"breadcrumb\":{\"@id\":\"https:\/\/www.leprojecteurguinee.com\/index.php\/2024\/03\/23\/derniere-minute-le-coordinateur-de-la-maog-a-ete-relache\/#breadcrumb\"},\"inLanguage\":\"fr-FR\",\"potentialAction\":[{\"@type\":\"ReadAction\",\"target\":[\"https:\/\/www.leprojecteurguinee.com\/index.php\/2024\/03\/23\/derniere-minute-le-coordinateur-de-la-maog-a-ete-relache\/\"]}]},{\"@type\":\"ImageObject\",\"inLanguage\":\"fr-FR\",\"@id\":\"https:\/\/www.leprojecteurguinee.com\/index.php\/2024\/03\/23\/derniere-minute-le-coordinateur-de-la-maog-a-ete-relache\/#primaryimage\",\"url\":\"https:\/\/www.leprojecteurguinee.com\/wp-content\/uploads\/2024\/03\/ALPHA-BAYO-696x464-2.jpg\",\"contentUrl\":\"https:\/\/www.leprojecteurguinee.com\/wp-content\/uploads\/2024\/03\/ALPHA-BAYO-696x464-2.jpg\",\"width\":696,\"height\":464},{\"@type\":\"BreadcrumbList\",\"@id\":\"https:\/\/www.leprojecteurguinee.com\/index.php\/2024\/03\/23\/derniere-minute-le-coordinateur-de-la-maog-a-ete-relache\/#breadcrumb\",\"itemListElement\":[{\"@type\":\"ListItem\",\"position\":1,\"name\":\"Accueil\",\"item\":\"https:\/\/www.leprojecteurguinee.com\/\"},{\"@type\":\"ListItem\",\"position\":2,\"name\":\"Derni\u00e8re minute: Le coordinateur de la MAOG a \u00e9t\u00e9 rel\u00e2ch\u00e9\"}]},{\"@type\":\"WebSite\",\"@id\":\"https:\/\/www.leprojecteurguinee.com\/#website\",\"url\":\"https:\/\/www.leprojecteurguinee.com\/\",\"name\":\"leprojecteurguinee\",\"description\":\"Nous luttons contre les pratiques obscures\",\"potentialAction\":[{\"@type\":\"SearchAction\",\"target\":{\"@type\":\"EntryPoint\",\"urlTemplate\":\"https:\/\/www.leprojecteurguinee.com\/?s={search_term_string}\"},\"query-input\":{\"@type\":\"PropertyValueSpecification\",\"valueRequired\":true,\"valueName\":\"search_term_string\"}}],\"inLanguage\":\"fr-FR\"},{\"@type\":\"Person\",\"@id\":\"https:\/\/www.leprojecteurguinee.com\/#\/schema\/person\/c9d1602e593b11af0b295bdf5e12a59a\",\"name\":\"www.leprojecteurguinee.com\",\"image\":{\"@type\":\"ImageObject\",\"inLanguage\":\"fr-FR\",\"@id\":\"https:\/\/www.leprojecteurguinee.com\/#\/schema\/person\/image\/\",\"url\":\"https:\/\/secure.gravatar.com\/avatar\/d73703fcd03dcba36d2bb23326e491935423a46800f1ebf8f61b70e62b70e55a?s=96&d=mm&r=g\",\"contentUrl\":\"https:\/\/secure.gravatar.com\/avatar\/d73703fcd03dcba36d2bb23326e491935423a46800f1ebf8f61b70e62b70e55a?s=96&d=mm&r=g\",\"caption\":\"www.leprojecteurguinee.com\"},\"description\":\"Administrateur G\u00e9n\u00e9ral\",\"sameAs\":[\"http:\/\/www.leprojeceteurguinee.com\"],\"url\":\"https:\/\/www.leprojecteurguinee.com\/index.php\/author\/fadigagn\/\"}]}<\/script>\n<!-- \/ Yoast SEO plugin. -->","yoast_head_json":{"title":"Derni\u00e8re minute: Le coordinateur de la MAOG a \u00e9t\u00e9 rel\u00e2ch\u00e9 - leprojecteurguinee","robots":{"index":"index","follow":"follow","max-snippet":"max-snippet:-1","max-image-preview":"max-image-preview:large","max-video-preview":"max-video-preview:-1"},"canonical":"https:\/\/www.leprojecteurguinee.com\/index.php\/2024\/03\/23\/derniere-minute-le-coordinateur-de-la-maog-a-ete-relache\/","og_locale":"fr_FR","og_type":"article","og_title":"Derni\u00e8re minute: Le coordinateur de la MAOG a \u00e9t\u00e9 rel\u00e2ch\u00e9 - leprojecteurguinee","og_description":"C&rsquo;est une information qui vient de nous parvenir dans l&rsquo;apr\u00e8s-midi de ce samedi, 23 mars 2024. Le coordinateur de la maison des associations et ONG de Guin\u00e9e (MAOG) recouvre finalement sa libert\u00e9 apr\u00e8s plusieurs heures pass\u00e9es dans les locaux du GFS sis au palais dans la commune de Kaloum. Alpha Bayo, puisqu&rsquo;il s&rsquo;agit de lui, [&hellip;]","og_url":"https:\/\/www.leprojecteurguinee.com\/index.php\/2024\/03\/23\/derniere-minute-le-coordinateur-de-la-maog-a-ete-relache\/","og_site_name":"leprojecteurguinee","article_published_time":"2024-03-23T14:28:14+00:00","article_modified_time":"2024-03-23T14:28:16+00:00","og_image":[{"width":696,"height":464,"url":"https:\/\/www.leprojecteurguinee.com\/wp-content\/uploads\/2024\/03\/ALPHA-BAYO-696x464-2.jpg","type":"image\/jpeg"}],"author":"www.leprojecteurguinee.com","twitter_card":"summary_large_image","twitter_misc":{"\u00c9crit par":"www.leprojecteurguinee.com","Dur\u00e9e de lecture estim\u00e9e":"1 minute"},"schema":{"@context":"https:\/\/schema.org","@graph":[{"@type":"Article","@id":"https:\/\/www.leprojecteurguinee.com\/index.php\/2024\/03\/23\/derniere-minute-le-coordinateur-de-la-maog-a-ete-relache\/#article","isPartOf":{"@id":"https:\/\/www.leprojecteurguinee.com\/index.php\/2024\/03\/23\/derniere-minute-le-coordinateur-de-la-maog-a-ete-relache\/"},"author":{"name":"www.leprojecteurguinee.com","@id":"https:\/\/www.leprojecteurguinee.com\/#\/schema\/person\/c9d1602e593b11af0b295bdf5e12a59a"},"headline":"Derni\u00e8re minute: Le coordinateur de la MAOG a \u00e9t\u00e9 rel\u00e2ch\u00e9","datePublished":"2024-03-23T14:28:14+00:00","dateModified":"2024-03-23T14:28:16+00:00","mainEntityOfPage":{"@id":"https:\/\/www.leprojecteurguinee.com\/index.php\/2024\/03\/23\/derniere-minute-le-coordinateur-de-la-maog-a-ete-relache\/"},"wordCount":132,"commentCount":0,"image":{"@id":"https:\/\/www.leprojecteurguinee.com\/index.php\/2024\/03\/23\/derniere-minute-le-coordinateur-de-la-maog-a-ete-relache\/#primaryimage"},"thumbnailUrl":"https:\/\/www.leprojecteurguinee.com\/wp-content\/uploads\/2024\/03\/ALPHA-BAYO-696x464-2.jpg","articleSection":["Actualit\u00e9s","Soci\u00e9t\u00e9"],"inLanguage":"fr-FR","potentialAction":[{"@type":"CommentAction","name":"Comment","target":["https:\/\/www.leprojecteurguinee.com\/index.php\/2024\/03\/23\/derniere-minute-le-coordinateur-de-la-maog-a-ete-relache\/#respond"]}]},{"@type":"WebPage","@id":"https:\/\/www.leprojecteurguinee.com\/index.php\/2024\/03\/23\/derniere-minute-le-coordinateur-de-la-maog-a-ete-relache\/","url":"https:\/\/www.leprojecteurguinee.com\/index.php\/2024\/03\/23\/derniere-minute-le-coordinateur-de-la-maog-a-ete-relache\/","name":"Derni\u00e8re minute: Le coordinateur de la MAOG a \u00e9t\u00e9 rel\u00e2ch\u00e9 - leprojecteurguinee","isPartOf":{"@id":"https:\/\/www.leprojecteurguinee.com\/#website"},"primaryImageOfPage":{"@id":"https:\/\/www.leprojecteurguinee.com\/index.php\/2024\/03\/23\/derniere-minute-le-coordinateur-de-la-maog-a-ete-relache\/#primaryimage"},"image":{"@id":"https:\/\/www.leprojecteurguinee.com\/index.php\/2024\/03\/23\/derniere-minute-le-coordinateur-de-la-maog-a-ete-relache\/#primaryimage"},"thumbnailUrl":"https:\/\/www.leprojecteurguinee.com\/wp-content\/uploads\/2024\/03\/ALPHA-BAYO-696x464-2.jpg","datePublished":"2024-03-23T14:28:14+00:00","dateModified":"2024-03-23T14:28:16+00:00","author":{"@id":"https:\/\/www.leprojecteurguinee.com\/#\/schema\/person\/c9d1602e593b11af0b295bdf5e12a59a"},"breadcrumb":{"@id":"https:\/\/www.leprojecteurguinee.com\/index.php\/2024\/03\/23\/derniere-minute-le-coordinateur-de-la-maog-a-ete-relache\/#breadcrumb"},"inLanguage":"fr-FR","potentialAction":[{"@type":"ReadAction","target":["https:\/\/www.leprojecteurguinee.com\/index.php\/2024\/03\/23\/derniere-minute-le-coordinateur-de-la-maog-a-ete-relache\/"]}]},{"@type":"ImageObject","inLanguage":"fr-FR","@id":"https:\/\/www.leprojecteurguinee.com\/index.php\/2024\/03\/23\/derniere-minute-le-coordinateur-de-la-maog-a-ete-relache\/#primaryimage","url":"https:\/\/www.leprojecteurguinee.com\/wp-content\/uploads\/2024\/03\/ALPHA-BAYO-696x464-2.jpg","contentUrl":"https:\/\/www.leprojecteurguinee.com\/wp-content\/uploads\/2024\/03\/ALPHA-BAYO-696x464-2.jpg","width":696,"height":464},{"@type":"BreadcrumbList","@id":"https:\/\/www.leprojecteurguinee.com\/index.php\/2024\/03\/23\/derniere-minute-le-coordinateur-de-la-maog-a-ete-relache\/#breadcrumb","itemListElement":[{"@type":"ListItem","position":1,"name":"Accueil","item":"https:\/\/www.leprojecteurguinee.com\/"},{"@type":"ListItem","position":2,"name":"Derni\u00e8re minute: Le coordinateur de la MAOG a \u00e9t\u00e9 rel\u00e2ch\u00e9"}]},{"@type":"WebSite","@id":"https:\/\/www.leprojecteurguinee.com\/#website","url":"https:\/\/www.leprojecteurguinee.com\/","name":"leprojecteurguinee","description":"Nous luttons contre les pratiques obscures","potentialAction":[{"@type":"SearchAction","target":{"@type":"EntryPoint","urlTemplate":"https:\/\/www.leprojecteurguinee.com\/?s={search_term_string}"},"query-input":{"@type":"PropertyValueSpecification","valueRequired":true,"valueName":"search_term_string"}}],"inLanguage":"fr-FR"},{"@type":"Person","@id":"https:\/\/www.leprojecteurguinee.com\/#\/schema\/person\/c9d1602e593b11af0b295bdf5e12a59a","name":"www.leprojecteurguinee.com","image":{"@type":"ImageObject","inLanguage":"fr-FR","@id":"https:\/\/www.leprojecteurguinee.com\/#\/schema\/person\/image\/","url":"https:\/\/secure.gravatar.com\/avatar\/d73703fcd03dcba36d2bb23326e491935423a46800f1ebf8f61b70e62b70e55a?s=96&d=mm&r=g","contentUrl":"https:\/\/secure.gravatar.com\/avatar\/d73703fcd03dcba36d2bb23326e491935423a46800f1ebf8f61b70e62b70e55a?s=96&d=mm&r=g","caption":"www.leprojecteurguinee.com"},"description":"Administrateur G\u00e9n\u00e9ral","sameAs":["http:\/\/www.leprojeceteurguinee.com"],"url":"https:\/\/www.leprojecteurguinee.com\/index.php\/author\/fadigagn\/"}]}},"_links":{"self":[{"href":"https:\/\/www.leprojecteurguinee.com\/index.php\/wp-json\/wp\/v2\/posts\/3210","targetHints":{"allow":["GET"]}}],"collection":[{"href":"https:\/\/www.leprojecteurguinee.com\/index.php\/wp-json\/wp\/v2\/posts"}],"about":[{"href":"https:\/\/www.leprojecteurguinee.com\/index.php\/wp-json\/wp\/v2\/types\/post"}],"author":[{"embeddable":true,"href":"https:\/\/www.leprojecteurguinee.com\/index.php\/wp-json\/wp\/v2\/users\/2"}],"replies":[{"embeddable":true,"href":"https:\/\/www.leprojecteurguinee.com\/index.php\/wp-json\/wp\/v2\/comments?post=3210"}],"version-history":[{"count":0,"href":"https:\/\/www.leprojecteurguinee.com\/index.php\/wp-json\/wp\/v2\/posts\/3210\/revisions"}],"wp:featuredmedia":[{"embeddable":true,"href":"https:\/\/www.leprojecteurguinee.com\/index.php\/wp-json\/wp\/v2\/media\/3211"}],"wp:attachment":[{"href":"https:\/\/www.leprojecteurguinee.com\/index.php\/wp-json\/wp\/v2\/media?parent=3210"}],"wp:term":[{"taxonomy":"category","embeddable":true,"href":"https:\/\/www.leprojecteurguinee.com\/index.php\/wp-json\/wp\/v2\/categories?post=3210"},{"taxonomy":"post_tag","embeddable":true,"href":"https:\/\/www.leprojecteurguinee.com\/index.php\/wp-json\/wp\/v2\/tags?post=3210"}],"curies":[{"name":"wp","href":"https:\/\/api.w.org\/{rel}","templated":true}]}}