{"id":2988,"date":"2024-03-12T11:46:57","date_gmt":"2024-03-12T10:46:57","guid":{"rendered":"https:\/\/www.leprojecteurguinee.com\/?p=2988"},"modified":"2024-03-12T11:48:10","modified_gmt":"2024-03-12T10:48:10","slug":"ce-que-les-sages-ont-dit-au-premier-ministre","status":"publish","type":"post","link":"https:\/\/www.leprojecteurguinee.com\/index.php\/2024\/03\/12\/ce-que-les-sages-ont-dit-au-premier-ministre\/","title":{"rendered":"Ce que les sages ont dit au Premier ministre<br>"},"content":{"rendered":"\n<p>D\u00e9termin\u00e9 \u00e0 renforcer le climat d\u2019\u00e9change convivial et fraternel entre les autorit\u00e9s politiques et les diff\u00e9rentes composantes sociales du pays, le Premier ministre, Chef du Gouvernement, Amadou Oury Bah, a rencontr\u00e9 les repr\u00e9sentants des coordinations r\u00e9gionales de la Guin\u00e9e, les leaders des confessions religieuses, et les repr\u00e9sentants de la Communaut\u00e9 des Guin\u00e9ens d\u2019origine Libano-Syrienne.<br><br>Pour l\u2019ancien ministre de la r\u00e9conciliation nationale, l\u2019initiative de rencontrer les sages de \u00ab la communaut\u00e9 nationale \u00bb r\u00e9pond \u00e0 un double objectif : \u00ab se pr\u00e9senter \u00e0 eux et demander leur b\u00e9n\u00e9diction \u00bb dans le cadre de ses nouvelles responsabilit\u00e9s nationales en vue de b\u00e9n\u00e9ficier de leur soutien et accompagnement. Dans un ton apais\u00e9 et conciliant, le Premier ministre a au nom du Pr\u00e9sident de la R\u00e9publique, Chef de l\u2019\u00c9tat, G\u00e9n\u00e9ral Mamadi Doumbouya, exprim\u00e9 son attachement profond aux liens de partage et d\u2019engagement patriotique entre les communaut\u00e9s dans l\u2019\u0153uvre de refondation de la nation.<br><br>\u00c0 la sortie de cette rencontre, M. Aly SAADI, au nom de la communaut\u00e9 guin\u00e9enne d&rsquo;origine libanaise, invit\u00e9e pour l&rsquo;une des rares fois \u00e0 une rencontre de ce niveau, a exprim\u00e9 sa sensibilit\u00e9 et son engagement : \u00ab La communaut\u00e9 a appr\u00e9ci\u00e9 l&rsquo;invitation du Premier ministre, t\u00e9moignant de son engagement \u00e0 mener sa mission en partenariat avec tous les acteurs sociaux-politiques et \u00e9conomiques du pays. Nous exprimons notre disponibilit\u00e9 \u00e0 l&rsquo;accompagner dans sa noble mission dans l&rsquo;int\u00e9r\u00eat du peuple de Guin\u00e9e. Nous sommes engag\u00e9s pour le bien-\u00eatre de ce pays, car nous vivons ici, et le souci du Gouvernement est le souci de chaque personne qui vit en Guin\u00e9e. \u00bb<br><br>Les Chefs religieux quant \u00e0 eux, ont plac\u00e9 cette initiative du Chef du Gouvernement sous l\u2019angle de la main tendue pour la construction d\u2019une Guin\u00e9e unie et fraternelle : \u00ab C\u2019est dans la paix que nous voulons vivre. Elle s\u2019acquiert sur la base du respect mutuel et de l\u2019esprit de partage, tant sur le plan socio-politique que sur le plan \u00e9conomique. \u00bb a soulign\u00e9 Elhadji Mamadou Saliou CAMARA.<br><br>Cet \u00e9change a \u00e9t\u00e9 l\u2019occasion de renforcer des liens de sociabilit\u00e9, centr\u00e9s autour des questions essentielles pour le bonheur commun. Par ailleurs, l\u2019id\u00e9e d\u2019une assembl\u00e9e des sages a \u00e9t\u00e9 \u00e9voqu\u00e9e pour alimenter la r\u00e9flexion.<\/p>\n","protected":false},"excerpt":{"rendered":"<p>D\u00e9termin\u00e9 \u00e0 renforcer le climat d\u2019\u00e9change convivial et fraternel entre les autorit\u00e9s politiques et les diff\u00e9rentes composantes sociales du pays, le Premier ministre, Chef du Gouvernement, Amadou Oury Bah, a rencontr\u00e9 les repr\u00e9sentants des coordinations r\u00e9gionales de la Guin\u00e9e, les leaders des confessions religieuses, et les repr\u00e9sentants de la Communaut\u00e9 des Guin\u00e9ens d\u2019origine Libano-Syrienne. Pour [&hellip;]<\/p>\n","protected":false},"author":1,"featured_media":2987,"comment_status":"open","ping_status":"open","sticky":false,"template":"","format":"standard","meta":{"footnotes":""},"categories":[80],"tags":[162,609],"class_list":["post-2988","post","type-post","status-publish","format-standard","has-post-thumbnail","hentry","category-politique","tag-bah-oury","tag-premier-ministre"],"yoast_head":"<!-- This site is optimized with the Yoast SEO plugin v26.8 - https:\/\/yoast.com\/product\/yoast-seo-wordpress\/ -->\n<title>Ce que les sages ont dit au Premier ministre - leprojecteurguinee<\/title>\n<meta name=\"robots\" content=\"index, follow, max-snippet:-1, max-image-preview:large, max-video-preview:-1\" \/>\n<link rel=\"canonical\" href=\"https:\/\/www.leprojecteurguinee.com\/index.php\/2024\/03\/12\/ce-que-les-sages-ont-dit-au-premier-ministre\/\" \/>\n<meta property=\"og:locale\" content=\"fr_FR\" \/>\n<meta property=\"og:type\" content=\"article\" \/>\n<meta property=\"og:title\" content=\"Ce que les sages ont dit au Premier ministre - leprojecteurguinee\" \/>\n<meta property=\"og:description\" content=\"D\u00e9termin\u00e9 \u00e0 renforcer le climat d\u2019\u00e9change convivial et fraternel entre les autorit\u00e9s politiques et les diff\u00e9rentes composantes sociales du pays, le Premier ministre, Chef du Gouvernement, Amadou Oury Bah, a rencontr\u00e9 les repr\u00e9sentants des coordinations r\u00e9gionales de la Guin\u00e9e, les leaders des confessions religieuses, et les repr\u00e9sentants de la Communaut\u00e9 des Guin\u00e9ens d\u2019origine Libano-Syrienne. Pour [&hellip;]\" \/>\n<meta property=\"og:url\" content=\"https:\/\/www.leprojecteurguinee.com\/index.php\/2024\/03\/12\/ce-que-les-sages-ont-dit-au-premier-ministre\/\" \/>\n<meta property=\"og:site_name\" content=\"leprojecteurguinee\" \/>\n<meta property=\"article:published_time\" content=\"2024-03-12T10:46:57+00:00\" \/>\n<meta property=\"article:modified_time\" content=\"2024-03-12T10:48:10+00:00\" \/>\n<meta property=\"og:image\" content=\"https:\/\/www.leprojecteurguinee.com\/wp-content\/uploads\/2024\/03\/IMG-20240312-WA0042.jpg\" \/>\n\t<meta property=\"og:image:width\" content=\"1280\" \/>\n\t<meta property=\"og:image:height\" content=\"853\" \/>\n\t<meta property=\"og:image:type\" content=\"image\/jpeg\" \/>\n<meta name=\"author\" content=\"Leprojecteurguinee\" \/>\n<meta name=\"twitter:card\" content=\"summary_large_image\" \/>\n<meta name=\"twitter:label1\" content=\"\u00c9crit par\" \/>\n\t<meta name=\"twitter:data1\" content=\"Leprojecteurguinee\" \/>\n\t<meta name=\"twitter:label2\" content=\"Dur\u00e9e de lecture estim\u00e9e\" \/>\n\t<meta name=\"twitter:data2\" content=\"2 minutes\" \/>\n<script type=\"application\/ld+json\" class=\"yoast-schema-graph\">{\"@context\":\"https:\/\/schema.org\",\"@graph\":[{\"@type\":\"Article\",\"@id\":\"https:\/\/www.leprojecteurguinee.com\/index.php\/2024\/03\/12\/ce-que-les-sages-ont-dit-au-premier-ministre\/#article\",\"isPartOf\":{\"@id\":\"https:\/\/www.leprojecteurguinee.com\/index.php\/2024\/03\/12\/ce-que-les-sages-ont-dit-au-premier-ministre\/\"},\"author\":{\"name\":\"Leprojecteurguinee\",\"@id\":\"https:\/\/www.leprojecteurguinee.com\/#\/schema\/person\/389671d1a3f0c66e6c91c4a765990c1b\"},\"headline\":\"Ce que les sages ont dit au Premier ministre\",\"datePublished\":\"2024-03-12T10:46:57+00:00\",\"dateModified\":\"2024-03-12T10:48:10+00:00\",\"mainEntityOfPage\":{\"@id\":\"https:\/\/www.leprojecteurguinee.com\/index.php\/2024\/03\/12\/ce-que-les-sages-ont-dit-au-premier-ministre\/\"},\"wordCount\":408,\"commentCount\":0,\"image\":{\"@id\":\"https:\/\/www.leprojecteurguinee.com\/index.php\/2024\/03\/12\/ce-que-les-sages-ont-dit-au-premier-ministre\/#primaryimage\"},\"thumbnailUrl\":\"https:\/\/www.leprojecteurguinee.com\/wp-content\/uploads\/2024\/03\/IMG-20240312-WA0042.jpg\",\"keywords\":[\"Bah Oury\",\"Premier ministre\"],\"articleSection\":[\"Politique\"],\"inLanguage\":\"fr-FR\",\"potentialAction\":[{\"@type\":\"CommentAction\",\"name\":\"Comment\",\"target\":[\"https:\/\/www.leprojecteurguinee.com\/index.php\/2024\/03\/12\/ce-que-les-sages-ont-dit-au-premier-ministre\/#respond\"]}]},{\"@type\":\"WebPage\",\"@id\":\"https:\/\/www.leprojecteurguinee.com\/index.php\/2024\/03\/12\/ce-que-les-sages-ont-dit-au-premier-ministre\/\",\"url\":\"https:\/\/www.leprojecteurguinee.com\/index.php\/2024\/03\/12\/ce-que-les-sages-ont-dit-au-premier-ministre\/\",\"name\":\"Ce que les sages ont dit au Premier ministre - leprojecteurguinee\",\"isPartOf\":{\"@id\":\"https:\/\/www.leprojecteurguinee.com\/#website\"},\"primaryImageOfPage\":{\"@id\":\"https:\/\/www.leprojecteurguinee.com\/index.php\/2024\/03\/12\/ce-que-les-sages-ont-dit-au-premier-ministre\/#primaryimage\"},\"image\":{\"@id\":\"https:\/\/www.leprojecteurguinee.com\/index.php\/2024\/03\/12\/ce-que-les-sages-ont-dit-au-premier-ministre\/#primaryimage\"},\"thumbnailUrl\":\"https:\/\/www.leprojecteurguinee.com\/wp-content\/uploads\/2024\/03\/IMG-20240312-WA0042.jpg\",\"datePublished\":\"2024-03-12T10:46:57+00:00\",\"dateModified\":\"2024-03-12T10:48:10+00:00\",\"author\":{\"@id\":\"https:\/\/www.leprojecteurguinee.com\/#\/schema\/person\/389671d1a3f0c66e6c91c4a765990c1b\"},\"breadcrumb\":{\"@id\":\"https:\/\/www.leprojecteurguinee.com\/index.php\/2024\/03\/12\/ce-que-les-sages-ont-dit-au-premier-ministre\/#breadcrumb\"},\"inLanguage\":\"fr-FR\",\"potentialAction\":[{\"@type\":\"ReadAction\",\"target\":[\"https:\/\/www.leprojecteurguinee.com\/index.php\/2024\/03\/12\/ce-que-les-sages-ont-dit-au-premier-ministre\/\"]}]},{\"@type\":\"ImageObject\",\"inLanguage\":\"fr-FR\",\"@id\":\"https:\/\/www.leprojecteurguinee.com\/index.php\/2024\/03\/12\/ce-que-les-sages-ont-dit-au-premier-ministre\/#primaryimage\",\"url\":\"https:\/\/www.leprojecteurguinee.com\/wp-content\/uploads\/2024\/03\/IMG-20240312-WA0042.jpg\",\"contentUrl\":\"https:\/\/www.leprojecteurguinee.com\/wp-content\/uploads\/2024\/03\/IMG-20240312-WA0042.jpg\",\"width\":1280,\"height\":853},{\"@type\":\"BreadcrumbList\",\"@id\":\"https:\/\/www.leprojecteurguinee.com\/index.php\/2024\/03\/12\/ce-que-les-sages-ont-dit-au-premier-ministre\/#breadcrumb\",\"itemListElement\":[{\"@type\":\"ListItem\",\"position\":1,\"name\":\"Accueil\",\"item\":\"https:\/\/www.leprojecteurguinee.com\/\"},{\"@type\":\"ListItem\",\"position\":2,\"name\":\"Ce que les sages ont dit au Premier ministre\"}]},{\"@type\":\"WebSite\",\"@id\":\"https:\/\/www.leprojecteurguinee.com\/#website\",\"url\":\"https:\/\/www.leprojecteurguinee.com\/\",\"name\":\"leprojecteurguinee\",\"description\":\"Nous luttons contre les pratiques obscures\",\"potentialAction\":[{\"@type\":\"SearchAction\",\"target\":{\"@type\":\"EntryPoint\",\"urlTemplate\":\"https:\/\/www.leprojecteurguinee.com\/?s={search_term_string}\"},\"query-input\":{\"@type\":\"PropertyValueSpecification\",\"valueRequired\":true,\"valueName\":\"search_term_string\"}}],\"inLanguage\":\"fr-FR\"},{\"@type\":\"Person\",\"@id\":\"https:\/\/www.leprojecteurguinee.com\/#\/schema\/person\/389671d1a3f0c66e6c91c4a765990c1b\",\"name\":\"Leprojecteurguinee\",\"image\":{\"@type\":\"ImageObject\",\"inLanguage\":\"fr-FR\",\"@id\":\"https:\/\/www.leprojecteurguinee.com\/#\/schema\/person\/image\/\",\"url\":\"https:\/\/secure.gravatar.com\/avatar\/c0faa0f472c43eff99fecb0bd2a1c6782e80a162c9fcb7ed2d48bb42ea619f30?s=96&d=mm&r=g\",\"contentUrl\":\"https:\/\/secure.gravatar.com\/avatar\/c0faa0f472c43eff99fecb0bd2a1c6782e80a162c9fcb7ed2d48bb42ea619f30?s=96&d=mm&r=g\",\"caption\":\"Leprojecteurguinee\"},\"sameAs\":[\"https:\/\/www.leprojecteurguinee.com\"],\"url\":\"https:\/\/www.leprojecteurguinee.com\/index.php\/author\/madame\/\"}]}<\/script>\n<!-- \/ Yoast SEO plugin. -->","yoast_head_json":{"title":"Ce que les sages ont dit au Premier ministre - leprojecteurguinee","robots":{"index":"index","follow":"follow","max-snippet":"max-snippet:-1","max-image-preview":"max-image-preview:large","max-video-preview":"max-video-preview:-1"},"canonical":"https:\/\/www.leprojecteurguinee.com\/index.php\/2024\/03\/12\/ce-que-les-sages-ont-dit-au-premier-ministre\/","og_locale":"fr_FR","og_type":"article","og_title":"Ce que les sages ont dit au Premier ministre - leprojecteurguinee","og_description":"D\u00e9termin\u00e9 \u00e0 renforcer le climat d\u2019\u00e9change convivial et fraternel entre les autorit\u00e9s politiques et les diff\u00e9rentes composantes sociales du pays, le Premier ministre, Chef du Gouvernement, Amadou Oury Bah, a rencontr\u00e9 les repr\u00e9sentants des coordinations r\u00e9gionales de la Guin\u00e9e, les leaders des confessions religieuses, et les repr\u00e9sentants de la Communaut\u00e9 des Guin\u00e9ens d\u2019origine Libano-Syrienne. Pour [&hellip;]","og_url":"https:\/\/www.leprojecteurguinee.com\/index.php\/2024\/03\/12\/ce-que-les-sages-ont-dit-au-premier-ministre\/","og_site_name":"leprojecteurguinee","article_published_time":"2024-03-12T10:46:57+00:00","article_modified_time":"2024-03-12T10:48:10+00:00","og_image":[{"width":1280,"height":853,"url":"https:\/\/www.leprojecteurguinee.com\/wp-content\/uploads\/2024\/03\/IMG-20240312-WA0042.jpg","type":"image\/jpeg"}],"author":"Leprojecteurguinee","twitter_card":"summary_large_image","twitter_misc":{"\u00c9crit par":"Leprojecteurguinee","Dur\u00e9e de lecture estim\u00e9e":"2 minutes"},"schema":{"@context":"https:\/\/schema.org","@graph":[{"@type":"Article","@id":"https:\/\/www.leprojecteurguinee.com\/index.php\/2024\/03\/12\/ce-que-les-sages-ont-dit-au-premier-ministre\/#article","isPartOf":{"@id":"https:\/\/www.leprojecteurguinee.com\/index.php\/2024\/03\/12\/ce-que-les-sages-ont-dit-au-premier-ministre\/"},"author":{"name":"Leprojecteurguinee","@id":"https:\/\/www.leprojecteurguinee.com\/#\/schema\/person\/389671d1a3f0c66e6c91c4a765990c1b"},"headline":"Ce que les sages ont dit au Premier ministre","datePublished":"2024-03-12T10:46:57+00:00","dateModified":"2024-03-12T10:48:10+00:00","mainEntityOfPage":{"@id":"https:\/\/www.leprojecteurguinee.com\/index.php\/2024\/03\/12\/ce-que-les-sages-ont-dit-au-premier-ministre\/"},"wordCount":408,"commentCount":0,"image":{"@id":"https:\/\/www.leprojecteurguinee.com\/index.php\/2024\/03\/12\/ce-que-les-sages-ont-dit-au-premier-ministre\/#primaryimage"},"thumbnailUrl":"https:\/\/www.leprojecteurguinee.com\/wp-content\/uploads\/2024\/03\/IMG-20240312-WA0042.jpg","keywords":["Bah Oury","Premier ministre"],"articleSection":["Politique"],"inLanguage":"fr-FR","potentialAction":[{"@type":"CommentAction","name":"Comment","target":["https:\/\/www.leprojecteurguinee.com\/index.php\/2024\/03\/12\/ce-que-les-sages-ont-dit-au-premier-ministre\/#respond"]}]},{"@type":"WebPage","@id":"https:\/\/www.leprojecteurguinee.com\/index.php\/2024\/03\/12\/ce-que-les-sages-ont-dit-au-premier-ministre\/","url":"https:\/\/www.leprojecteurguinee.com\/index.php\/2024\/03\/12\/ce-que-les-sages-ont-dit-au-premier-ministre\/","name":"Ce que les sages ont dit au Premier ministre - leprojecteurguinee","isPartOf":{"@id":"https:\/\/www.leprojecteurguinee.com\/#website"},"primaryImageOfPage":{"@id":"https:\/\/www.leprojecteurguinee.com\/index.php\/2024\/03\/12\/ce-que-les-sages-ont-dit-au-premier-ministre\/#primaryimage"},"image":{"@id":"https:\/\/www.leprojecteurguinee.com\/index.php\/2024\/03\/12\/ce-que-les-sages-ont-dit-au-premier-ministre\/#primaryimage"},"thumbnailUrl":"https:\/\/www.leprojecteurguinee.com\/wp-content\/uploads\/2024\/03\/IMG-20240312-WA0042.jpg","datePublished":"2024-03-12T10:46:57+00:00","dateModified":"2024-03-12T10:48:10+00:00","author":{"@id":"https:\/\/www.leprojecteurguinee.com\/#\/schema\/person\/389671d1a3f0c66e6c91c4a765990c1b"},"breadcrumb":{"@id":"https:\/\/www.leprojecteurguinee.com\/index.php\/2024\/03\/12\/ce-que-les-sages-ont-dit-au-premier-ministre\/#breadcrumb"},"inLanguage":"fr-FR","potentialAction":[{"@type":"ReadAction","target":["https:\/\/www.leprojecteurguinee.com\/index.php\/2024\/03\/12\/ce-que-les-sages-ont-dit-au-premier-ministre\/"]}]},{"@type":"ImageObject","inLanguage":"fr-FR","@id":"https:\/\/www.leprojecteurguinee.com\/index.php\/2024\/03\/12\/ce-que-les-sages-ont-dit-au-premier-ministre\/#primaryimage","url":"https:\/\/www.leprojecteurguinee.com\/wp-content\/uploads\/2024\/03\/IMG-20240312-WA0042.jpg","contentUrl":"https:\/\/www.leprojecteurguinee.com\/wp-content\/uploads\/2024\/03\/IMG-20240312-WA0042.jpg","width":1280,"height":853},{"@type":"BreadcrumbList","@id":"https:\/\/www.leprojecteurguinee.com\/index.php\/2024\/03\/12\/ce-que-les-sages-ont-dit-au-premier-ministre\/#breadcrumb","itemListElement":[{"@type":"ListItem","position":1,"name":"Accueil","item":"https:\/\/www.leprojecteurguinee.com\/"},{"@type":"ListItem","position":2,"name":"Ce que les sages ont dit au Premier ministre"}]},{"@type":"WebSite","@id":"https:\/\/www.leprojecteurguinee.com\/#website","url":"https:\/\/www.leprojecteurguinee.com\/","name":"leprojecteurguinee","description":"Nous luttons contre les pratiques obscures","potentialAction":[{"@type":"SearchAction","target":{"@type":"EntryPoint","urlTemplate":"https:\/\/www.leprojecteurguinee.com\/?s={search_term_string}"},"query-input":{"@type":"PropertyValueSpecification","valueRequired":true,"valueName":"search_term_string"}}],"inLanguage":"fr-FR"},{"@type":"Person","@id":"https:\/\/www.leprojecteurguinee.com\/#\/schema\/person\/389671d1a3f0c66e6c91c4a765990c1b","name":"Leprojecteurguinee","image":{"@type":"ImageObject","inLanguage":"fr-FR","@id":"https:\/\/www.leprojecteurguinee.com\/#\/schema\/person\/image\/","url":"https:\/\/secure.gravatar.com\/avatar\/c0faa0f472c43eff99fecb0bd2a1c6782e80a162c9fcb7ed2d48bb42ea619f30?s=96&d=mm&r=g","contentUrl":"https:\/\/secure.gravatar.com\/avatar\/c0faa0f472c43eff99fecb0bd2a1c6782e80a162c9fcb7ed2d48bb42ea619f30?s=96&d=mm&r=g","caption":"Leprojecteurguinee"},"sameAs":["https:\/\/www.leprojecteurguinee.com"],"url":"https:\/\/www.leprojecteurguinee.com\/index.php\/author\/madame\/"}]}},"_links":{"self":[{"href":"https:\/\/www.leprojecteurguinee.com\/index.php\/wp-json\/wp\/v2\/posts\/2988","targetHints":{"allow":["GET"]}}],"collection":[{"href":"https:\/\/www.leprojecteurguinee.com\/index.php\/wp-json\/wp\/v2\/posts"}],"about":[{"href":"https:\/\/www.leprojecteurguinee.com\/index.php\/wp-json\/wp\/v2\/types\/post"}],"author":[{"embeddable":true,"href":"https:\/\/www.leprojecteurguinee.com\/index.php\/wp-json\/wp\/v2\/users\/1"}],"replies":[{"embeddable":true,"href":"https:\/\/www.leprojecteurguinee.com\/index.php\/wp-json\/wp\/v2\/comments?post=2988"}],"version-history":[{"count":0,"href":"https:\/\/www.leprojecteurguinee.com\/index.php\/wp-json\/wp\/v2\/posts\/2988\/revisions"}],"wp:featuredmedia":[{"embeddable":true,"href":"https:\/\/www.leprojecteurguinee.com\/index.php\/wp-json\/wp\/v2\/media\/2987"}],"wp:attachment":[{"href":"https:\/\/www.leprojecteurguinee.com\/index.php\/wp-json\/wp\/v2\/media?parent=2988"}],"wp:term":[{"taxonomy":"category","embeddable":true,"href":"https:\/\/www.leprojecteurguinee.com\/index.php\/wp-json\/wp\/v2\/categories?post=2988"},{"taxonomy":"post_tag","embeddable":true,"href":"https:\/\/www.leprojecteurguinee.com\/index.php\/wp-json\/wp\/v2\/tags?post=2988"}],"curies":[{"name":"wp","href":"https:\/\/api.w.org\/{rel}","templated":true}]}}