{"id":2929,"date":"2024-03-09T15:20:37","date_gmt":"2024-03-09T14:20:37","guid":{"rendered":"https:\/\/www.leprojecteurguinee.com\/?p=2929"},"modified":"2024-03-09T15:20:39","modified_gmt":"2024-03-09T14:20:39","slug":"journee-du-08-mars-la-resilience-des-femmes-de-coronthie-a-ete-reconnue","status":"publish","type":"post","link":"https:\/\/www.leprojecteurguinee.com\/index.php\/2024\/03\/09\/journee-du-08-mars-la-resilience-des-femmes-de-coronthie-a-ete-reconnue\/","title":{"rendered":"Journ\u00e9e du 08 mars : la r\u00e9silience des femmes de Coronthie a \u00e9t\u00e9 reconnue."},"content":{"rendered":"\n<p>\u00c0 l&rsquo;occasion de la c\u00e9l\u00e9bration de la journ\u00e9e du 8 mars organis\u00e9e au palais du peuple sous l&rsquo;\u00e9gide de la gouverneure de Conakry, il \u00e9tait question pour Mahawa Sylla de remercier les femmes de Coronthie, victimes de l&rsquo;explosion du d\u00e9p\u00f4t de carburant pour leurs r\u00e9siliences face \u00e0 ce probl\u00e8me.<br>\u00ab Le mois de d\u00e9cembre pass\u00e9, la Guin\u00e9e a enregistr\u00e9 un grave incident \u00e0 Coronthie, suite \u00e0 l&rsquo;explosion du d\u00e9p\u00f4t de l&rsquo;hydrocarbure de la ville. Suite \u00e0 cela, le gouvernement s&rsquo;est battu, accompagn\u00e9 par toutes les forces vives de la nation, pour relever le d\u00e9fi s\u00e9curitaire avec la solidarit\u00e9 de toute la population, des partenaires et toutes les forces vives. Que les femmes de Kaloum en g\u00e9n\u00e9ral, et de Coronthie en particulier ici pr\u00e9sentes, en soient remercier pour leur r\u00e9siliation, pour leur le calme, et la compr\u00e9hension. Le th\u00e8me retenu de cette ann\u00e9e est \u00a0\u00bb <em>le syst\u00e8me de protection ax\u00e9 sur les services, et aux infrastructures durables, pour l&rsquo;\u00e9galit\u00e9 des sexes et l&rsquo;autonomisation des femmes et filles de Conakry. \u00a0\u00bb Cela prouve \u00e0 suffisance que les autorit\u00e9s \u00e0 tous les niveaux ne m\u00e9nagent aucun effort et continue \u00e0 approfondir les r\u00e9flexions, sur comment r\u00e9tablir les femmes et les filles dans leurs droits dans notre pays, pour l&rsquo;am\u00e9lioration de leur condition de vie. C&rsquo;est pourquoi nous les femmes et filles de Guin\u00e9e, \u00e9tant garantes de toute stabilit\u00e9, barom\u00e8tre de la soci\u00e9t\u00e9, je vous exhorte encore et encore, \u00e0 redoubler les efforts, pour notre autonomisation dans le d\u00e9veloppement. C&rsquo;est le lieu pour moi, au nom de toutes les femmes et filles de notre capitale de rendre un vibrant hommage, accompagn\u00e9 de remerciements \u00e0 l&rsquo;endroit de son excellence, Monsieur le pr\u00e9sident de la R\u00e9publique le G\u00e9n\u00e9ral Mamadi Doumbouya pour son soutien inlassable, pour l&rsquo;\u00e9galit\u00e9 du genre et l&rsquo;autonomisation des femmes et des filles en Guin\u00e9e<\/em>. \u00bb \u00c0 marteler la gouverneure de Conakry.<\/p>\n\n\n\n<p class=\"has-text-align-right\"><strong>Fatoumata Camara <\/strong><\/p>\n","protected":false},"excerpt":{"rendered":"<p>\u00c0 l&rsquo;occasion de la c\u00e9l\u00e9bration de la journ\u00e9e du 8 mars organis\u00e9e au palais du peuple sous l&rsquo;\u00e9gide de la gouverneure de Conakry, il \u00e9tait question pour Mahawa Sylla de remercier les femmes de Coronthie, victimes de l&rsquo;explosion du d\u00e9p\u00f4t de carburant pour leurs r\u00e9siliences face \u00e0 ce probl\u00e8me.\u00ab Le mois de d\u00e9cembre pass\u00e9, la [&hellip;]<\/p>\n","protected":false},"author":1,"featured_media":2931,"comment_status":"open","ping_status":"open","sticky":true,"template":"","format":"standard","meta":{"footnotes":""},"categories":[80],"tags":[599,400],"class_list":["post-2929","post","type-post","status-publish","format-standard","has-post-thumbnail","hentry","category-politique","tag-08-mars","tag-kaloum"],"yoast_head":"<!-- This site is optimized with the Yoast SEO plugin v26.8 - https:\/\/yoast.com\/product\/yoast-seo-wordpress\/ -->\n<title>Journ\u00e9e du 08 mars : la r\u00e9silience des femmes de Coronthie a \u00e9t\u00e9 reconnue. - leprojecteurguinee<\/title>\n<meta name=\"robots\" content=\"index, follow, max-snippet:-1, max-image-preview:large, max-video-preview:-1\" \/>\n<link rel=\"canonical\" href=\"https:\/\/www.leprojecteurguinee.com\/index.php\/2024\/03\/09\/journee-du-08-mars-la-resilience-des-femmes-de-coronthie-a-ete-reconnue\/\" \/>\n<meta property=\"og:locale\" content=\"fr_FR\" \/>\n<meta property=\"og:type\" content=\"article\" \/>\n<meta property=\"og:title\" content=\"Journ\u00e9e du 08 mars : la r\u00e9silience des femmes de Coronthie a \u00e9t\u00e9 reconnue. - leprojecteurguinee\" \/>\n<meta property=\"og:description\" content=\"\u00c0 l&rsquo;occasion de la c\u00e9l\u00e9bration de la journ\u00e9e du 8 mars organis\u00e9e au palais du peuple sous l&rsquo;\u00e9gide de la gouverneure de Conakry, il \u00e9tait question pour Mahawa Sylla de remercier les femmes de Coronthie, victimes de l&rsquo;explosion du d\u00e9p\u00f4t de carburant pour leurs r\u00e9siliences face \u00e0 ce probl\u00e8me.\u00ab Le mois de d\u00e9cembre pass\u00e9, la [&hellip;]\" \/>\n<meta property=\"og:url\" content=\"https:\/\/www.leprojecteurguinee.com\/index.php\/2024\/03\/09\/journee-du-08-mars-la-resilience-des-femmes-de-coronthie-a-ete-reconnue\/\" \/>\n<meta property=\"og:site_name\" content=\"leprojecteurguinee\" \/>\n<meta property=\"article:published_time\" content=\"2024-03-09T14:20:37+00:00\" \/>\n<meta property=\"article:modified_time\" content=\"2024-03-09T14:20:39+00:00\" \/>\n<meta property=\"og:image\" content=\"https:\/\/www.leprojecteurguinee.com\/wp-content\/uploads\/2024\/03\/WhatsApp-Image-2024-03-08-at-16.52.43-1.jpeg\" \/>\n\t<meta property=\"og:image:width\" content=\"1040\" \/>\n\t<meta property=\"og:image:height\" content=\"480\" \/>\n\t<meta property=\"og:image:type\" content=\"image\/jpeg\" \/>\n<meta name=\"author\" content=\"Leprojecteurguinee\" \/>\n<meta name=\"twitter:card\" content=\"summary_large_image\" \/>\n<meta name=\"twitter:label1\" content=\"\u00c9crit par\" \/>\n\t<meta name=\"twitter:data1\" content=\"Leprojecteurguinee\" \/>\n\t<meta name=\"twitter:label2\" content=\"Dur\u00e9e de lecture estim\u00e9e\" \/>\n\t<meta name=\"twitter:data2\" content=\"2 minutes\" \/>\n<script type=\"application\/ld+json\" class=\"yoast-schema-graph\">{\"@context\":\"https:\/\/schema.org\",\"@graph\":[{\"@type\":\"Article\",\"@id\":\"https:\/\/www.leprojecteurguinee.com\/index.php\/2024\/03\/09\/journee-du-08-mars-la-resilience-des-femmes-de-coronthie-a-ete-reconnue\/#article\",\"isPartOf\":{\"@id\":\"https:\/\/www.leprojecteurguinee.com\/index.php\/2024\/03\/09\/journee-du-08-mars-la-resilience-des-femmes-de-coronthie-a-ete-reconnue\/\"},\"author\":{\"name\":\"Leprojecteurguinee\",\"@id\":\"https:\/\/www.leprojecteurguinee.com\/#\/schema\/person\/389671d1a3f0c66e6c91c4a765990c1b\"},\"headline\":\"Journ\u00e9e du 08 mars : la r\u00e9silience des femmes de Coronthie a \u00e9t\u00e9 reconnue.\",\"datePublished\":\"2024-03-09T14:20:37+00:00\",\"dateModified\":\"2024-03-09T14:20:39+00:00\",\"mainEntityOfPage\":{\"@id\":\"https:\/\/www.leprojecteurguinee.com\/index.php\/2024\/03\/09\/journee-du-08-mars-la-resilience-des-femmes-de-coronthie-a-ete-reconnue\/\"},\"wordCount\":358,\"commentCount\":0,\"image\":{\"@id\":\"https:\/\/www.leprojecteurguinee.com\/index.php\/2024\/03\/09\/journee-du-08-mars-la-resilience-des-femmes-de-coronthie-a-ete-reconnue\/#primaryimage\"},\"thumbnailUrl\":\"https:\/\/www.leprojecteurguinee.com\/wp-content\/uploads\/2024\/03\/WhatsApp-Image-2024-03-08-at-16.52.43-1.jpeg\",\"keywords\":[\"08 mars\",\"Kaloum\"],\"articleSection\":[\"Politique\"],\"inLanguage\":\"fr-FR\",\"potentialAction\":[{\"@type\":\"CommentAction\",\"name\":\"Comment\",\"target\":[\"https:\/\/www.leprojecteurguinee.com\/index.php\/2024\/03\/09\/journee-du-08-mars-la-resilience-des-femmes-de-coronthie-a-ete-reconnue\/#respond\"]}]},{\"@type\":\"WebPage\",\"@id\":\"https:\/\/www.leprojecteurguinee.com\/index.php\/2024\/03\/09\/journee-du-08-mars-la-resilience-des-femmes-de-coronthie-a-ete-reconnue\/\",\"url\":\"https:\/\/www.leprojecteurguinee.com\/index.php\/2024\/03\/09\/journee-du-08-mars-la-resilience-des-femmes-de-coronthie-a-ete-reconnue\/\",\"name\":\"Journ\u00e9e du 08 mars : la r\u00e9silience des femmes de Coronthie a \u00e9t\u00e9 reconnue. - leprojecteurguinee\",\"isPartOf\":{\"@id\":\"https:\/\/www.leprojecteurguinee.com\/#website\"},\"primaryImageOfPage\":{\"@id\":\"https:\/\/www.leprojecteurguinee.com\/index.php\/2024\/03\/09\/journee-du-08-mars-la-resilience-des-femmes-de-coronthie-a-ete-reconnue\/#primaryimage\"},\"image\":{\"@id\":\"https:\/\/www.leprojecteurguinee.com\/index.php\/2024\/03\/09\/journee-du-08-mars-la-resilience-des-femmes-de-coronthie-a-ete-reconnue\/#primaryimage\"},\"thumbnailUrl\":\"https:\/\/www.leprojecteurguinee.com\/wp-content\/uploads\/2024\/03\/WhatsApp-Image-2024-03-08-at-16.52.43-1.jpeg\",\"datePublished\":\"2024-03-09T14:20:37+00:00\",\"dateModified\":\"2024-03-09T14:20:39+00:00\",\"author\":{\"@id\":\"https:\/\/www.leprojecteurguinee.com\/#\/schema\/person\/389671d1a3f0c66e6c91c4a765990c1b\"},\"breadcrumb\":{\"@id\":\"https:\/\/www.leprojecteurguinee.com\/index.php\/2024\/03\/09\/journee-du-08-mars-la-resilience-des-femmes-de-coronthie-a-ete-reconnue\/#breadcrumb\"},\"inLanguage\":\"fr-FR\",\"potentialAction\":[{\"@type\":\"ReadAction\",\"target\":[\"https:\/\/www.leprojecteurguinee.com\/index.php\/2024\/03\/09\/journee-du-08-mars-la-resilience-des-femmes-de-coronthie-a-ete-reconnue\/\"]}]},{\"@type\":\"ImageObject\",\"inLanguage\":\"fr-FR\",\"@id\":\"https:\/\/www.leprojecteurguinee.com\/index.php\/2024\/03\/09\/journee-du-08-mars-la-resilience-des-femmes-de-coronthie-a-ete-reconnue\/#primaryimage\",\"url\":\"https:\/\/www.leprojecteurguinee.com\/wp-content\/uploads\/2024\/03\/WhatsApp-Image-2024-03-08-at-16.52.43-1.jpeg\",\"contentUrl\":\"https:\/\/www.leprojecteurguinee.com\/wp-content\/uploads\/2024\/03\/WhatsApp-Image-2024-03-08-at-16.52.43-1.jpeg\",\"width\":1040,\"height\":480},{\"@type\":\"BreadcrumbList\",\"@id\":\"https:\/\/www.leprojecteurguinee.com\/index.php\/2024\/03\/09\/journee-du-08-mars-la-resilience-des-femmes-de-coronthie-a-ete-reconnue\/#breadcrumb\",\"itemListElement\":[{\"@type\":\"ListItem\",\"position\":1,\"name\":\"Accueil\",\"item\":\"https:\/\/www.leprojecteurguinee.com\/\"},{\"@type\":\"ListItem\",\"position\":2,\"name\":\"Journ\u00e9e du 08 mars : la r\u00e9silience des femmes de Coronthie a \u00e9t\u00e9 reconnue.\"}]},{\"@type\":\"WebSite\",\"@id\":\"https:\/\/www.leprojecteurguinee.com\/#website\",\"url\":\"https:\/\/www.leprojecteurguinee.com\/\",\"name\":\"leprojecteurguinee\",\"description\":\"Nous luttons contre les pratiques obscures\",\"potentialAction\":[{\"@type\":\"SearchAction\",\"target\":{\"@type\":\"EntryPoint\",\"urlTemplate\":\"https:\/\/www.leprojecteurguinee.com\/?s={search_term_string}\"},\"query-input\":{\"@type\":\"PropertyValueSpecification\",\"valueRequired\":true,\"valueName\":\"search_term_string\"}}],\"inLanguage\":\"fr-FR\"},{\"@type\":\"Person\",\"@id\":\"https:\/\/www.leprojecteurguinee.com\/#\/schema\/person\/389671d1a3f0c66e6c91c4a765990c1b\",\"name\":\"Leprojecteurguinee\",\"image\":{\"@type\":\"ImageObject\",\"inLanguage\":\"fr-FR\",\"@id\":\"https:\/\/www.leprojecteurguinee.com\/#\/schema\/person\/image\/\",\"url\":\"https:\/\/secure.gravatar.com\/avatar\/c0faa0f472c43eff99fecb0bd2a1c6782e80a162c9fcb7ed2d48bb42ea619f30?s=96&d=mm&r=g\",\"contentUrl\":\"https:\/\/secure.gravatar.com\/avatar\/c0faa0f472c43eff99fecb0bd2a1c6782e80a162c9fcb7ed2d48bb42ea619f30?s=96&d=mm&r=g\",\"caption\":\"Leprojecteurguinee\"},\"sameAs\":[\"https:\/\/www.leprojecteurguinee.com\"],\"url\":\"https:\/\/www.leprojecteurguinee.com\/index.php\/author\/madame\/\"}]}<\/script>\n<!-- \/ Yoast SEO plugin. -->","yoast_head_json":{"title":"Journ\u00e9e du 08 mars : la r\u00e9silience des femmes de Coronthie a \u00e9t\u00e9 reconnue. - leprojecteurguinee","robots":{"index":"index","follow":"follow","max-snippet":"max-snippet:-1","max-image-preview":"max-image-preview:large","max-video-preview":"max-video-preview:-1"},"canonical":"https:\/\/www.leprojecteurguinee.com\/index.php\/2024\/03\/09\/journee-du-08-mars-la-resilience-des-femmes-de-coronthie-a-ete-reconnue\/","og_locale":"fr_FR","og_type":"article","og_title":"Journ\u00e9e du 08 mars : la r\u00e9silience des femmes de Coronthie a \u00e9t\u00e9 reconnue. - leprojecteurguinee","og_description":"\u00c0 l&rsquo;occasion de la c\u00e9l\u00e9bration de la journ\u00e9e du 8 mars organis\u00e9e au palais du peuple sous l&rsquo;\u00e9gide de la gouverneure de Conakry, il \u00e9tait question pour Mahawa Sylla de remercier les femmes de Coronthie, victimes de l&rsquo;explosion du d\u00e9p\u00f4t de carburant pour leurs r\u00e9siliences face \u00e0 ce probl\u00e8me.\u00ab Le mois de d\u00e9cembre pass\u00e9, la [&hellip;]","og_url":"https:\/\/www.leprojecteurguinee.com\/index.php\/2024\/03\/09\/journee-du-08-mars-la-resilience-des-femmes-de-coronthie-a-ete-reconnue\/","og_site_name":"leprojecteurguinee","article_published_time":"2024-03-09T14:20:37+00:00","article_modified_time":"2024-03-09T14:20:39+00:00","og_image":[{"width":1040,"height":480,"url":"https:\/\/www.leprojecteurguinee.com\/wp-content\/uploads\/2024\/03\/WhatsApp-Image-2024-03-08-at-16.52.43-1.jpeg","type":"image\/jpeg"}],"author":"Leprojecteurguinee","twitter_card":"summary_large_image","twitter_misc":{"\u00c9crit par":"Leprojecteurguinee","Dur\u00e9e de lecture estim\u00e9e":"2 minutes"},"schema":{"@context":"https:\/\/schema.org","@graph":[{"@type":"Article","@id":"https:\/\/www.leprojecteurguinee.com\/index.php\/2024\/03\/09\/journee-du-08-mars-la-resilience-des-femmes-de-coronthie-a-ete-reconnue\/#article","isPartOf":{"@id":"https:\/\/www.leprojecteurguinee.com\/index.php\/2024\/03\/09\/journee-du-08-mars-la-resilience-des-femmes-de-coronthie-a-ete-reconnue\/"},"author":{"name":"Leprojecteurguinee","@id":"https:\/\/www.leprojecteurguinee.com\/#\/schema\/person\/389671d1a3f0c66e6c91c4a765990c1b"},"headline":"Journ\u00e9e du 08 mars : la r\u00e9silience des femmes de Coronthie a \u00e9t\u00e9 reconnue.","datePublished":"2024-03-09T14:20:37+00:00","dateModified":"2024-03-09T14:20:39+00:00","mainEntityOfPage":{"@id":"https:\/\/www.leprojecteurguinee.com\/index.php\/2024\/03\/09\/journee-du-08-mars-la-resilience-des-femmes-de-coronthie-a-ete-reconnue\/"},"wordCount":358,"commentCount":0,"image":{"@id":"https:\/\/www.leprojecteurguinee.com\/index.php\/2024\/03\/09\/journee-du-08-mars-la-resilience-des-femmes-de-coronthie-a-ete-reconnue\/#primaryimage"},"thumbnailUrl":"https:\/\/www.leprojecteurguinee.com\/wp-content\/uploads\/2024\/03\/WhatsApp-Image-2024-03-08-at-16.52.43-1.jpeg","keywords":["08 mars","Kaloum"],"articleSection":["Politique"],"inLanguage":"fr-FR","potentialAction":[{"@type":"CommentAction","name":"Comment","target":["https:\/\/www.leprojecteurguinee.com\/index.php\/2024\/03\/09\/journee-du-08-mars-la-resilience-des-femmes-de-coronthie-a-ete-reconnue\/#respond"]}]},{"@type":"WebPage","@id":"https:\/\/www.leprojecteurguinee.com\/index.php\/2024\/03\/09\/journee-du-08-mars-la-resilience-des-femmes-de-coronthie-a-ete-reconnue\/","url":"https:\/\/www.leprojecteurguinee.com\/index.php\/2024\/03\/09\/journee-du-08-mars-la-resilience-des-femmes-de-coronthie-a-ete-reconnue\/","name":"Journ\u00e9e du 08 mars : la r\u00e9silience des femmes de Coronthie a \u00e9t\u00e9 reconnue. - leprojecteurguinee","isPartOf":{"@id":"https:\/\/www.leprojecteurguinee.com\/#website"},"primaryImageOfPage":{"@id":"https:\/\/www.leprojecteurguinee.com\/index.php\/2024\/03\/09\/journee-du-08-mars-la-resilience-des-femmes-de-coronthie-a-ete-reconnue\/#primaryimage"},"image":{"@id":"https:\/\/www.leprojecteurguinee.com\/index.php\/2024\/03\/09\/journee-du-08-mars-la-resilience-des-femmes-de-coronthie-a-ete-reconnue\/#primaryimage"},"thumbnailUrl":"https:\/\/www.leprojecteurguinee.com\/wp-content\/uploads\/2024\/03\/WhatsApp-Image-2024-03-08-at-16.52.43-1.jpeg","datePublished":"2024-03-09T14:20:37+00:00","dateModified":"2024-03-09T14:20:39+00:00","author":{"@id":"https:\/\/www.leprojecteurguinee.com\/#\/schema\/person\/389671d1a3f0c66e6c91c4a765990c1b"},"breadcrumb":{"@id":"https:\/\/www.leprojecteurguinee.com\/index.php\/2024\/03\/09\/journee-du-08-mars-la-resilience-des-femmes-de-coronthie-a-ete-reconnue\/#breadcrumb"},"inLanguage":"fr-FR","potentialAction":[{"@type":"ReadAction","target":["https:\/\/www.leprojecteurguinee.com\/index.php\/2024\/03\/09\/journee-du-08-mars-la-resilience-des-femmes-de-coronthie-a-ete-reconnue\/"]}]},{"@type":"ImageObject","inLanguage":"fr-FR","@id":"https:\/\/www.leprojecteurguinee.com\/index.php\/2024\/03\/09\/journee-du-08-mars-la-resilience-des-femmes-de-coronthie-a-ete-reconnue\/#primaryimage","url":"https:\/\/www.leprojecteurguinee.com\/wp-content\/uploads\/2024\/03\/WhatsApp-Image-2024-03-08-at-16.52.43-1.jpeg","contentUrl":"https:\/\/www.leprojecteurguinee.com\/wp-content\/uploads\/2024\/03\/WhatsApp-Image-2024-03-08-at-16.52.43-1.jpeg","width":1040,"height":480},{"@type":"BreadcrumbList","@id":"https:\/\/www.leprojecteurguinee.com\/index.php\/2024\/03\/09\/journee-du-08-mars-la-resilience-des-femmes-de-coronthie-a-ete-reconnue\/#breadcrumb","itemListElement":[{"@type":"ListItem","position":1,"name":"Accueil","item":"https:\/\/www.leprojecteurguinee.com\/"},{"@type":"ListItem","position":2,"name":"Journ\u00e9e du 08 mars : la r\u00e9silience des femmes de Coronthie a \u00e9t\u00e9 reconnue."}]},{"@type":"WebSite","@id":"https:\/\/www.leprojecteurguinee.com\/#website","url":"https:\/\/www.leprojecteurguinee.com\/","name":"leprojecteurguinee","description":"Nous luttons contre les pratiques obscures","potentialAction":[{"@type":"SearchAction","target":{"@type":"EntryPoint","urlTemplate":"https:\/\/www.leprojecteurguinee.com\/?s={search_term_string}"},"query-input":{"@type":"PropertyValueSpecification","valueRequired":true,"valueName":"search_term_string"}}],"inLanguage":"fr-FR"},{"@type":"Person","@id":"https:\/\/www.leprojecteurguinee.com\/#\/schema\/person\/389671d1a3f0c66e6c91c4a765990c1b","name":"Leprojecteurguinee","image":{"@type":"ImageObject","inLanguage":"fr-FR","@id":"https:\/\/www.leprojecteurguinee.com\/#\/schema\/person\/image\/","url":"https:\/\/secure.gravatar.com\/avatar\/c0faa0f472c43eff99fecb0bd2a1c6782e80a162c9fcb7ed2d48bb42ea619f30?s=96&d=mm&r=g","contentUrl":"https:\/\/secure.gravatar.com\/avatar\/c0faa0f472c43eff99fecb0bd2a1c6782e80a162c9fcb7ed2d48bb42ea619f30?s=96&d=mm&r=g","caption":"Leprojecteurguinee"},"sameAs":["https:\/\/www.leprojecteurguinee.com"],"url":"https:\/\/www.leprojecteurguinee.com\/index.php\/author\/madame\/"}]}},"_links":{"self":[{"href":"https:\/\/www.leprojecteurguinee.com\/index.php\/wp-json\/wp\/v2\/posts\/2929","targetHints":{"allow":["GET"]}}],"collection":[{"href":"https:\/\/www.leprojecteurguinee.com\/index.php\/wp-json\/wp\/v2\/posts"}],"about":[{"href":"https:\/\/www.leprojecteurguinee.com\/index.php\/wp-json\/wp\/v2\/types\/post"}],"author":[{"embeddable":true,"href":"https:\/\/www.leprojecteurguinee.com\/index.php\/wp-json\/wp\/v2\/users\/1"}],"replies":[{"embeddable":true,"href":"https:\/\/www.leprojecteurguinee.com\/index.php\/wp-json\/wp\/v2\/comments?post=2929"}],"version-history":[{"count":0,"href":"https:\/\/www.leprojecteurguinee.com\/index.php\/wp-json\/wp\/v2\/posts\/2929\/revisions"}],"wp:featuredmedia":[{"embeddable":true,"href":"https:\/\/www.leprojecteurguinee.com\/index.php\/wp-json\/wp\/v2\/media\/2931"}],"wp:attachment":[{"href":"https:\/\/www.leprojecteurguinee.com\/index.php\/wp-json\/wp\/v2\/media?parent=2929"}],"wp:term":[{"taxonomy":"category","embeddable":true,"href":"https:\/\/www.leprojecteurguinee.com\/index.php\/wp-json\/wp\/v2\/categories?post=2929"},{"taxonomy":"post_tag","embeddable":true,"href":"https:\/\/www.leprojecteurguinee.com\/index.php\/wp-json\/wp\/v2\/tags?post=2929"}],"curies":[{"name":"wp","href":"https:\/\/api.w.org\/{rel}","templated":true}]}}