{"id":2880,"date":"2024-03-07T08:57:50","date_gmt":"2024-03-07T07:57:50","guid":{"rendered":"https:\/\/www.leprojecteurguinee.com\/?p=2880"},"modified":"2024-03-07T08:57:52","modified_gmt":"2024-03-07T07:57:52","slug":"le-senegal-se-retrouve-donc-dans-une-crise-institutionnelle","status":"publish","type":"post","link":"https:\/\/www.leprojecteurguinee.com\/index.php\/2024\/03\/07\/le-senegal-se-retrouve-donc-dans-une-crise-institutionnelle\/","title":{"rendered":"Le S\u00e9n\u00e9gal se retrouve donc dans une crise institutionnelle"},"content":{"rendered":"\n<p>Une \u00e9lection pr\u00e9sidentielle deux dates, le S\u00e9n\u00e9gal se retrouve dans une vraie crise institutionnelle suite \u00e0 l\u2019annulation du report de l\u2019\u00e9lection pr\u00e9sidentielle du 25 f\u00e9vrier 2024.<\/p>\n\n\n\n<p>En conseil des ministres ce mercredi, le pr\u00e9sident Macky Sall a fix\u00e9 la date l\u2019\u00e9lection pr\u00e9sidentielle au 24 mars. Et le Conseil constitutionnel, suite \u00e0 la requ\u00eate des candidats pour carence du Chef de l\u2019Etat, a utilis\u00e9 son pouvoir d\u2019injonction en fixant la date l\u2019\u00e9lection pr\u00e9sidentielle au 31 mars. <\/p>\n\n\n\n<p>A noter que l\u2019article 92 de la Constitution pr\u00e9voit en son alin\u00e9a 4 que :&nbsp;<em>\u00ab&nbsp;Les d\u00e9cisions du Conseil constitutionnel ne sont susceptibles d\u2019aucune voie de recours. Elles s\u2019imposent aux pouvoirs publics et \u00e0 toutes les autorit\u00e9s administratives et juridictionnelles.&nbsp;\u00bb<\/em>&nbsp;Et le chef de Etat dispose \u00e9galement dans ces attributions le pouvoir de fixer la date de l\u2019\u00e9lection pr\u00e9sidentielle avant la fin de son mandat.<\/p>\n\n\n\n<p>Le S\u00e9n\u00e9gal se retrouve donc dans une crise institutionnelle extr\u00eamement grave !<\/p>\n","protected":false},"excerpt":{"rendered":"<p>Une \u00e9lection pr\u00e9sidentielle deux dates, le S\u00e9n\u00e9gal se retrouve dans une vraie crise institutionnelle suite \u00e0 l\u2019annulation du report de l\u2019\u00e9lection pr\u00e9sidentielle du 25 f\u00e9vrier 2024. En conseil des ministres ce mercredi, le pr\u00e9sident Macky Sall a fix\u00e9 la date l\u2019\u00e9lection pr\u00e9sidentielle au 24 mars. Et le Conseil constitutionnel, suite \u00e0 la requ\u00eate des candidats [&hellip;]<\/p>\n","protected":false},"author":1,"featured_media":2881,"comment_status":"open","ping_status":"open","sticky":true,"template":"","format":"standard","meta":{"footnotes":""},"categories":[80],"tags":[28,26],"class_list":["post-2880","post","type-post","status-publish","format-standard","has-post-thumbnail","hentry","category-politique","tag-macky-sall","tag-senegal"],"yoast_head":"<!-- This site is optimized with the Yoast SEO plugin v26.8 - https:\/\/yoast.com\/product\/yoast-seo-wordpress\/ -->\n<title>Le S\u00e9n\u00e9gal se retrouve donc dans une crise institutionnelle - leprojecteurguinee<\/title>\n<meta name=\"robots\" content=\"index, follow, max-snippet:-1, max-image-preview:large, max-video-preview:-1\" \/>\n<link rel=\"canonical\" href=\"https:\/\/www.leprojecteurguinee.com\/index.php\/2024\/03\/07\/le-senegal-se-retrouve-donc-dans-une-crise-institutionnelle\/\" \/>\n<meta property=\"og:locale\" content=\"fr_FR\" \/>\n<meta property=\"og:type\" content=\"article\" \/>\n<meta property=\"og:title\" content=\"Le S\u00e9n\u00e9gal se retrouve donc dans une crise institutionnelle - leprojecteurguinee\" \/>\n<meta property=\"og:description\" content=\"Une \u00e9lection pr\u00e9sidentielle deux dates, le S\u00e9n\u00e9gal se retrouve dans une vraie crise institutionnelle suite \u00e0 l\u2019annulation du report de l\u2019\u00e9lection pr\u00e9sidentielle du 25 f\u00e9vrier 2024. En conseil des ministres ce mercredi, le pr\u00e9sident Macky Sall a fix\u00e9 la date l\u2019\u00e9lection pr\u00e9sidentielle au 24 mars. Et le Conseil constitutionnel, suite \u00e0 la requ\u00eate des candidats [&hellip;]\" \/>\n<meta property=\"og:url\" content=\"https:\/\/www.leprojecteurguinee.com\/index.php\/2024\/03\/07\/le-senegal-se-retrouve-donc-dans-une-crise-institutionnelle\/\" \/>\n<meta property=\"og:site_name\" content=\"leprojecteurguinee\" \/>\n<meta property=\"article:published_time\" content=\"2024-03-07T07:57:50+00:00\" \/>\n<meta property=\"article:modified_time\" content=\"2024-03-07T07:57:52+00:00\" \/>\n<meta property=\"og:image\" content=\"https:\/\/www.leprojecteurguinee.com\/wp-content\/uploads\/2024\/03\/macky_cc.jpg\" \/>\n\t<meta property=\"og:image:width\" content=\"800\" \/>\n\t<meta property=\"og:image:height\" content=\"478\" \/>\n\t<meta property=\"og:image:type\" content=\"image\/jpeg\" \/>\n<meta name=\"author\" content=\"Leprojecteurguinee\" \/>\n<meta name=\"twitter:card\" content=\"summary_large_image\" \/>\n<meta name=\"twitter:label1\" content=\"\u00c9crit par\" \/>\n\t<meta name=\"twitter:data1\" content=\"Leprojecteurguinee\" \/>\n\t<meta name=\"twitter:label2\" content=\"Dur\u00e9e de lecture estim\u00e9e\" \/>\n\t<meta name=\"twitter:data2\" content=\"1 minute\" \/>\n<script type=\"application\/ld+json\" class=\"yoast-schema-graph\">{\"@context\":\"https:\/\/schema.org\",\"@graph\":[{\"@type\":\"Article\",\"@id\":\"https:\/\/www.leprojecteurguinee.com\/index.php\/2024\/03\/07\/le-senegal-se-retrouve-donc-dans-une-crise-institutionnelle\/#article\",\"isPartOf\":{\"@id\":\"https:\/\/www.leprojecteurguinee.com\/index.php\/2024\/03\/07\/le-senegal-se-retrouve-donc-dans-une-crise-institutionnelle\/\"},\"author\":{\"name\":\"Leprojecteurguinee\",\"@id\":\"https:\/\/www.leprojecteurguinee.com\/#\/schema\/person\/389671d1a3f0c66e6c91c4a765990c1b\"},\"headline\":\"Le S\u00e9n\u00e9gal se retrouve donc dans une crise institutionnelle\",\"datePublished\":\"2024-03-07T07:57:50+00:00\",\"dateModified\":\"2024-03-07T07:57:52+00:00\",\"mainEntityOfPage\":{\"@id\":\"https:\/\/www.leprojecteurguinee.com\/index.php\/2024\/03\/07\/le-senegal-se-retrouve-donc-dans-une-crise-institutionnelle\/\"},\"wordCount\":183,\"commentCount\":0,\"image\":{\"@id\":\"https:\/\/www.leprojecteurguinee.com\/index.php\/2024\/03\/07\/le-senegal-se-retrouve-donc-dans-une-crise-institutionnelle\/#primaryimage\"},\"thumbnailUrl\":\"https:\/\/www.leprojecteurguinee.com\/wp-content\/uploads\/2024\/03\/macky_cc.jpg\",\"keywords\":[\"Macky Sall\",\"S\u00e9n\u00e9gal\"],\"articleSection\":[\"Politique\"],\"inLanguage\":\"fr-FR\",\"potentialAction\":[{\"@type\":\"CommentAction\",\"name\":\"Comment\",\"target\":[\"https:\/\/www.leprojecteurguinee.com\/index.php\/2024\/03\/07\/le-senegal-se-retrouve-donc-dans-une-crise-institutionnelle\/#respond\"]}]},{\"@type\":\"WebPage\",\"@id\":\"https:\/\/www.leprojecteurguinee.com\/index.php\/2024\/03\/07\/le-senegal-se-retrouve-donc-dans-une-crise-institutionnelle\/\",\"url\":\"https:\/\/www.leprojecteurguinee.com\/index.php\/2024\/03\/07\/le-senegal-se-retrouve-donc-dans-une-crise-institutionnelle\/\",\"name\":\"Le S\u00e9n\u00e9gal se retrouve donc dans une crise institutionnelle - leprojecteurguinee\",\"isPartOf\":{\"@id\":\"https:\/\/www.leprojecteurguinee.com\/#website\"},\"primaryImageOfPage\":{\"@id\":\"https:\/\/www.leprojecteurguinee.com\/index.php\/2024\/03\/07\/le-senegal-se-retrouve-donc-dans-une-crise-institutionnelle\/#primaryimage\"},\"image\":{\"@id\":\"https:\/\/www.leprojecteurguinee.com\/index.php\/2024\/03\/07\/le-senegal-se-retrouve-donc-dans-une-crise-institutionnelle\/#primaryimage\"},\"thumbnailUrl\":\"https:\/\/www.leprojecteurguinee.com\/wp-content\/uploads\/2024\/03\/macky_cc.jpg\",\"datePublished\":\"2024-03-07T07:57:50+00:00\",\"dateModified\":\"2024-03-07T07:57:52+00:00\",\"author\":{\"@id\":\"https:\/\/www.leprojecteurguinee.com\/#\/schema\/person\/389671d1a3f0c66e6c91c4a765990c1b\"},\"breadcrumb\":{\"@id\":\"https:\/\/www.leprojecteurguinee.com\/index.php\/2024\/03\/07\/le-senegal-se-retrouve-donc-dans-une-crise-institutionnelle\/#breadcrumb\"},\"inLanguage\":\"fr-FR\",\"potentialAction\":[{\"@type\":\"ReadAction\",\"target\":[\"https:\/\/www.leprojecteurguinee.com\/index.php\/2024\/03\/07\/le-senegal-se-retrouve-donc-dans-une-crise-institutionnelle\/\"]}]},{\"@type\":\"ImageObject\",\"inLanguage\":\"fr-FR\",\"@id\":\"https:\/\/www.leprojecteurguinee.com\/index.php\/2024\/03\/07\/le-senegal-se-retrouve-donc-dans-une-crise-institutionnelle\/#primaryimage\",\"url\":\"https:\/\/www.leprojecteurguinee.com\/wp-content\/uploads\/2024\/03\/macky_cc.jpg\",\"contentUrl\":\"https:\/\/www.leprojecteurguinee.com\/wp-content\/uploads\/2024\/03\/macky_cc.jpg\",\"width\":800,\"height\":478},{\"@type\":\"BreadcrumbList\",\"@id\":\"https:\/\/www.leprojecteurguinee.com\/index.php\/2024\/03\/07\/le-senegal-se-retrouve-donc-dans-une-crise-institutionnelle\/#breadcrumb\",\"itemListElement\":[{\"@type\":\"ListItem\",\"position\":1,\"name\":\"Accueil\",\"item\":\"https:\/\/www.leprojecteurguinee.com\/\"},{\"@type\":\"ListItem\",\"position\":2,\"name\":\"Le S\u00e9n\u00e9gal se retrouve donc dans une crise institutionnelle\"}]},{\"@type\":\"WebSite\",\"@id\":\"https:\/\/www.leprojecteurguinee.com\/#website\",\"url\":\"https:\/\/www.leprojecteurguinee.com\/\",\"name\":\"leprojecteurguinee\",\"description\":\"Nous luttons contre les pratiques obscures\",\"potentialAction\":[{\"@type\":\"SearchAction\",\"target\":{\"@type\":\"EntryPoint\",\"urlTemplate\":\"https:\/\/www.leprojecteurguinee.com\/?s={search_term_string}\"},\"query-input\":{\"@type\":\"PropertyValueSpecification\",\"valueRequired\":true,\"valueName\":\"search_term_string\"}}],\"inLanguage\":\"fr-FR\"},{\"@type\":\"Person\",\"@id\":\"https:\/\/www.leprojecteurguinee.com\/#\/schema\/person\/389671d1a3f0c66e6c91c4a765990c1b\",\"name\":\"Leprojecteurguinee\",\"image\":{\"@type\":\"ImageObject\",\"inLanguage\":\"fr-FR\",\"@id\":\"https:\/\/www.leprojecteurguinee.com\/#\/schema\/person\/image\/\",\"url\":\"https:\/\/secure.gravatar.com\/avatar\/c0faa0f472c43eff99fecb0bd2a1c6782e80a162c9fcb7ed2d48bb42ea619f30?s=96&d=mm&r=g\",\"contentUrl\":\"https:\/\/secure.gravatar.com\/avatar\/c0faa0f472c43eff99fecb0bd2a1c6782e80a162c9fcb7ed2d48bb42ea619f30?s=96&d=mm&r=g\",\"caption\":\"Leprojecteurguinee\"},\"sameAs\":[\"https:\/\/www.leprojecteurguinee.com\"],\"url\":\"https:\/\/www.leprojecteurguinee.com\/index.php\/author\/madame\/\"}]}<\/script>\n<!-- \/ Yoast SEO plugin. -->","yoast_head_json":{"title":"Le S\u00e9n\u00e9gal se retrouve donc dans une crise institutionnelle - leprojecteurguinee","robots":{"index":"index","follow":"follow","max-snippet":"max-snippet:-1","max-image-preview":"max-image-preview:large","max-video-preview":"max-video-preview:-1"},"canonical":"https:\/\/www.leprojecteurguinee.com\/index.php\/2024\/03\/07\/le-senegal-se-retrouve-donc-dans-une-crise-institutionnelle\/","og_locale":"fr_FR","og_type":"article","og_title":"Le S\u00e9n\u00e9gal se retrouve donc dans une crise institutionnelle - leprojecteurguinee","og_description":"Une \u00e9lection pr\u00e9sidentielle deux dates, le S\u00e9n\u00e9gal se retrouve dans une vraie crise institutionnelle suite \u00e0 l\u2019annulation du report de l\u2019\u00e9lection pr\u00e9sidentielle du 25 f\u00e9vrier 2024. En conseil des ministres ce mercredi, le pr\u00e9sident Macky Sall a fix\u00e9 la date l\u2019\u00e9lection pr\u00e9sidentielle au 24 mars. Et le Conseil constitutionnel, suite \u00e0 la requ\u00eate des candidats [&hellip;]","og_url":"https:\/\/www.leprojecteurguinee.com\/index.php\/2024\/03\/07\/le-senegal-se-retrouve-donc-dans-une-crise-institutionnelle\/","og_site_name":"leprojecteurguinee","article_published_time":"2024-03-07T07:57:50+00:00","article_modified_time":"2024-03-07T07:57:52+00:00","og_image":[{"width":800,"height":478,"url":"https:\/\/www.leprojecteurguinee.com\/wp-content\/uploads\/2024\/03\/macky_cc.jpg","type":"image\/jpeg"}],"author":"Leprojecteurguinee","twitter_card":"summary_large_image","twitter_misc":{"\u00c9crit par":"Leprojecteurguinee","Dur\u00e9e de lecture estim\u00e9e":"1 minute"},"schema":{"@context":"https:\/\/schema.org","@graph":[{"@type":"Article","@id":"https:\/\/www.leprojecteurguinee.com\/index.php\/2024\/03\/07\/le-senegal-se-retrouve-donc-dans-une-crise-institutionnelle\/#article","isPartOf":{"@id":"https:\/\/www.leprojecteurguinee.com\/index.php\/2024\/03\/07\/le-senegal-se-retrouve-donc-dans-une-crise-institutionnelle\/"},"author":{"name":"Leprojecteurguinee","@id":"https:\/\/www.leprojecteurguinee.com\/#\/schema\/person\/389671d1a3f0c66e6c91c4a765990c1b"},"headline":"Le S\u00e9n\u00e9gal se retrouve donc dans une crise institutionnelle","datePublished":"2024-03-07T07:57:50+00:00","dateModified":"2024-03-07T07:57:52+00:00","mainEntityOfPage":{"@id":"https:\/\/www.leprojecteurguinee.com\/index.php\/2024\/03\/07\/le-senegal-se-retrouve-donc-dans-une-crise-institutionnelle\/"},"wordCount":183,"commentCount":0,"image":{"@id":"https:\/\/www.leprojecteurguinee.com\/index.php\/2024\/03\/07\/le-senegal-se-retrouve-donc-dans-une-crise-institutionnelle\/#primaryimage"},"thumbnailUrl":"https:\/\/www.leprojecteurguinee.com\/wp-content\/uploads\/2024\/03\/macky_cc.jpg","keywords":["Macky Sall","S\u00e9n\u00e9gal"],"articleSection":["Politique"],"inLanguage":"fr-FR","potentialAction":[{"@type":"CommentAction","name":"Comment","target":["https:\/\/www.leprojecteurguinee.com\/index.php\/2024\/03\/07\/le-senegal-se-retrouve-donc-dans-une-crise-institutionnelle\/#respond"]}]},{"@type":"WebPage","@id":"https:\/\/www.leprojecteurguinee.com\/index.php\/2024\/03\/07\/le-senegal-se-retrouve-donc-dans-une-crise-institutionnelle\/","url":"https:\/\/www.leprojecteurguinee.com\/index.php\/2024\/03\/07\/le-senegal-se-retrouve-donc-dans-une-crise-institutionnelle\/","name":"Le S\u00e9n\u00e9gal se retrouve donc dans une crise institutionnelle - leprojecteurguinee","isPartOf":{"@id":"https:\/\/www.leprojecteurguinee.com\/#website"},"primaryImageOfPage":{"@id":"https:\/\/www.leprojecteurguinee.com\/index.php\/2024\/03\/07\/le-senegal-se-retrouve-donc-dans-une-crise-institutionnelle\/#primaryimage"},"image":{"@id":"https:\/\/www.leprojecteurguinee.com\/index.php\/2024\/03\/07\/le-senegal-se-retrouve-donc-dans-une-crise-institutionnelle\/#primaryimage"},"thumbnailUrl":"https:\/\/www.leprojecteurguinee.com\/wp-content\/uploads\/2024\/03\/macky_cc.jpg","datePublished":"2024-03-07T07:57:50+00:00","dateModified":"2024-03-07T07:57:52+00:00","author":{"@id":"https:\/\/www.leprojecteurguinee.com\/#\/schema\/person\/389671d1a3f0c66e6c91c4a765990c1b"},"breadcrumb":{"@id":"https:\/\/www.leprojecteurguinee.com\/index.php\/2024\/03\/07\/le-senegal-se-retrouve-donc-dans-une-crise-institutionnelle\/#breadcrumb"},"inLanguage":"fr-FR","potentialAction":[{"@type":"ReadAction","target":["https:\/\/www.leprojecteurguinee.com\/index.php\/2024\/03\/07\/le-senegal-se-retrouve-donc-dans-une-crise-institutionnelle\/"]}]},{"@type":"ImageObject","inLanguage":"fr-FR","@id":"https:\/\/www.leprojecteurguinee.com\/index.php\/2024\/03\/07\/le-senegal-se-retrouve-donc-dans-une-crise-institutionnelle\/#primaryimage","url":"https:\/\/www.leprojecteurguinee.com\/wp-content\/uploads\/2024\/03\/macky_cc.jpg","contentUrl":"https:\/\/www.leprojecteurguinee.com\/wp-content\/uploads\/2024\/03\/macky_cc.jpg","width":800,"height":478},{"@type":"BreadcrumbList","@id":"https:\/\/www.leprojecteurguinee.com\/index.php\/2024\/03\/07\/le-senegal-se-retrouve-donc-dans-une-crise-institutionnelle\/#breadcrumb","itemListElement":[{"@type":"ListItem","position":1,"name":"Accueil","item":"https:\/\/www.leprojecteurguinee.com\/"},{"@type":"ListItem","position":2,"name":"Le S\u00e9n\u00e9gal se retrouve donc dans une crise institutionnelle"}]},{"@type":"WebSite","@id":"https:\/\/www.leprojecteurguinee.com\/#website","url":"https:\/\/www.leprojecteurguinee.com\/","name":"leprojecteurguinee","description":"Nous luttons contre les pratiques obscures","potentialAction":[{"@type":"SearchAction","target":{"@type":"EntryPoint","urlTemplate":"https:\/\/www.leprojecteurguinee.com\/?s={search_term_string}"},"query-input":{"@type":"PropertyValueSpecification","valueRequired":true,"valueName":"search_term_string"}}],"inLanguage":"fr-FR"},{"@type":"Person","@id":"https:\/\/www.leprojecteurguinee.com\/#\/schema\/person\/389671d1a3f0c66e6c91c4a765990c1b","name":"Leprojecteurguinee","image":{"@type":"ImageObject","inLanguage":"fr-FR","@id":"https:\/\/www.leprojecteurguinee.com\/#\/schema\/person\/image\/","url":"https:\/\/secure.gravatar.com\/avatar\/c0faa0f472c43eff99fecb0bd2a1c6782e80a162c9fcb7ed2d48bb42ea619f30?s=96&d=mm&r=g","contentUrl":"https:\/\/secure.gravatar.com\/avatar\/c0faa0f472c43eff99fecb0bd2a1c6782e80a162c9fcb7ed2d48bb42ea619f30?s=96&d=mm&r=g","caption":"Leprojecteurguinee"},"sameAs":["https:\/\/www.leprojecteurguinee.com"],"url":"https:\/\/www.leprojecteurguinee.com\/index.php\/author\/madame\/"}]}},"_links":{"self":[{"href":"https:\/\/www.leprojecteurguinee.com\/index.php\/wp-json\/wp\/v2\/posts\/2880","targetHints":{"allow":["GET"]}}],"collection":[{"href":"https:\/\/www.leprojecteurguinee.com\/index.php\/wp-json\/wp\/v2\/posts"}],"about":[{"href":"https:\/\/www.leprojecteurguinee.com\/index.php\/wp-json\/wp\/v2\/types\/post"}],"author":[{"embeddable":true,"href":"https:\/\/www.leprojecteurguinee.com\/index.php\/wp-json\/wp\/v2\/users\/1"}],"replies":[{"embeddable":true,"href":"https:\/\/www.leprojecteurguinee.com\/index.php\/wp-json\/wp\/v2\/comments?post=2880"}],"version-history":[{"count":0,"href":"https:\/\/www.leprojecteurguinee.com\/index.php\/wp-json\/wp\/v2\/posts\/2880\/revisions"}],"wp:featuredmedia":[{"embeddable":true,"href":"https:\/\/www.leprojecteurguinee.com\/index.php\/wp-json\/wp\/v2\/media\/2881"}],"wp:attachment":[{"href":"https:\/\/www.leprojecteurguinee.com\/index.php\/wp-json\/wp\/v2\/media?parent=2880"}],"wp:term":[{"taxonomy":"category","embeddable":true,"href":"https:\/\/www.leprojecteurguinee.com\/index.php\/wp-json\/wp\/v2\/categories?post=2880"},{"taxonomy":"post_tag","embeddable":true,"href":"https:\/\/www.leprojecteurguinee.com\/index.php\/wp-json\/wp\/v2\/tags?post=2880"}],"curies":[{"name":"wp","href":"https:\/\/api.w.org\/{rel}","templated":true}]}}