{"id":2866,"date":"2024-03-06T12:30:15","date_gmt":"2024-03-06T11:30:15","guid":{"rendered":"https:\/\/www.leprojecteurguinee.com\/?p=2866"},"modified":"2024-03-06T12:30:19","modified_gmt":"2024-03-06T11:30:19","slug":"gouvernement-general-mamadi-doumbouya-opte-pour-la-continuite","status":"publish","type":"post","link":"https:\/\/www.leprojecteurguinee.com\/index.php\/2024\/03\/06\/gouvernement-general-mamadi-doumbouya-opte-pour-la-continuite\/","title":{"rendered":"Gouvernement\u00a0: G\u00e9n\u00e9ral Mamadi Doumbouya opte pour la continuit\u00e9"},"content":{"rendered":"\n<p>Pour la structure du gouvernement de Bah Oury, le Pr\u00e9sident de la Transition a opt\u00e9 pour la continuit\u00e9. Dans le D\u00e9cret portant structure du gouvernement rendu public \u00e0 la t\u00e9l\u00e9vision nationale ce mardi 05 mars 2024 , G\u00e9n\u00e9ral Mamadi Doumbouya a reconduit les 29 minist\u00e8res qui \u00e9taient l\u00e0 avant la dissolution du Gouvernement. Tous les minist\u00e8res qui \u00e9taient l\u00e0 sous Bernard Goumou sont maintenus. Aucun changement le nombre de minist\u00e8re et dans la d\u00e9nomination<\/p>\n\n\n\n<p>Voici l\u2019ossature du gouvernement<\/p>\n\n\n\n<p>Minist\u00e8re de la Justice et des Droits de l\u2019Homme<\/p>\n\n\n\n<p>Minist\u00e8re de la D\u00e9fense nationale,<\/p>\n\n\n\n<p>Minist\u00e8re de l\u2019Administration du territoire et de la D\u00e9centralisation,<\/p>\n\n\n\n<p>Minist\u00e8re de la S\u00e9curit\u00e9 et de la Protection Civile,<\/p>\n\n\n\n<p>Minist\u00e8re des Affaires \u00c9trang\u00e8res de l\u2019Int\u00e9gration Africaine et des guin\u00e9ens \u00e9tablis \u00e0 l\u2019\u00c9tranger<\/p>\n\n\n\n<p>Minist\u00e8re de l\u2019\u00c9conomie et des Finances<\/p>\n\n\n\n<p>Minist\u00e8re du Budget,<\/p>\n\n\n\n<p>Minist\u00e8re du Plan et de la Coop\u00e9ration Internationale<\/p>\n\n\n\n<p>Minist\u00e8re du Travail et de la Fonction Publique,<\/p>\n\n\n\n<p>Minist\u00e8re de l\u2019Environnement et du D\u00e9veloppement Durable,<\/p>\n\n\n\n<p>Minist\u00e8re de l\u2019Agriculture et de l\u2019Elevage,<\/p>\n\n\n\n<p>Minist\u00e8re de l\u2019Energie, de l\u2019Hydraulique&nbsp; et des hydrocarbures<\/p>\n\n\n\n<p>Minist\u00e8re des Mines et de la G\u00e9ologie,<\/p>\n\n\n\n<p>Minist\u00e8re des Infrastructures et des travaux publics,<\/p>\n\n\n\n<p>Minist\u00e8re des Transports,<\/p>\n\n\n\n<p>Minist\u00e8re des Potes, des T\u00e9l\u00e9communications et de l\u2019\u00c9conomie num\u00e9rique,<\/p>\n\n\n\n<p>Minist\u00e8re de l\u2019Urbanisme, de l\u2019habitat et de l\u2019Am\u00e9nagement du territoire charg\u00e9 de la r\u00e9cup\u00e9ration des domaines spoli\u00e9s de l\u2019Etat,<\/p>\n\n\n\n<p>Minist\u00e8re de la P\u00eache et de l\u2019\u00c9conomie Maritime,<\/p>\n\n\n\n<p>Minist\u00e8re du Commerce, de l\u2019Industrie et des PME,<\/p>\n\n\n\n<p>Minist\u00e8re de l\u2019Enseignement sup\u00e9rieur de la recherche scientifique et de l\u2019innovation<\/p>\n\n\n\n<p>Minist\u00e8re de l\u2019Enseignement pr\u00e9-universitaire et de l\u2019Alphab\u00e9tisation<\/p>\n\n\n\n<p>Minist\u00e8re de l\u2019enseignement technique de la formation professionnelle et de l\u2019emploi<\/p>\n\n\n\n<p>Minist\u00e8re de la Sant\u00e9 et de l\u2019hygi\u00e8ne Publique,<\/p>\n\n\n\n<p>Minist\u00e8re de l\u2019Information et de la Communication<\/p>\n\n\n\n<p>Minist\u00e8re de la Jeunesse et des Sports,<\/p>\n\n\n\n<p>Minist\u00e8re de la promotion f\u00e9minine, de l\u2019enfance et des personnes vuln\u00e9rables,<\/p>\n\n\n\n<p>Minist\u00e8re de la Culture, du tourisme et de l\u2019artisanat,<\/p>\n\n\n\n<p>Le Secr\u00e9tariat G\u00e9n\u00e9ral du Gouvernement<\/p>\n\n\n\n<p>Le Secr\u00e9tariat G\u00e9n\u00e9ral aux affaires religieuses.<\/p>\n","protected":false},"excerpt":{"rendered":"<p>Pour la structure du gouvernement de Bah Oury, le Pr\u00e9sident de la Transition a opt\u00e9 pour la continuit\u00e9. Dans le D\u00e9cret portant structure du gouvernement rendu public \u00e0 la t\u00e9l\u00e9vision nationale ce mardi 05 mars 2024 , G\u00e9n\u00e9ral Mamadi Doumbouya a reconduit les 29 minist\u00e8res qui \u00e9taient l\u00e0 avant la dissolution du Gouvernement. Tous les [&hellip;]<\/p>\n","protected":false},"author":1,"featured_media":1192,"comment_status":"open","ping_status":"open","sticky":true,"template":"","format":"standard","meta":{"footnotes":""},"categories":[80],"tags":[162,297],"class_list":["post-2866","post","type-post","status-publish","format-standard","has-post-thumbnail","hentry","category-politique","tag-bah-oury","tag-mamadi-doumbouya"],"yoast_head":"<!-- This site is optimized with the Yoast SEO plugin v26.8 - https:\/\/yoast.com\/product\/yoast-seo-wordpress\/ -->\n<title>Gouvernement\u00a0: G\u00e9n\u00e9ral Mamadi Doumbouya opte pour la continuit\u00e9 - leprojecteurguinee<\/title>\n<meta name=\"robots\" content=\"index, follow, max-snippet:-1, max-image-preview:large, max-video-preview:-1\" \/>\n<link rel=\"canonical\" href=\"https:\/\/www.leprojecteurguinee.com\/index.php\/2024\/03\/06\/gouvernement-general-mamadi-doumbouya-opte-pour-la-continuite\/\" \/>\n<meta property=\"og:locale\" content=\"fr_FR\" \/>\n<meta property=\"og:type\" content=\"article\" \/>\n<meta property=\"og:title\" content=\"Gouvernement\u00a0: G\u00e9n\u00e9ral Mamadi Doumbouya opte pour la continuit\u00e9 - leprojecteurguinee\" \/>\n<meta property=\"og:description\" content=\"Pour la structure du gouvernement de Bah Oury, le Pr\u00e9sident de la Transition a opt\u00e9 pour la continuit\u00e9. Dans le D\u00e9cret portant structure du gouvernement rendu public \u00e0 la t\u00e9l\u00e9vision nationale ce mardi 05 mars 2024 , G\u00e9n\u00e9ral Mamadi Doumbouya a reconduit les 29 minist\u00e8res qui \u00e9taient l\u00e0 avant la dissolution du Gouvernement. Tous les [&hellip;]\" \/>\n<meta property=\"og:url\" content=\"https:\/\/www.leprojecteurguinee.com\/index.php\/2024\/03\/06\/gouvernement-general-mamadi-doumbouya-opte-pour-la-continuite\/\" \/>\n<meta property=\"og:site_name\" content=\"leprojecteurguinee\" \/>\n<meta property=\"article:published_time\" content=\"2024-03-06T11:30:15+00:00\" \/>\n<meta property=\"article:modified_time\" content=\"2024-03-06T11:30:19+00:00\" \/>\n<meta property=\"og:image\" content=\"https:\/\/www.leprojecteurguinee.com\/wp-content\/uploads\/2023\/09\/Mamadi-Doumbouya-1.jpg\" \/>\n\t<meta property=\"og:image:width\" content=\"871\" \/>\n\t<meta property=\"og:image:height\" content=\"661\" \/>\n\t<meta property=\"og:image:type\" content=\"image\/jpeg\" \/>\n<meta name=\"author\" content=\"Leprojecteurguinee\" \/>\n<meta name=\"twitter:card\" content=\"summary_large_image\" \/>\n<meta name=\"twitter:label1\" content=\"\u00c9crit par\" \/>\n\t<meta name=\"twitter:data1\" content=\"Leprojecteurguinee\" \/>\n\t<meta name=\"twitter:label2\" content=\"Dur\u00e9e de lecture estim\u00e9e\" \/>\n\t<meta name=\"twitter:data2\" content=\"2 minutes\" \/>\n<script type=\"application\/ld+json\" class=\"yoast-schema-graph\">{\"@context\":\"https:\/\/schema.org\",\"@graph\":[{\"@type\":\"Article\",\"@id\":\"https:\/\/www.leprojecteurguinee.com\/index.php\/2024\/03\/06\/gouvernement-general-mamadi-doumbouya-opte-pour-la-continuite\/#article\",\"isPartOf\":{\"@id\":\"https:\/\/www.leprojecteurguinee.com\/index.php\/2024\/03\/06\/gouvernement-general-mamadi-doumbouya-opte-pour-la-continuite\/\"},\"author\":{\"name\":\"Leprojecteurguinee\",\"@id\":\"https:\/\/www.leprojecteurguinee.com\/#\/schema\/person\/389671d1a3f0c66e6c91c4a765990c1b\"},\"headline\":\"Gouvernement\u00a0: G\u00e9n\u00e9ral Mamadi Doumbouya opte pour la continuit\u00e9\",\"datePublished\":\"2024-03-06T11:30:15+00:00\",\"dateModified\":\"2024-03-06T11:30:19+00:00\",\"mainEntityOfPage\":{\"@id\":\"https:\/\/www.leprojecteurguinee.com\/index.php\/2024\/03\/06\/gouvernement-general-mamadi-doumbouya-opte-pour-la-continuite\/\"},\"wordCount\":411,\"commentCount\":0,\"image\":{\"@id\":\"https:\/\/www.leprojecteurguinee.com\/index.php\/2024\/03\/06\/gouvernement-general-mamadi-doumbouya-opte-pour-la-continuite\/#primaryimage\"},\"thumbnailUrl\":\"https:\/\/www.leprojecteurguinee.com\/wp-content\/uploads\/2023\/09\/Mamadi-Doumbouya-1.jpg\",\"keywords\":[\"Bah Oury\",\"Mamadi Doumbouya\"],\"articleSection\":[\"Politique\"],\"inLanguage\":\"fr-FR\",\"potentialAction\":[{\"@type\":\"CommentAction\",\"name\":\"Comment\",\"target\":[\"https:\/\/www.leprojecteurguinee.com\/index.php\/2024\/03\/06\/gouvernement-general-mamadi-doumbouya-opte-pour-la-continuite\/#respond\"]}]},{\"@type\":\"WebPage\",\"@id\":\"https:\/\/www.leprojecteurguinee.com\/index.php\/2024\/03\/06\/gouvernement-general-mamadi-doumbouya-opte-pour-la-continuite\/\",\"url\":\"https:\/\/www.leprojecteurguinee.com\/index.php\/2024\/03\/06\/gouvernement-general-mamadi-doumbouya-opte-pour-la-continuite\/\",\"name\":\"Gouvernement\u00a0: G\u00e9n\u00e9ral Mamadi Doumbouya opte pour la continuit\u00e9 - leprojecteurguinee\",\"isPartOf\":{\"@id\":\"https:\/\/www.leprojecteurguinee.com\/#website\"},\"primaryImageOfPage\":{\"@id\":\"https:\/\/www.leprojecteurguinee.com\/index.php\/2024\/03\/06\/gouvernement-general-mamadi-doumbouya-opte-pour-la-continuite\/#primaryimage\"},\"image\":{\"@id\":\"https:\/\/www.leprojecteurguinee.com\/index.php\/2024\/03\/06\/gouvernement-general-mamadi-doumbouya-opte-pour-la-continuite\/#primaryimage\"},\"thumbnailUrl\":\"https:\/\/www.leprojecteurguinee.com\/wp-content\/uploads\/2023\/09\/Mamadi-Doumbouya-1.jpg\",\"datePublished\":\"2024-03-06T11:30:15+00:00\",\"dateModified\":\"2024-03-06T11:30:19+00:00\",\"author\":{\"@id\":\"https:\/\/www.leprojecteurguinee.com\/#\/schema\/person\/389671d1a3f0c66e6c91c4a765990c1b\"},\"breadcrumb\":{\"@id\":\"https:\/\/www.leprojecteurguinee.com\/index.php\/2024\/03\/06\/gouvernement-general-mamadi-doumbouya-opte-pour-la-continuite\/#breadcrumb\"},\"inLanguage\":\"fr-FR\",\"potentialAction\":[{\"@type\":\"ReadAction\",\"target\":[\"https:\/\/www.leprojecteurguinee.com\/index.php\/2024\/03\/06\/gouvernement-general-mamadi-doumbouya-opte-pour-la-continuite\/\"]}]},{\"@type\":\"ImageObject\",\"inLanguage\":\"fr-FR\",\"@id\":\"https:\/\/www.leprojecteurguinee.com\/index.php\/2024\/03\/06\/gouvernement-general-mamadi-doumbouya-opte-pour-la-continuite\/#primaryimage\",\"url\":\"https:\/\/www.leprojecteurguinee.com\/wp-content\/uploads\/2023\/09\/Mamadi-Doumbouya-1.jpg\",\"contentUrl\":\"https:\/\/www.leprojecteurguinee.com\/wp-content\/uploads\/2023\/09\/Mamadi-Doumbouya-1.jpg\",\"width\":871,\"height\":661},{\"@type\":\"BreadcrumbList\",\"@id\":\"https:\/\/www.leprojecteurguinee.com\/index.php\/2024\/03\/06\/gouvernement-general-mamadi-doumbouya-opte-pour-la-continuite\/#breadcrumb\",\"itemListElement\":[{\"@type\":\"ListItem\",\"position\":1,\"name\":\"Accueil\",\"item\":\"https:\/\/www.leprojecteurguinee.com\/\"},{\"@type\":\"ListItem\",\"position\":2,\"name\":\"Gouvernement\u00a0: G\u00e9n\u00e9ral Mamadi Doumbouya opte pour la continuit\u00e9\"}]},{\"@type\":\"WebSite\",\"@id\":\"https:\/\/www.leprojecteurguinee.com\/#website\",\"url\":\"https:\/\/www.leprojecteurguinee.com\/\",\"name\":\"leprojecteurguinee\",\"description\":\"Nous luttons contre les pratiques obscures\",\"potentialAction\":[{\"@type\":\"SearchAction\",\"target\":{\"@type\":\"EntryPoint\",\"urlTemplate\":\"https:\/\/www.leprojecteurguinee.com\/?s={search_term_string}\"},\"query-input\":{\"@type\":\"PropertyValueSpecification\",\"valueRequired\":true,\"valueName\":\"search_term_string\"}}],\"inLanguage\":\"fr-FR\"},{\"@type\":\"Person\",\"@id\":\"https:\/\/www.leprojecteurguinee.com\/#\/schema\/person\/389671d1a3f0c66e6c91c4a765990c1b\",\"name\":\"Leprojecteurguinee\",\"image\":{\"@type\":\"ImageObject\",\"inLanguage\":\"fr-FR\",\"@id\":\"https:\/\/www.leprojecteurguinee.com\/#\/schema\/person\/image\/\",\"url\":\"https:\/\/secure.gravatar.com\/avatar\/c0faa0f472c43eff99fecb0bd2a1c6782e80a162c9fcb7ed2d48bb42ea619f30?s=96&d=mm&r=g\",\"contentUrl\":\"https:\/\/secure.gravatar.com\/avatar\/c0faa0f472c43eff99fecb0bd2a1c6782e80a162c9fcb7ed2d48bb42ea619f30?s=96&d=mm&r=g\",\"caption\":\"Leprojecteurguinee\"},\"sameAs\":[\"https:\/\/www.leprojecteurguinee.com\"],\"url\":\"https:\/\/www.leprojecteurguinee.com\/index.php\/author\/madame\/\"}]}<\/script>\n<!-- \/ Yoast SEO plugin. -->","yoast_head_json":{"title":"Gouvernement\u00a0: G\u00e9n\u00e9ral Mamadi Doumbouya opte pour la continuit\u00e9 - leprojecteurguinee","robots":{"index":"index","follow":"follow","max-snippet":"max-snippet:-1","max-image-preview":"max-image-preview:large","max-video-preview":"max-video-preview:-1"},"canonical":"https:\/\/www.leprojecteurguinee.com\/index.php\/2024\/03\/06\/gouvernement-general-mamadi-doumbouya-opte-pour-la-continuite\/","og_locale":"fr_FR","og_type":"article","og_title":"Gouvernement\u00a0: G\u00e9n\u00e9ral Mamadi Doumbouya opte pour la continuit\u00e9 - leprojecteurguinee","og_description":"Pour la structure du gouvernement de Bah Oury, le Pr\u00e9sident de la Transition a opt\u00e9 pour la continuit\u00e9. Dans le D\u00e9cret portant structure du gouvernement rendu public \u00e0 la t\u00e9l\u00e9vision nationale ce mardi 05 mars 2024 , G\u00e9n\u00e9ral Mamadi Doumbouya a reconduit les 29 minist\u00e8res qui \u00e9taient l\u00e0 avant la dissolution du Gouvernement. Tous les [&hellip;]","og_url":"https:\/\/www.leprojecteurguinee.com\/index.php\/2024\/03\/06\/gouvernement-general-mamadi-doumbouya-opte-pour-la-continuite\/","og_site_name":"leprojecteurguinee","article_published_time":"2024-03-06T11:30:15+00:00","article_modified_time":"2024-03-06T11:30:19+00:00","og_image":[{"width":871,"height":661,"url":"https:\/\/www.leprojecteurguinee.com\/wp-content\/uploads\/2023\/09\/Mamadi-Doumbouya-1.jpg","type":"image\/jpeg"}],"author":"Leprojecteurguinee","twitter_card":"summary_large_image","twitter_misc":{"\u00c9crit par":"Leprojecteurguinee","Dur\u00e9e de lecture estim\u00e9e":"2 minutes"},"schema":{"@context":"https:\/\/schema.org","@graph":[{"@type":"Article","@id":"https:\/\/www.leprojecteurguinee.com\/index.php\/2024\/03\/06\/gouvernement-general-mamadi-doumbouya-opte-pour-la-continuite\/#article","isPartOf":{"@id":"https:\/\/www.leprojecteurguinee.com\/index.php\/2024\/03\/06\/gouvernement-general-mamadi-doumbouya-opte-pour-la-continuite\/"},"author":{"name":"Leprojecteurguinee","@id":"https:\/\/www.leprojecteurguinee.com\/#\/schema\/person\/389671d1a3f0c66e6c91c4a765990c1b"},"headline":"Gouvernement\u00a0: G\u00e9n\u00e9ral Mamadi Doumbouya opte pour la continuit\u00e9","datePublished":"2024-03-06T11:30:15+00:00","dateModified":"2024-03-06T11:30:19+00:00","mainEntityOfPage":{"@id":"https:\/\/www.leprojecteurguinee.com\/index.php\/2024\/03\/06\/gouvernement-general-mamadi-doumbouya-opte-pour-la-continuite\/"},"wordCount":411,"commentCount":0,"image":{"@id":"https:\/\/www.leprojecteurguinee.com\/index.php\/2024\/03\/06\/gouvernement-general-mamadi-doumbouya-opte-pour-la-continuite\/#primaryimage"},"thumbnailUrl":"https:\/\/www.leprojecteurguinee.com\/wp-content\/uploads\/2023\/09\/Mamadi-Doumbouya-1.jpg","keywords":["Bah Oury","Mamadi Doumbouya"],"articleSection":["Politique"],"inLanguage":"fr-FR","potentialAction":[{"@type":"CommentAction","name":"Comment","target":["https:\/\/www.leprojecteurguinee.com\/index.php\/2024\/03\/06\/gouvernement-general-mamadi-doumbouya-opte-pour-la-continuite\/#respond"]}]},{"@type":"WebPage","@id":"https:\/\/www.leprojecteurguinee.com\/index.php\/2024\/03\/06\/gouvernement-general-mamadi-doumbouya-opte-pour-la-continuite\/","url":"https:\/\/www.leprojecteurguinee.com\/index.php\/2024\/03\/06\/gouvernement-general-mamadi-doumbouya-opte-pour-la-continuite\/","name":"Gouvernement\u00a0: G\u00e9n\u00e9ral Mamadi Doumbouya opte pour la continuit\u00e9 - leprojecteurguinee","isPartOf":{"@id":"https:\/\/www.leprojecteurguinee.com\/#website"},"primaryImageOfPage":{"@id":"https:\/\/www.leprojecteurguinee.com\/index.php\/2024\/03\/06\/gouvernement-general-mamadi-doumbouya-opte-pour-la-continuite\/#primaryimage"},"image":{"@id":"https:\/\/www.leprojecteurguinee.com\/index.php\/2024\/03\/06\/gouvernement-general-mamadi-doumbouya-opte-pour-la-continuite\/#primaryimage"},"thumbnailUrl":"https:\/\/www.leprojecteurguinee.com\/wp-content\/uploads\/2023\/09\/Mamadi-Doumbouya-1.jpg","datePublished":"2024-03-06T11:30:15+00:00","dateModified":"2024-03-06T11:30:19+00:00","author":{"@id":"https:\/\/www.leprojecteurguinee.com\/#\/schema\/person\/389671d1a3f0c66e6c91c4a765990c1b"},"breadcrumb":{"@id":"https:\/\/www.leprojecteurguinee.com\/index.php\/2024\/03\/06\/gouvernement-general-mamadi-doumbouya-opte-pour-la-continuite\/#breadcrumb"},"inLanguage":"fr-FR","potentialAction":[{"@type":"ReadAction","target":["https:\/\/www.leprojecteurguinee.com\/index.php\/2024\/03\/06\/gouvernement-general-mamadi-doumbouya-opte-pour-la-continuite\/"]}]},{"@type":"ImageObject","inLanguage":"fr-FR","@id":"https:\/\/www.leprojecteurguinee.com\/index.php\/2024\/03\/06\/gouvernement-general-mamadi-doumbouya-opte-pour-la-continuite\/#primaryimage","url":"https:\/\/www.leprojecteurguinee.com\/wp-content\/uploads\/2023\/09\/Mamadi-Doumbouya-1.jpg","contentUrl":"https:\/\/www.leprojecteurguinee.com\/wp-content\/uploads\/2023\/09\/Mamadi-Doumbouya-1.jpg","width":871,"height":661},{"@type":"BreadcrumbList","@id":"https:\/\/www.leprojecteurguinee.com\/index.php\/2024\/03\/06\/gouvernement-general-mamadi-doumbouya-opte-pour-la-continuite\/#breadcrumb","itemListElement":[{"@type":"ListItem","position":1,"name":"Accueil","item":"https:\/\/www.leprojecteurguinee.com\/"},{"@type":"ListItem","position":2,"name":"Gouvernement\u00a0: G\u00e9n\u00e9ral Mamadi Doumbouya opte pour la continuit\u00e9"}]},{"@type":"WebSite","@id":"https:\/\/www.leprojecteurguinee.com\/#website","url":"https:\/\/www.leprojecteurguinee.com\/","name":"leprojecteurguinee","description":"Nous luttons contre les pratiques obscures","potentialAction":[{"@type":"SearchAction","target":{"@type":"EntryPoint","urlTemplate":"https:\/\/www.leprojecteurguinee.com\/?s={search_term_string}"},"query-input":{"@type":"PropertyValueSpecification","valueRequired":true,"valueName":"search_term_string"}}],"inLanguage":"fr-FR"},{"@type":"Person","@id":"https:\/\/www.leprojecteurguinee.com\/#\/schema\/person\/389671d1a3f0c66e6c91c4a765990c1b","name":"Leprojecteurguinee","image":{"@type":"ImageObject","inLanguage":"fr-FR","@id":"https:\/\/www.leprojecteurguinee.com\/#\/schema\/person\/image\/","url":"https:\/\/secure.gravatar.com\/avatar\/c0faa0f472c43eff99fecb0bd2a1c6782e80a162c9fcb7ed2d48bb42ea619f30?s=96&d=mm&r=g","contentUrl":"https:\/\/secure.gravatar.com\/avatar\/c0faa0f472c43eff99fecb0bd2a1c6782e80a162c9fcb7ed2d48bb42ea619f30?s=96&d=mm&r=g","caption":"Leprojecteurguinee"},"sameAs":["https:\/\/www.leprojecteurguinee.com"],"url":"https:\/\/www.leprojecteurguinee.com\/index.php\/author\/madame\/"}]}},"_links":{"self":[{"href":"https:\/\/www.leprojecteurguinee.com\/index.php\/wp-json\/wp\/v2\/posts\/2866","targetHints":{"allow":["GET"]}}],"collection":[{"href":"https:\/\/www.leprojecteurguinee.com\/index.php\/wp-json\/wp\/v2\/posts"}],"about":[{"href":"https:\/\/www.leprojecteurguinee.com\/index.php\/wp-json\/wp\/v2\/types\/post"}],"author":[{"embeddable":true,"href":"https:\/\/www.leprojecteurguinee.com\/index.php\/wp-json\/wp\/v2\/users\/1"}],"replies":[{"embeddable":true,"href":"https:\/\/www.leprojecteurguinee.com\/index.php\/wp-json\/wp\/v2\/comments?post=2866"}],"version-history":[{"count":0,"href":"https:\/\/www.leprojecteurguinee.com\/index.php\/wp-json\/wp\/v2\/posts\/2866\/revisions"}],"wp:featuredmedia":[{"embeddable":true,"href":"https:\/\/www.leprojecteurguinee.com\/index.php\/wp-json\/wp\/v2\/media\/1192"}],"wp:attachment":[{"href":"https:\/\/www.leprojecteurguinee.com\/index.php\/wp-json\/wp\/v2\/media?parent=2866"}],"wp:term":[{"taxonomy":"category","embeddable":true,"href":"https:\/\/www.leprojecteurguinee.com\/index.php\/wp-json\/wp\/v2\/categories?post=2866"},{"taxonomy":"post_tag","embeddable":true,"href":"https:\/\/www.leprojecteurguinee.com\/index.php\/wp-json\/wp\/v2\/tags?post=2866"}],"curies":[{"name":"wp","href":"https:\/\/api.w.org\/{rel}","templated":true}]}}