{"id":2817,"date":"2024-02-28T12:33:23","date_gmt":"2024-02-28T11:33:23","guid":{"rendered":"https:\/\/www.leprojecteurguinee.com\/?p=2817"},"modified":"2024-02-28T12:33:25","modified_gmt":"2024-02-28T11:33:25","slug":"senegal-le-dialogue-propose-le-02-juin-prochain-pour-lorganisation-de-la-presidentielle","status":"publish","type":"post","link":"https:\/\/www.leprojecteurguinee.com\/index.php\/2024\/02\/28\/senegal-le-dialogue-propose-le-02-juin-prochain-pour-lorganisation-de-la-presidentielle\/","title":{"rendered":"S\u00e9n\u00e9gal\u00a0: le dialogue propose le 02 juin prochain pour l\u2019organisation de la pr\u00e9sidentielle"},"content":{"rendered":"\n<p>Le dialogue convoqu\u00e9 par le pr\u00e9sident s\u00e9n\u00e9galais Macky Sall a pris fin mardi. La principale recommandation \u00e9manant de ces pourparlers est l&rsquo;organisation du premier tour de la pr\u00e9sidentielle le 02 juin prochain. Les participants ont, en outre, propos\u00e9 de garder la liste des 19 candidats valid\u00e9s par le Conseil constitutionnel, avec la possibilit\u00e9 d\u2019examiner de nouveau les dossiers des candidats recal\u00e9s.<\/p>\n\n\n\n<p>La derni\u00e8re proposition du dialogue est de permettre \u00e0 Macky Sall de conduire la transition apr\u00e8s la fin de son mandat le 2 avril jusqu\u2019\u00e0 l\u2019\u00e9lection de son successeur.<\/p>\n\n\n\n<p>Ces propositions devront \u00eatre valid\u00e9es par le chef de l\u2019\u00c9tat, qui doit encore prendre un d\u00e9cret pr\u00e9sidentiel pour convoquer le corps \u00e9lectoral.<\/p>\n","protected":false},"excerpt":{"rendered":"<p>Le dialogue convoqu\u00e9 par le pr\u00e9sident s\u00e9n\u00e9galais Macky Sall a pris fin mardi. La principale recommandation \u00e9manant de ces pourparlers est l&rsquo;organisation du premier tour de la pr\u00e9sidentielle le 02 juin prochain. Les participants ont, en outre, propos\u00e9 de garder la liste des 19 candidats valid\u00e9s par le Conseil constitutionnel, avec la possibilit\u00e9 d\u2019examiner de [&hellip;]<\/p>\n","protected":false},"author":1,"featured_media":2809,"comment_status":"open","ping_status":"open","sticky":true,"template":"","format":"standard","meta":{"footnotes":""},"categories":[32],"tags":[28,26],"class_list":["post-2817","post","type-post","status-publish","format-standard","has-post-thumbnail","hentry","category-monde","tag-macky-sall","tag-senegal"],"yoast_head":"<!-- This site is optimized with the Yoast SEO plugin v26.8 - https:\/\/yoast.com\/product\/yoast-seo-wordpress\/ -->\n<title>S\u00e9n\u00e9gal\u00a0: le dialogue propose le 02 juin prochain pour l\u2019organisation de la pr\u00e9sidentielle - leprojecteurguinee<\/title>\n<meta name=\"robots\" content=\"index, follow, max-snippet:-1, max-image-preview:large, max-video-preview:-1\" \/>\n<link rel=\"canonical\" href=\"https:\/\/www.leprojecteurguinee.com\/index.php\/2024\/02\/28\/senegal-le-dialogue-propose-le-02-juin-prochain-pour-lorganisation-de-la-presidentielle\/\" \/>\n<meta property=\"og:locale\" content=\"fr_FR\" \/>\n<meta property=\"og:type\" content=\"article\" \/>\n<meta property=\"og:title\" content=\"S\u00e9n\u00e9gal\u00a0: le dialogue propose le 02 juin prochain pour l\u2019organisation de la pr\u00e9sidentielle - leprojecteurguinee\" \/>\n<meta property=\"og:description\" content=\"Le dialogue convoqu\u00e9 par le pr\u00e9sident s\u00e9n\u00e9galais Macky Sall a pris fin mardi. La principale recommandation \u00e9manant de ces pourparlers est l&rsquo;organisation du premier tour de la pr\u00e9sidentielle le 02 juin prochain. Les participants ont, en outre, propos\u00e9 de garder la liste des 19 candidats valid\u00e9s par le Conseil constitutionnel, avec la possibilit\u00e9 d\u2019examiner de [&hellip;]\" \/>\n<meta property=\"og:url\" content=\"https:\/\/www.leprojecteurguinee.com\/index.php\/2024\/02\/28\/senegal-le-dialogue-propose-le-02-juin-prochain-pour-lorganisation-de-la-presidentielle\/\" \/>\n<meta property=\"og:site_name\" content=\"leprojecteurguinee\" \/>\n<meta property=\"article:published_time\" content=\"2024-02-28T11:33:23+00:00\" \/>\n<meta property=\"article:modified_time\" content=\"2024-02-28T11:33:25+00:00\" \/>\n<meta property=\"og:image\" content=\"https:\/\/www.leprojecteurguinee.com\/wp-content\/uploads\/2024\/02\/Macky-Sall.jpg\" \/>\n\t<meta property=\"og:image:width\" content=\"864\" \/>\n\t<meta property=\"og:image:height\" content=\"486\" \/>\n\t<meta property=\"og:image:type\" content=\"image\/jpeg\" \/>\n<meta name=\"author\" content=\"Leprojecteurguinee\" \/>\n<meta name=\"twitter:card\" content=\"summary_large_image\" \/>\n<meta name=\"twitter:label1\" content=\"\u00c9crit par\" \/>\n\t<meta name=\"twitter:data1\" content=\"Leprojecteurguinee\" \/>\n\t<meta name=\"twitter:label2\" content=\"Dur\u00e9e de lecture estim\u00e9e\" \/>\n\t<meta name=\"twitter:data2\" content=\"1 minute\" \/>\n<script type=\"application\/ld+json\" class=\"yoast-schema-graph\">{\"@context\":\"https:\/\/schema.org\",\"@graph\":[{\"@type\":\"Article\",\"@id\":\"https:\/\/www.leprojecteurguinee.com\/index.php\/2024\/02\/28\/senegal-le-dialogue-propose-le-02-juin-prochain-pour-lorganisation-de-la-presidentielle\/#article\",\"isPartOf\":{\"@id\":\"https:\/\/www.leprojecteurguinee.com\/index.php\/2024\/02\/28\/senegal-le-dialogue-propose-le-02-juin-prochain-pour-lorganisation-de-la-presidentielle\/\"},\"author\":{\"name\":\"Leprojecteurguinee\",\"@id\":\"https:\/\/www.leprojecteurguinee.com\/#\/schema\/person\/389671d1a3f0c66e6c91c4a765990c1b\"},\"headline\":\"S\u00e9n\u00e9gal\u00a0: le dialogue propose le 02 juin prochain pour l\u2019organisation de la pr\u00e9sidentielle\",\"datePublished\":\"2024-02-28T11:33:23+00:00\",\"dateModified\":\"2024-02-28T11:33:25+00:00\",\"mainEntityOfPage\":{\"@id\":\"https:\/\/www.leprojecteurguinee.com\/index.php\/2024\/02\/28\/senegal-le-dialogue-propose-le-02-juin-prochain-pour-lorganisation-de-la-presidentielle\/\"},\"wordCount\":139,\"commentCount\":0,\"image\":{\"@id\":\"https:\/\/www.leprojecteurguinee.com\/index.php\/2024\/02\/28\/senegal-le-dialogue-propose-le-02-juin-prochain-pour-lorganisation-de-la-presidentielle\/#primaryimage\"},\"thumbnailUrl\":\"https:\/\/www.leprojecteurguinee.com\/wp-content\/uploads\/2024\/02\/Macky-Sall.jpg\",\"keywords\":[\"Macky Sall\",\"S\u00e9n\u00e9gal\"],\"articleSection\":[\"Monde\"],\"inLanguage\":\"fr-FR\",\"potentialAction\":[{\"@type\":\"CommentAction\",\"name\":\"Comment\",\"target\":[\"https:\/\/www.leprojecteurguinee.com\/index.php\/2024\/02\/28\/senegal-le-dialogue-propose-le-02-juin-prochain-pour-lorganisation-de-la-presidentielle\/#respond\"]}]},{\"@type\":\"WebPage\",\"@id\":\"https:\/\/www.leprojecteurguinee.com\/index.php\/2024\/02\/28\/senegal-le-dialogue-propose-le-02-juin-prochain-pour-lorganisation-de-la-presidentielle\/\",\"url\":\"https:\/\/www.leprojecteurguinee.com\/index.php\/2024\/02\/28\/senegal-le-dialogue-propose-le-02-juin-prochain-pour-lorganisation-de-la-presidentielle\/\",\"name\":\"S\u00e9n\u00e9gal\u00a0: le dialogue propose le 02 juin prochain pour l\u2019organisation de la pr\u00e9sidentielle - leprojecteurguinee\",\"isPartOf\":{\"@id\":\"https:\/\/www.leprojecteurguinee.com\/#website\"},\"primaryImageOfPage\":{\"@id\":\"https:\/\/www.leprojecteurguinee.com\/index.php\/2024\/02\/28\/senegal-le-dialogue-propose-le-02-juin-prochain-pour-lorganisation-de-la-presidentielle\/#primaryimage\"},\"image\":{\"@id\":\"https:\/\/www.leprojecteurguinee.com\/index.php\/2024\/02\/28\/senegal-le-dialogue-propose-le-02-juin-prochain-pour-lorganisation-de-la-presidentielle\/#primaryimage\"},\"thumbnailUrl\":\"https:\/\/www.leprojecteurguinee.com\/wp-content\/uploads\/2024\/02\/Macky-Sall.jpg\",\"datePublished\":\"2024-02-28T11:33:23+00:00\",\"dateModified\":\"2024-02-28T11:33:25+00:00\",\"author\":{\"@id\":\"https:\/\/www.leprojecteurguinee.com\/#\/schema\/person\/389671d1a3f0c66e6c91c4a765990c1b\"},\"breadcrumb\":{\"@id\":\"https:\/\/www.leprojecteurguinee.com\/index.php\/2024\/02\/28\/senegal-le-dialogue-propose-le-02-juin-prochain-pour-lorganisation-de-la-presidentielle\/#breadcrumb\"},\"inLanguage\":\"fr-FR\",\"potentialAction\":[{\"@type\":\"ReadAction\",\"target\":[\"https:\/\/www.leprojecteurguinee.com\/index.php\/2024\/02\/28\/senegal-le-dialogue-propose-le-02-juin-prochain-pour-lorganisation-de-la-presidentielle\/\"]}]},{\"@type\":\"ImageObject\",\"inLanguage\":\"fr-FR\",\"@id\":\"https:\/\/www.leprojecteurguinee.com\/index.php\/2024\/02\/28\/senegal-le-dialogue-propose-le-02-juin-prochain-pour-lorganisation-de-la-presidentielle\/#primaryimage\",\"url\":\"https:\/\/www.leprojecteurguinee.com\/wp-content\/uploads\/2024\/02\/Macky-Sall.jpg\",\"contentUrl\":\"https:\/\/www.leprojecteurguinee.com\/wp-content\/uploads\/2024\/02\/Macky-Sall.jpg\",\"width\":864,\"height\":486},{\"@type\":\"BreadcrumbList\",\"@id\":\"https:\/\/www.leprojecteurguinee.com\/index.php\/2024\/02\/28\/senegal-le-dialogue-propose-le-02-juin-prochain-pour-lorganisation-de-la-presidentielle\/#breadcrumb\",\"itemListElement\":[{\"@type\":\"ListItem\",\"position\":1,\"name\":\"Accueil\",\"item\":\"https:\/\/www.leprojecteurguinee.com\/\"},{\"@type\":\"ListItem\",\"position\":2,\"name\":\"S\u00e9n\u00e9gal\u00a0: le dialogue propose le 02 juin prochain pour l\u2019organisation de la pr\u00e9sidentielle\"}]},{\"@type\":\"WebSite\",\"@id\":\"https:\/\/www.leprojecteurguinee.com\/#website\",\"url\":\"https:\/\/www.leprojecteurguinee.com\/\",\"name\":\"leprojecteurguinee\",\"description\":\"Nous luttons contre les pratiques obscures\",\"potentialAction\":[{\"@type\":\"SearchAction\",\"target\":{\"@type\":\"EntryPoint\",\"urlTemplate\":\"https:\/\/www.leprojecteurguinee.com\/?s={search_term_string}\"},\"query-input\":{\"@type\":\"PropertyValueSpecification\",\"valueRequired\":true,\"valueName\":\"search_term_string\"}}],\"inLanguage\":\"fr-FR\"},{\"@type\":\"Person\",\"@id\":\"https:\/\/www.leprojecteurguinee.com\/#\/schema\/person\/389671d1a3f0c66e6c91c4a765990c1b\",\"name\":\"Leprojecteurguinee\",\"image\":{\"@type\":\"ImageObject\",\"inLanguage\":\"fr-FR\",\"@id\":\"https:\/\/www.leprojecteurguinee.com\/#\/schema\/person\/image\/\",\"url\":\"https:\/\/secure.gravatar.com\/avatar\/c0faa0f472c43eff99fecb0bd2a1c6782e80a162c9fcb7ed2d48bb42ea619f30?s=96&d=mm&r=g\",\"contentUrl\":\"https:\/\/secure.gravatar.com\/avatar\/c0faa0f472c43eff99fecb0bd2a1c6782e80a162c9fcb7ed2d48bb42ea619f30?s=96&d=mm&r=g\",\"caption\":\"Leprojecteurguinee\"},\"sameAs\":[\"https:\/\/www.leprojecteurguinee.com\"],\"url\":\"https:\/\/www.leprojecteurguinee.com\/index.php\/author\/madame\/\"}]}<\/script>\n<!-- \/ Yoast SEO plugin. -->","yoast_head_json":{"title":"S\u00e9n\u00e9gal\u00a0: le dialogue propose le 02 juin prochain pour l\u2019organisation de la pr\u00e9sidentielle - leprojecteurguinee","robots":{"index":"index","follow":"follow","max-snippet":"max-snippet:-1","max-image-preview":"max-image-preview:large","max-video-preview":"max-video-preview:-1"},"canonical":"https:\/\/www.leprojecteurguinee.com\/index.php\/2024\/02\/28\/senegal-le-dialogue-propose-le-02-juin-prochain-pour-lorganisation-de-la-presidentielle\/","og_locale":"fr_FR","og_type":"article","og_title":"S\u00e9n\u00e9gal\u00a0: le dialogue propose le 02 juin prochain pour l\u2019organisation de la pr\u00e9sidentielle - leprojecteurguinee","og_description":"Le dialogue convoqu\u00e9 par le pr\u00e9sident s\u00e9n\u00e9galais Macky Sall a pris fin mardi. La principale recommandation \u00e9manant de ces pourparlers est l&rsquo;organisation du premier tour de la pr\u00e9sidentielle le 02 juin prochain. Les participants ont, en outre, propos\u00e9 de garder la liste des 19 candidats valid\u00e9s par le Conseil constitutionnel, avec la possibilit\u00e9 d\u2019examiner de [&hellip;]","og_url":"https:\/\/www.leprojecteurguinee.com\/index.php\/2024\/02\/28\/senegal-le-dialogue-propose-le-02-juin-prochain-pour-lorganisation-de-la-presidentielle\/","og_site_name":"leprojecteurguinee","article_published_time":"2024-02-28T11:33:23+00:00","article_modified_time":"2024-02-28T11:33:25+00:00","og_image":[{"width":864,"height":486,"url":"https:\/\/www.leprojecteurguinee.com\/wp-content\/uploads\/2024\/02\/Macky-Sall.jpg","type":"image\/jpeg"}],"author":"Leprojecteurguinee","twitter_card":"summary_large_image","twitter_misc":{"\u00c9crit par":"Leprojecteurguinee","Dur\u00e9e de lecture estim\u00e9e":"1 minute"},"schema":{"@context":"https:\/\/schema.org","@graph":[{"@type":"Article","@id":"https:\/\/www.leprojecteurguinee.com\/index.php\/2024\/02\/28\/senegal-le-dialogue-propose-le-02-juin-prochain-pour-lorganisation-de-la-presidentielle\/#article","isPartOf":{"@id":"https:\/\/www.leprojecteurguinee.com\/index.php\/2024\/02\/28\/senegal-le-dialogue-propose-le-02-juin-prochain-pour-lorganisation-de-la-presidentielle\/"},"author":{"name":"Leprojecteurguinee","@id":"https:\/\/www.leprojecteurguinee.com\/#\/schema\/person\/389671d1a3f0c66e6c91c4a765990c1b"},"headline":"S\u00e9n\u00e9gal\u00a0: le dialogue propose le 02 juin prochain pour l\u2019organisation de la pr\u00e9sidentielle","datePublished":"2024-02-28T11:33:23+00:00","dateModified":"2024-02-28T11:33:25+00:00","mainEntityOfPage":{"@id":"https:\/\/www.leprojecteurguinee.com\/index.php\/2024\/02\/28\/senegal-le-dialogue-propose-le-02-juin-prochain-pour-lorganisation-de-la-presidentielle\/"},"wordCount":139,"commentCount":0,"image":{"@id":"https:\/\/www.leprojecteurguinee.com\/index.php\/2024\/02\/28\/senegal-le-dialogue-propose-le-02-juin-prochain-pour-lorganisation-de-la-presidentielle\/#primaryimage"},"thumbnailUrl":"https:\/\/www.leprojecteurguinee.com\/wp-content\/uploads\/2024\/02\/Macky-Sall.jpg","keywords":["Macky Sall","S\u00e9n\u00e9gal"],"articleSection":["Monde"],"inLanguage":"fr-FR","potentialAction":[{"@type":"CommentAction","name":"Comment","target":["https:\/\/www.leprojecteurguinee.com\/index.php\/2024\/02\/28\/senegal-le-dialogue-propose-le-02-juin-prochain-pour-lorganisation-de-la-presidentielle\/#respond"]}]},{"@type":"WebPage","@id":"https:\/\/www.leprojecteurguinee.com\/index.php\/2024\/02\/28\/senegal-le-dialogue-propose-le-02-juin-prochain-pour-lorganisation-de-la-presidentielle\/","url":"https:\/\/www.leprojecteurguinee.com\/index.php\/2024\/02\/28\/senegal-le-dialogue-propose-le-02-juin-prochain-pour-lorganisation-de-la-presidentielle\/","name":"S\u00e9n\u00e9gal\u00a0: le dialogue propose le 02 juin prochain pour l\u2019organisation de la pr\u00e9sidentielle - leprojecteurguinee","isPartOf":{"@id":"https:\/\/www.leprojecteurguinee.com\/#website"},"primaryImageOfPage":{"@id":"https:\/\/www.leprojecteurguinee.com\/index.php\/2024\/02\/28\/senegal-le-dialogue-propose-le-02-juin-prochain-pour-lorganisation-de-la-presidentielle\/#primaryimage"},"image":{"@id":"https:\/\/www.leprojecteurguinee.com\/index.php\/2024\/02\/28\/senegal-le-dialogue-propose-le-02-juin-prochain-pour-lorganisation-de-la-presidentielle\/#primaryimage"},"thumbnailUrl":"https:\/\/www.leprojecteurguinee.com\/wp-content\/uploads\/2024\/02\/Macky-Sall.jpg","datePublished":"2024-02-28T11:33:23+00:00","dateModified":"2024-02-28T11:33:25+00:00","author":{"@id":"https:\/\/www.leprojecteurguinee.com\/#\/schema\/person\/389671d1a3f0c66e6c91c4a765990c1b"},"breadcrumb":{"@id":"https:\/\/www.leprojecteurguinee.com\/index.php\/2024\/02\/28\/senegal-le-dialogue-propose-le-02-juin-prochain-pour-lorganisation-de-la-presidentielle\/#breadcrumb"},"inLanguage":"fr-FR","potentialAction":[{"@type":"ReadAction","target":["https:\/\/www.leprojecteurguinee.com\/index.php\/2024\/02\/28\/senegal-le-dialogue-propose-le-02-juin-prochain-pour-lorganisation-de-la-presidentielle\/"]}]},{"@type":"ImageObject","inLanguage":"fr-FR","@id":"https:\/\/www.leprojecteurguinee.com\/index.php\/2024\/02\/28\/senegal-le-dialogue-propose-le-02-juin-prochain-pour-lorganisation-de-la-presidentielle\/#primaryimage","url":"https:\/\/www.leprojecteurguinee.com\/wp-content\/uploads\/2024\/02\/Macky-Sall.jpg","contentUrl":"https:\/\/www.leprojecteurguinee.com\/wp-content\/uploads\/2024\/02\/Macky-Sall.jpg","width":864,"height":486},{"@type":"BreadcrumbList","@id":"https:\/\/www.leprojecteurguinee.com\/index.php\/2024\/02\/28\/senegal-le-dialogue-propose-le-02-juin-prochain-pour-lorganisation-de-la-presidentielle\/#breadcrumb","itemListElement":[{"@type":"ListItem","position":1,"name":"Accueil","item":"https:\/\/www.leprojecteurguinee.com\/"},{"@type":"ListItem","position":2,"name":"S\u00e9n\u00e9gal\u00a0: le dialogue propose le 02 juin prochain pour l\u2019organisation de la pr\u00e9sidentielle"}]},{"@type":"WebSite","@id":"https:\/\/www.leprojecteurguinee.com\/#website","url":"https:\/\/www.leprojecteurguinee.com\/","name":"leprojecteurguinee","description":"Nous luttons contre les pratiques obscures","potentialAction":[{"@type":"SearchAction","target":{"@type":"EntryPoint","urlTemplate":"https:\/\/www.leprojecteurguinee.com\/?s={search_term_string}"},"query-input":{"@type":"PropertyValueSpecification","valueRequired":true,"valueName":"search_term_string"}}],"inLanguage":"fr-FR"},{"@type":"Person","@id":"https:\/\/www.leprojecteurguinee.com\/#\/schema\/person\/389671d1a3f0c66e6c91c4a765990c1b","name":"Leprojecteurguinee","image":{"@type":"ImageObject","inLanguage":"fr-FR","@id":"https:\/\/www.leprojecteurguinee.com\/#\/schema\/person\/image\/","url":"https:\/\/secure.gravatar.com\/avatar\/c0faa0f472c43eff99fecb0bd2a1c6782e80a162c9fcb7ed2d48bb42ea619f30?s=96&d=mm&r=g","contentUrl":"https:\/\/secure.gravatar.com\/avatar\/c0faa0f472c43eff99fecb0bd2a1c6782e80a162c9fcb7ed2d48bb42ea619f30?s=96&d=mm&r=g","caption":"Leprojecteurguinee"},"sameAs":["https:\/\/www.leprojecteurguinee.com"],"url":"https:\/\/www.leprojecteurguinee.com\/index.php\/author\/madame\/"}]}},"_links":{"self":[{"href":"https:\/\/www.leprojecteurguinee.com\/index.php\/wp-json\/wp\/v2\/posts\/2817","targetHints":{"allow":["GET"]}}],"collection":[{"href":"https:\/\/www.leprojecteurguinee.com\/index.php\/wp-json\/wp\/v2\/posts"}],"about":[{"href":"https:\/\/www.leprojecteurguinee.com\/index.php\/wp-json\/wp\/v2\/types\/post"}],"author":[{"embeddable":true,"href":"https:\/\/www.leprojecteurguinee.com\/index.php\/wp-json\/wp\/v2\/users\/1"}],"replies":[{"embeddable":true,"href":"https:\/\/www.leprojecteurguinee.com\/index.php\/wp-json\/wp\/v2\/comments?post=2817"}],"version-history":[{"count":0,"href":"https:\/\/www.leprojecteurguinee.com\/index.php\/wp-json\/wp\/v2\/posts\/2817\/revisions"}],"wp:featuredmedia":[{"embeddable":true,"href":"https:\/\/www.leprojecteurguinee.com\/index.php\/wp-json\/wp\/v2\/media\/2809"}],"wp:attachment":[{"href":"https:\/\/www.leprojecteurguinee.com\/index.php\/wp-json\/wp\/v2\/media?parent=2817"}],"wp:term":[{"taxonomy":"category","embeddable":true,"href":"https:\/\/www.leprojecteurguinee.com\/index.php\/wp-json\/wp\/v2\/categories?post=2817"},{"taxonomy":"post_tag","embeddable":true,"href":"https:\/\/www.leprojecteurguinee.com\/index.php\/wp-json\/wp\/v2\/tags?post=2817"}],"curies":[{"name":"wp","href":"https:\/\/api.w.org\/{rel}","templated":true}]}}