{"id":2668,"date":"2024-02-16T08:27:17","date_gmt":"2024-02-16T07:27:17","guid":{"rendered":"https:\/\/www.leprojecteurguinee.com\/?p=2668"},"modified":"2024-02-16T08:27:18","modified_gmt":"2024-02-16T07:27:18","slug":"france-la-plainte-en-diffamation-de-karim-benzema-contre-gerald-darmanin-classee-sans-suite","status":"publish","type":"post","link":"https:\/\/www.leprojecteurguinee.com\/index.php\/2024\/02\/16\/france-la-plainte-en-diffamation-de-karim-benzema-contre-gerald-darmanin-classee-sans-suite\/","title":{"rendered":"France : La plainte en diffamation de Karim Benzema contre G\u00e9rald Darmanin class\u00e9e sans suite"},"content":{"rendered":"\n<p>La plainte en diffamation de Karim Benzema contre le ministre fran\u00e7ais de l&rsquo;Int\u00e9rieur G\u00e9rald Darmanin, qui avait affirm\u00e9 que le footballeur \u00e9tait en lien \u00ab\u00a0notoire\u00a0\u00bb avec l&rsquo;organisation des Fr\u00e8res musulmans, a \u00e9t\u00e9 class\u00e9e sans suite mardi, a annonc\u00e9 jeudi le procureur g\u00e9n\u00e9ral pr\u00e8s la Cour de cassation.<\/p>\n\n\n\n<p>La commission des requ\u00eates de la Cour de justice de la R\u00e9publique \u00ab\u00a0retient que la plainte de Benzema\u00a0\u00bb, re\u00e7ue le 16 janvier, \u00ab\u00a0est relative \u00e0 des propos qui ne lui imputent aucun fait qui soit de nature \u00e0 porter atteinte \u00e0 son honneur ou \u00e0 sa consid\u00e9ration\u00a0\u00bb, pr\u00e9cise le communiqu\u00e9<\/p>\n\n\n\n<p>\u00ab\u00a0Cette d\u00e9cision de la commission des requ\u00eates, compos\u00e9e de trois magistrats du si\u00e8ge de la Cour de cassation, deux conseillers d&rsquo;\u00c9tat et deux conseillers ma\u00eetres \u00e0 la Cour des comptes, n&rsquo;est susceptible d&rsquo;aucun recours\u00a0\u00bb, souligne encore le procureur g\u00e9n\u00e9ral.<\/p>\n\n\n\n<p>Benzema avait \u00e9t\u00e9 pris pour cible par G\u00e9rald Darmanin apr\u00e8s avoir publi\u00e9 mi-octobre sur X un message de soutien aux habitants de Gaza, victimes selon lui de \u00ab\u00a0bombardements injustes\u00a0\u00bb men\u00e9s par Isra\u00ebl en repr\u00e9sailles \u00e0 l&rsquo;attaque sanglante du Hamas le 7 octobre, rappelle le m\u00e9dia fran\u00e7ais.<\/p>\n\n\n\n<p>Le ministre de l&rsquo;Int\u00e9rieur avait avanc\u00e9 que cette prise de position s&rsquo;expliquerait par les liens de Karim Benzema avec les Fr\u00e8res musulmans.<\/p>\n","protected":false},"excerpt":{"rendered":"<p>La plainte en diffamation de Karim Benzema contre le ministre fran\u00e7ais de l&rsquo;Int\u00e9rieur G\u00e9rald Darmanin, qui avait affirm\u00e9 que le footballeur \u00e9tait en lien \u00ab\u00a0notoire\u00a0\u00bb avec l&rsquo;organisation des Fr\u00e8res musulmans, a \u00e9t\u00e9 class\u00e9e sans suite mardi, a annonc\u00e9 jeudi le procureur g\u00e9n\u00e9ral pr\u00e8s la Cour de cassation. La commission des requ\u00eates de la Cour de [&hellip;]<\/p>\n","protected":false},"author":1,"featured_media":2669,"comment_status":"open","ping_status":"open","sticky":true,"template":"","format":"standard","meta":{"footnotes":""},"categories":[32],"tags":[180,153],"class_list":["post-2668","post","type-post","status-publish","format-standard","has-post-thumbnail","hentry","category-monde","tag-benzema-et-neymar","tag-france"],"yoast_head":"<!-- This site is optimized with the Yoast SEO plugin v26.8 - https:\/\/yoast.com\/product\/yoast-seo-wordpress\/ -->\n<title>France : La plainte en diffamation de Karim Benzema contre G\u00e9rald Darmanin class\u00e9e sans suite - leprojecteurguinee<\/title>\n<meta name=\"robots\" content=\"index, follow, max-snippet:-1, max-image-preview:large, max-video-preview:-1\" \/>\n<link rel=\"canonical\" href=\"https:\/\/www.leprojecteurguinee.com\/index.php\/2024\/02\/16\/france-la-plainte-en-diffamation-de-karim-benzema-contre-gerald-darmanin-classee-sans-suite\/\" \/>\n<meta property=\"og:locale\" content=\"fr_FR\" \/>\n<meta property=\"og:type\" content=\"article\" \/>\n<meta property=\"og:title\" content=\"France : La plainte en diffamation de Karim Benzema contre G\u00e9rald Darmanin class\u00e9e sans suite - leprojecteurguinee\" \/>\n<meta property=\"og:description\" content=\"La plainte en diffamation de Karim Benzema contre le ministre fran\u00e7ais de l&rsquo;Int\u00e9rieur G\u00e9rald Darmanin, qui avait affirm\u00e9 que le footballeur \u00e9tait en lien \u00ab\u00a0notoire\u00a0\u00bb avec l&rsquo;organisation des Fr\u00e8res musulmans, a \u00e9t\u00e9 class\u00e9e sans suite mardi, a annonc\u00e9 jeudi le procureur g\u00e9n\u00e9ral pr\u00e8s la Cour de cassation. La commission des requ\u00eates de la Cour de [&hellip;]\" \/>\n<meta property=\"og:url\" content=\"https:\/\/www.leprojecteurguinee.com\/index.php\/2024\/02\/16\/france-la-plainte-en-diffamation-de-karim-benzema-contre-gerald-darmanin-classee-sans-suite\/\" \/>\n<meta property=\"og:site_name\" content=\"leprojecteurguinee\" \/>\n<meta property=\"article:published_time\" content=\"2024-02-16T07:27:17+00:00\" \/>\n<meta property=\"article:modified_time\" content=\"2024-02-16T07:27:18+00:00\" \/>\n<meta property=\"og:image\" content=\"https:\/\/www.leprojecteurguinee.com\/wp-content\/uploads\/2024\/02\/Karim-Benzema.jpg\" \/>\n\t<meta property=\"og:image:width\" content=\"864\" \/>\n\t<meta property=\"og:image:height\" content=\"486\" \/>\n\t<meta property=\"og:image:type\" content=\"image\/jpeg\" \/>\n<meta name=\"author\" content=\"Leprojecteurguinee\" \/>\n<meta name=\"twitter:card\" content=\"summary_large_image\" \/>\n<meta name=\"twitter:label1\" content=\"\u00c9crit par\" \/>\n\t<meta name=\"twitter:data1\" content=\"Leprojecteurguinee\" \/>\n\t<meta name=\"twitter:label2\" content=\"Dur\u00e9e de lecture estim\u00e9e\" \/>\n\t<meta name=\"twitter:data2\" content=\"2 minutes\" \/>\n<script type=\"application\/ld+json\" class=\"yoast-schema-graph\">{\"@context\":\"https:\/\/schema.org\",\"@graph\":[{\"@type\":\"Article\",\"@id\":\"https:\/\/www.leprojecteurguinee.com\/index.php\/2024\/02\/16\/france-la-plainte-en-diffamation-de-karim-benzema-contre-gerald-darmanin-classee-sans-suite\/#article\",\"isPartOf\":{\"@id\":\"https:\/\/www.leprojecteurguinee.com\/index.php\/2024\/02\/16\/france-la-plainte-en-diffamation-de-karim-benzema-contre-gerald-darmanin-classee-sans-suite\/\"},\"author\":{\"name\":\"Leprojecteurguinee\",\"@id\":\"https:\/\/www.leprojecteurguinee.com\/#\/schema\/person\/389671d1a3f0c66e6c91c4a765990c1b\"},\"headline\":\"France : La plainte en diffamation de Karim Benzema contre G\u00e9rald Darmanin class\u00e9e sans suite\",\"datePublished\":\"2024-02-16T07:27:17+00:00\",\"dateModified\":\"2024-02-16T07:27:18+00:00\",\"mainEntityOfPage\":{\"@id\":\"https:\/\/www.leprojecteurguinee.com\/index.php\/2024\/02\/16\/france-la-plainte-en-diffamation-de-karim-benzema-contre-gerald-darmanin-classee-sans-suite\/\"},\"wordCount\":249,\"commentCount\":0,\"image\":{\"@id\":\"https:\/\/www.leprojecteurguinee.com\/index.php\/2024\/02\/16\/france-la-plainte-en-diffamation-de-karim-benzema-contre-gerald-darmanin-classee-sans-suite\/#primaryimage\"},\"thumbnailUrl\":\"https:\/\/www.leprojecteurguinee.com\/wp-content\/uploads\/2024\/02\/Karim-Benzema.jpg\",\"keywords\":[\"Benzema et Neymar\",\"France\"],\"articleSection\":[\"Monde\"],\"inLanguage\":\"fr-FR\",\"potentialAction\":[{\"@type\":\"CommentAction\",\"name\":\"Comment\",\"target\":[\"https:\/\/www.leprojecteurguinee.com\/index.php\/2024\/02\/16\/france-la-plainte-en-diffamation-de-karim-benzema-contre-gerald-darmanin-classee-sans-suite\/#respond\"]}]},{\"@type\":\"WebPage\",\"@id\":\"https:\/\/www.leprojecteurguinee.com\/index.php\/2024\/02\/16\/france-la-plainte-en-diffamation-de-karim-benzema-contre-gerald-darmanin-classee-sans-suite\/\",\"url\":\"https:\/\/www.leprojecteurguinee.com\/index.php\/2024\/02\/16\/france-la-plainte-en-diffamation-de-karim-benzema-contre-gerald-darmanin-classee-sans-suite\/\",\"name\":\"France : La plainte en diffamation de Karim Benzema contre G\u00e9rald Darmanin class\u00e9e sans suite - leprojecteurguinee\",\"isPartOf\":{\"@id\":\"https:\/\/www.leprojecteurguinee.com\/#website\"},\"primaryImageOfPage\":{\"@id\":\"https:\/\/www.leprojecteurguinee.com\/index.php\/2024\/02\/16\/france-la-plainte-en-diffamation-de-karim-benzema-contre-gerald-darmanin-classee-sans-suite\/#primaryimage\"},\"image\":{\"@id\":\"https:\/\/www.leprojecteurguinee.com\/index.php\/2024\/02\/16\/france-la-plainte-en-diffamation-de-karim-benzema-contre-gerald-darmanin-classee-sans-suite\/#primaryimage\"},\"thumbnailUrl\":\"https:\/\/www.leprojecteurguinee.com\/wp-content\/uploads\/2024\/02\/Karim-Benzema.jpg\",\"datePublished\":\"2024-02-16T07:27:17+00:00\",\"dateModified\":\"2024-02-16T07:27:18+00:00\",\"author\":{\"@id\":\"https:\/\/www.leprojecteurguinee.com\/#\/schema\/person\/389671d1a3f0c66e6c91c4a765990c1b\"},\"breadcrumb\":{\"@id\":\"https:\/\/www.leprojecteurguinee.com\/index.php\/2024\/02\/16\/france-la-plainte-en-diffamation-de-karim-benzema-contre-gerald-darmanin-classee-sans-suite\/#breadcrumb\"},\"inLanguage\":\"fr-FR\",\"potentialAction\":[{\"@type\":\"ReadAction\",\"target\":[\"https:\/\/www.leprojecteurguinee.com\/index.php\/2024\/02\/16\/france-la-plainte-en-diffamation-de-karim-benzema-contre-gerald-darmanin-classee-sans-suite\/\"]}]},{\"@type\":\"ImageObject\",\"inLanguage\":\"fr-FR\",\"@id\":\"https:\/\/www.leprojecteurguinee.com\/index.php\/2024\/02\/16\/france-la-plainte-en-diffamation-de-karim-benzema-contre-gerald-darmanin-classee-sans-suite\/#primaryimage\",\"url\":\"https:\/\/www.leprojecteurguinee.com\/wp-content\/uploads\/2024\/02\/Karim-Benzema.jpg\",\"contentUrl\":\"https:\/\/www.leprojecteurguinee.com\/wp-content\/uploads\/2024\/02\/Karim-Benzema.jpg\",\"width\":864,\"height\":486},{\"@type\":\"BreadcrumbList\",\"@id\":\"https:\/\/www.leprojecteurguinee.com\/index.php\/2024\/02\/16\/france-la-plainte-en-diffamation-de-karim-benzema-contre-gerald-darmanin-classee-sans-suite\/#breadcrumb\",\"itemListElement\":[{\"@type\":\"ListItem\",\"position\":1,\"name\":\"Accueil\",\"item\":\"https:\/\/www.leprojecteurguinee.com\/\"},{\"@type\":\"ListItem\",\"position\":2,\"name\":\"France : La plainte en diffamation de Karim Benzema contre G\u00e9rald Darmanin class\u00e9e sans suite\"}]},{\"@type\":\"WebSite\",\"@id\":\"https:\/\/www.leprojecteurguinee.com\/#website\",\"url\":\"https:\/\/www.leprojecteurguinee.com\/\",\"name\":\"leprojecteurguinee\",\"description\":\"Nous luttons contre les pratiques obscures\",\"potentialAction\":[{\"@type\":\"SearchAction\",\"target\":{\"@type\":\"EntryPoint\",\"urlTemplate\":\"https:\/\/www.leprojecteurguinee.com\/?s={search_term_string}\"},\"query-input\":{\"@type\":\"PropertyValueSpecification\",\"valueRequired\":true,\"valueName\":\"search_term_string\"}}],\"inLanguage\":\"fr-FR\"},{\"@type\":\"Person\",\"@id\":\"https:\/\/www.leprojecteurguinee.com\/#\/schema\/person\/389671d1a3f0c66e6c91c4a765990c1b\",\"name\":\"Leprojecteurguinee\",\"image\":{\"@type\":\"ImageObject\",\"inLanguage\":\"fr-FR\",\"@id\":\"https:\/\/www.leprojecteurguinee.com\/#\/schema\/person\/image\/\",\"url\":\"https:\/\/secure.gravatar.com\/avatar\/c0faa0f472c43eff99fecb0bd2a1c6782e80a162c9fcb7ed2d48bb42ea619f30?s=96&d=mm&r=g\",\"contentUrl\":\"https:\/\/secure.gravatar.com\/avatar\/c0faa0f472c43eff99fecb0bd2a1c6782e80a162c9fcb7ed2d48bb42ea619f30?s=96&d=mm&r=g\",\"caption\":\"Leprojecteurguinee\"},\"sameAs\":[\"https:\/\/www.leprojecteurguinee.com\"],\"url\":\"https:\/\/www.leprojecteurguinee.com\/index.php\/author\/madame\/\"}]}<\/script>\n<!-- \/ Yoast SEO plugin. -->","yoast_head_json":{"title":"France : La plainte en diffamation de Karim Benzema contre G\u00e9rald Darmanin class\u00e9e sans suite - leprojecteurguinee","robots":{"index":"index","follow":"follow","max-snippet":"max-snippet:-1","max-image-preview":"max-image-preview:large","max-video-preview":"max-video-preview:-1"},"canonical":"https:\/\/www.leprojecteurguinee.com\/index.php\/2024\/02\/16\/france-la-plainte-en-diffamation-de-karim-benzema-contre-gerald-darmanin-classee-sans-suite\/","og_locale":"fr_FR","og_type":"article","og_title":"France : La plainte en diffamation de Karim Benzema contre G\u00e9rald Darmanin class\u00e9e sans suite - leprojecteurguinee","og_description":"La plainte en diffamation de Karim Benzema contre le ministre fran\u00e7ais de l&rsquo;Int\u00e9rieur G\u00e9rald Darmanin, qui avait affirm\u00e9 que le footballeur \u00e9tait en lien \u00ab\u00a0notoire\u00a0\u00bb avec l&rsquo;organisation des Fr\u00e8res musulmans, a \u00e9t\u00e9 class\u00e9e sans suite mardi, a annonc\u00e9 jeudi le procureur g\u00e9n\u00e9ral pr\u00e8s la Cour de cassation. La commission des requ\u00eates de la Cour de [&hellip;]","og_url":"https:\/\/www.leprojecteurguinee.com\/index.php\/2024\/02\/16\/france-la-plainte-en-diffamation-de-karim-benzema-contre-gerald-darmanin-classee-sans-suite\/","og_site_name":"leprojecteurguinee","article_published_time":"2024-02-16T07:27:17+00:00","article_modified_time":"2024-02-16T07:27:18+00:00","og_image":[{"width":864,"height":486,"url":"https:\/\/www.leprojecteurguinee.com\/wp-content\/uploads\/2024\/02\/Karim-Benzema.jpg","type":"image\/jpeg"}],"author":"Leprojecteurguinee","twitter_card":"summary_large_image","twitter_misc":{"\u00c9crit par":"Leprojecteurguinee","Dur\u00e9e de lecture estim\u00e9e":"2 minutes"},"schema":{"@context":"https:\/\/schema.org","@graph":[{"@type":"Article","@id":"https:\/\/www.leprojecteurguinee.com\/index.php\/2024\/02\/16\/france-la-plainte-en-diffamation-de-karim-benzema-contre-gerald-darmanin-classee-sans-suite\/#article","isPartOf":{"@id":"https:\/\/www.leprojecteurguinee.com\/index.php\/2024\/02\/16\/france-la-plainte-en-diffamation-de-karim-benzema-contre-gerald-darmanin-classee-sans-suite\/"},"author":{"name":"Leprojecteurguinee","@id":"https:\/\/www.leprojecteurguinee.com\/#\/schema\/person\/389671d1a3f0c66e6c91c4a765990c1b"},"headline":"France : La plainte en diffamation de Karim Benzema contre G\u00e9rald Darmanin class\u00e9e sans suite","datePublished":"2024-02-16T07:27:17+00:00","dateModified":"2024-02-16T07:27:18+00:00","mainEntityOfPage":{"@id":"https:\/\/www.leprojecteurguinee.com\/index.php\/2024\/02\/16\/france-la-plainte-en-diffamation-de-karim-benzema-contre-gerald-darmanin-classee-sans-suite\/"},"wordCount":249,"commentCount":0,"image":{"@id":"https:\/\/www.leprojecteurguinee.com\/index.php\/2024\/02\/16\/france-la-plainte-en-diffamation-de-karim-benzema-contre-gerald-darmanin-classee-sans-suite\/#primaryimage"},"thumbnailUrl":"https:\/\/www.leprojecteurguinee.com\/wp-content\/uploads\/2024\/02\/Karim-Benzema.jpg","keywords":["Benzema et Neymar","France"],"articleSection":["Monde"],"inLanguage":"fr-FR","potentialAction":[{"@type":"CommentAction","name":"Comment","target":["https:\/\/www.leprojecteurguinee.com\/index.php\/2024\/02\/16\/france-la-plainte-en-diffamation-de-karim-benzema-contre-gerald-darmanin-classee-sans-suite\/#respond"]}]},{"@type":"WebPage","@id":"https:\/\/www.leprojecteurguinee.com\/index.php\/2024\/02\/16\/france-la-plainte-en-diffamation-de-karim-benzema-contre-gerald-darmanin-classee-sans-suite\/","url":"https:\/\/www.leprojecteurguinee.com\/index.php\/2024\/02\/16\/france-la-plainte-en-diffamation-de-karim-benzema-contre-gerald-darmanin-classee-sans-suite\/","name":"France : La plainte en diffamation de Karim Benzema contre G\u00e9rald Darmanin class\u00e9e sans suite - leprojecteurguinee","isPartOf":{"@id":"https:\/\/www.leprojecteurguinee.com\/#website"},"primaryImageOfPage":{"@id":"https:\/\/www.leprojecteurguinee.com\/index.php\/2024\/02\/16\/france-la-plainte-en-diffamation-de-karim-benzema-contre-gerald-darmanin-classee-sans-suite\/#primaryimage"},"image":{"@id":"https:\/\/www.leprojecteurguinee.com\/index.php\/2024\/02\/16\/france-la-plainte-en-diffamation-de-karim-benzema-contre-gerald-darmanin-classee-sans-suite\/#primaryimage"},"thumbnailUrl":"https:\/\/www.leprojecteurguinee.com\/wp-content\/uploads\/2024\/02\/Karim-Benzema.jpg","datePublished":"2024-02-16T07:27:17+00:00","dateModified":"2024-02-16T07:27:18+00:00","author":{"@id":"https:\/\/www.leprojecteurguinee.com\/#\/schema\/person\/389671d1a3f0c66e6c91c4a765990c1b"},"breadcrumb":{"@id":"https:\/\/www.leprojecteurguinee.com\/index.php\/2024\/02\/16\/france-la-plainte-en-diffamation-de-karim-benzema-contre-gerald-darmanin-classee-sans-suite\/#breadcrumb"},"inLanguage":"fr-FR","potentialAction":[{"@type":"ReadAction","target":["https:\/\/www.leprojecteurguinee.com\/index.php\/2024\/02\/16\/france-la-plainte-en-diffamation-de-karim-benzema-contre-gerald-darmanin-classee-sans-suite\/"]}]},{"@type":"ImageObject","inLanguage":"fr-FR","@id":"https:\/\/www.leprojecteurguinee.com\/index.php\/2024\/02\/16\/france-la-plainte-en-diffamation-de-karim-benzema-contre-gerald-darmanin-classee-sans-suite\/#primaryimage","url":"https:\/\/www.leprojecteurguinee.com\/wp-content\/uploads\/2024\/02\/Karim-Benzema.jpg","contentUrl":"https:\/\/www.leprojecteurguinee.com\/wp-content\/uploads\/2024\/02\/Karim-Benzema.jpg","width":864,"height":486},{"@type":"BreadcrumbList","@id":"https:\/\/www.leprojecteurguinee.com\/index.php\/2024\/02\/16\/france-la-plainte-en-diffamation-de-karim-benzema-contre-gerald-darmanin-classee-sans-suite\/#breadcrumb","itemListElement":[{"@type":"ListItem","position":1,"name":"Accueil","item":"https:\/\/www.leprojecteurguinee.com\/"},{"@type":"ListItem","position":2,"name":"France : La plainte en diffamation de Karim Benzema contre G\u00e9rald Darmanin class\u00e9e sans suite"}]},{"@type":"WebSite","@id":"https:\/\/www.leprojecteurguinee.com\/#website","url":"https:\/\/www.leprojecteurguinee.com\/","name":"leprojecteurguinee","description":"Nous luttons contre les pratiques obscures","potentialAction":[{"@type":"SearchAction","target":{"@type":"EntryPoint","urlTemplate":"https:\/\/www.leprojecteurguinee.com\/?s={search_term_string}"},"query-input":{"@type":"PropertyValueSpecification","valueRequired":true,"valueName":"search_term_string"}}],"inLanguage":"fr-FR"},{"@type":"Person","@id":"https:\/\/www.leprojecteurguinee.com\/#\/schema\/person\/389671d1a3f0c66e6c91c4a765990c1b","name":"Leprojecteurguinee","image":{"@type":"ImageObject","inLanguage":"fr-FR","@id":"https:\/\/www.leprojecteurguinee.com\/#\/schema\/person\/image\/","url":"https:\/\/secure.gravatar.com\/avatar\/c0faa0f472c43eff99fecb0bd2a1c6782e80a162c9fcb7ed2d48bb42ea619f30?s=96&d=mm&r=g","contentUrl":"https:\/\/secure.gravatar.com\/avatar\/c0faa0f472c43eff99fecb0bd2a1c6782e80a162c9fcb7ed2d48bb42ea619f30?s=96&d=mm&r=g","caption":"Leprojecteurguinee"},"sameAs":["https:\/\/www.leprojecteurguinee.com"],"url":"https:\/\/www.leprojecteurguinee.com\/index.php\/author\/madame\/"}]}},"_links":{"self":[{"href":"https:\/\/www.leprojecteurguinee.com\/index.php\/wp-json\/wp\/v2\/posts\/2668","targetHints":{"allow":["GET"]}}],"collection":[{"href":"https:\/\/www.leprojecteurguinee.com\/index.php\/wp-json\/wp\/v2\/posts"}],"about":[{"href":"https:\/\/www.leprojecteurguinee.com\/index.php\/wp-json\/wp\/v2\/types\/post"}],"author":[{"embeddable":true,"href":"https:\/\/www.leprojecteurguinee.com\/index.php\/wp-json\/wp\/v2\/users\/1"}],"replies":[{"embeddable":true,"href":"https:\/\/www.leprojecteurguinee.com\/index.php\/wp-json\/wp\/v2\/comments?post=2668"}],"version-history":[{"count":0,"href":"https:\/\/www.leprojecteurguinee.com\/index.php\/wp-json\/wp\/v2\/posts\/2668\/revisions"}],"wp:featuredmedia":[{"embeddable":true,"href":"https:\/\/www.leprojecteurguinee.com\/index.php\/wp-json\/wp\/v2\/media\/2669"}],"wp:attachment":[{"href":"https:\/\/www.leprojecteurguinee.com\/index.php\/wp-json\/wp\/v2\/media?parent=2668"}],"wp:term":[{"taxonomy":"category","embeddable":true,"href":"https:\/\/www.leprojecteurguinee.com\/index.php\/wp-json\/wp\/v2\/categories?post=2668"},{"taxonomy":"post_tag","embeddable":true,"href":"https:\/\/www.leprojecteurguinee.com\/index.php\/wp-json\/wp\/v2\/tags?post=2668"}],"curies":[{"name":"wp","href":"https:\/\/api.w.org\/{rel}","templated":true}]}}